{"id":52632,"date":"2026-09-06T01:35:37","date_gmt":"2026-09-06T04:35:37","guid":{"rendered":"https:\/\/www.diario22.ar\/notix2\/nathan-gallagher-de-below-deck-mediterraneo-debe-madurar\/"},"modified":"2026-09-06T01:35:39","modified_gmt":"2026-09-06T04:35:39","slug":"nathan-gallagher-de-below-deck-mediterraneo-debe-madurar","status":"publish","type":"post","link":"https:\/\/www.diario22.ar\/notix2\/nathan-gallagher-de-below-deck-mediterraneo-debe-madurar\/","title":{"rendered":"Nathan Gallagher de Below Deck Mediterr\u00e1neo debe madurar"},"content":{"rendered":"<div>\n<p><strong>Nathan Gallagher<\/strong> sigue dejando que sus emociones gu\u00eden su liderazgo en <strong>Below Deck Mediterranean<\/strong>. Y como contramaestre de la Temporada 11, eso es un problema. Los contramaestres deben dirigir con mano firme y justa, pero desde el inicio Nathan ha tenido dificultades para mantener ambas cosas a la vez. Si no se toma un respiro y reflexiona de verdad sobre sus reacciones, su futuro en esta franquicia podr\u00eda hundirse.<\/p>\n<p>Como saben los fans, Nathan y Joe Bradley tuvieron un enfrentamiento entre la temporada pasada y esta. Pero por otro lado, Joe es un activo s\u00f3lido para el equipo de cubierta. Aun as\u00ed, Nathan est\u00e1 lejos de estar encantado de volver a trabajar con su antiguo amigo, como sugieren muchas de sus decisiones. As\u00ed no deber\u00eda operar un l\u00edder en un trabajo de tanta seriedad.<\/p>\n<p>S\u00ed, Joe dista mucho de ser perfecto. Pero Nathan es el l\u00edder, as\u00ed que necesita aprender a superarse a s\u00ed mismo ante sus reacciones impulsivas. Si no lo consigue, el equipo de cubierta terminar\u00e1 desestabilizado y, probablemente, la carrera de Nathan se ir\u00e1 a pique.<\/p>\n<h2 class=\"wp-block-heading\" id=\"h-nathan-gallagher-made-max-salvador-an-underhanded-offer-on-below-deck-med\">Nathan Gallagher hizo a Max Salvador una oferta desleal en Below Deck Med<\/h2>\n<figure class=\"wp-block-image size-large\"><\/figure>\n<p>En el episodio 4, Nathan design\u00f3 a Joe como su lead deckhand. Pero ahora que Max Salvador ha vuelto a bordo, Nathan intenta hacer un nuevo trato. Si Max se pone del lado de Nathan y se opone a Joe, el puesto de lead deckhand podr\u00eda ser suyo. Al menos, esa es la oferta que Nathan envi\u00f3 a Max desde alta mar.<\/p>\n<p>Cuando Max recibi\u00f3 esta oferta, se sinti\u00f3 claramente dividido. Max y Joe son amigos. Joe tambi\u00e9n est\u00e1 desempe\u00f1ando muy bien su papel como contramaestre interino mientras Nathan est\u00e1 ausente de la grabaci\u00f3n para atender su espalda reinjured. Tanto Max como la capitana Sandy Yawn han elogiado a Joe por haber dado un paso al frente, as\u00ed que Max sabe que Joe merece abandonar esta posici\u00f3n y volver a su puesto como lead deckhand de la Temporada 11.<\/p>\n<p>Aun as\u00ed, Max est\u00e1 tratando de superarse en esta industria, y si avanza como Nathan espera, este aumento de t\u00edtulo podr\u00eda hacer maravillas para su carrera. Pero dado que la promoci\u00f3n no depende de sus habilidades y s\u00ed de su capacidad para alinearse y besar la anilla proverbial, \u00bfser\u00eda acaso una ganancia v\u00e1lida? Esa es la pregunta que Nathan dej\u00f3, de forma algo infantil, para que Max respondiera.<\/p>\n<h2 class=\"wp-block-heading\" id=\"h-nathan-s-problems-with-joe-bradley-have-plagued-his-season-11-journey\">Los problemas de Nathan con Joe Bradley han enturbiado su viaje en la Temporada 11<\/h2>\n<figure class=\"wp-block-image size-large\"><img loading=\"lazy\" decoding=\"async\" height=\"439\" width=\"1024\" src=\"https:\/\/www.diario22.ar\/notix2\/wp-content\/uploads\/2026\/09\/1788669336_528_Nathan-Gallagher-de-Below-Deck-Mediterraneo-debe-madurar.jpg\" alt=\"Nathan Gallagher and Joe Bradley on Below Deck Mediterranean Season 11\" class=\"wp-image-1201933\"  \/><\/figure>\n<p>Al inicio de la Temporada 11, Nathan explic\u00f3 sus problemas personales con Joe de la siguiente manera: \u201cHacia el final de la temporada pasada, la forma en que trataba a las mujeres era horrible. No he hablado con [Joe] desde entonces.\u201d Justo. Pero un buen l\u00edder pone sus diferencias personales a un lado para el bien del lugar de trabajo, cosa que Nathan a\u00fan no ha demostrado que pueda hacer.<\/p>\n<p>En cambio, cuando Nathan vio por primera vez a Joe caminando por el muelle en el Episodio 1, se fue adentro. M\u00e1s tarde, le dio a Joe un hombro algo fr\u00edo cuando por fin se encontraron cara a cara. Luego, dos otros deckhands se unieron al yate, ambos con much\u00edsima menos experiencia que Joe. A\u00fan sin poder superar sus sentimientos, Nathan intent\u00f3 darles a uno de ellos la posici\u00f3n de lead deckhand en su lugar.<\/p>\n<p>La capitana Sandy, con sabidur\u00eda, record\u00f3 a Nathan que no debe guiarse por sus emociones y que debe tomarse un tiempo para decidir antes de avanzar. En \u00faltima instancia, Nathan cedi\u00f3 y se dio cuenta de que ten\u00eda raz\u00f3n. Unas cuantas episodios despu\u00e9s, sin reunir hechos, Nathan oy\u00f3 a Joe hablar sobre Gael Cameron. Sin reunir datos, Nathan perdi\u00f3 el control frente a Joe, demostrando una vez m\u00e1s que no sabe separar lo personal de lo profesional en esta temporada.<\/p>\n<h2 class=\"wp-block-heading\" id=\"h-should-nathan-gallagher-be-axed-from-the-below-deck-mediterranean-cast\">\u00bfDeber\u00eda Nathan Gallagher ser expulsado del elenco de Below Deck Mediterranean?<\/h2>\n<figure class=\"wp-block-image size-large\"><img loading=\"lazy\" decoding=\"async\" height=\"1024\" width=\"583\" src=\"https:\/\/www.diario22.ar\/notix2\/wp-content\/uploads\/2026\/09\/Nathan-Gallagher-de-Below-Deck-Mediterraneo-debe-madurar.png\" alt=\"Nathan Gallagher\" class=\"wp-image-1202105\"  \/><\/figure>\n<p>Cooper Dawson tambi\u00e9n est\u00e1 teniendo problemas con Nathan. En el Episodio 8, que se extendi\u00f3 al 9, Nathan volvi\u00f3 al barco tarde. La capitana Sandy lo reprendi\u00f3. Y luego, con sus emociones ya elevadas, estall\u00f3 contra los esfuerzos de Cooper y Joe, diciendo: \u201c\u00a1Por el amor de Dios, hombre!\u201d<\/p>\n<p>La noche anterior, Joe y Cooper salvaron el yate de un percance durante una tormenta traicionera. Estos dos tienen que trabajar horas extra cada vez que Nathan se aparta. As\u00ed que fue comprensible cuando Cooper explic\u00f3: \u201cOdio cuando [Nathan] dice eso y estamos trabajando como perros.\u201d Luego Nathan les volvi\u00f3 a gritar, d\u00e1ndoles su \u201cadvertencia final\u201d por sonre\u00edr mientras trabajaban.<\/p>\n<p>Nathan debe haber intuido c\u00f3mo podr\u00edan reaccionar los fans tras el episodio m\u00e1s reciente de Below Deck Med. En sus Historias de Instagram, public\u00f3 un reel diciendo que \u201csolo estaba tratando de hacer unos cambios positivos\u201d y agradeciendo a sus fans \u201capoyadores.\u201d Tambi\u00e9n insinu\u00f3 que se retirar\u00eda de compartir tanto en p\u00fablico.<\/p>\n<p>\u00bfPero es suficiente? \u00bfO su barco en Below Deck Med ya naveg\u00f3 fuera?<\/p>\n<p>Below Deck Mediterranean se transmite en Peacock.<\/p>\n<\/div>\n<p><script async src=\"\/\/www.instagram.com\/embed.js\"><\/script><\/p>\n","protected":false},"excerpt":{"rendered":"<p>Nathan Gallagher sigue dejando que sus emociones gu\u00eden su liderazgo en Below Deck Mediterranean. Y como contramaestre de la Temporada<\/p>\n","protected":false},"author":1,"featured_media":52633,"comment_status":"open","ping_status":"open","sticky":false,"template":"","format":"standard","meta":{"footnotes":""},"categories":[6],"tags":[3344,703,3342,3345,3343,3341],"class_list":["post-52632","post","type-post","status-publish","format-standard","has-post-thumbnail","hentry","category-famosos","tag-debe","tag-deck","tag-gallagher","tag-madurar","tag-mediterraneo","tag-nathan","generate-columns","tablet-grid-50","mobile-grid-100","grid-parent","grid-50"],"yoast_head":"<!-- This site is optimized with the Yoast SEO plugin v26.1.1 - https:\/\/yoast.com\/wordpress\/plugins\/seo\/ -->\n<title>Nathan Gallagher de Below Deck Mediterr\u00e1neo debe madurar - diario22.ar<\/title>\n<meta name=\"robots\" content=\"index, follow, max-snippet:-1, max-image-preview:large, max-video-preview:-1\" \/>\n<link rel=\"canonical\" href=\"https:\/\/www.diario22.ar\/notix2\/nathan-gallagher-de-below-deck-mediterraneo-debe-madurar\/\" \/>\n<meta property=\"og:locale\" content=\"es_ES\" \/>\n<meta property=\"og:type\" content=\"article\" \/>\n<meta property=\"og:title\" content=\"Nathan Gallagher de Below Deck Mediterr\u00e1neo debe madurar - diario22.ar\" \/>\n<meta property=\"og:description\" content=\"Nathan Gallagher sigue dejando que sus emociones gu\u00eden su liderazgo en Below Deck Mediterranean. Y como contramaestre de la Temporada\" \/>\n<meta property=\"og:url\" content=\"https:\/\/www.diario22.ar\/notix2\/nathan-gallagher-de-below-deck-mediterraneo-debe-madurar\/\" \/>\n<meta property=\"og:site_name\" content=\"diario22.ar\" \/>\n<meta property=\"article:published_time\" content=\"2026-09-06T04:35:37+00:00\" \/>\n<meta property=\"article:modified_time\" content=\"2026-09-06T04:35:39+00:00\" \/>\n<meta property=\"og:image\" content=\"https:\/\/www.diario22.ar\/notix2\/wp-content\/uploads\/2026\/09\/1788669339_Nathan-Gallagher-de-Below-Deck-Mediterraneo-debe-madurar.jpg\" \/>\n\t<meta property=\"og:image:width\" content=\"1200\" \/>\n\t<meta property=\"og:image:height\" content=\"630\" \/>\n\t<meta property=\"og:image:type\" content=\"image\/jpeg\" \/>\n<meta name=\"author\" content=\"Camila Torres\" \/>\n<meta name=\"twitter:card\" content=\"summary_large_image\" \/>\n<meta name=\"twitter:label1\" content=\"Escrito por\" \/>\n\t<meta name=\"twitter:data1\" content=\"Camila Torres\" \/>\n\t<meta name=\"twitter:label2\" content=\"Tiempo de lectura\" \/>\n\t<meta name=\"twitter:data2\" content=\"4 minutos\" \/>\n<script type=\"application\/ld+json\" class=\"yoast-schema-graph\">{\"@context\":\"https:\/\/schema.org\",\"@graph\":[{\"@type\":\"Article\",\"@id\":\"https:\/\/www.diario22.ar\/notix2\/nathan-gallagher-de-below-deck-mediterraneo-debe-madurar\/#article\",\"isPartOf\":{\"@id\":\"https:\/\/www.diario22.ar\/notix2\/nathan-gallagher-de-below-deck-mediterraneo-debe-madurar\/\"},\"author\":{\"name\":\"Camila Torres\",\"@id\":\"https:\/\/www.diario22.ar\/notix2\/#\/schema\/person\/e09888e40c26d16af8c8ddbac872e980\"},\"headline\":\"Nathan Gallagher de Below Deck Mediterr\u00e1neo debe madurar\",\"datePublished\":\"2026-09-06T04:35:37+00:00\",\"dateModified\":\"2026-09-06T04:35:39+00:00\",\"mainEntityOfPage\":{\"@id\":\"https:\/\/www.diario22.ar\/notix2\/nathan-gallagher-de-below-deck-mediterraneo-debe-madurar\/\"},\"wordCount\":870,\"commentCount\":0,\"publisher\":{\"@id\":\"https:\/\/www.diario22.ar\/notix2\/#organization\"},\"image\":{\"@id\":\"https:\/\/www.diario22.ar\/notix2\/nathan-gallagher-de-below-deck-mediterraneo-debe-madurar\/#primaryimage\"},\"thumbnailUrl\":\"https:\/\/www.diario22.ar\/notix2\/wp-content\/uploads\/2026\/09\/1788669339_Nathan-Gallagher-de-Below-Deck-Mediterraneo-debe-madurar.jpg\",\"keywords\":[\"debe\",\"Deck\",\"Gallagher\",\"madurar\",\"Mediterr\u00e1neo\",\"Nathan\"],\"articleSection\":[\"Famosos\"],\"inLanguage\":\"es-AR\",\"potentialAction\":[{\"@type\":\"CommentAction\",\"name\":\"Comment\",\"target\":[\"https:\/\/www.diario22.ar\/notix2\/nathan-gallagher-de-below-deck-mediterraneo-debe-madurar\/#respond\"]}]},{\"@type\":\"WebPage\",\"@id\":\"https:\/\/www.diario22.ar\/notix2\/nathan-gallagher-de-below-deck-mediterraneo-debe-madurar\/\",\"url\":\"https:\/\/www.diario22.ar\/notix2\/nathan-gallagher-de-below-deck-mediterraneo-debe-madurar\/\",\"name\":\"Nathan Gallagher de Below Deck Mediterr\u00e1neo debe madurar - diario22.ar\",\"isPartOf\":{\"@id\":\"https:\/\/www.diario22.ar\/notix2\/#website\"},\"primaryImageOfPage\":{\"@id\":\"https:\/\/www.diario22.ar\/notix2\/nathan-gallagher-de-below-deck-mediterraneo-debe-madurar\/#primaryimage\"},\"image\":{\"@id\":\"https:\/\/www.diario22.ar\/notix2\/nathan-gallagher-de-below-deck-mediterraneo-debe-madurar\/#primaryimage\"},\"thumbnailUrl\":\"https:\/\/www.diario22.ar\/notix2\/wp-content\/uploads\/2026\/09\/1788669339_Nathan-Gallagher-de-Below-Deck-Mediterraneo-debe-madurar.jpg\",\"datePublished\":\"2026-09-06T04:35:37+00:00\",\"dateModified\":\"2026-09-06T04:35:39+00:00\",\"breadcrumb\":{\"@id\":\"https:\/\/www.diario22.ar\/notix2\/nathan-gallagher-de-below-deck-mediterraneo-debe-madurar\/#breadcrumb\"},\"inLanguage\":\"es-AR\",\"potentialAction\":[{\"@type\":\"ReadAction\",\"target\":[\"https:\/\/www.diario22.ar\/notix2\/nathan-gallagher-de-below-deck-mediterraneo-debe-madurar\/\"]}]},{\"@type\":\"ImageObject\",\"inLanguage\":\"es-AR\",\"@id\":\"https:\/\/www.diario22.ar\/notix2\/nathan-gallagher-de-below-deck-mediterraneo-debe-madurar\/#primaryimage\",\"url\":\"https:\/\/www.diario22.ar\/notix2\/wp-content\/uploads\/2026\/09\/1788669339_Nathan-Gallagher-de-Below-Deck-Mediterraneo-debe-madurar.jpg\",\"contentUrl\":\"https:\/\/www.diario22.ar\/notix2\/wp-content\/uploads\/2026\/09\/1788669339_Nathan-Gallagher-de-Below-Deck-Mediterraneo-debe-madurar.jpg\",\"width\":1200,\"height\":630},{\"@type\":\"BreadcrumbList\",\"@id\":\"https:\/\/www.diario22.ar\/notix2\/nathan-gallagher-de-below-deck-mediterraneo-debe-madurar\/#breadcrumb\",\"itemListElement\":[{\"@type\":\"ListItem\",\"position\":1,\"name\":\"Home\",\"item\":\"https:\/\/www.diario22.ar\/notix2\/\"},{\"@type\":\"ListItem\",\"position\":2,\"name\":\"Nathan Gallagher de Below Deck Mediterr\u00e1neo debe madurar\"}]},{\"@type\":\"WebSite\",\"@id\":\"https:\/\/www.diario22.ar\/notix2\/#website\",\"url\":\"https:\/\/www.diario22.ar\/notix2\/\",\"name\":\"diario22.ar\",\"description\":\"Vive hoy &amp; descubre lo que viene\",\"publisher\":{\"@id\":\"https:\/\/www.diario22.ar\/notix2\/#organization\"},\"potentialAction\":[{\"@type\":\"SearchAction\",\"target\":{\"@type\":\"EntryPoint\",\"urlTemplate\":\"https:\/\/www.diario22.ar\/notix2\/?s={search_term_string}\"},\"query-input\":{\"@type\":\"PropertyValueSpecification\",\"valueRequired\":true,\"valueName\":\"search_term_string\"}}],\"inLanguage\":\"es-AR\"},{\"@type\":\"Organization\",\"@id\":\"https:\/\/www.diario22.ar\/notix2\/#organization\",\"name\":\"diario22.ar\",\"url\":\"https:\/\/www.diario22.ar\/notix2\/\",\"logo\":{\"@type\":\"ImageObject\",\"inLanguage\":\"es-AR\",\"@id\":\"https:\/\/www.diario22.ar\/notix2\/#\/schema\/logo\/image\/\",\"url\":\"https:\/\/www.diario22.ar\/notix2\/wp-content\/uploads\/2025\/10\/cropped-Publish-1.png\",\"contentUrl\":\"https:\/\/www.diario22.ar\/notix2\/wp-content\/uploads\/2025\/10\/cropped-Publish-1.png\",\"width\":1560,\"height\":722,\"caption\":\"diario22.ar\"},\"image\":{\"@id\":\"https:\/\/www.diario22.ar\/notix2\/#\/schema\/logo\/image\/\"}},{\"@type\":\"Person\",\"@id\":\"https:\/\/www.diario22.ar\/notix2\/#\/schema\/person\/e09888e40c26d16af8c8ddbac872e980\",\"name\":\"Camila Torres\",\"image\":{\"@type\":\"ImageObject\",\"inLanguage\":\"es-AR\",\"@id\":\"https:\/\/www.diario22.ar\/notix2\/#\/schema\/person\/image\/\",\"url\":\"https:\/\/www.diario22.ar\/notix2\/wp-content\/uploads\/2025\/10\/diario22.ar-3-150x150.png\",\"contentUrl\":\"https:\/\/www.diario22.ar\/notix2\/wp-content\/uploads\/2025\/10\/diario22.ar-3-150x150.png\",\"caption\":\"Camila Torres\"},\"description\":\"Soy periodista y redactora en Diario22.ar, apasionada por las historias que conectan la actualidad con la gente. Me form\u00e9 en comunicaci\u00f3n social en Buenos Aires y desde entonces busco darle voz a lo cotidiano, con una mirada curiosa y humana. Creo que el periodismo no solo informa: tambi\u00e9n inspira y transforma.\",\"sameAs\":[\"https:\/\/www.diario22.ar\/notix2\"]}]}<\/script>\n<!-- \/ Yoast SEO plugin. -->","yoast_head_json":{"title":"Nathan Gallagher de Below Deck Mediterr\u00e1neo debe madurar - diario22.ar","robots":{"index":"index","follow":"follow","max-snippet":"max-snippet:-1","max-image-preview":"max-image-preview:large","max-video-preview":"max-video-preview:-1"},"canonical":"https:\/\/www.diario22.ar\/notix2\/nathan-gallagher-de-below-deck-mediterraneo-debe-madurar\/","og_locale":"es_ES","og_type":"article","og_title":"Nathan Gallagher de Below Deck Mediterr\u00e1neo debe madurar - diario22.ar","og_description":"Nathan Gallagher sigue dejando que sus emociones gu\u00eden su liderazgo en Below Deck Mediterranean. Y como contramaestre de la Temporada","og_url":"https:\/\/www.diario22.ar\/notix2\/nathan-gallagher-de-below-deck-mediterraneo-debe-madurar\/","og_site_name":"diario22.ar","article_published_time":"2026-09-06T04:35:37+00:00","article_modified_time":"2026-09-06T04:35:39+00:00","og_image":[{"width":1200,"height":630,"url":"https:\/\/www.diario22.ar\/notix2\/wp-content\/uploads\/2026\/09\/1788669339_Nathan-Gallagher-de-Below-Deck-Mediterraneo-debe-madurar.jpg","type":"image\/jpeg"}],"author":"Camila Torres","twitter_card":"summary_large_image","twitter_misc":{"Escrito por":"Camila Torres","Tiempo de lectura":"4 minutos"},"schema":{"@context":"https:\/\/schema.org","@graph":[{"@type":"Article","@id":"https:\/\/www.diario22.ar\/notix2\/nathan-gallagher-de-below-deck-mediterraneo-debe-madurar\/#article","isPartOf":{"@id":"https:\/\/www.diario22.ar\/notix2\/nathan-gallagher-de-below-deck-mediterraneo-debe-madurar\/"},"author":{"name":"Camila Torres","@id":"https:\/\/www.diario22.ar\/notix2\/#\/schema\/person\/e09888e40c26d16af8c8ddbac872e980"},"headline":"Nathan Gallagher de Below Deck Mediterr\u00e1neo debe madurar","datePublished":"2026-09-06T04:35:37+00:00","dateModified":"2026-09-06T04:35:39+00:00","mainEntityOfPage":{"@id":"https:\/\/www.diario22.ar\/notix2\/nathan-gallagher-de-below-deck-mediterraneo-debe-madurar\/"},"wordCount":870,"commentCount":0,"publisher":{"@id":"https:\/\/www.diario22.ar\/notix2\/#organization"},"image":{"@id":"https:\/\/www.diario22.ar\/notix2\/nathan-gallagher-de-below-deck-mediterraneo-debe-madurar\/#primaryimage"},"thumbnailUrl":"https:\/\/www.diario22.ar\/notix2\/wp-content\/uploads\/2026\/09\/1788669339_Nathan-Gallagher-de-Below-Deck-Mediterraneo-debe-madurar.jpg","keywords":["debe","Deck","Gallagher","madurar","Mediterr\u00e1neo","Nathan"],"articleSection":["Famosos"],"inLanguage":"es-AR","potentialAction":[{"@type":"CommentAction","name":"Comment","target":["https:\/\/www.diario22.ar\/notix2\/nathan-gallagher-de-below-deck-mediterraneo-debe-madurar\/#respond"]}]},{"@type":"WebPage","@id":"https:\/\/www.diario22.ar\/notix2\/nathan-gallagher-de-below-deck-mediterraneo-debe-madurar\/","url":"https:\/\/www.diario22.ar\/notix2\/nathan-gallagher-de-below-deck-mediterraneo-debe-madurar\/","name":"Nathan Gallagher de Below Deck Mediterr\u00e1neo debe madurar - diario22.ar","isPartOf":{"@id":"https:\/\/www.diario22.ar\/notix2\/#website"},"primaryImageOfPage":{"@id":"https:\/\/www.diario22.ar\/notix2\/nathan-gallagher-de-below-deck-mediterraneo-debe-madurar\/#primaryimage"},"image":{"@id":"https:\/\/www.diario22.ar\/notix2\/nathan-gallagher-de-below-deck-mediterraneo-debe-madurar\/#primaryimage"},"thumbnailUrl":"https:\/\/www.diario22.ar\/notix2\/wp-content\/uploads\/2026\/09\/1788669339_Nathan-Gallagher-de-Below-Deck-Mediterraneo-debe-madurar.jpg","datePublished":"2026-09-06T04:35:37+00:00","dateModified":"2026-09-06T04:35:39+00:00","breadcrumb":{"@id":"https:\/\/www.diario22.ar\/notix2\/nathan-gallagher-de-below-deck-mediterraneo-debe-madurar\/#breadcrumb"},"inLanguage":"es-AR","potentialAction":[{"@type":"ReadAction","target":["https:\/\/www.diario22.ar\/notix2\/nathan-gallagher-de-below-deck-mediterraneo-debe-madurar\/"]}]},{"@type":"ImageObject","inLanguage":"es-AR","@id":"https:\/\/www.diario22.ar\/notix2\/nathan-gallagher-de-below-deck-mediterraneo-debe-madurar\/#primaryimage","url":"https:\/\/www.diario22.ar\/notix2\/wp-content\/uploads\/2026\/09\/1788669339_Nathan-Gallagher-de-Below-Deck-Mediterraneo-debe-madurar.jpg","contentUrl":"https:\/\/www.diario22.ar\/notix2\/wp-content\/uploads\/2026\/09\/1788669339_Nathan-Gallagher-de-Below-Deck-Mediterraneo-debe-madurar.jpg","width":1200,"height":630},{"@type":"BreadcrumbList","@id":"https:\/\/www.diario22.ar\/notix2\/nathan-gallagher-de-below-deck-mediterraneo-debe-madurar\/#breadcrumb","itemListElement":[{"@type":"ListItem","position":1,"name":"Home","item":"https:\/\/www.diario22.ar\/notix2\/"},{"@type":"ListItem","position":2,"name":"Nathan Gallagher de Below Deck Mediterr\u00e1neo debe madurar"}]},{"@type":"WebSite","@id":"https:\/\/www.diario22.ar\/notix2\/#website","url":"https:\/\/www.diario22.ar\/notix2\/","name":"diario22.ar","description":"Vive hoy &amp; descubre lo que viene","publisher":{"@id":"https:\/\/www.diario22.ar\/notix2\/#organization"},"potentialAction":[{"@type":"SearchAction","target":{"@type":"EntryPoint","urlTemplate":"https:\/\/www.diario22.ar\/notix2\/?s={search_term_string}"},"query-input":{"@type":"PropertyValueSpecification","valueRequired":true,"valueName":"search_term_string"}}],"inLanguage":"es-AR"},{"@type":"Organization","@id":"https:\/\/www.diario22.ar\/notix2\/#organization","name":"diario22.ar","url":"https:\/\/www.diario22.ar\/notix2\/","logo":{"@type":"ImageObject","inLanguage":"es-AR","@id":"https:\/\/www.diario22.ar\/notix2\/#\/schema\/logo\/image\/","url":"https:\/\/www.diario22.ar\/notix2\/wp-content\/uploads\/2025\/10\/cropped-Publish-1.png","contentUrl":"https:\/\/www.diario22.ar\/notix2\/wp-content\/uploads\/2025\/10\/cropped-Publish-1.png","width":1560,"height":722,"caption":"diario22.ar"},"image":{"@id":"https:\/\/www.diario22.ar\/notix2\/#\/schema\/logo\/image\/"}},{"@type":"Person","@id":"https:\/\/www.diario22.ar\/notix2\/#\/schema\/person\/e09888e40c26d16af8c8ddbac872e980","name":"Camila Torres","image":{"@type":"ImageObject","inLanguage":"es-AR","@id":"https:\/\/www.diario22.ar\/notix2\/#\/schema\/person\/image\/","url":"https:\/\/www.diario22.ar\/notix2\/wp-content\/uploads\/2025\/10\/diario22.ar-3-150x150.png","contentUrl":"https:\/\/www.diario22.ar\/notix2\/wp-content\/uploads\/2025\/10\/diario22.ar-3-150x150.png","caption":"Camila Torres"},"description":"Soy periodista y redactora en Diario22.ar, apasionada por las historias que conectan la actualidad con la gente. Me form\u00e9 en comunicaci\u00f3n social en Buenos Aires y desde entonces busco darle voz a lo cotidiano, con una mirada curiosa y humana. Creo que el periodismo no solo informa: tambi\u00e9n inspira y transforma.","sameAs":["https:\/\/www.diario22.ar\/notix2"]}]}},"_links":{"self":[{"href":"https:\/\/www.diario22.ar\/notix2\/wp-json\/wp\/v2\/posts\/52632","targetHints":{"allow":["GET"]}}],"collection":[{"href":"https:\/\/www.diario22.ar\/notix2\/wp-json\/wp\/v2\/posts"}],"about":[{"href":"https:\/\/www.diario22.ar\/notix2\/wp-json\/wp\/v2\/types\/post"}],"author":[{"embeddable":true,"href":"https:\/\/www.diario22.ar\/notix2\/wp-json\/wp\/v2\/users\/1"}],"replies":[{"embeddable":true,"href":"https:\/\/www.diario22.ar\/notix2\/wp-json\/wp\/v2\/comments?post=52632"}],"version-history":[{"count":1,"href":"https:\/\/www.diario22.ar\/notix2\/wp-json\/wp\/v2\/posts\/52632\/revisions"}],"predecessor-version":[{"id":52634,"href":"https:\/\/www.diario22.ar\/notix2\/wp-json\/wp\/v2\/posts\/52632\/revisions\/52634"}],"wp:featuredmedia":[{"embeddable":true,"href":"https:\/\/www.diario22.ar\/notix2\/wp-json\/wp\/v2\/media\/52633"}],"wp:attachment":[{"href":"https:\/\/www.diario22.ar\/notix2\/wp-json\/wp\/v2\/media?parent=52632"}],"wp:term":[{"taxonomy":"category","embeddable":true,"href":"https:\/\/www.diario22.ar\/notix2\/wp-json\/wp\/v2\/categories?post=52632"},{"taxonomy":"post_tag","embeddable":true,"href":"https:\/\/www.diario22.ar\/notix2\/wp-json\/wp\/v2\/tags?post=52632"}],"curies":[{"name":"wp","href":"https:\/\/api.w.org\/{rel}","templated":true}]}}