{"id":52629,"date":"2026-09-05T13:35:27","date_gmt":"2026-09-05T16:35:27","guid":{"rendered":"https:\/\/www.diario22.ar\/notix2\/el-matrimonio-feliz-de-jason-caperna-por-que-kristen-y-nia-no-se-llevan-bien-con-janet\/"},"modified":"2026-09-05T13:35:29","modified_gmt":"2026-09-05T16:35:29","slug":"el-matrimonio-feliz-de-jason-caperna-por-que-kristen-y-nia-no-se-llevan-bien-con-janet","status":"publish","type":"post","link":"https:\/\/www.diario22.ar\/notix2\/el-matrimonio-feliz-de-jason-caperna-por-que-kristen-y-nia-no-se-llevan-bien-con-janet\/","title":{"rendered":"El matrimonio feliz de Jason Caperna: por qu\u00e9 Kristen y Nia no se llevan bien con Janet"},"content":{"rendered":"<div>\n<p>La Temporada 3 de The Valley est\u00e1 a punto de terminar, pero, al parecer, el drama que rodea a Janet Caperna no ha terminado. Llevaba ya bastante tiempo recibiendo cr\u00edticas de sus compa\u00f1eras de reparto \u2014y en particular de Kristen Doute y Nia Booko\u2014. Pero, si bien ese rechazo inicial surgi\u00f3 a ra\u00edz de las acusaciones que Janet hizo contra Danny Booko, los espectadores en las redes sociales creen que ahora hay algo distinto en juego.<\/p>\n<p>Seg\u00fan algunos fans de The Valley, el fuerte desd\u00e9n de Kristen y Nia hacia Janet tiene m\u00e1s que ver con el feliz matrimonio que ella mantiene con Jason Caperna. \u00bfPero eso sorprende?<\/p>\n<p>La Temporada 3 ha dejado en claro, de forma brutal, las luchas que Kristen y Nia est\u00e1n atravesando en sus propias relaciones.<\/p>\n<h2 class=\"wp-block-heading\" id=\"h-the-valley-stars-feuding-with-janet-caperna-have-husbands-with-questionable-antics\">Las estrellas de The Valley que se enfrentan a Janet Caperna tienen maridos con conductas cuestionables<\/h2>\n<p>\u201cLa raz\u00f3n por la que Kristen y Nia odian a Janet en The Valley es porque tienen maridos espeluznantes, raros y terribles, parejas, prometidos, lo que sea, y Janet tiene un marido maravilloso\u201d, dijo un usuario de TikTok. \u201cNo puedes convencerme de lo contrario.\u201d<\/p>\n<p>\u201cY est\u00e1 haciendo una transici\u00f3n a la maternidad m\u00e1s suave como resultado\u201d, a\u00f1adi\u00f3 otro espectador en la secci\u00f3n de comentarios. \u201cElla tiene una pareja que la ama y la apoya. Las otras chicas no pueden entenderlo\u201d, coincidi\u00f3 alguien m\u00e1s.<\/p>\n<p>Seg\u00fan estas personas, la hostilidad de Kristen y Nia hacia Janet podr\u00eda ser resentimiento por lo que ella tiene y ellas no. Y no es dif\u00edcil ver c\u00f3mo llegan a esa conclusi\u00f3n. Por ejemplo, cuando Jason se lesion\u00f3 la pierna a principios de la Temporada 3, expres\u00f3 tristeza por no poder cuidar a su hijo. Por el contrario, tras someterse a una vasectom\u00eda, Danny se quej\u00f3 de que tendr\u00eda que ocuparse de sus hijos.<\/p>\n<p>M\u00e1s all\u00e1 de eso, Jason ha seguido emergiendo como el punto de equilibrio tranquilo y atento frente a las parejas de Kristen y Nia. Tanto Luke Broderick como Danny han recibido duras cr\u00edticas por parte de los espectadores debido a su comportamiento cuestionable. Esto ha ido desde la falta de apoyo entusiasta a sus otras mitades durante el embarazo y el posparto, hasta comentarios francamente desagradables. Ah, y esto es antes de mencionar al \u201clado oscuro\u201d de Danny.<\/p>\n<p>Dados todos estos hechos \u2014lo que, como se\u00f1al\u00f3 Lala Kent en la reuni\u00f3n, es solo lo que los espectadores ven en la pantalla y, por tanto, solo un vistazo de lo que realmente ocurre a diario\u2014, \u00bfpodr\u00eda ser que ver a Janet disfrutar de una relaci\u00f3n con un hombre que aparece para ella est\u00e9 poniendo nerviosos a Kristen y Nia? Despu\u00e9s de todo, las se\u00f1ales positivas de Jason hacen que las se\u00f1ales negativas de los dem\u00e1s parezcan a\u00fan m\u00e1s evidentes.<\/p>\n<p>La Temporada 3 de The Valley concluye este mi\u00e9rcoles a las 8:00 p.m. (hora del Este) \/ 7:00 p.m. (hora Central) en Bravo. Todos los episodios est\u00e1n disponibles en Peacock.<\/p>\n<\/div>\n","protected":false},"excerpt":{"rendered":"<p>La Temporada 3 de The Valley est\u00e1 a punto de terminar, pero, al parecer, el drama que rodea a Janet<\/p>\n","protected":false},"author":1,"featured_media":52630,"comment_status":"open","ping_status":"open","sticky":false,"template":"","format":"standard","meta":{"footnotes":""},"categories":[6],"tags":[815,3337,49,3335,3340,3336,3338,3339,3168,3208,109,665],"class_list":["post-52629","post","type-post","status-publish","format-standard","has-post-thumbnail","hentry","category-famosos","tag-bien","tag-caperna","tag-con","tag-feliz","tag-janet","tag-jason","tag-kristen","tag-llevan","tag-matrimonio","tag-nia","tag-por","tag-que","generate-columns","tablet-grid-50","mobile-grid-100","grid-parent","grid-50"],"yoast_head":"<!-- This site is optimized with the Yoast SEO plugin v26.1.1 - https:\/\/yoast.com\/wordpress\/plugins\/seo\/ -->\n<title>El matrimonio feliz de Jason Caperna: por qu\u00e9 Kristen y Nia no se llevan bien con Janet - diario22.ar<\/title>\n<meta name=\"robots\" content=\"index, follow, max-snippet:-1, max-image-preview:large, max-video-preview:-1\" \/>\n<link rel=\"canonical\" href=\"https:\/\/www.diario22.ar\/notix2\/el-matrimonio-feliz-de-jason-caperna-por-que-kristen-y-nia-no-se-llevan-bien-con-janet\/\" \/>\n<meta property=\"og:locale\" content=\"es_ES\" \/>\n<meta property=\"og:type\" content=\"article\" \/>\n<meta property=\"og:title\" content=\"El matrimonio feliz de Jason Caperna: por qu\u00e9 Kristen y Nia no se llevan bien con Janet - diario22.ar\" \/>\n<meta property=\"og:description\" content=\"La Temporada 3 de The Valley est\u00e1 a punto de terminar, pero, al parecer, el drama que rodea a Janet\" \/>\n<meta property=\"og:url\" content=\"https:\/\/www.diario22.ar\/notix2\/el-matrimonio-feliz-de-jason-caperna-por-que-kristen-y-nia-no-se-llevan-bien-con-janet\/\" \/>\n<meta property=\"og:site_name\" content=\"diario22.ar\" \/>\n<meta property=\"article:published_time\" content=\"2026-09-05T16:35:27+00:00\" \/>\n<meta property=\"article:modified_time\" content=\"2026-09-05T16:35:29+00:00\" \/>\n<meta property=\"og:image\" content=\"https:\/\/www.diario22.ar\/notix2\/wp-content\/uploads\/2026\/09\/El-matrimonio-feliz-de-Jason-Caperna-por-que-Kristen-y.jpg\" \/>\n\t<meta property=\"og:image:width\" content=\"1200\" \/>\n\t<meta property=\"og:image:height\" content=\"630\" \/>\n\t<meta property=\"og:image:type\" content=\"image\/jpeg\" \/>\n<meta name=\"author\" content=\"Camila Torres\" \/>\n<meta name=\"twitter:card\" content=\"summary_large_image\" \/>\n<meta name=\"twitter:label1\" content=\"Escrito por\" \/>\n\t<meta name=\"twitter:data1\" content=\"Camila Torres\" \/>\n\t<meta name=\"twitter:label2\" content=\"Tiempo de lectura\" \/>\n\t<meta name=\"twitter:data2\" content=\"3 minutos\" \/>\n<script type=\"application\/ld+json\" class=\"yoast-schema-graph\">{\"@context\":\"https:\/\/schema.org\",\"@graph\":[{\"@type\":\"Article\",\"@id\":\"https:\/\/www.diario22.ar\/notix2\/el-matrimonio-feliz-de-jason-caperna-por-que-kristen-y-nia-no-se-llevan-bien-con-janet\/#article\",\"isPartOf\":{\"@id\":\"https:\/\/www.diario22.ar\/notix2\/el-matrimonio-feliz-de-jason-caperna-por-que-kristen-y-nia-no-se-llevan-bien-con-janet\/\"},\"author\":{\"name\":\"Camila Torres\",\"@id\":\"https:\/\/www.diario22.ar\/notix2\/#\/schema\/person\/e09888e40c26d16af8c8ddbac872e980\"},\"headline\":\"El matrimonio feliz de Jason Caperna: por qu\u00e9 Kristen y Nia no se llevan bien con Janet\",\"datePublished\":\"2026-09-05T16:35:27+00:00\",\"dateModified\":\"2026-09-05T16:35:29+00:00\",\"mainEntityOfPage\":{\"@id\":\"https:\/\/www.diario22.ar\/notix2\/el-matrimonio-feliz-de-jason-caperna-por-que-kristen-y-nia-no-se-llevan-bien-con-janet\/\"},\"wordCount\":537,\"commentCount\":0,\"publisher\":{\"@id\":\"https:\/\/www.diario22.ar\/notix2\/#organization\"},\"image\":{\"@id\":\"https:\/\/www.diario22.ar\/notix2\/el-matrimonio-feliz-de-jason-caperna-por-que-kristen-y-nia-no-se-llevan-bien-con-janet\/#primaryimage\"},\"thumbnailUrl\":\"https:\/\/www.diario22.ar\/notix2\/wp-content\/uploads\/2026\/09\/El-matrimonio-feliz-de-Jason-Caperna-por-que-Kristen-y.jpg\",\"keywords\":[\"bien\",\"Caperna\",\"con\",\"feliz\",\"Janet\",\"Jason\",\"Kristen\",\"llevan\",\"matrimonio\",\"Nia\",\"por\",\"Qu\u00e9\"],\"articleSection\":[\"Famosos\"],\"inLanguage\":\"es-AR\",\"potentialAction\":[{\"@type\":\"CommentAction\",\"name\":\"Comment\",\"target\":[\"https:\/\/www.diario22.ar\/notix2\/el-matrimonio-feliz-de-jason-caperna-por-que-kristen-y-nia-no-se-llevan-bien-con-janet\/#respond\"]}]},{\"@type\":\"WebPage\",\"@id\":\"https:\/\/www.diario22.ar\/notix2\/el-matrimonio-feliz-de-jason-caperna-por-que-kristen-y-nia-no-se-llevan-bien-con-janet\/\",\"url\":\"https:\/\/www.diario22.ar\/notix2\/el-matrimonio-feliz-de-jason-caperna-por-que-kristen-y-nia-no-se-llevan-bien-con-janet\/\",\"name\":\"El matrimonio feliz de Jason Caperna: por qu\u00e9 Kristen y Nia no se llevan bien con Janet - diario22.ar\",\"isPartOf\":{\"@id\":\"https:\/\/www.diario22.ar\/notix2\/#website\"},\"primaryImageOfPage\":{\"@id\":\"https:\/\/www.diario22.ar\/notix2\/el-matrimonio-feliz-de-jason-caperna-por-que-kristen-y-nia-no-se-llevan-bien-con-janet\/#primaryimage\"},\"image\":{\"@id\":\"https:\/\/www.diario22.ar\/notix2\/el-matrimonio-feliz-de-jason-caperna-por-que-kristen-y-nia-no-se-llevan-bien-con-janet\/#primaryimage\"},\"thumbnailUrl\":\"https:\/\/www.diario22.ar\/notix2\/wp-content\/uploads\/2026\/09\/El-matrimonio-feliz-de-Jason-Caperna-por-que-Kristen-y.jpg\",\"datePublished\":\"2026-09-05T16:35:27+00:00\",\"dateModified\":\"2026-09-05T16:35:29+00:00\",\"breadcrumb\":{\"@id\":\"https:\/\/www.diario22.ar\/notix2\/el-matrimonio-feliz-de-jason-caperna-por-que-kristen-y-nia-no-se-llevan-bien-con-janet\/#breadcrumb\"},\"inLanguage\":\"es-AR\",\"potentialAction\":[{\"@type\":\"ReadAction\",\"target\":[\"https:\/\/www.diario22.ar\/notix2\/el-matrimonio-feliz-de-jason-caperna-por-que-kristen-y-nia-no-se-llevan-bien-con-janet\/\"]}]},{\"@type\":\"ImageObject\",\"inLanguage\":\"es-AR\",\"@id\":\"https:\/\/www.diario22.ar\/notix2\/el-matrimonio-feliz-de-jason-caperna-por-que-kristen-y-nia-no-se-llevan-bien-con-janet\/#primaryimage\",\"url\":\"https:\/\/www.diario22.ar\/notix2\/wp-content\/uploads\/2026\/09\/El-matrimonio-feliz-de-Jason-Caperna-por-que-Kristen-y.jpg\",\"contentUrl\":\"https:\/\/www.diario22.ar\/notix2\/wp-content\/uploads\/2026\/09\/El-matrimonio-feliz-de-Jason-Caperna-por-que-Kristen-y.jpg\",\"width\":1200,\"height\":630},{\"@type\":\"BreadcrumbList\",\"@id\":\"https:\/\/www.diario22.ar\/notix2\/el-matrimonio-feliz-de-jason-caperna-por-que-kristen-y-nia-no-se-llevan-bien-con-janet\/#breadcrumb\",\"itemListElement\":[{\"@type\":\"ListItem\",\"position\":1,\"name\":\"Home\",\"item\":\"https:\/\/www.diario22.ar\/notix2\/\"},{\"@type\":\"ListItem\",\"position\":2,\"name\":\"El matrimonio feliz de Jason Caperna: por qu\u00e9 Kristen y Nia no se llevan bien con Janet\"}]},{\"@type\":\"WebSite\",\"@id\":\"https:\/\/www.diario22.ar\/notix2\/#website\",\"url\":\"https:\/\/www.diario22.ar\/notix2\/\",\"name\":\"diario22.ar\",\"description\":\"Vive hoy &amp; descubre lo que viene\",\"publisher\":{\"@id\":\"https:\/\/www.diario22.ar\/notix2\/#organization\"},\"potentialAction\":[{\"@type\":\"SearchAction\",\"target\":{\"@type\":\"EntryPoint\",\"urlTemplate\":\"https:\/\/www.diario22.ar\/notix2\/?s={search_term_string}\"},\"query-input\":{\"@type\":\"PropertyValueSpecification\",\"valueRequired\":true,\"valueName\":\"search_term_string\"}}],\"inLanguage\":\"es-AR\"},{\"@type\":\"Organization\",\"@id\":\"https:\/\/www.diario22.ar\/notix2\/#organization\",\"name\":\"diario22.ar\",\"url\":\"https:\/\/www.diario22.ar\/notix2\/\",\"logo\":{\"@type\":\"ImageObject\",\"inLanguage\":\"es-AR\",\"@id\":\"https:\/\/www.diario22.ar\/notix2\/#\/schema\/logo\/image\/\",\"url\":\"https:\/\/www.diario22.ar\/notix2\/wp-content\/uploads\/2025\/10\/cropped-Publish-1.png\",\"contentUrl\":\"https:\/\/www.diario22.ar\/notix2\/wp-content\/uploads\/2025\/10\/cropped-Publish-1.png\",\"width\":1560,\"height\":722,\"caption\":\"diario22.ar\"},\"image\":{\"@id\":\"https:\/\/www.diario22.ar\/notix2\/#\/schema\/logo\/image\/\"}},{\"@type\":\"Person\",\"@id\":\"https:\/\/www.diario22.ar\/notix2\/#\/schema\/person\/e09888e40c26d16af8c8ddbac872e980\",\"name\":\"Camila Torres\",\"image\":{\"@type\":\"ImageObject\",\"inLanguage\":\"es-AR\",\"@id\":\"https:\/\/www.diario22.ar\/notix2\/#\/schema\/person\/image\/\",\"url\":\"https:\/\/www.diario22.ar\/notix2\/wp-content\/uploads\/2025\/10\/diario22.ar-3-150x150.png\",\"contentUrl\":\"https:\/\/www.diario22.ar\/notix2\/wp-content\/uploads\/2025\/10\/diario22.ar-3-150x150.png\",\"caption\":\"Camila Torres\"},\"description\":\"Soy periodista y redactora en Diario22.ar, apasionada por las historias que conectan la actualidad con la gente. Me form\u00e9 en comunicaci\u00f3n social en Buenos Aires y desde entonces busco darle voz a lo cotidiano, con una mirada curiosa y humana. Creo que el periodismo no solo informa: tambi\u00e9n inspira y transforma.\",\"sameAs\":[\"https:\/\/www.diario22.ar\/notix2\"]}]}<\/script>\n<!-- \/ Yoast SEO plugin. -->","yoast_head_json":{"title":"El matrimonio feliz de Jason Caperna: por qu\u00e9 Kristen y Nia no se llevan bien con Janet - diario22.ar","robots":{"index":"index","follow":"follow","max-snippet":"max-snippet:-1","max-image-preview":"max-image-preview:large","max-video-preview":"max-video-preview:-1"},"canonical":"https:\/\/www.diario22.ar\/notix2\/el-matrimonio-feliz-de-jason-caperna-por-que-kristen-y-nia-no-se-llevan-bien-con-janet\/","og_locale":"es_ES","og_type":"article","og_title":"El matrimonio feliz de Jason Caperna: por qu\u00e9 Kristen y Nia no se llevan bien con Janet - diario22.ar","og_description":"La Temporada 3 de The Valley est\u00e1 a punto de terminar, pero, al parecer, el drama que rodea a Janet","og_url":"https:\/\/www.diario22.ar\/notix2\/el-matrimonio-feliz-de-jason-caperna-por-que-kristen-y-nia-no-se-llevan-bien-con-janet\/","og_site_name":"diario22.ar","article_published_time":"2026-09-05T16:35:27+00:00","article_modified_time":"2026-09-05T16:35:29+00:00","og_image":[{"width":1200,"height":630,"url":"https:\/\/www.diario22.ar\/notix2\/wp-content\/uploads\/2026\/09\/El-matrimonio-feliz-de-Jason-Caperna-por-que-Kristen-y.jpg","type":"image\/jpeg"}],"author":"Camila Torres","twitter_card":"summary_large_image","twitter_misc":{"Escrito por":"Camila Torres","Tiempo de lectura":"3 minutos"},"schema":{"@context":"https:\/\/schema.org","@graph":[{"@type":"Article","@id":"https:\/\/www.diario22.ar\/notix2\/el-matrimonio-feliz-de-jason-caperna-por-que-kristen-y-nia-no-se-llevan-bien-con-janet\/#article","isPartOf":{"@id":"https:\/\/www.diario22.ar\/notix2\/el-matrimonio-feliz-de-jason-caperna-por-que-kristen-y-nia-no-se-llevan-bien-con-janet\/"},"author":{"name":"Camila Torres","@id":"https:\/\/www.diario22.ar\/notix2\/#\/schema\/person\/e09888e40c26d16af8c8ddbac872e980"},"headline":"El matrimonio feliz de Jason Caperna: por qu\u00e9 Kristen y Nia no se llevan bien con Janet","datePublished":"2026-09-05T16:35:27+00:00","dateModified":"2026-09-05T16:35:29+00:00","mainEntityOfPage":{"@id":"https:\/\/www.diario22.ar\/notix2\/el-matrimonio-feliz-de-jason-caperna-por-que-kristen-y-nia-no-se-llevan-bien-con-janet\/"},"wordCount":537,"commentCount":0,"publisher":{"@id":"https:\/\/www.diario22.ar\/notix2\/#organization"},"image":{"@id":"https:\/\/www.diario22.ar\/notix2\/el-matrimonio-feliz-de-jason-caperna-por-que-kristen-y-nia-no-se-llevan-bien-con-janet\/#primaryimage"},"thumbnailUrl":"https:\/\/www.diario22.ar\/notix2\/wp-content\/uploads\/2026\/09\/El-matrimonio-feliz-de-Jason-Caperna-por-que-Kristen-y.jpg","keywords":["bien","Caperna","con","feliz","Janet","Jason","Kristen","llevan","matrimonio","Nia","por","Qu\u00e9"],"articleSection":["Famosos"],"inLanguage":"es-AR","potentialAction":[{"@type":"CommentAction","name":"Comment","target":["https:\/\/www.diario22.ar\/notix2\/el-matrimonio-feliz-de-jason-caperna-por-que-kristen-y-nia-no-se-llevan-bien-con-janet\/#respond"]}]},{"@type":"WebPage","@id":"https:\/\/www.diario22.ar\/notix2\/el-matrimonio-feliz-de-jason-caperna-por-que-kristen-y-nia-no-se-llevan-bien-con-janet\/","url":"https:\/\/www.diario22.ar\/notix2\/el-matrimonio-feliz-de-jason-caperna-por-que-kristen-y-nia-no-se-llevan-bien-con-janet\/","name":"El matrimonio feliz de Jason Caperna: por qu\u00e9 Kristen y Nia no se llevan bien con Janet - diario22.ar","isPartOf":{"@id":"https:\/\/www.diario22.ar\/notix2\/#website"},"primaryImageOfPage":{"@id":"https:\/\/www.diario22.ar\/notix2\/el-matrimonio-feliz-de-jason-caperna-por-que-kristen-y-nia-no-se-llevan-bien-con-janet\/#primaryimage"},"image":{"@id":"https:\/\/www.diario22.ar\/notix2\/el-matrimonio-feliz-de-jason-caperna-por-que-kristen-y-nia-no-se-llevan-bien-con-janet\/#primaryimage"},"thumbnailUrl":"https:\/\/www.diario22.ar\/notix2\/wp-content\/uploads\/2026\/09\/El-matrimonio-feliz-de-Jason-Caperna-por-que-Kristen-y.jpg","datePublished":"2026-09-05T16:35:27+00:00","dateModified":"2026-09-05T16:35:29+00:00","breadcrumb":{"@id":"https:\/\/www.diario22.ar\/notix2\/el-matrimonio-feliz-de-jason-caperna-por-que-kristen-y-nia-no-se-llevan-bien-con-janet\/#breadcrumb"},"inLanguage":"es-AR","potentialAction":[{"@type":"ReadAction","target":["https:\/\/www.diario22.ar\/notix2\/el-matrimonio-feliz-de-jason-caperna-por-que-kristen-y-nia-no-se-llevan-bien-con-janet\/"]}]},{"@type":"ImageObject","inLanguage":"es-AR","@id":"https:\/\/www.diario22.ar\/notix2\/el-matrimonio-feliz-de-jason-caperna-por-que-kristen-y-nia-no-se-llevan-bien-con-janet\/#primaryimage","url":"https:\/\/www.diario22.ar\/notix2\/wp-content\/uploads\/2026\/09\/El-matrimonio-feliz-de-Jason-Caperna-por-que-Kristen-y.jpg","contentUrl":"https:\/\/www.diario22.ar\/notix2\/wp-content\/uploads\/2026\/09\/El-matrimonio-feliz-de-Jason-Caperna-por-que-Kristen-y.jpg","width":1200,"height":630},{"@type":"BreadcrumbList","@id":"https:\/\/www.diario22.ar\/notix2\/el-matrimonio-feliz-de-jason-caperna-por-que-kristen-y-nia-no-se-llevan-bien-con-janet\/#breadcrumb","itemListElement":[{"@type":"ListItem","position":1,"name":"Home","item":"https:\/\/www.diario22.ar\/notix2\/"},{"@type":"ListItem","position":2,"name":"El matrimonio feliz de Jason Caperna: por qu\u00e9 Kristen y Nia no se llevan bien con Janet"}]},{"@type":"WebSite","@id":"https:\/\/www.diario22.ar\/notix2\/#website","url":"https:\/\/www.diario22.ar\/notix2\/","name":"diario22.ar","description":"Vive hoy &amp; descubre lo que viene","publisher":{"@id":"https:\/\/www.diario22.ar\/notix2\/#organization"},"potentialAction":[{"@type":"SearchAction","target":{"@type":"EntryPoint","urlTemplate":"https:\/\/www.diario22.ar\/notix2\/?s={search_term_string}"},"query-input":{"@type":"PropertyValueSpecification","valueRequired":true,"valueName":"search_term_string"}}],"inLanguage":"es-AR"},{"@type":"Organization","@id":"https:\/\/www.diario22.ar\/notix2\/#organization","name":"diario22.ar","url":"https:\/\/www.diario22.ar\/notix2\/","logo":{"@type":"ImageObject","inLanguage":"es-AR","@id":"https:\/\/www.diario22.ar\/notix2\/#\/schema\/logo\/image\/","url":"https:\/\/www.diario22.ar\/notix2\/wp-content\/uploads\/2025\/10\/cropped-Publish-1.png","contentUrl":"https:\/\/www.diario22.ar\/notix2\/wp-content\/uploads\/2025\/10\/cropped-Publish-1.png","width":1560,"height":722,"caption":"diario22.ar"},"image":{"@id":"https:\/\/www.diario22.ar\/notix2\/#\/schema\/logo\/image\/"}},{"@type":"Person","@id":"https:\/\/www.diario22.ar\/notix2\/#\/schema\/person\/e09888e40c26d16af8c8ddbac872e980","name":"Camila Torres","image":{"@type":"ImageObject","inLanguage":"es-AR","@id":"https:\/\/www.diario22.ar\/notix2\/#\/schema\/person\/image\/","url":"https:\/\/www.diario22.ar\/notix2\/wp-content\/uploads\/2025\/10\/diario22.ar-3-150x150.png","contentUrl":"https:\/\/www.diario22.ar\/notix2\/wp-content\/uploads\/2025\/10\/diario22.ar-3-150x150.png","caption":"Camila Torres"},"description":"Soy periodista y redactora en Diario22.ar, apasionada por las historias que conectan la actualidad con la gente. Me form\u00e9 en comunicaci\u00f3n social en Buenos Aires y desde entonces busco darle voz a lo cotidiano, con una mirada curiosa y humana. Creo que el periodismo no solo informa: tambi\u00e9n inspira y transforma.","sameAs":["https:\/\/www.diario22.ar\/notix2"]}]}},"_links":{"self":[{"href":"https:\/\/www.diario22.ar\/notix2\/wp-json\/wp\/v2\/posts\/52629","targetHints":{"allow":["GET"]}}],"collection":[{"href":"https:\/\/www.diario22.ar\/notix2\/wp-json\/wp\/v2\/posts"}],"about":[{"href":"https:\/\/www.diario22.ar\/notix2\/wp-json\/wp\/v2\/types\/post"}],"author":[{"embeddable":true,"href":"https:\/\/www.diario22.ar\/notix2\/wp-json\/wp\/v2\/users\/1"}],"replies":[{"embeddable":true,"href":"https:\/\/www.diario22.ar\/notix2\/wp-json\/wp\/v2\/comments?post=52629"}],"version-history":[{"count":1,"href":"https:\/\/www.diario22.ar\/notix2\/wp-json\/wp\/v2\/posts\/52629\/revisions"}],"predecessor-version":[{"id":52631,"href":"https:\/\/www.diario22.ar\/notix2\/wp-json\/wp\/v2\/posts\/52629\/revisions\/52631"}],"wp:featuredmedia":[{"embeddable":true,"href":"https:\/\/www.diario22.ar\/notix2\/wp-json\/wp\/v2\/media\/52630"}],"wp:attachment":[{"href":"https:\/\/www.diario22.ar\/notix2\/wp-json\/wp\/v2\/media?parent=52629"}],"wp:term":[{"taxonomy":"category","embeddable":true,"href":"https:\/\/www.diario22.ar\/notix2\/wp-json\/wp\/v2\/categories?post=52629"},{"taxonomy":"post_tag","embeddable":true,"href":"https:\/\/www.diario22.ar\/notix2\/wp-json\/wp\/v2\/tags?post=52629"}],"curies":[{"name":"wp","href":"https:\/\/api.w.org\/{rel}","templated":true}]}}