{"id":52623,"date":"2026-09-04T13:35:10","date_gmt":"2026-09-04T16:35:10","guid":{"rendered":"https:\/\/www.diario22.ar\/notix2\/la-nueva-relacion-de-kroy-biermann-parece-calculada-tras-el-romance-con-kim-zolciak\/"},"modified":"2026-09-04T13:35:10","modified_gmt":"2026-09-04T16:35:10","slug":"la-nueva-relacion-de-kroy-biermann-parece-calculada-tras-el-romance-con-kim-zolciak","status":"publish","type":"post","link":"https:\/\/www.diario22.ar\/notix2\/la-nueva-relacion-de-kroy-biermann-parece-calculada-tras-el-romance-con-kim-zolciak\/","title":{"rendered":"La nueva relaci\u00f3n de Kroy Biermann parece calculada tras el romance con Kim Zolciak"},"content":{"rendered":"<div>\n<p><strong>Kim Zolciak<\/strong> y <strong>Kroy Biermann<\/strong> siguen en medio de un divorcio que ha dado la sensaci\u00f3n de poder ser un programa de telerrealidad por s\u00ed solo, o incluso una telenovela. La pareja ha iniciado y detenido sus procedimientos de separaci\u00f3n varias veces, peleado por el dinero y la custodia, y se ha lanzado acusaciones mutuamente sin cesar. <\/p>\n<p>Durante esta tercera ronda del proceso de divorcio, la estrella de Real Housewives of Atlanta pas\u00f3 p\u00e1gina con su nuevo novio. Ahora parece que Kroy est\u00e1 haciendo lo mismo \u2014con la exmujer del nuevo novio de su exesposa\u2014. Vaya, qu\u00e9 enredo nos tejemos.<\/p>\n<p>\u00bfPodr\u00eda este nuevo romance simplemente ser una coincidencia? \u00bfO es un movimiento m\u00e1s calculado contra Kim en su \u00faltimo drama de divorcio?<\/p>\n<h2 class=\"wp-block-heading\" id=\"h-could-kroy-biermann-be-using-kim-zolciak-s-new-boyfriend-s-ex-to-get-back-at-her\">\u00bfPodr\u00eda Kroy Biermann estar usando a la ex de la nueva pareja de Kim Zolciak para vengarse de ella?<\/h2>\n<p>No es ning\u00fan secreto que la separaci\u00f3n entre Kroy y Kim se ha puesto realmente fea. Han tenido varios problemas financieros y de custodia. Kroy dijo que Kim descuida a sus hijos, mientras Kim respondi\u00f3 diciendo que Kroy necesita manejo de la ira. Ambos tambi\u00e9n han alegado abuso en el pasado.<\/p>\n<p>De alguna manera, a trav\u00e9s de todo esto, Kim encontr\u00f3 el amor de nuevo. Empez\u00f3 a salir con Kyle Mowitz el a\u00f1o pasado. La exmujer de Kyle, Jillian Green, no estaba contenta con su relaci\u00f3n porque la pareja a\u00fan ten\u00eda 100 millones de d\u00f3lares en un fideicomiso.<\/p>\n<p>Jillian tem\u00eda que Kyle gastara todo ese dinero en Kim para el alquiler, los viajes y los regalos. Kroy incluso le advirti\u00f3 que Kim lo \u201cdrainar\u00eda (a Kyle) hasta dejarlo seco\u201d. A pesar de todo esto, Kim y Kyle siguen adelante con su relaci\u00f3n. Y ahora, las cosas se ponen a\u00fan m\u00e1s extra\u00f1as.<\/p>\n<p>El pasado mayo, Jillian y Kroy fueron acusados de ser m\u00e1s que amigos mientras pasaban tiempo hablando de sus ex. Kyle afirm\u00f3 incluso que Jillian minti\u00f3 sobre su relaci\u00f3n. Lo negaron entonces, pero ahora no hay forma de negarlo. Se les vio bes\u00e1ndose.<\/p>\n<p>Ya sea intencional o no, esto parece un movimiento calculado de Kroy para vengarse de Kim por seguir adelante con su vida. \u00c9l ha seguido hablando de ella mientras ella disfruta de su nueva felicidad. Tal vez su obsesi\u00f3n por Kim y Kyle lo llev\u00f3 a buscar consuelo en la \u00fanica persona que podr\u00eda entenderlo mejor.<\/p>\n<p>Esto nos deja ante un dilema de \u201c\u00bfqu\u00e9 pasar\u00e1 ahora?\u201d. Seg\u00fan Kim, ella \u201cproporcion\u00f3 para Kroy\u201d en estos a\u00f1os pasados, y ahora cree que Jillian tendr\u00e1 que hacer lo mismo. Ir\u00f3nicamente, tambi\u00e9n es lo que Kroy piensa de Kim y Kyle. \u00bfLa olla llama a la olla negra?<\/p>\n<p>Quiz\u00e1 Kyle y Jillian no se dan cuenta del nido de avispas en el que se han metido. A pesar de haber estado separados durante a\u00f1os, Kim y Kroy parecen seguir en la \u00f3rbita del otro. Esto no parece augurar nada bueno para sus nuevas relaciones. \u00bfO tal vez esto terminar\u00e1 en un extra\u00f1o intercambio de esposas con final feliz?<\/p>\n<\/div>\n","protected":false},"excerpt":{"rendered":"<p>Kim Zolciak y Kroy Biermann siguen en medio de un divorcio que ha dado la sensaci\u00f3n de poder ser un<\/p>\n","protected":false},"author":1,"featured_media":52624,"comment_status":"open","ping_status":"open","sticky":false,"template":"","format":"standard","meta":{"footnotes":""},"categories":[6],"tags":[616,3329,49,614,3233,120,3328,1839,3330,620,615],"class_list":["post-52623","post","type-post","status-publish","format-standard","has-post-thumbnail","hentry","category-famosos","tag-biermann","tag-calculada","tag-con","tag-kim","tag-kroy","tag-nueva","tag-parece","tag-relacion","tag-romance","tag-tras","tag-zolciak","generate-columns","tablet-grid-50","mobile-grid-100","grid-parent","grid-50"],"yoast_head":"<!-- This site is optimized with the Yoast SEO plugin v26.1.1 - https:\/\/yoast.com\/wordpress\/plugins\/seo\/ -->\n<title>La nueva relaci\u00f3n de Kroy Biermann parece calculada tras el romance con Kim Zolciak - diario22.ar<\/title>\n<meta name=\"robots\" content=\"index, follow, max-snippet:-1, max-image-preview:large, max-video-preview:-1\" \/>\n<link rel=\"canonical\" href=\"https:\/\/www.diario22.ar\/notix2\/la-nueva-relacion-de-kroy-biermann-parece-calculada-tras-el-romance-con-kim-zolciak\/\" \/>\n<meta property=\"og:locale\" content=\"es_ES\" \/>\n<meta property=\"og:type\" content=\"article\" \/>\n<meta property=\"og:title\" content=\"La nueva relaci\u00f3n de Kroy Biermann parece calculada tras el romance con Kim Zolciak - diario22.ar\" \/>\n<meta property=\"og:description\" content=\"Kim Zolciak y Kroy Biermann siguen en medio de un divorcio que ha dado la sensaci\u00f3n de poder ser un\" \/>\n<meta property=\"og:url\" content=\"https:\/\/www.diario22.ar\/notix2\/la-nueva-relacion-de-kroy-biermann-parece-calculada-tras-el-romance-con-kim-zolciak\/\" \/>\n<meta property=\"og:site_name\" content=\"diario22.ar\" \/>\n<meta property=\"article:published_time\" content=\"2026-09-04T16:35:10+00:00\" \/>\n<meta property=\"og:image\" content=\"https:\/\/www.diario22.ar\/notix2\/wp-content\/uploads\/2026\/09\/La-nueva-relacion-de-Kroy-Biermann-parece-calculada-tras-el.jpg\" \/>\n\t<meta property=\"og:image:width\" content=\"1200\" \/>\n\t<meta property=\"og:image:height\" content=\"630\" \/>\n\t<meta property=\"og:image:type\" content=\"image\/jpeg\" \/>\n<meta name=\"author\" content=\"Camila Torres\" \/>\n<meta name=\"twitter:card\" content=\"summary_large_image\" \/>\n<meta name=\"twitter:label1\" content=\"Escrito por\" \/>\n\t<meta name=\"twitter:data1\" content=\"Camila Torres\" \/>\n\t<meta name=\"twitter:label2\" content=\"Tiempo de lectura\" \/>\n\t<meta name=\"twitter:data2\" content=\"3 minutos\" \/>\n<script type=\"application\/ld+json\" class=\"yoast-schema-graph\">{\"@context\":\"https:\/\/schema.org\",\"@graph\":[{\"@type\":\"Article\",\"@id\":\"https:\/\/www.diario22.ar\/notix2\/la-nueva-relacion-de-kroy-biermann-parece-calculada-tras-el-romance-con-kim-zolciak\/#article\",\"isPartOf\":{\"@id\":\"https:\/\/www.diario22.ar\/notix2\/la-nueva-relacion-de-kroy-biermann-parece-calculada-tras-el-romance-con-kim-zolciak\/\"},\"author\":{\"name\":\"Camila Torres\",\"@id\":\"https:\/\/www.diario22.ar\/notix2\/#\/schema\/person\/e09888e40c26d16af8c8ddbac872e980\"},\"headline\":\"La nueva relaci\u00f3n de Kroy Biermann parece calculada tras el romance con Kim Zolciak\",\"datePublished\":\"2026-09-04T16:35:10+00:00\",\"mainEntityOfPage\":{\"@id\":\"https:\/\/www.diario22.ar\/notix2\/la-nueva-relacion-de-kroy-biermann-parece-calculada-tras-el-romance-con-kim-zolciak\/\"},\"wordCount\":545,\"commentCount\":0,\"publisher\":{\"@id\":\"https:\/\/www.diario22.ar\/notix2\/#organization\"},\"image\":{\"@id\":\"https:\/\/www.diario22.ar\/notix2\/la-nueva-relacion-de-kroy-biermann-parece-calculada-tras-el-romance-con-kim-zolciak\/#primaryimage\"},\"thumbnailUrl\":\"https:\/\/www.diario22.ar\/notix2\/wp-content\/uploads\/2026\/09\/La-nueva-relacion-de-Kroy-Biermann-parece-calculada-tras-el.jpg\",\"keywords\":[\"Biermann\",\"calculada\",\"con\",\"Kim\",\"Kroy\",\"nueva\",\"parece\",\"relaci\u00f3n\",\"romance\",\"tras\",\"Zolciak\"],\"articleSection\":[\"Famosos\"],\"inLanguage\":\"es-AR\",\"potentialAction\":[{\"@type\":\"CommentAction\",\"name\":\"Comment\",\"target\":[\"https:\/\/www.diario22.ar\/notix2\/la-nueva-relacion-de-kroy-biermann-parece-calculada-tras-el-romance-con-kim-zolciak\/#respond\"]}]},{\"@type\":\"WebPage\",\"@id\":\"https:\/\/www.diario22.ar\/notix2\/la-nueva-relacion-de-kroy-biermann-parece-calculada-tras-el-romance-con-kim-zolciak\/\",\"url\":\"https:\/\/www.diario22.ar\/notix2\/la-nueva-relacion-de-kroy-biermann-parece-calculada-tras-el-romance-con-kim-zolciak\/\",\"name\":\"La nueva relaci\u00f3n de Kroy Biermann parece calculada tras el romance con Kim Zolciak - diario22.ar\",\"isPartOf\":{\"@id\":\"https:\/\/www.diario22.ar\/notix2\/#website\"},\"primaryImageOfPage\":{\"@id\":\"https:\/\/www.diario22.ar\/notix2\/la-nueva-relacion-de-kroy-biermann-parece-calculada-tras-el-romance-con-kim-zolciak\/#primaryimage\"},\"image\":{\"@id\":\"https:\/\/www.diario22.ar\/notix2\/la-nueva-relacion-de-kroy-biermann-parece-calculada-tras-el-romance-con-kim-zolciak\/#primaryimage\"},\"thumbnailUrl\":\"https:\/\/www.diario22.ar\/notix2\/wp-content\/uploads\/2026\/09\/La-nueva-relacion-de-Kroy-Biermann-parece-calculada-tras-el.jpg\",\"datePublished\":\"2026-09-04T16:35:10+00:00\",\"breadcrumb\":{\"@id\":\"https:\/\/www.diario22.ar\/notix2\/la-nueva-relacion-de-kroy-biermann-parece-calculada-tras-el-romance-con-kim-zolciak\/#breadcrumb\"},\"inLanguage\":\"es-AR\",\"potentialAction\":[{\"@type\":\"ReadAction\",\"target\":[\"https:\/\/www.diario22.ar\/notix2\/la-nueva-relacion-de-kroy-biermann-parece-calculada-tras-el-romance-con-kim-zolciak\/\"]}]},{\"@type\":\"ImageObject\",\"inLanguage\":\"es-AR\",\"@id\":\"https:\/\/www.diario22.ar\/notix2\/la-nueva-relacion-de-kroy-biermann-parece-calculada-tras-el-romance-con-kim-zolciak\/#primaryimage\",\"url\":\"https:\/\/www.diario22.ar\/notix2\/wp-content\/uploads\/2026\/09\/La-nueva-relacion-de-Kroy-Biermann-parece-calculada-tras-el.jpg\",\"contentUrl\":\"https:\/\/www.diario22.ar\/notix2\/wp-content\/uploads\/2026\/09\/La-nueva-relacion-de-Kroy-Biermann-parece-calculada-tras-el.jpg\",\"width\":1200,\"height\":630},{\"@type\":\"BreadcrumbList\",\"@id\":\"https:\/\/www.diario22.ar\/notix2\/la-nueva-relacion-de-kroy-biermann-parece-calculada-tras-el-romance-con-kim-zolciak\/#breadcrumb\",\"itemListElement\":[{\"@type\":\"ListItem\",\"position\":1,\"name\":\"Home\",\"item\":\"https:\/\/www.diario22.ar\/notix2\/\"},{\"@type\":\"ListItem\",\"position\":2,\"name\":\"La nueva relaci\u00f3n de Kroy Biermann parece calculada tras el romance con Kim Zolciak\"}]},{\"@type\":\"WebSite\",\"@id\":\"https:\/\/www.diario22.ar\/notix2\/#website\",\"url\":\"https:\/\/www.diario22.ar\/notix2\/\",\"name\":\"diario22.ar\",\"description\":\"Vive hoy &amp; descubre lo que viene\",\"publisher\":{\"@id\":\"https:\/\/www.diario22.ar\/notix2\/#organization\"},\"potentialAction\":[{\"@type\":\"SearchAction\",\"target\":{\"@type\":\"EntryPoint\",\"urlTemplate\":\"https:\/\/www.diario22.ar\/notix2\/?s={search_term_string}\"},\"query-input\":{\"@type\":\"PropertyValueSpecification\",\"valueRequired\":true,\"valueName\":\"search_term_string\"}}],\"inLanguage\":\"es-AR\"},{\"@type\":\"Organization\",\"@id\":\"https:\/\/www.diario22.ar\/notix2\/#organization\",\"name\":\"diario22.ar\",\"url\":\"https:\/\/www.diario22.ar\/notix2\/\",\"logo\":{\"@type\":\"ImageObject\",\"inLanguage\":\"es-AR\",\"@id\":\"https:\/\/www.diario22.ar\/notix2\/#\/schema\/logo\/image\/\",\"url\":\"https:\/\/www.diario22.ar\/notix2\/wp-content\/uploads\/2025\/10\/cropped-Publish-1.png\",\"contentUrl\":\"https:\/\/www.diario22.ar\/notix2\/wp-content\/uploads\/2025\/10\/cropped-Publish-1.png\",\"width\":1560,\"height\":722,\"caption\":\"diario22.ar\"},\"image\":{\"@id\":\"https:\/\/www.diario22.ar\/notix2\/#\/schema\/logo\/image\/\"}},{\"@type\":\"Person\",\"@id\":\"https:\/\/www.diario22.ar\/notix2\/#\/schema\/person\/e09888e40c26d16af8c8ddbac872e980\",\"name\":\"Camila Torres\",\"image\":{\"@type\":\"ImageObject\",\"inLanguage\":\"es-AR\",\"@id\":\"https:\/\/www.diario22.ar\/notix2\/#\/schema\/person\/image\/\",\"url\":\"https:\/\/www.diario22.ar\/notix2\/wp-content\/uploads\/2025\/10\/diario22.ar-3-150x150.png\",\"contentUrl\":\"https:\/\/www.diario22.ar\/notix2\/wp-content\/uploads\/2025\/10\/diario22.ar-3-150x150.png\",\"caption\":\"Camila Torres\"},\"description\":\"Soy periodista y redactora en Diario22.ar, apasionada por las historias que conectan la actualidad con la gente. Me form\u00e9 en comunicaci\u00f3n social en Buenos Aires y desde entonces busco darle voz a lo cotidiano, con una mirada curiosa y humana. Creo que el periodismo no solo informa: tambi\u00e9n inspira y transforma.\",\"sameAs\":[\"https:\/\/www.diario22.ar\/notix2\"]}]}<\/script>\n<!-- \/ Yoast SEO plugin. -->","yoast_head_json":{"title":"La nueva relaci\u00f3n de Kroy Biermann parece calculada tras el romance con Kim Zolciak - diario22.ar","robots":{"index":"index","follow":"follow","max-snippet":"max-snippet:-1","max-image-preview":"max-image-preview:large","max-video-preview":"max-video-preview:-1"},"canonical":"https:\/\/www.diario22.ar\/notix2\/la-nueva-relacion-de-kroy-biermann-parece-calculada-tras-el-romance-con-kim-zolciak\/","og_locale":"es_ES","og_type":"article","og_title":"La nueva relaci\u00f3n de Kroy Biermann parece calculada tras el romance con Kim Zolciak - diario22.ar","og_description":"Kim Zolciak y Kroy Biermann siguen en medio de un divorcio que ha dado la sensaci\u00f3n de poder ser un","og_url":"https:\/\/www.diario22.ar\/notix2\/la-nueva-relacion-de-kroy-biermann-parece-calculada-tras-el-romance-con-kim-zolciak\/","og_site_name":"diario22.ar","article_published_time":"2026-09-04T16:35:10+00:00","og_image":[{"width":1200,"height":630,"url":"https:\/\/www.diario22.ar\/notix2\/wp-content\/uploads\/2026\/09\/La-nueva-relacion-de-Kroy-Biermann-parece-calculada-tras-el.jpg","type":"image\/jpeg"}],"author":"Camila Torres","twitter_card":"summary_large_image","twitter_misc":{"Escrito por":"Camila Torres","Tiempo de lectura":"3 minutos"},"schema":{"@context":"https:\/\/schema.org","@graph":[{"@type":"Article","@id":"https:\/\/www.diario22.ar\/notix2\/la-nueva-relacion-de-kroy-biermann-parece-calculada-tras-el-romance-con-kim-zolciak\/#article","isPartOf":{"@id":"https:\/\/www.diario22.ar\/notix2\/la-nueva-relacion-de-kroy-biermann-parece-calculada-tras-el-romance-con-kim-zolciak\/"},"author":{"name":"Camila Torres","@id":"https:\/\/www.diario22.ar\/notix2\/#\/schema\/person\/e09888e40c26d16af8c8ddbac872e980"},"headline":"La nueva relaci\u00f3n de Kroy Biermann parece calculada tras el romance con Kim Zolciak","datePublished":"2026-09-04T16:35:10+00:00","mainEntityOfPage":{"@id":"https:\/\/www.diario22.ar\/notix2\/la-nueva-relacion-de-kroy-biermann-parece-calculada-tras-el-romance-con-kim-zolciak\/"},"wordCount":545,"commentCount":0,"publisher":{"@id":"https:\/\/www.diario22.ar\/notix2\/#organization"},"image":{"@id":"https:\/\/www.diario22.ar\/notix2\/la-nueva-relacion-de-kroy-biermann-parece-calculada-tras-el-romance-con-kim-zolciak\/#primaryimage"},"thumbnailUrl":"https:\/\/www.diario22.ar\/notix2\/wp-content\/uploads\/2026\/09\/La-nueva-relacion-de-Kroy-Biermann-parece-calculada-tras-el.jpg","keywords":["Biermann","calculada","con","Kim","Kroy","nueva","parece","relaci\u00f3n","romance","tras","Zolciak"],"articleSection":["Famosos"],"inLanguage":"es-AR","potentialAction":[{"@type":"CommentAction","name":"Comment","target":["https:\/\/www.diario22.ar\/notix2\/la-nueva-relacion-de-kroy-biermann-parece-calculada-tras-el-romance-con-kim-zolciak\/#respond"]}]},{"@type":"WebPage","@id":"https:\/\/www.diario22.ar\/notix2\/la-nueva-relacion-de-kroy-biermann-parece-calculada-tras-el-romance-con-kim-zolciak\/","url":"https:\/\/www.diario22.ar\/notix2\/la-nueva-relacion-de-kroy-biermann-parece-calculada-tras-el-romance-con-kim-zolciak\/","name":"La nueva relaci\u00f3n de Kroy Biermann parece calculada tras el romance con Kim Zolciak - diario22.ar","isPartOf":{"@id":"https:\/\/www.diario22.ar\/notix2\/#website"},"primaryImageOfPage":{"@id":"https:\/\/www.diario22.ar\/notix2\/la-nueva-relacion-de-kroy-biermann-parece-calculada-tras-el-romance-con-kim-zolciak\/#primaryimage"},"image":{"@id":"https:\/\/www.diario22.ar\/notix2\/la-nueva-relacion-de-kroy-biermann-parece-calculada-tras-el-romance-con-kim-zolciak\/#primaryimage"},"thumbnailUrl":"https:\/\/www.diario22.ar\/notix2\/wp-content\/uploads\/2026\/09\/La-nueva-relacion-de-Kroy-Biermann-parece-calculada-tras-el.jpg","datePublished":"2026-09-04T16:35:10+00:00","breadcrumb":{"@id":"https:\/\/www.diario22.ar\/notix2\/la-nueva-relacion-de-kroy-biermann-parece-calculada-tras-el-romance-con-kim-zolciak\/#breadcrumb"},"inLanguage":"es-AR","potentialAction":[{"@type":"ReadAction","target":["https:\/\/www.diario22.ar\/notix2\/la-nueva-relacion-de-kroy-biermann-parece-calculada-tras-el-romance-con-kim-zolciak\/"]}]},{"@type":"ImageObject","inLanguage":"es-AR","@id":"https:\/\/www.diario22.ar\/notix2\/la-nueva-relacion-de-kroy-biermann-parece-calculada-tras-el-romance-con-kim-zolciak\/#primaryimage","url":"https:\/\/www.diario22.ar\/notix2\/wp-content\/uploads\/2026\/09\/La-nueva-relacion-de-Kroy-Biermann-parece-calculada-tras-el.jpg","contentUrl":"https:\/\/www.diario22.ar\/notix2\/wp-content\/uploads\/2026\/09\/La-nueva-relacion-de-Kroy-Biermann-parece-calculada-tras-el.jpg","width":1200,"height":630},{"@type":"BreadcrumbList","@id":"https:\/\/www.diario22.ar\/notix2\/la-nueva-relacion-de-kroy-biermann-parece-calculada-tras-el-romance-con-kim-zolciak\/#breadcrumb","itemListElement":[{"@type":"ListItem","position":1,"name":"Home","item":"https:\/\/www.diario22.ar\/notix2\/"},{"@type":"ListItem","position":2,"name":"La nueva relaci\u00f3n de Kroy Biermann parece calculada tras el romance con Kim Zolciak"}]},{"@type":"WebSite","@id":"https:\/\/www.diario22.ar\/notix2\/#website","url":"https:\/\/www.diario22.ar\/notix2\/","name":"diario22.ar","description":"Vive hoy &amp; descubre lo que viene","publisher":{"@id":"https:\/\/www.diario22.ar\/notix2\/#organization"},"potentialAction":[{"@type":"SearchAction","target":{"@type":"EntryPoint","urlTemplate":"https:\/\/www.diario22.ar\/notix2\/?s={search_term_string}"},"query-input":{"@type":"PropertyValueSpecification","valueRequired":true,"valueName":"search_term_string"}}],"inLanguage":"es-AR"},{"@type":"Organization","@id":"https:\/\/www.diario22.ar\/notix2\/#organization","name":"diario22.ar","url":"https:\/\/www.diario22.ar\/notix2\/","logo":{"@type":"ImageObject","inLanguage":"es-AR","@id":"https:\/\/www.diario22.ar\/notix2\/#\/schema\/logo\/image\/","url":"https:\/\/www.diario22.ar\/notix2\/wp-content\/uploads\/2025\/10\/cropped-Publish-1.png","contentUrl":"https:\/\/www.diario22.ar\/notix2\/wp-content\/uploads\/2025\/10\/cropped-Publish-1.png","width":1560,"height":722,"caption":"diario22.ar"},"image":{"@id":"https:\/\/www.diario22.ar\/notix2\/#\/schema\/logo\/image\/"}},{"@type":"Person","@id":"https:\/\/www.diario22.ar\/notix2\/#\/schema\/person\/e09888e40c26d16af8c8ddbac872e980","name":"Camila Torres","image":{"@type":"ImageObject","inLanguage":"es-AR","@id":"https:\/\/www.diario22.ar\/notix2\/#\/schema\/person\/image\/","url":"https:\/\/www.diario22.ar\/notix2\/wp-content\/uploads\/2025\/10\/diario22.ar-3-150x150.png","contentUrl":"https:\/\/www.diario22.ar\/notix2\/wp-content\/uploads\/2025\/10\/diario22.ar-3-150x150.png","caption":"Camila Torres"},"description":"Soy periodista y redactora en Diario22.ar, apasionada por las historias que conectan la actualidad con la gente. Me form\u00e9 en comunicaci\u00f3n social en Buenos Aires y desde entonces busco darle voz a lo cotidiano, con una mirada curiosa y humana. Creo que el periodismo no solo informa: tambi\u00e9n inspira y transforma.","sameAs":["https:\/\/www.diario22.ar\/notix2"]}]}},"_links":{"self":[{"href":"https:\/\/www.diario22.ar\/notix2\/wp-json\/wp\/v2\/posts\/52623","targetHints":{"allow":["GET"]}}],"collection":[{"href":"https:\/\/www.diario22.ar\/notix2\/wp-json\/wp\/v2\/posts"}],"about":[{"href":"https:\/\/www.diario22.ar\/notix2\/wp-json\/wp\/v2\/types\/post"}],"author":[{"embeddable":true,"href":"https:\/\/www.diario22.ar\/notix2\/wp-json\/wp\/v2\/users\/1"}],"replies":[{"embeddable":true,"href":"https:\/\/www.diario22.ar\/notix2\/wp-json\/wp\/v2\/comments?post=52623"}],"version-history":[{"count":1,"href":"https:\/\/www.diario22.ar\/notix2\/wp-json\/wp\/v2\/posts\/52623\/revisions"}],"predecessor-version":[{"id":52625,"href":"https:\/\/www.diario22.ar\/notix2\/wp-json\/wp\/v2\/posts\/52623\/revisions\/52625"}],"wp:featuredmedia":[{"embeddable":true,"href":"https:\/\/www.diario22.ar\/notix2\/wp-json\/wp\/v2\/media\/52624"}],"wp:attachment":[{"href":"https:\/\/www.diario22.ar\/notix2\/wp-json\/wp\/v2\/media?parent=52623"}],"wp:term":[{"taxonomy":"category","embeddable":true,"href":"https:\/\/www.diario22.ar\/notix2\/wp-json\/wp\/v2\/categories?post=52623"},{"taxonomy":"post_tag","embeddable":true,"href":"https:\/\/www.diario22.ar\/notix2\/wp-json\/wp\/v2\/tags?post=52623"}],"curies":[{"name":"wp","href":"https:\/\/api.w.org\/{rel}","templated":true}]}}