{"id":52620,"date":"2026-09-04T01:35:55","date_gmt":"2026-09-04T04:35:55","guid":{"rendered":"https:\/\/www.diario22.ar\/notix2\/emily-simpson-de-rhoc-admite-que-no-puede-arreglarlo-todo-para-su-familia\/"},"modified":"2026-09-04T01:35:57","modified_gmt":"2026-09-04T04:35:57","slug":"emily-simpson-de-rhoc-admite-que-no-puede-arreglarlo-todo-para-su-familia","status":"publish","type":"post","link":"https:\/\/www.diario22.ar\/notix2\/emily-simpson-de-rhoc-admite-que-no-puede-arreglarlo-todo-para-su-familia\/","title":{"rendered":"Emily Simpson de RHOC admite que no puede arreglarlo todo para su familia"},"content":{"rendered":"<div>\n<p><strong>Emily Simpson<\/strong>, conocida por su papel en Las Real Housewives de Orange County, est\u00e1 indecisa entre sus decisiones de tratamiento para su hijo Luke.<\/p>\n<p>Se dice que a Luke le han diagnosticado ARFID y PANDAS, y la figura televisiva no sabe c\u00f3mo proceder.<\/p>\n<h2 class=\"wp-block-heading\" id=\"h-emily-simpson-says-she-s-still-searching-for-answers-as-son-luke-continues-treatment-for-pandas-and-arfid\">Emily Simpson dice que sigue buscando respuestas mientras su hijo Luke contin\u00faa con el tratamiento para PANDAS y ARFID<\/h2>\n<p>La estrella de la televisi\u00f3n de reality dijo a <em>Us<\/em> que se encuentra en una situaci\u00f3n dif\u00edcil con el tratamiento de su hijo y cuestiona sus decisiones. \u201cNo s\u00e9 si Luke est\u00e1 mejor. Seguimos lidiando con muchos de los mismos problemas y hemos intentado un par de cosas\u201d, afirm\u00f3 a <em>Us<\/em> el 14 de agosto durante la promoci\u00f3n de la 20\u00aa temporada de RHOC. A\u00f1adi\u00f3: \u201cNo s\u00e9 si est\u00e1n funcionando, y eso es dif\u00edcil para m\u00ed como madre porque quiero arreglarlo todo.\u201d<\/p>\n<p>Durante el estreno de la temporada 19, Simpson revel\u00f3 que su hijo de 11 a\u00f1os fue diagnosticado con trastorno de ingesta alimentaria evitativa y restrictiva (ARFID). M\u00e1s tarde, a Luke tambi\u00e9n se le diagnostic\u00f3 PANDAS, un grupo de trastornos neuropsiqui\u00e1tricos autoinmunes asociados a la infecci\u00f3n por estreptococo.<\/p>\n<p>\u201cVoy y vengo entre continuar y buscar diferentes terapias para \u00e9l\u201d, explic\u00f3 Emily a <em>Us<\/em>. \u201cA veces, creo que Luke es Luke. Tal vez no necesite terapia o tratamiento IVIG. Tal vez solo necesita ser Luke. Es dif\u00edcil saber si estoy haciendo lo correcto. A menudo me pregunto si estoy tomando las decisiones adecuadas para \u00e9l.\u201d<\/p>\n<p>Mientras tanto, est\u00e1 recibiendo un gran apoyo de fan\u00e1ticos y madres preocupadas que tambi\u00e9n han estado en la misma situaci\u00f3n.<\/p>\n<p>Emily escribi\u00f3 v\u00eda Instagram en julio de 2025: \u201c\u00a1Gracias por la informaci\u00f3n y el apoyo que todos me est\u00e1n enviando! Por favor, sigan as\u00ed. Y por favor hablen a sus hijos sobre ser amables con los ni\u00f1os que pueden ser un poco diferentes.\u201d<\/p>\n<p>Emily Simpson es una personalidad de la televisi\u00f3n de reality, conocida principalmente por su papel en \u201cThe Real Housewives of Orange County\u201d desde 2018.<\/p>\n<p><strong>\u00bfTienes alg\u00fan consejo para Simpson?<\/strong><\/p>\n<\/div>\n","protected":false},"excerpt":{"rendered":"<p>Emily Simpson, conocida por su papel en Las Real Housewives de Orange County, est\u00e1 indecisa entre sus decisiones de tratamiento<\/p>\n","protected":false},"author":1,"featured_media":52621,"comment_status":"open","ping_status":"open","sticky":false,"template":"","format":"standard","meta":{"footnotes":""},"categories":[6],"tags":[3326,3327,3323,1873,104,1176,3325,3324,1405],"class_list":["post-52620","post","type-post","status-publish","format-standard","has-post-thumbnail","hentry","category-famosos","tag-admite","tag-arreglarlo","tag-emily","tag-familia","tag-para","tag-puede","tag-rhoc","tag-simpson","tag-todo","generate-columns","tablet-grid-50","mobile-grid-100","grid-parent","grid-50"],"yoast_head":"<!-- This site is optimized with the Yoast SEO plugin v26.1.1 - https:\/\/yoast.com\/wordpress\/plugins\/seo\/ -->\n<title>Emily Simpson de RHOC admite que no puede arreglarlo todo para su familia - diario22.ar<\/title>\n<meta name=\"robots\" content=\"index, follow, max-snippet:-1, max-image-preview:large, max-video-preview:-1\" \/>\n<link rel=\"canonical\" href=\"https:\/\/www.diario22.ar\/notix2\/emily-simpson-de-rhoc-admite-que-no-puede-arreglarlo-todo-para-su-familia\/\" \/>\n<meta property=\"og:locale\" content=\"es_ES\" \/>\n<meta property=\"og:type\" content=\"article\" \/>\n<meta property=\"og:title\" content=\"Emily Simpson de RHOC admite que no puede arreglarlo todo para su familia - diario22.ar\" \/>\n<meta property=\"og:description\" content=\"Emily Simpson, conocida por su papel en Las Real Housewives de Orange County, est\u00e1 indecisa entre sus decisiones de tratamiento\" \/>\n<meta property=\"og:url\" content=\"https:\/\/www.diario22.ar\/notix2\/emily-simpson-de-rhoc-admite-que-no-puede-arreglarlo-todo-para-su-familia\/\" \/>\n<meta property=\"og:site_name\" content=\"diario22.ar\" \/>\n<meta property=\"article:published_time\" content=\"2026-09-04T04:35:55+00:00\" \/>\n<meta property=\"article:modified_time\" content=\"2026-09-04T04:35:57+00:00\" \/>\n<meta property=\"og:image\" content=\"https:\/\/www.diario22.ar\/notix2\/wp-content\/uploads\/2026\/09\/Emily-Simpson-de-RHOC-admite-que-no-puede-arreglarlo-todo.png\" \/>\n\t<meta property=\"og:image:width\" content=\"1200\" \/>\n\t<meta property=\"og:image:height\" content=\"630\" \/>\n\t<meta property=\"og:image:type\" content=\"image\/png\" \/>\n<meta name=\"author\" content=\"Camila Torres\" \/>\n<meta name=\"twitter:card\" content=\"summary_large_image\" \/>\n<meta name=\"twitter:label1\" content=\"Escrito por\" \/>\n\t<meta name=\"twitter:data1\" content=\"Camila Torres\" \/>\n\t<meta name=\"twitter:label2\" content=\"Tiempo de lectura\" \/>\n\t<meta name=\"twitter:data2\" content=\"2 minutos\" \/>\n<script type=\"application\/ld+json\" class=\"yoast-schema-graph\">{\"@context\":\"https:\/\/schema.org\",\"@graph\":[{\"@type\":\"Article\",\"@id\":\"https:\/\/www.diario22.ar\/notix2\/emily-simpson-de-rhoc-admite-que-no-puede-arreglarlo-todo-para-su-familia\/#article\",\"isPartOf\":{\"@id\":\"https:\/\/www.diario22.ar\/notix2\/emily-simpson-de-rhoc-admite-que-no-puede-arreglarlo-todo-para-su-familia\/\"},\"author\":{\"name\":\"Camila Torres\",\"@id\":\"https:\/\/www.diario22.ar\/notix2\/#\/schema\/person\/e09888e40c26d16af8c8ddbac872e980\"},\"headline\":\"Emily Simpson de RHOC admite que no puede arreglarlo todo para su familia\",\"datePublished\":\"2026-09-04T04:35:55+00:00\",\"dateModified\":\"2026-09-04T04:35:57+00:00\",\"mainEntityOfPage\":{\"@id\":\"https:\/\/www.diario22.ar\/notix2\/emily-simpson-de-rhoc-admite-que-no-puede-arreglarlo-todo-para-su-familia\/\"},\"wordCount\":370,\"commentCount\":0,\"publisher\":{\"@id\":\"https:\/\/www.diario22.ar\/notix2\/#organization\"},\"image\":{\"@id\":\"https:\/\/www.diario22.ar\/notix2\/emily-simpson-de-rhoc-admite-que-no-puede-arreglarlo-todo-para-su-familia\/#primaryimage\"},\"thumbnailUrl\":\"https:\/\/www.diario22.ar\/notix2\/wp-content\/uploads\/2026\/09\/Emily-Simpson-de-RHOC-admite-que-no-puede-arreglarlo-todo.png\",\"keywords\":[\"admite\",\"arreglarlo\",\"Emily\",\"familia\",\"para\",\"puede\",\"RHOC\",\"Simpson\",\"todo\"],\"articleSection\":[\"Famosos\"],\"inLanguage\":\"es-AR\",\"potentialAction\":[{\"@type\":\"CommentAction\",\"name\":\"Comment\",\"target\":[\"https:\/\/www.diario22.ar\/notix2\/emily-simpson-de-rhoc-admite-que-no-puede-arreglarlo-todo-para-su-familia\/#respond\"]}]},{\"@type\":\"WebPage\",\"@id\":\"https:\/\/www.diario22.ar\/notix2\/emily-simpson-de-rhoc-admite-que-no-puede-arreglarlo-todo-para-su-familia\/\",\"url\":\"https:\/\/www.diario22.ar\/notix2\/emily-simpson-de-rhoc-admite-que-no-puede-arreglarlo-todo-para-su-familia\/\",\"name\":\"Emily Simpson de RHOC admite que no puede arreglarlo todo para su familia - diario22.ar\",\"isPartOf\":{\"@id\":\"https:\/\/www.diario22.ar\/notix2\/#website\"},\"primaryImageOfPage\":{\"@id\":\"https:\/\/www.diario22.ar\/notix2\/emily-simpson-de-rhoc-admite-que-no-puede-arreglarlo-todo-para-su-familia\/#primaryimage\"},\"image\":{\"@id\":\"https:\/\/www.diario22.ar\/notix2\/emily-simpson-de-rhoc-admite-que-no-puede-arreglarlo-todo-para-su-familia\/#primaryimage\"},\"thumbnailUrl\":\"https:\/\/www.diario22.ar\/notix2\/wp-content\/uploads\/2026\/09\/Emily-Simpson-de-RHOC-admite-que-no-puede-arreglarlo-todo.png\",\"datePublished\":\"2026-09-04T04:35:55+00:00\",\"dateModified\":\"2026-09-04T04:35:57+00:00\",\"breadcrumb\":{\"@id\":\"https:\/\/www.diario22.ar\/notix2\/emily-simpson-de-rhoc-admite-que-no-puede-arreglarlo-todo-para-su-familia\/#breadcrumb\"},\"inLanguage\":\"es-AR\",\"potentialAction\":[{\"@type\":\"ReadAction\",\"target\":[\"https:\/\/www.diario22.ar\/notix2\/emily-simpson-de-rhoc-admite-que-no-puede-arreglarlo-todo-para-su-familia\/\"]}]},{\"@type\":\"ImageObject\",\"inLanguage\":\"es-AR\",\"@id\":\"https:\/\/www.diario22.ar\/notix2\/emily-simpson-de-rhoc-admite-que-no-puede-arreglarlo-todo-para-su-familia\/#primaryimage\",\"url\":\"https:\/\/www.diario22.ar\/notix2\/wp-content\/uploads\/2026\/09\/Emily-Simpson-de-RHOC-admite-que-no-puede-arreglarlo-todo.png\",\"contentUrl\":\"https:\/\/www.diario22.ar\/notix2\/wp-content\/uploads\/2026\/09\/Emily-Simpson-de-RHOC-admite-que-no-puede-arreglarlo-todo.png\",\"width\":1200,\"height\":630},{\"@type\":\"BreadcrumbList\",\"@id\":\"https:\/\/www.diario22.ar\/notix2\/emily-simpson-de-rhoc-admite-que-no-puede-arreglarlo-todo-para-su-familia\/#breadcrumb\",\"itemListElement\":[{\"@type\":\"ListItem\",\"position\":1,\"name\":\"Home\",\"item\":\"https:\/\/www.diario22.ar\/notix2\/\"},{\"@type\":\"ListItem\",\"position\":2,\"name\":\"Emily Simpson de RHOC admite que no puede arreglarlo todo para su familia\"}]},{\"@type\":\"WebSite\",\"@id\":\"https:\/\/www.diario22.ar\/notix2\/#website\",\"url\":\"https:\/\/www.diario22.ar\/notix2\/\",\"name\":\"diario22.ar\",\"description\":\"Vive hoy &amp; descubre lo que viene\",\"publisher\":{\"@id\":\"https:\/\/www.diario22.ar\/notix2\/#organization\"},\"potentialAction\":[{\"@type\":\"SearchAction\",\"target\":{\"@type\":\"EntryPoint\",\"urlTemplate\":\"https:\/\/www.diario22.ar\/notix2\/?s={search_term_string}\"},\"query-input\":{\"@type\":\"PropertyValueSpecification\",\"valueRequired\":true,\"valueName\":\"search_term_string\"}}],\"inLanguage\":\"es-AR\"},{\"@type\":\"Organization\",\"@id\":\"https:\/\/www.diario22.ar\/notix2\/#organization\",\"name\":\"diario22.ar\",\"url\":\"https:\/\/www.diario22.ar\/notix2\/\",\"logo\":{\"@type\":\"ImageObject\",\"inLanguage\":\"es-AR\",\"@id\":\"https:\/\/www.diario22.ar\/notix2\/#\/schema\/logo\/image\/\",\"url\":\"https:\/\/www.diario22.ar\/notix2\/wp-content\/uploads\/2025\/10\/cropped-Publish-1.png\",\"contentUrl\":\"https:\/\/www.diario22.ar\/notix2\/wp-content\/uploads\/2025\/10\/cropped-Publish-1.png\",\"width\":1560,\"height\":722,\"caption\":\"diario22.ar\"},\"image\":{\"@id\":\"https:\/\/www.diario22.ar\/notix2\/#\/schema\/logo\/image\/\"}},{\"@type\":\"Person\",\"@id\":\"https:\/\/www.diario22.ar\/notix2\/#\/schema\/person\/e09888e40c26d16af8c8ddbac872e980\",\"name\":\"Camila Torres\",\"image\":{\"@type\":\"ImageObject\",\"inLanguage\":\"es-AR\",\"@id\":\"https:\/\/www.diario22.ar\/notix2\/#\/schema\/person\/image\/\",\"url\":\"https:\/\/www.diario22.ar\/notix2\/wp-content\/uploads\/2025\/10\/diario22.ar-3-150x150.png\",\"contentUrl\":\"https:\/\/www.diario22.ar\/notix2\/wp-content\/uploads\/2025\/10\/diario22.ar-3-150x150.png\",\"caption\":\"Camila Torres\"},\"description\":\"Soy periodista y redactora en Diario22.ar, apasionada por las historias que conectan la actualidad con la gente. Me form\u00e9 en comunicaci\u00f3n social en Buenos Aires y desde entonces busco darle voz a lo cotidiano, con una mirada curiosa y humana. Creo que el periodismo no solo informa: tambi\u00e9n inspira y transforma.\",\"sameAs\":[\"https:\/\/www.diario22.ar\/notix2\"]}]}<\/script>\n<!-- \/ Yoast SEO plugin. -->","yoast_head_json":{"title":"Emily Simpson de RHOC admite que no puede arreglarlo todo para su familia - diario22.ar","robots":{"index":"index","follow":"follow","max-snippet":"max-snippet:-1","max-image-preview":"max-image-preview:large","max-video-preview":"max-video-preview:-1"},"canonical":"https:\/\/www.diario22.ar\/notix2\/emily-simpson-de-rhoc-admite-que-no-puede-arreglarlo-todo-para-su-familia\/","og_locale":"es_ES","og_type":"article","og_title":"Emily Simpson de RHOC admite que no puede arreglarlo todo para su familia - diario22.ar","og_description":"Emily Simpson, conocida por su papel en Las Real Housewives de Orange County, est\u00e1 indecisa entre sus decisiones de tratamiento","og_url":"https:\/\/www.diario22.ar\/notix2\/emily-simpson-de-rhoc-admite-que-no-puede-arreglarlo-todo-para-su-familia\/","og_site_name":"diario22.ar","article_published_time":"2026-09-04T04:35:55+00:00","article_modified_time":"2026-09-04T04:35:57+00:00","og_image":[{"width":1200,"height":630,"url":"https:\/\/www.diario22.ar\/notix2\/wp-content\/uploads\/2026\/09\/Emily-Simpson-de-RHOC-admite-que-no-puede-arreglarlo-todo.png","type":"image\/png"}],"author":"Camila Torres","twitter_card":"summary_large_image","twitter_misc":{"Escrito por":"Camila Torres","Tiempo de lectura":"2 minutos"},"schema":{"@context":"https:\/\/schema.org","@graph":[{"@type":"Article","@id":"https:\/\/www.diario22.ar\/notix2\/emily-simpson-de-rhoc-admite-que-no-puede-arreglarlo-todo-para-su-familia\/#article","isPartOf":{"@id":"https:\/\/www.diario22.ar\/notix2\/emily-simpson-de-rhoc-admite-que-no-puede-arreglarlo-todo-para-su-familia\/"},"author":{"name":"Camila Torres","@id":"https:\/\/www.diario22.ar\/notix2\/#\/schema\/person\/e09888e40c26d16af8c8ddbac872e980"},"headline":"Emily Simpson de RHOC admite que no puede arreglarlo todo para su familia","datePublished":"2026-09-04T04:35:55+00:00","dateModified":"2026-09-04T04:35:57+00:00","mainEntityOfPage":{"@id":"https:\/\/www.diario22.ar\/notix2\/emily-simpson-de-rhoc-admite-que-no-puede-arreglarlo-todo-para-su-familia\/"},"wordCount":370,"commentCount":0,"publisher":{"@id":"https:\/\/www.diario22.ar\/notix2\/#organization"},"image":{"@id":"https:\/\/www.diario22.ar\/notix2\/emily-simpson-de-rhoc-admite-que-no-puede-arreglarlo-todo-para-su-familia\/#primaryimage"},"thumbnailUrl":"https:\/\/www.diario22.ar\/notix2\/wp-content\/uploads\/2026\/09\/Emily-Simpson-de-RHOC-admite-que-no-puede-arreglarlo-todo.png","keywords":["admite","arreglarlo","Emily","familia","para","puede","RHOC","Simpson","todo"],"articleSection":["Famosos"],"inLanguage":"es-AR","potentialAction":[{"@type":"CommentAction","name":"Comment","target":["https:\/\/www.diario22.ar\/notix2\/emily-simpson-de-rhoc-admite-que-no-puede-arreglarlo-todo-para-su-familia\/#respond"]}]},{"@type":"WebPage","@id":"https:\/\/www.diario22.ar\/notix2\/emily-simpson-de-rhoc-admite-que-no-puede-arreglarlo-todo-para-su-familia\/","url":"https:\/\/www.diario22.ar\/notix2\/emily-simpson-de-rhoc-admite-que-no-puede-arreglarlo-todo-para-su-familia\/","name":"Emily Simpson de RHOC admite que no puede arreglarlo todo para su familia - diario22.ar","isPartOf":{"@id":"https:\/\/www.diario22.ar\/notix2\/#website"},"primaryImageOfPage":{"@id":"https:\/\/www.diario22.ar\/notix2\/emily-simpson-de-rhoc-admite-que-no-puede-arreglarlo-todo-para-su-familia\/#primaryimage"},"image":{"@id":"https:\/\/www.diario22.ar\/notix2\/emily-simpson-de-rhoc-admite-que-no-puede-arreglarlo-todo-para-su-familia\/#primaryimage"},"thumbnailUrl":"https:\/\/www.diario22.ar\/notix2\/wp-content\/uploads\/2026\/09\/Emily-Simpson-de-RHOC-admite-que-no-puede-arreglarlo-todo.png","datePublished":"2026-09-04T04:35:55+00:00","dateModified":"2026-09-04T04:35:57+00:00","breadcrumb":{"@id":"https:\/\/www.diario22.ar\/notix2\/emily-simpson-de-rhoc-admite-que-no-puede-arreglarlo-todo-para-su-familia\/#breadcrumb"},"inLanguage":"es-AR","potentialAction":[{"@type":"ReadAction","target":["https:\/\/www.diario22.ar\/notix2\/emily-simpson-de-rhoc-admite-que-no-puede-arreglarlo-todo-para-su-familia\/"]}]},{"@type":"ImageObject","inLanguage":"es-AR","@id":"https:\/\/www.diario22.ar\/notix2\/emily-simpson-de-rhoc-admite-que-no-puede-arreglarlo-todo-para-su-familia\/#primaryimage","url":"https:\/\/www.diario22.ar\/notix2\/wp-content\/uploads\/2026\/09\/Emily-Simpson-de-RHOC-admite-que-no-puede-arreglarlo-todo.png","contentUrl":"https:\/\/www.diario22.ar\/notix2\/wp-content\/uploads\/2026\/09\/Emily-Simpson-de-RHOC-admite-que-no-puede-arreglarlo-todo.png","width":1200,"height":630},{"@type":"BreadcrumbList","@id":"https:\/\/www.diario22.ar\/notix2\/emily-simpson-de-rhoc-admite-que-no-puede-arreglarlo-todo-para-su-familia\/#breadcrumb","itemListElement":[{"@type":"ListItem","position":1,"name":"Home","item":"https:\/\/www.diario22.ar\/notix2\/"},{"@type":"ListItem","position":2,"name":"Emily Simpson de RHOC admite que no puede arreglarlo todo para su familia"}]},{"@type":"WebSite","@id":"https:\/\/www.diario22.ar\/notix2\/#website","url":"https:\/\/www.diario22.ar\/notix2\/","name":"diario22.ar","description":"Vive hoy &amp; descubre lo que viene","publisher":{"@id":"https:\/\/www.diario22.ar\/notix2\/#organization"},"potentialAction":[{"@type":"SearchAction","target":{"@type":"EntryPoint","urlTemplate":"https:\/\/www.diario22.ar\/notix2\/?s={search_term_string}"},"query-input":{"@type":"PropertyValueSpecification","valueRequired":true,"valueName":"search_term_string"}}],"inLanguage":"es-AR"},{"@type":"Organization","@id":"https:\/\/www.diario22.ar\/notix2\/#organization","name":"diario22.ar","url":"https:\/\/www.diario22.ar\/notix2\/","logo":{"@type":"ImageObject","inLanguage":"es-AR","@id":"https:\/\/www.diario22.ar\/notix2\/#\/schema\/logo\/image\/","url":"https:\/\/www.diario22.ar\/notix2\/wp-content\/uploads\/2025\/10\/cropped-Publish-1.png","contentUrl":"https:\/\/www.diario22.ar\/notix2\/wp-content\/uploads\/2025\/10\/cropped-Publish-1.png","width":1560,"height":722,"caption":"diario22.ar"},"image":{"@id":"https:\/\/www.diario22.ar\/notix2\/#\/schema\/logo\/image\/"}},{"@type":"Person","@id":"https:\/\/www.diario22.ar\/notix2\/#\/schema\/person\/e09888e40c26d16af8c8ddbac872e980","name":"Camila Torres","image":{"@type":"ImageObject","inLanguage":"es-AR","@id":"https:\/\/www.diario22.ar\/notix2\/#\/schema\/person\/image\/","url":"https:\/\/www.diario22.ar\/notix2\/wp-content\/uploads\/2025\/10\/diario22.ar-3-150x150.png","contentUrl":"https:\/\/www.diario22.ar\/notix2\/wp-content\/uploads\/2025\/10\/diario22.ar-3-150x150.png","caption":"Camila Torres"},"description":"Soy periodista y redactora en Diario22.ar, apasionada por las historias que conectan la actualidad con la gente. Me form\u00e9 en comunicaci\u00f3n social en Buenos Aires y desde entonces busco darle voz a lo cotidiano, con una mirada curiosa y humana. Creo que el periodismo no solo informa: tambi\u00e9n inspira y transforma.","sameAs":["https:\/\/www.diario22.ar\/notix2"]}]}},"_links":{"self":[{"href":"https:\/\/www.diario22.ar\/notix2\/wp-json\/wp\/v2\/posts\/52620","targetHints":{"allow":["GET"]}}],"collection":[{"href":"https:\/\/www.diario22.ar\/notix2\/wp-json\/wp\/v2\/posts"}],"about":[{"href":"https:\/\/www.diario22.ar\/notix2\/wp-json\/wp\/v2\/types\/post"}],"author":[{"embeddable":true,"href":"https:\/\/www.diario22.ar\/notix2\/wp-json\/wp\/v2\/users\/1"}],"replies":[{"embeddable":true,"href":"https:\/\/www.diario22.ar\/notix2\/wp-json\/wp\/v2\/comments?post=52620"}],"version-history":[{"count":1,"href":"https:\/\/www.diario22.ar\/notix2\/wp-json\/wp\/v2\/posts\/52620\/revisions"}],"predecessor-version":[{"id":52622,"href":"https:\/\/www.diario22.ar\/notix2\/wp-json\/wp\/v2\/posts\/52620\/revisions\/52622"}],"wp:featuredmedia":[{"embeddable":true,"href":"https:\/\/www.diario22.ar\/notix2\/wp-json\/wp\/v2\/media\/52621"}],"wp:attachment":[{"href":"https:\/\/www.diario22.ar\/notix2\/wp-json\/wp\/v2\/media?parent=52620"}],"wp:term":[{"taxonomy":"category","embeddable":true,"href":"https:\/\/www.diario22.ar\/notix2\/wp-json\/wp\/v2\/categories?post=52620"},{"taxonomy":"post_tag","embeddable":true,"href":"https:\/\/www.diario22.ar\/notix2\/wp-json\/wp\/v2\/tags?post=52620"}],"curies":[{"name":"wp","href":"https:\/\/api.w.org\/{rel}","templated":true}]}}