{"id":52617,"date":"2026-09-03T13:35:42","date_gmt":"2026-09-03T16:35:42","guid":{"rendered":"https:\/\/www.diario22.ar\/notix2\/exestrella-de-reality-sean-duffy-afirma-que-harvard-podria-corromper-la-mente-de-su-hija\/"},"modified":"2026-09-03T13:35:43","modified_gmt":"2026-09-03T16:35:43","slug":"exestrella-de-reality-sean-duffy-afirma-que-harvard-podria-corromper-la-mente-de-su-hija","status":"publish","type":"post","link":"https:\/\/www.diario22.ar\/notix2\/exestrella-de-reality-sean-duffy-afirma-que-harvard-podria-corromper-la-mente-de-su-hija\/","title":{"rendered":"Exestrella de reality Sean Duffy afirma que Harvard podr\u00eda corromper la mente de su hija"},"content":{"rendered":"<div>\n<p>Sean Duffy, el vig\u00e9simo Secretario de Transporte de Estados Unidos, comparti\u00f3 sus preocupaciones sobre la posibilidad de que su hija acudiera a la Universidad de Harvard en su nueva serie de reality. El hombre de 54 a\u00f1os afirm\u00f3 que le inquieta que la instituci\u00f3n pueda influir negativamente en sus valores cat\u00f3licos.<\/p>\n<h2 class=\"wp-block-heading\" id=\"h-sean-duffy-says-he-does-not-want-his-daughter-to-attend-harvard-because-of-its-influence-on-her-values\">Sean Duffy dice que no quiere que su hija asista a Harvard por la influencia en sus valores<\/h2>\n<p>Durante el episodio Boston: Sue\u00f1os universitarios y un regreso a casa, de The Great American Road Trip, se ve a Duffy manteniendo una conversaci\u00f3n con su hija, Paloma. Le dice: \u201cMi problema es que hemos pensado en c\u00f3mo te criamos y cu\u00e1nto hemos trabajado para, creo, criar a lo que es una joven notable. Si te mando all\u00ed, creo que lo que sucede es que la han profesionalizado para averiguar c\u00f3mo pueden tomar buenas chicas j\u00f3venes como t\u00fa y, creo, corromper sus mentes.\u201d<\/p>\n<p>Duffy, un ex concursante de un reality show de MTV, subray\u00f3 luego que Paloma no tiene que compartir sus puntos de vista pol\u00edticos y que cree que deber\u00eda estar expuesta a perspectivas distintas. Al mismo tiempo, cuestion\u00f3 si escuelas como Harvard podr\u00edan proporcionarle una \u201cimagen bien equilibrada.\u201d<\/p>\n<p>Paloma respondi\u00f3: \u201cPero yo fui a una escuela secundaria extremadamente conservadora y formo parte de una familia extremadamente conservadora. Y si voy a un entorno liberal, es una educaci\u00f3n mucho m\u00e1s completa.\u201d \u00c9l replic\u00f3: \u201cVer\u00e1s a j\u00f3venes que van a una escuela conservadora con una familia conservadora, y terminan por volverse perversos y torcidos.\u201d<\/p>\n<p>Su esposa, Rachel Campos-Duffy, coment\u00f3 tambi\u00e9n en el programa: \u201cEl catolicismo para nosotros lo es todo. Es la base de nuestro matrimonio. Es la base de nuestra familia. As\u00ed que me preocupa la idea de que Paloma vaya a Harvard.\u201d<\/p>\n<p>La interacci\u00f3n atrajo r\u00e1pidamente la atenci\u00f3n en las redes sociales. Los comentarios fueron desactivados en el episodio. Varios usuarios contrargumentaron las preocupaciones de Duffy sobre Harvard. Se\u00f1alaron que figuras cat\u00f3licas de relevancia han estudiado en la universidad y han seguido practicando y defendiendo su fe.<\/p>\n<p>El Delegado del DNC Christopher Hale reaccion\u00f3 en X, escribiendo: \u201cEl secretario Duffy dice que sus valores cat\u00f3licos le impiden permitir que su hija asista a Harvard. Entre los graduados cat\u00f3licos de Harvard se cuentan: John Roberts, Antonin Scalia, John F. Kennedy, Bobby Kennedy y Ross Douthat.\u201d Mientras un usuario coment\u00f3: \u201cLo que est\u00e1 \u2018pervertido y torcido\u2019 es negar a tu hijo la oportunidad de ir a Harvard si tiene la posibilidad.\u201d<\/p>\n<p>The Great American Road Trip sigue a Duffy y a su esposa mientras viajan por todo el pa\u00eds con sus nueve hijos. La serie se estren\u00f3 el 19 de agosto tras varios meses de retraso. Originalmente estaba previsto que debutara en junio.<\/p>\n<\/div>\n","protected":false},"excerpt":{"rendered":"<p>Sean Duffy, el vig\u00e9simo Secretario de Transporte de Estados Unidos, comparti\u00f3 sus preocupaciones sobre la posibilidad de que su hija<\/p>\n","protected":false},"author":1,"featured_media":52618,"comment_status":"open","ping_status":"open","sticky":false,"template":"","format":"standard","meta":{"footnotes":""},"categories":[6],"tags":[2713,3321,3319,2111,3320,623,3322,1161,2856,706],"class_list":["post-52617","post","type-post","status-publish","format-standard","has-post-thumbnail","hentry","category-famosos","tag-afirma","tag-corromper","tag-duffy","tag-exestrella","tag-harvard","tag-hija","tag-mente","tag-podria","tag-reality","tag-sean","generate-columns","tablet-grid-50","mobile-grid-100","grid-parent","grid-50"],"yoast_head":"<!-- This site is optimized with the Yoast SEO plugin v26.1.1 - https:\/\/yoast.com\/wordpress\/plugins\/seo\/ -->\n<title>Exestrella de reality Sean Duffy afirma que Harvard podr\u00eda corromper la mente de su hija - diario22.ar<\/title>\n<meta name=\"robots\" content=\"index, follow, max-snippet:-1, max-image-preview:large, max-video-preview:-1\" \/>\n<link rel=\"canonical\" href=\"https:\/\/www.diario22.ar\/notix2\/exestrella-de-reality-sean-duffy-afirma-que-harvard-podria-corromper-la-mente-de-su-hija\/\" \/>\n<meta property=\"og:locale\" content=\"es_ES\" \/>\n<meta property=\"og:type\" content=\"article\" \/>\n<meta property=\"og:title\" content=\"Exestrella de reality Sean Duffy afirma que Harvard podr\u00eda corromper la mente de su hija - diario22.ar\" \/>\n<meta property=\"og:description\" content=\"Sean Duffy, el vig\u00e9simo Secretario de Transporte de Estados Unidos, comparti\u00f3 sus preocupaciones sobre la posibilidad de que su hija\" \/>\n<meta property=\"og:url\" content=\"https:\/\/www.diario22.ar\/notix2\/exestrella-de-reality-sean-duffy-afirma-que-harvard-podria-corromper-la-mente-de-su-hija\/\" \/>\n<meta property=\"og:site_name\" content=\"diario22.ar\" \/>\n<meta property=\"article:published_time\" content=\"2026-09-03T16:35:42+00:00\" \/>\n<meta property=\"article:modified_time\" content=\"2026-09-03T16:35:43+00:00\" \/>\n<meta property=\"og:image\" content=\"https:\/\/www.diario22.ar\/notix2\/wp-content\/uploads\/2026\/09\/Exestrella-de-reality-Sean-Duffy-afirma-que-Harvard-podria-corromper.jpg\" \/>\n\t<meta property=\"og:image:width\" content=\"1200\" \/>\n\t<meta property=\"og:image:height\" content=\"630\" \/>\n\t<meta property=\"og:image:type\" content=\"image\/jpeg\" \/>\n<meta name=\"author\" content=\"Camila Torres\" \/>\n<meta name=\"twitter:card\" content=\"summary_large_image\" \/>\n<meta name=\"twitter:label1\" content=\"Escrito por\" \/>\n\t<meta name=\"twitter:data1\" content=\"Camila Torres\" \/>\n\t<meta name=\"twitter:label2\" content=\"Tiempo de lectura\" \/>\n\t<meta name=\"twitter:data2\" content=\"2 minutos\" \/>\n<script type=\"application\/ld+json\" class=\"yoast-schema-graph\">{\"@context\":\"https:\/\/schema.org\",\"@graph\":[{\"@type\":\"Article\",\"@id\":\"https:\/\/www.diario22.ar\/notix2\/exestrella-de-reality-sean-duffy-afirma-que-harvard-podria-corromper-la-mente-de-su-hija\/#article\",\"isPartOf\":{\"@id\":\"https:\/\/www.diario22.ar\/notix2\/exestrella-de-reality-sean-duffy-afirma-que-harvard-podria-corromper-la-mente-de-su-hija\/\"},\"author\":{\"name\":\"Camila Torres\",\"@id\":\"https:\/\/www.diario22.ar\/notix2\/#\/schema\/person\/e09888e40c26d16af8c8ddbac872e980\"},\"headline\":\"Exestrella de reality Sean Duffy afirma que Harvard podr\u00eda corromper la mente de su hija\",\"datePublished\":\"2026-09-03T16:35:42+00:00\",\"dateModified\":\"2026-09-03T16:35:43+00:00\",\"mainEntityOfPage\":{\"@id\":\"https:\/\/www.diario22.ar\/notix2\/exestrella-de-reality-sean-duffy-afirma-que-harvard-podria-corromper-la-mente-de-su-hija\/\"},\"wordCount\":492,\"commentCount\":0,\"publisher\":{\"@id\":\"https:\/\/www.diario22.ar\/notix2\/#organization\"},\"image\":{\"@id\":\"https:\/\/www.diario22.ar\/notix2\/exestrella-de-reality-sean-duffy-afirma-que-harvard-podria-corromper-la-mente-de-su-hija\/#primaryimage\"},\"thumbnailUrl\":\"https:\/\/www.diario22.ar\/notix2\/wp-content\/uploads\/2026\/09\/Exestrella-de-reality-Sean-Duffy-afirma-que-Harvard-podria-corromper.jpg\",\"keywords\":[\"afirma\",\"corromper\",\"Duffy\",\"Exestrella\",\"Harvard\",\"hija\",\"mente\",\"podr\u00eda\",\"reality\",\"Sean\"],\"articleSection\":[\"Famosos\"],\"inLanguage\":\"es-AR\",\"potentialAction\":[{\"@type\":\"CommentAction\",\"name\":\"Comment\",\"target\":[\"https:\/\/www.diario22.ar\/notix2\/exestrella-de-reality-sean-duffy-afirma-que-harvard-podria-corromper-la-mente-de-su-hija\/#respond\"]}]},{\"@type\":\"WebPage\",\"@id\":\"https:\/\/www.diario22.ar\/notix2\/exestrella-de-reality-sean-duffy-afirma-que-harvard-podria-corromper-la-mente-de-su-hija\/\",\"url\":\"https:\/\/www.diario22.ar\/notix2\/exestrella-de-reality-sean-duffy-afirma-que-harvard-podria-corromper-la-mente-de-su-hija\/\",\"name\":\"Exestrella de reality Sean Duffy afirma que Harvard podr\u00eda corromper la mente de su hija - diario22.ar\",\"isPartOf\":{\"@id\":\"https:\/\/www.diario22.ar\/notix2\/#website\"},\"primaryImageOfPage\":{\"@id\":\"https:\/\/www.diario22.ar\/notix2\/exestrella-de-reality-sean-duffy-afirma-que-harvard-podria-corromper-la-mente-de-su-hija\/#primaryimage\"},\"image\":{\"@id\":\"https:\/\/www.diario22.ar\/notix2\/exestrella-de-reality-sean-duffy-afirma-que-harvard-podria-corromper-la-mente-de-su-hija\/#primaryimage\"},\"thumbnailUrl\":\"https:\/\/www.diario22.ar\/notix2\/wp-content\/uploads\/2026\/09\/Exestrella-de-reality-Sean-Duffy-afirma-que-Harvard-podria-corromper.jpg\",\"datePublished\":\"2026-09-03T16:35:42+00:00\",\"dateModified\":\"2026-09-03T16:35:43+00:00\",\"breadcrumb\":{\"@id\":\"https:\/\/www.diario22.ar\/notix2\/exestrella-de-reality-sean-duffy-afirma-que-harvard-podria-corromper-la-mente-de-su-hija\/#breadcrumb\"},\"inLanguage\":\"es-AR\",\"potentialAction\":[{\"@type\":\"ReadAction\",\"target\":[\"https:\/\/www.diario22.ar\/notix2\/exestrella-de-reality-sean-duffy-afirma-que-harvard-podria-corromper-la-mente-de-su-hija\/\"]}]},{\"@type\":\"ImageObject\",\"inLanguage\":\"es-AR\",\"@id\":\"https:\/\/www.diario22.ar\/notix2\/exestrella-de-reality-sean-duffy-afirma-que-harvard-podria-corromper-la-mente-de-su-hija\/#primaryimage\",\"url\":\"https:\/\/www.diario22.ar\/notix2\/wp-content\/uploads\/2026\/09\/Exestrella-de-reality-Sean-Duffy-afirma-que-Harvard-podria-corromper.jpg\",\"contentUrl\":\"https:\/\/www.diario22.ar\/notix2\/wp-content\/uploads\/2026\/09\/Exestrella-de-reality-Sean-Duffy-afirma-que-Harvard-podria-corromper.jpg\",\"width\":1200,\"height\":630},{\"@type\":\"BreadcrumbList\",\"@id\":\"https:\/\/www.diario22.ar\/notix2\/exestrella-de-reality-sean-duffy-afirma-que-harvard-podria-corromper-la-mente-de-su-hija\/#breadcrumb\",\"itemListElement\":[{\"@type\":\"ListItem\",\"position\":1,\"name\":\"Home\",\"item\":\"https:\/\/www.diario22.ar\/notix2\/\"},{\"@type\":\"ListItem\",\"position\":2,\"name\":\"Exestrella de reality Sean Duffy afirma que Harvard podr\u00eda corromper la mente de su hija\"}]},{\"@type\":\"WebSite\",\"@id\":\"https:\/\/www.diario22.ar\/notix2\/#website\",\"url\":\"https:\/\/www.diario22.ar\/notix2\/\",\"name\":\"diario22.ar\",\"description\":\"Vive hoy &amp; descubre lo que viene\",\"publisher\":{\"@id\":\"https:\/\/www.diario22.ar\/notix2\/#organization\"},\"potentialAction\":[{\"@type\":\"SearchAction\",\"target\":{\"@type\":\"EntryPoint\",\"urlTemplate\":\"https:\/\/www.diario22.ar\/notix2\/?s={search_term_string}\"},\"query-input\":{\"@type\":\"PropertyValueSpecification\",\"valueRequired\":true,\"valueName\":\"search_term_string\"}}],\"inLanguage\":\"es-AR\"},{\"@type\":\"Organization\",\"@id\":\"https:\/\/www.diario22.ar\/notix2\/#organization\",\"name\":\"diario22.ar\",\"url\":\"https:\/\/www.diario22.ar\/notix2\/\",\"logo\":{\"@type\":\"ImageObject\",\"inLanguage\":\"es-AR\",\"@id\":\"https:\/\/www.diario22.ar\/notix2\/#\/schema\/logo\/image\/\",\"url\":\"https:\/\/www.diario22.ar\/notix2\/wp-content\/uploads\/2025\/10\/cropped-Publish-1.png\",\"contentUrl\":\"https:\/\/www.diario22.ar\/notix2\/wp-content\/uploads\/2025\/10\/cropped-Publish-1.png\",\"width\":1560,\"height\":722,\"caption\":\"diario22.ar\"},\"image\":{\"@id\":\"https:\/\/www.diario22.ar\/notix2\/#\/schema\/logo\/image\/\"}},{\"@type\":\"Person\",\"@id\":\"https:\/\/www.diario22.ar\/notix2\/#\/schema\/person\/e09888e40c26d16af8c8ddbac872e980\",\"name\":\"Camila Torres\",\"image\":{\"@type\":\"ImageObject\",\"inLanguage\":\"es-AR\",\"@id\":\"https:\/\/www.diario22.ar\/notix2\/#\/schema\/person\/image\/\",\"url\":\"https:\/\/www.diario22.ar\/notix2\/wp-content\/uploads\/2025\/10\/diario22.ar-3-150x150.png\",\"contentUrl\":\"https:\/\/www.diario22.ar\/notix2\/wp-content\/uploads\/2025\/10\/diario22.ar-3-150x150.png\",\"caption\":\"Camila Torres\"},\"description\":\"Soy periodista y redactora en Diario22.ar, apasionada por las historias que conectan la actualidad con la gente. Me form\u00e9 en comunicaci\u00f3n social en Buenos Aires y desde entonces busco darle voz a lo cotidiano, con una mirada curiosa y humana. Creo que el periodismo no solo informa: tambi\u00e9n inspira y transforma.\",\"sameAs\":[\"https:\/\/www.diario22.ar\/notix2\"]}]}<\/script>\n<!-- \/ Yoast SEO plugin. -->","yoast_head_json":{"title":"Exestrella de reality Sean Duffy afirma que Harvard podr\u00eda corromper la mente de su hija - diario22.ar","robots":{"index":"index","follow":"follow","max-snippet":"max-snippet:-1","max-image-preview":"max-image-preview:large","max-video-preview":"max-video-preview:-1"},"canonical":"https:\/\/www.diario22.ar\/notix2\/exestrella-de-reality-sean-duffy-afirma-que-harvard-podria-corromper-la-mente-de-su-hija\/","og_locale":"es_ES","og_type":"article","og_title":"Exestrella de reality Sean Duffy afirma que Harvard podr\u00eda corromper la mente de su hija - diario22.ar","og_description":"Sean Duffy, el vig\u00e9simo Secretario de Transporte de Estados Unidos, comparti\u00f3 sus preocupaciones sobre la posibilidad de que su hija","og_url":"https:\/\/www.diario22.ar\/notix2\/exestrella-de-reality-sean-duffy-afirma-que-harvard-podria-corromper-la-mente-de-su-hija\/","og_site_name":"diario22.ar","article_published_time":"2026-09-03T16:35:42+00:00","article_modified_time":"2026-09-03T16:35:43+00:00","og_image":[{"width":1200,"height":630,"url":"https:\/\/www.diario22.ar\/notix2\/wp-content\/uploads\/2026\/09\/Exestrella-de-reality-Sean-Duffy-afirma-que-Harvard-podria-corromper.jpg","type":"image\/jpeg"}],"author":"Camila Torres","twitter_card":"summary_large_image","twitter_misc":{"Escrito por":"Camila Torres","Tiempo de lectura":"2 minutos"},"schema":{"@context":"https:\/\/schema.org","@graph":[{"@type":"Article","@id":"https:\/\/www.diario22.ar\/notix2\/exestrella-de-reality-sean-duffy-afirma-que-harvard-podria-corromper-la-mente-de-su-hija\/#article","isPartOf":{"@id":"https:\/\/www.diario22.ar\/notix2\/exestrella-de-reality-sean-duffy-afirma-que-harvard-podria-corromper-la-mente-de-su-hija\/"},"author":{"name":"Camila Torres","@id":"https:\/\/www.diario22.ar\/notix2\/#\/schema\/person\/e09888e40c26d16af8c8ddbac872e980"},"headline":"Exestrella de reality Sean Duffy afirma que Harvard podr\u00eda corromper la mente de su hija","datePublished":"2026-09-03T16:35:42+00:00","dateModified":"2026-09-03T16:35:43+00:00","mainEntityOfPage":{"@id":"https:\/\/www.diario22.ar\/notix2\/exestrella-de-reality-sean-duffy-afirma-que-harvard-podria-corromper-la-mente-de-su-hija\/"},"wordCount":492,"commentCount":0,"publisher":{"@id":"https:\/\/www.diario22.ar\/notix2\/#organization"},"image":{"@id":"https:\/\/www.diario22.ar\/notix2\/exestrella-de-reality-sean-duffy-afirma-que-harvard-podria-corromper-la-mente-de-su-hija\/#primaryimage"},"thumbnailUrl":"https:\/\/www.diario22.ar\/notix2\/wp-content\/uploads\/2026\/09\/Exestrella-de-reality-Sean-Duffy-afirma-que-Harvard-podria-corromper.jpg","keywords":["afirma","corromper","Duffy","Exestrella","Harvard","hija","mente","podr\u00eda","reality","Sean"],"articleSection":["Famosos"],"inLanguage":"es-AR","potentialAction":[{"@type":"CommentAction","name":"Comment","target":["https:\/\/www.diario22.ar\/notix2\/exestrella-de-reality-sean-duffy-afirma-que-harvard-podria-corromper-la-mente-de-su-hija\/#respond"]}]},{"@type":"WebPage","@id":"https:\/\/www.diario22.ar\/notix2\/exestrella-de-reality-sean-duffy-afirma-que-harvard-podria-corromper-la-mente-de-su-hija\/","url":"https:\/\/www.diario22.ar\/notix2\/exestrella-de-reality-sean-duffy-afirma-que-harvard-podria-corromper-la-mente-de-su-hija\/","name":"Exestrella de reality Sean Duffy afirma que Harvard podr\u00eda corromper la mente de su hija - diario22.ar","isPartOf":{"@id":"https:\/\/www.diario22.ar\/notix2\/#website"},"primaryImageOfPage":{"@id":"https:\/\/www.diario22.ar\/notix2\/exestrella-de-reality-sean-duffy-afirma-que-harvard-podria-corromper-la-mente-de-su-hija\/#primaryimage"},"image":{"@id":"https:\/\/www.diario22.ar\/notix2\/exestrella-de-reality-sean-duffy-afirma-que-harvard-podria-corromper-la-mente-de-su-hija\/#primaryimage"},"thumbnailUrl":"https:\/\/www.diario22.ar\/notix2\/wp-content\/uploads\/2026\/09\/Exestrella-de-reality-Sean-Duffy-afirma-que-Harvard-podria-corromper.jpg","datePublished":"2026-09-03T16:35:42+00:00","dateModified":"2026-09-03T16:35:43+00:00","breadcrumb":{"@id":"https:\/\/www.diario22.ar\/notix2\/exestrella-de-reality-sean-duffy-afirma-que-harvard-podria-corromper-la-mente-de-su-hija\/#breadcrumb"},"inLanguage":"es-AR","potentialAction":[{"@type":"ReadAction","target":["https:\/\/www.diario22.ar\/notix2\/exestrella-de-reality-sean-duffy-afirma-que-harvard-podria-corromper-la-mente-de-su-hija\/"]}]},{"@type":"ImageObject","inLanguage":"es-AR","@id":"https:\/\/www.diario22.ar\/notix2\/exestrella-de-reality-sean-duffy-afirma-que-harvard-podria-corromper-la-mente-de-su-hija\/#primaryimage","url":"https:\/\/www.diario22.ar\/notix2\/wp-content\/uploads\/2026\/09\/Exestrella-de-reality-Sean-Duffy-afirma-que-Harvard-podria-corromper.jpg","contentUrl":"https:\/\/www.diario22.ar\/notix2\/wp-content\/uploads\/2026\/09\/Exestrella-de-reality-Sean-Duffy-afirma-que-Harvard-podria-corromper.jpg","width":1200,"height":630},{"@type":"BreadcrumbList","@id":"https:\/\/www.diario22.ar\/notix2\/exestrella-de-reality-sean-duffy-afirma-que-harvard-podria-corromper-la-mente-de-su-hija\/#breadcrumb","itemListElement":[{"@type":"ListItem","position":1,"name":"Home","item":"https:\/\/www.diario22.ar\/notix2\/"},{"@type":"ListItem","position":2,"name":"Exestrella de reality Sean Duffy afirma que Harvard podr\u00eda corromper la mente de su hija"}]},{"@type":"WebSite","@id":"https:\/\/www.diario22.ar\/notix2\/#website","url":"https:\/\/www.diario22.ar\/notix2\/","name":"diario22.ar","description":"Vive hoy &amp; descubre lo que viene","publisher":{"@id":"https:\/\/www.diario22.ar\/notix2\/#organization"},"potentialAction":[{"@type":"SearchAction","target":{"@type":"EntryPoint","urlTemplate":"https:\/\/www.diario22.ar\/notix2\/?s={search_term_string}"},"query-input":{"@type":"PropertyValueSpecification","valueRequired":true,"valueName":"search_term_string"}}],"inLanguage":"es-AR"},{"@type":"Organization","@id":"https:\/\/www.diario22.ar\/notix2\/#organization","name":"diario22.ar","url":"https:\/\/www.diario22.ar\/notix2\/","logo":{"@type":"ImageObject","inLanguage":"es-AR","@id":"https:\/\/www.diario22.ar\/notix2\/#\/schema\/logo\/image\/","url":"https:\/\/www.diario22.ar\/notix2\/wp-content\/uploads\/2025\/10\/cropped-Publish-1.png","contentUrl":"https:\/\/www.diario22.ar\/notix2\/wp-content\/uploads\/2025\/10\/cropped-Publish-1.png","width":1560,"height":722,"caption":"diario22.ar"},"image":{"@id":"https:\/\/www.diario22.ar\/notix2\/#\/schema\/logo\/image\/"}},{"@type":"Person","@id":"https:\/\/www.diario22.ar\/notix2\/#\/schema\/person\/e09888e40c26d16af8c8ddbac872e980","name":"Camila Torres","image":{"@type":"ImageObject","inLanguage":"es-AR","@id":"https:\/\/www.diario22.ar\/notix2\/#\/schema\/person\/image\/","url":"https:\/\/www.diario22.ar\/notix2\/wp-content\/uploads\/2025\/10\/diario22.ar-3-150x150.png","contentUrl":"https:\/\/www.diario22.ar\/notix2\/wp-content\/uploads\/2025\/10\/diario22.ar-3-150x150.png","caption":"Camila Torres"},"description":"Soy periodista y redactora en Diario22.ar, apasionada por las historias que conectan la actualidad con la gente. Me form\u00e9 en comunicaci\u00f3n social en Buenos Aires y desde entonces busco darle voz a lo cotidiano, con una mirada curiosa y humana. Creo que el periodismo no solo informa: tambi\u00e9n inspira y transforma.","sameAs":["https:\/\/www.diario22.ar\/notix2"]}]}},"_links":{"self":[{"href":"https:\/\/www.diario22.ar\/notix2\/wp-json\/wp\/v2\/posts\/52617","targetHints":{"allow":["GET"]}}],"collection":[{"href":"https:\/\/www.diario22.ar\/notix2\/wp-json\/wp\/v2\/posts"}],"about":[{"href":"https:\/\/www.diario22.ar\/notix2\/wp-json\/wp\/v2\/types\/post"}],"author":[{"embeddable":true,"href":"https:\/\/www.diario22.ar\/notix2\/wp-json\/wp\/v2\/users\/1"}],"replies":[{"embeddable":true,"href":"https:\/\/www.diario22.ar\/notix2\/wp-json\/wp\/v2\/comments?post=52617"}],"version-history":[{"count":1,"href":"https:\/\/www.diario22.ar\/notix2\/wp-json\/wp\/v2\/posts\/52617\/revisions"}],"predecessor-version":[{"id":52619,"href":"https:\/\/www.diario22.ar\/notix2\/wp-json\/wp\/v2\/posts\/52617\/revisions\/52619"}],"wp:featuredmedia":[{"embeddable":true,"href":"https:\/\/www.diario22.ar\/notix2\/wp-json\/wp\/v2\/media\/52618"}],"wp:attachment":[{"href":"https:\/\/www.diario22.ar\/notix2\/wp-json\/wp\/v2\/media?parent=52617"}],"wp:term":[{"taxonomy":"category","embeddable":true,"href":"https:\/\/www.diario22.ar\/notix2\/wp-json\/wp\/v2\/categories?post=52617"},{"taxonomy":"post_tag","embeddable":true,"href":"https:\/\/www.diario22.ar\/notix2\/wp-json\/wp\/v2\/tags?post=52617"}],"curies":[{"name":"wp","href":"https:\/\/api.w.org\/{rel}","templated":true}]}}