{"id":52614,"date":"2026-09-03T01:35:08","date_gmt":"2026-09-03T04:35:08","guid":{"rendered":"https:\/\/www.diario22.ar\/notix2\/hulu-reexplora-el-caso-lorena-bobbitt-con-buena-familia-estadounidense\/"},"modified":"2026-09-03T01:35:10","modified_gmt":"2026-09-03T04:35:10","slug":"hulu-reexplora-el-caso-lorena-bobbitt-con-buena-familia-estadounidense","status":"publish","type":"post","link":"https:\/\/www.diario22.ar\/notix2\/hulu-reexplora-el-caso-lorena-bobbitt-con-buena-familia-estadounidense\/","title":{"rendered":"Hulu reexplora el caso Lorena Bobbitt con &#8216;Buena Familia Estadounidense&#8217;"},"content":{"rendered":"<p><strong>Lorena Bobbitt<\/strong> se convertir\u00e1 en el foco de la serie antol\u00f3gica Good American Family de Hulu. La nueva temporada revisitar\u00e1 su infame caso de 1993, <strong>John Bobbitt<\/strong>. Tambi\u00e9n explorar\u00e1 las acusaciones de abuso y los juicios que siguieron al incidente.<\/p>\n<h2 class=\"wp-block-heading\" id=\"h-hulu-s-new-miniseries-will-revisit-lorena-bobbitt-s-1993-case-abuse-allegations-and-the-trials-that-followed\">La nueva miniserie de Hulu explorar\u00e1 de nuevo el caso de Lorena Bobbitt de 1993, las acusaciones de abuso y los juicios que siguieron.<\/h2>\n<p>La nueva temporada se centrar\u00e1 en el incidente de junio de 1993 entre Lorena y John Bobbitt. Lorena acapar\u00f3 titulares internacionales tras atacar a su esposo con un cuchillo. M\u00e1s tarde afirm\u00f3 haber sufrido a\u00f1os de violaciones y abuso dom\u00e9stico antes del incidente.<\/p>\n<p>John neg\u00f3 las acusaciones de violencia dom\u00e9stica de Lorena en ese momento. Su caso se convirti\u00f3 r\u00e1pidamente en un gran espect\u00e1culo medi\u00e1tico en Estados Unidos. La cobertura intensa convirti\u00f3 tambi\u00e9n su trauma personal en entretenimiento p\u00fablico de alcance general.<\/p>\n<p>La serie, seg\u00fan se informa, examinar\u00e1 los hechos que rodearon el ataque y los juicios subsecuentes. Analizar\u00e1 c\u00f3mo el caso se vincul\u00f3 a debates sobre el g\u00e9nero. La historia tambi\u00e9n estudiar\u00e1 c\u00f3mo la cobertura sensacionalista molde\u00f3 la percepci\u00f3n p\u00fablica.<\/p>\n<p>Lorena fue acusada de lesiones graves con dolo tras el incidente de 1993. Un jurado la declar\u00f3 culpable por raz\u00f3n de locura. Posteriormente pas\u00f3 45 d\u00edas en un centro psiqui\u00e1trico en Virginia.<\/p>\n<p>John tambi\u00e9n fue juzgado por agresi\u00f3n sexual conyugal tras las acusaciones de Lorena. Un jurado lo absolvi\u00f3 de la violaci\u00f3n en noviembre de 1993. Su pene, que hab\u00eda sido amputado, fue recuperado y posteriormente reimplantado con \u00e9xito durante una cirug\u00eda.<\/p>\n<p>La pareja finalmente se divorci\u00f3 en 1995. Sin embargo, su historia controvertida continu\u00f3 atrayendo la atenci\u00f3n durante d\u00e9cadas. Lorena, posteriormente, se convirti\u00f3 en defensora de la prevenci\u00f3n de la violencia dom\u00e9stica y de la agresi\u00f3n sexual.<\/p>\n<p>Good American Family seguir\u00e1 siendo una serie antol\u00f3gica de cr\u00edmenes reales. Su primera temporada se centr\u00f3 en la controvertida historia de Natalia Grace. Ahora la segunda temporada se inclinar\u00e1 hacia el caso Bobbitt.<\/p>\n<p>La actriz de Grey\u2019s Anatomy, Ellen Pompeo, ser\u00e1 la productora ejecutiva de la pr\u00f3xima temporada. Anteriormente produjo y protagoniz\u00f3 la primera temporada de la antolog\u00eda. The Daily Mail inform\u00f3 que los productores estaban revisitando el infame caso.<\/p>\n<p>Ahora Lorena usa su nombre de nacimiento, Gallo, y ya hab\u00eda compartido su perspectiva p\u00fablicamente. Apareci\u00f3 en la serie documental Lorena de 2019, de Amazon Prime Video. Jordan Peele produjo el documental de cuatro partes sobre su historia.<\/p>\n<p>La serie de Hulu ofrecer\u00e1 otro examen dramatizado del caso. Volver\u00e1 a revisar el incidente mientras explora el trauma y la vor\u00e1gine medi\u00e1tica que lo rodea.<\/p>\n","protected":false},"excerpt":{"rendered":"<p>Lorena Bobbitt se convertir\u00e1 en el foco de la serie antol\u00f3gica Good American Family de Hulu. La nueva temporada revisitar\u00e1<\/p>\n","protected":false},"author":1,"featured_media":52615,"comment_status":"open","ping_status":"open","sticky":false,"template":"","format":"standard","meta":{"footnotes":""},"categories":[6],"tags":[3316,3317,3234,49,3318,1873,3313,3315,3314],"class_list":["post-52614","post","type-post","status-publish","format-standard","has-post-thumbnail","hentry","category-famosos","tag-bobbitt","tag-buena","tag-caso","tag-con","tag-estadounidense","tag-familia","tag-hulu","tag-lorena","tag-reexplora","generate-columns","tablet-grid-50","mobile-grid-100","grid-parent","grid-50"],"yoast_head":"<!-- This site is optimized with the Yoast SEO plugin v26.1.1 - https:\/\/yoast.com\/wordpress\/plugins\/seo\/ -->\n<title>Hulu reexplora el caso Lorena Bobbitt con &#039;Buena Familia Estadounidense&#039; - diario22.ar<\/title>\n<meta name=\"robots\" content=\"index, follow, max-snippet:-1, max-image-preview:large, max-video-preview:-1\" \/>\n<link rel=\"canonical\" href=\"https:\/\/www.diario22.ar\/notix2\/hulu-reexplora-el-caso-lorena-bobbitt-con-buena-familia-estadounidense\/\" \/>\n<meta property=\"og:locale\" content=\"es_ES\" \/>\n<meta property=\"og:type\" content=\"article\" \/>\n<meta property=\"og:title\" content=\"Hulu reexplora el caso Lorena Bobbitt con &#039;Buena Familia Estadounidense&#039; - diario22.ar\" \/>\n<meta property=\"og:description\" content=\"Lorena Bobbitt se convertir\u00e1 en el foco de la serie antol\u00f3gica Good American Family de Hulu. La nueva temporada revisitar\u00e1\" \/>\n<meta property=\"og:url\" content=\"https:\/\/www.diario22.ar\/notix2\/hulu-reexplora-el-caso-lorena-bobbitt-con-buena-familia-estadounidense\/\" \/>\n<meta property=\"og:site_name\" content=\"diario22.ar\" \/>\n<meta property=\"article:published_time\" content=\"2026-09-03T04:35:08+00:00\" \/>\n<meta property=\"article:modified_time\" content=\"2026-09-03T04:35:10+00:00\" \/>\n<meta property=\"og:image\" content=\"https:\/\/www.diario22.ar\/notix2\/wp-content\/uploads\/2026\/09\/Hulu-reexplora-el-caso-Lorena-Bobbitt-con-Buena-Familia-Estadounidense.png\" \/>\n\t<meta property=\"og:image:width\" content=\"1200\" \/>\n\t<meta property=\"og:image:height\" content=\"630\" \/>\n\t<meta property=\"og:image:type\" content=\"image\/png\" \/>\n<meta name=\"author\" content=\"Camila Torres\" \/>\n<meta name=\"twitter:card\" content=\"summary_large_image\" \/>\n<meta name=\"twitter:label1\" content=\"Escrito por\" \/>\n\t<meta name=\"twitter:data1\" content=\"Camila Torres\" \/>\n\t<meta name=\"twitter:label2\" content=\"Tiempo de lectura\" \/>\n\t<meta name=\"twitter:data2\" content=\"2 minutos\" \/>\n<script type=\"application\/ld+json\" class=\"yoast-schema-graph\">{\"@context\":\"https:\/\/schema.org\",\"@graph\":[{\"@type\":\"Article\",\"@id\":\"https:\/\/www.diario22.ar\/notix2\/hulu-reexplora-el-caso-lorena-bobbitt-con-buena-familia-estadounidense\/#article\",\"isPartOf\":{\"@id\":\"https:\/\/www.diario22.ar\/notix2\/hulu-reexplora-el-caso-lorena-bobbitt-con-buena-familia-estadounidense\/\"},\"author\":{\"name\":\"Camila Torres\",\"@id\":\"https:\/\/www.diario22.ar\/notix2\/#\/schema\/person\/e09888e40c26d16af8c8ddbac872e980\"},\"headline\":\"Hulu reexplora el caso Lorena Bobbitt con &#8216;Buena Familia Estadounidense&#8217;\",\"datePublished\":\"2026-09-03T04:35:08+00:00\",\"dateModified\":\"2026-09-03T04:35:10+00:00\",\"mainEntityOfPage\":{\"@id\":\"https:\/\/www.diario22.ar\/notix2\/hulu-reexplora-el-caso-lorena-bobbitt-con-buena-familia-estadounidense\/\"},\"wordCount\":469,\"commentCount\":0,\"publisher\":{\"@id\":\"https:\/\/www.diario22.ar\/notix2\/#organization\"},\"image\":{\"@id\":\"https:\/\/www.diario22.ar\/notix2\/hulu-reexplora-el-caso-lorena-bobbitt-con-buena-familia-estadounidense\/#primaryimage\"},\"thumbnailUrl\":\"https:\/\/www.diario22.ar\/notix2\/wp-content\/uploads\/2026\/09\/Hulu-reexplora-el-caso-Lorena-Bobbitt-con-Buena-Familia-Estadounidense.png\",\"keywords\":[\"Bobbitt\",\"Buena\",\"caso\",\"con\",\"Estadounidense\",\"familia\",\"Hulu\",\"Lorena\",\"reexplora\"],\"articleSection\":[\"Famosos\"],\"inLanguage\":\"es-AR\",\"potentialAction\":[{\"@type\":\"CommentAction\",\"name\":\"Comment\",\"target\":[\"https:\/\/www.diario22.ar\/notix2\/hulu-reexplora-el-caso-lorena-bobbitt-con-buena-familia-estadounidense\/#respond\"]}]},{\"@type\":\"WebPage\",\"@id\":\"https:\/\/www.diario22.ar\/notix2\/hulu-reexplora-el-caso-lorena-bobbitt-con-buena-familia-estadounidense\/\",\"url\":\"https:\/\/www.diario22.ar\/notix2\/hulu-reexplora-el-caso-lorena-bobbitt-con-buena-familia-estadounidense\/\",\"name\":\"Hulu reexplora el caso Lorena Bobbitt con 'Buena Familia Estadounidense' - diario22.ar\",\"isPartOf\":{\"@id\":\"https:\/\/www.diario22.ar\/notix2\/#website\"},\"primaryImageOfPage\":{\"@id\":\"https:\/\/www.diario22.ar\/notix2\/hulu-reexplora-el-caso-lorena-bobbitt-con-buena-familia-estadounidense\/#primaryimage\"},\"image\":{\"@id\":\"https:\/\/www.diario22.ar\/notix2\/hulu-reexplora-el-caso-lorena-bobbitt-con-buena-familia-estadounidense\/#primaryimage\"},\"thumbnailUrl\":\"https:\/\/www.diario22.ar\/notix2\/wp-content\/uploads\/2026\/09\/Hulu-reexplora-el-caso-Lorena-Bobbitt-con-Buena-Familia-Estadounidense.png\",\"datePublished\":\"2026-09-03T04:35:08+00:00\",\"dateModified\":\"2026-09-03T04:35:10+00:00\",\"breadcrumb\":{\"@id\":\"https:\/\/www.diario22.ar\/notix2\/hulu-reexplora-el-caso-lorena-bobbitt-con-buena-familia-estadounidense\/#breadcrumb\"},\"inLanguage\":\"es-AR\",\"potentialAction\":[{\"@type\":\"ReadAction\",\"target\":[\"https:\/\/www.diario22.ar\/notix2\/hulu-reexplora-el-caso-lorena-bobbitt-con-buena-familia-estadounidense\/\"]}]},{\"@type\":\"ImageObject\",\"inLanguage\":\"es-AR\",\"@id\":\"https:\/\/www.diario22.ar\/notix2\/hulu-reexplora-el-caso-lorena-bobbitt-con-buena-familia-estadounidense\/#primaryimage\",\"url\":\"https:\/\/www.diario22.ar\/notix2\/wp-content\/uploads\/2026\/09\/Hulu-reexplora-el-caso-Lorena-Bobbitt-con-Buena-Familia-Estadounidense.png\",\"contentUrl\":\"https:\/\/www.diario22.ar\/notix2\/wp-content\/uploads\/2026\/09\/Hulu-reexplora-el-caso-Lorena-Bobbitt-con-Buena-Familia-Estadounidense.png\",\"width\":1200,\"height\":630},{\"@type\":\"BreadcrumbList\",\"@id\":\"https:\/\/www.diario22.ar\/notix2\/hulu-reexplora-el-caso-lorena-bobbitt-con-buena-familia-estadounidense\/#breadcrumb\",\"itemListElement\":[{\"@type\":\"ListItem\",\"position\":1,\"name\":\"Home\",\"item\":\"https:\/\/www.diario22.ar\/notix2\/\"},{\"@type\":\"ListItem\",\"position\":2,\"name\":\"Hulu reexplora el caso Lorena Bobbitt con &#8216;Buena Familia Estadounidense&#8217;\"}]},{\"@type\":\"WebSite\",\"@id\":\"https:\/\/www.diario22.ar\/notix2\/#website\",\"url\":\"https:\/\/www.diario22.ar\/notix2\/\",\"name\":\"diario22.ar\",\"description\":\"Vive hoy &amp; descubre lo que viene\",\"publisher\":{\"@id\":\"https:\/\/www.diario22.ar\/notix2\/#organization\"},\"potentialAction\":[{\"@type\":\"SearchAction\",\"target\":{\"@type\":\"EntryPoint\",\"urlTemplate\":\"https:\/\/www.diario22.ar\/notix2\/?s={search_term_string}\"},\"query-input\":{\"@type\":\"PropertyValueSpecification\",\"valueRequired\":true,\"valueName\":\"search_term_string\"}}],\"inLanguage\":\"es-AR\"},{\"@type\":\"Organization\",\"@id\":\"https:\/\/www.diario22.ar\/notix2\/#organization\",\"name\":\"diario22.ar\",\"url\":\"https:\/\/www.diario22.ar\/notix2\/\",\"logo\":{\"@type\":\"ImageObject\",\"inLanguage\":\"es-AR\",\"@id\":\"https:\/\/www.diario22.ar\/notix2\/#\/schema\/logo\/image\/\",\"url\":\"https:\/\/www.diario22.ar\/notix2\/wp-content\/uploads\/2025\/10\/cropped-Publish-1.png\",\"contentUrl\":\"https:\/\/www.diario22.ar\/notix2\/wp-content\/uploads\/2025\/10\/cropped-Publish-1.png\",\"width\":1560,\"height\":722,\"caption\":\"diario22.ar\"},\"image\":{\"@id\":\"https:\/\/www.diario22.ar\/notix2\/#\/schema\/logo\/image\/\"}},{\"@type\":\"Person\",\"@id\":\"https:\/\/www.diario22.ar\/notix2\/#\/schema\/person\/e09888e40c26d16af8c8ddbac872e980\",\"name\":\"Camila Torres\",\"image\":{\"@type\":\"ImageObject\",\"inLanguage\":\"es-AR\",\"@id\":\"https:\/\/www.diario22.ar\/notix2\/#\/schema\/person\/image\/\",\"url\":\"https:\/\/www.diario22.ar\/notix2\/wp-content\/uploads\/2025\/10\/diario22.ar-3-150x150.png\",\"contentUrl\":\"https:\/\/www.diario22.ar\/notix2\/wp-content\/uploads\/2025\/10\/diario22.ar-3-150x150.png\",\"caption\":\"Camila Torres\"},\"description\":\"Soy periodista y redactora en Diario22.ar, apasionada por las historias que conectan la actualidad con la gente. Me form\u00e9 en comunicaci\u00f3n social en Buenos Aires y desde entonces busco darle voz a lo cotidiano, con una mirada curiosa y humana. Creo que el periodismo no solo informa: tambi\u00e9n inspira y transforma.\",\"sameAs\":[\"https:\/\/www.diario22.ar\/notix2\"]}]}<\/script>\n<!-- \/ Yoast SEO plugin. -->","yoast_head_json":{"title":"Hulu reexplora el caso Lorena Bobbitt con 'Buena Familia Estadounidense' - diario22.ar","robots":{"index":"index","follow":"follow","max-snippet":"max-snippet:-1","max-image-preview":"max-image-preview:large","max-video-preview":"max-video-preview:-1"},"canonical":"https:\/\/www.diario22.ar\/notix2\/hulu-reexplora-el-caso-lorena-bobbitt-con-buena-familia-estadounidense\/","og_locale":"es_ES","og_type":"article","og_title":"Hulu reexplora el caso Lorena Bobbitt con 'Buena Familia Estadounidense' - diario22.ar","og_description":"Lorena Bobbitt se convertir\u00e1 en el foco de la serie antol\u00f3gica Good American Family de Hulu. La nueva temporada revisitar\u00e1","og_url":"https:\/\/www.diario22.ar\/notix2\/hulu-reexplora-el-caso-lorena-bobbitt-con-buena-familia-estadounidense\/","og_site_name":"diario22.ar","article_published_time":"2026-09-03T04:35:08+00:00","article_modified_time":"2026-09-03T04:35:10+00:00","og_image":[{"width":1200,"height":630,"url":"https:\/\/www.diario22.ar\/notix2\/wp-content\/uploads\/2026\/09\/Hulu-reexplora-el-caso-Lorena-Bobbitt-con-Buena-Familia-Estadounidense.png","type":"image\/png"}],"author":"Camila Torres","twitter_card":"summary_large_image","twitter_misc":{"Escrito por":"Camila Torres","Tiempo de lectura":"2 minutos"},"schema":{"@context":"https:\/\/schema.org","@graph":[{"@type":"Article","@id":"https:\/\/www.diario22.ar\/notix2\/hulu-reexplora-el-caso-lorena-bobbitt-con-buena-familia-estadounidense\/#article","isPartOf":{"@id":"https:\/\/www.diario22.ar\/notix2\/hulu-reexplora-el-caso-lorena-bobbitt-con-buena-familia-estadounidense\/"},"author":{"name":"Camila Torres","@id":"https:\/\/www.diario22.ar\/notix2\/#\/schema\/person\/e09888e40c26d16af8c8ddbac872e980"},"headline":"Hulu reexplora el caso Lorena Bobbitt con &#8216;Buena Familia Estadounidense&#8217;","datePublished":"2026-09-03T04:35:08+00:00","dateModified":"2026-09-03T04:35:10+00:00","mainEntityOfPage":{"@id":"https:\/\/www.diario22.ar\/notix2\/hulu-reexplora-el-caso-lorena-bobbitt-con-buena-familia-estadounidense\/"},"wordCount":469,"commentCount":0,"publisher":{"@id":"https:\/\/www.diario22.ar\/notix2\/#organization"},"image":{"@id":"https:\/\/www.diario22.ar\/notix2\/hulu-reexplora-el-caso-lorena-bobbitt-con-buena-familia-estadounidense\/#primaryimage"},"thumbnailUrl":"https:\/\/www.diario22.ar\/notix2\/wp-content\/uploads\/2026\/09\/Hulu-reexplora-el-caso-Lorena-Bobbitt-con-Buena-Familia-Estadounidense.png","keywords":["Bobbitt","Buena","caso","con","Estadounidense","familia","Hulu","Lorena","reexplora"],"articleSection":["Famosos"],"inLanguage":"es-AR","potentialAction":[{"@type":"CommentAction","name":"Comment","target":["https:\/\/www.diario22.ar\/notix2\/hulu-reexplora-el-caso-lorena-bobbitt-con-buena-familia-estadounidense\/#respond"]}]},{"@type":"WebPage","@id":"https:\/\/www.diario22.ar\/notix2\/hulu-reexplora-el-caso-lorena-bobbitt-con-buena-familia-estadounidense\/","url":"https:\/\/www.diario22.ar\/notix2\/hulu-reexplora-el-caso-lorena-bobbitt-con-buena-familia-estadounidense\/","name":"Hulu reexplora el caso Lorena Bobbitt con 'Buena Familia Estadounidense' - diario22.ar","isPartOf":{"@id":"https:\/\/www.diario22.ar\/notix2\/#website"},"primaryImageOfPage":{"@id":"https:\/\/www.diario22.ar\/notix2\/hulu-reexplora-el-caso-lorena-bobbitt-con-buena-familia-estadounidense\/#primaryimage"},"image":{"@id":"https:\/\/www.diario22.ar\/notix2\/hulu-reexplora-el-caso-lorena-bobbitt-con-buena-familia-estadounidense\/#primaryimage"},"thumbnailUrl":"https:\/\/www.diario22.ar\/notix2\/wp-content\/uploads\/2026\/09\/Hulu-reexplora-el-caso-Lorena-Bobbitt-con-Buena-Familia-Estadounidense.png","datePublished":"2026-09-03T04:35:08+00:00","dateModified":"2026-09-03T04:35:10+00:00","breadcrumb":{"@id":"https:\/\/www.diario22.ar\/notix2\/hulu-reexplora-el-caso-lorena-bobbitt-con-buena-familia-estadounidense\/#breadcrumb"},"inLanguage":"es-AR","potentialAction":[{"@type":"ReadAction","target":["https:\/\/www.diario22.ar\/notix2\/hulu-reexplora-el-caso-lorena-bobbitt-con-buena-familia-estadounidense\/"]}]},{"@type":"ImageObject","inLanguage":"es-AR","@id":"https:\/\/www.diario22.ar\/notix2\/hulu-reexplora-el-caso-lorena-bobbitt-con-buena-familia-estadounidense\/#primaryimage","url":"https:\/\/www.diario22.ar\/notix2\/wp-content\/uploads\/2026\/09\/Hulu-reexplora-el-caso-Lorena-Bobbitt-con-Buena-Familia-Estadounidense.png","contentUrl":"https:\/\/www.diario22.ar\/notix2\/wp-content\/uploads\/2026\/09\/Hulu-reexplora-el-caso-Lorena-Bobbitt-con-Buena-Familia-Estadounidense.png","width":1200,"height":630},{"@type":"BreadcrumbList","@id":"https:\/\/www.diario22.ar\/notix2\/hulu-reexplora-el-caso-lorena-bobbitt-con-buena-familia-estadounidense\/#breadcrumb","itemListElement":[{"@type":"ListItem","position":1,"name":"Home","item":"https:\/\/www.diario22.ar\/notix2\/"},{"@type":"ListItem","position":2,"name":"Hulu reexplora el caso Lorena Bobbitt con &#8216;Buena Familia Estadounidense&#8217;"}]},{"@type":"WebSite","@id":"https:\/\/www.diario22.ar\/notix2\/#website","url":"https:\/\/www.diario22.ar\/notix2\/","name":"diario22.ar","description":"Vive hoy &amp; descubre lo que viene","publisher":{"@id":"https:\/\/www.diario22.ar\/notix2\/#organization"},"potentialAction":[{"@type":"SearchAction","target":{"@type":"EntryPoint","urlTemplate":"https:\/\/www.diario22.ar\/notix2\/?s={search_term_string}"},"query-input":{"@type":"PropertyValueSpecification","valueRequired":true,"valueName":"search_term_string"}}],"inLanguage":"es-AR"},{"@type":"Organization","@id":"https:\/\/www.diario22.ar\/notix2\/#organization","name":"diario22.ar","url":"https:\/\/www.diario22.ar\/notix2\/","logo":{"@type":"ImageObject","inLanguage":"es-AR","@id":"https:\/\/www.diario22.ar\/notix2\/#\/schema\/logo\/image\/","url":"https:\/\/www.diario22.ar\/notix2\/wp-content\/uploads\/2025\/10\/cropped-Publish-1.png","contentUrl":"https:\/\/www.diario22.ar\/notix2\/wp-content\/uploads\/2025\/10\/cropped-Publish-1.png","width":1560,"height":722,"caption":"diario22.ar"},"image":{"@id":"https:\/\/www.diario22.ar\/notix2\/#\/schema\/logo\/image\/"}},{"@type":"Person","@id":"https:\/\/www.diario22.ar\/notix2\/#\/schema\/person\/e09888e40c26d16af8c8ddbac872e980","name":"Camila Torres","image":{"@type":"ImageObject","inLanguage":"es-AR","@id":"https:\/\/www.diario22.ar\/notix2\/#\/schema\/person\/image\/","url":"https:\/\/www.diario22.ar\/notix2\/wp-content\/uploads\/2025\/10\/diario22.ar-3-150x150.png","contentUrl":"https:\/\/www.diario22.ar\/notix2\/wp-content\/uploads\/2025\/10\/diario22.ar-3-150x150.png","caption":"Camila Torres"},"description":"Soy periodista y redactora en Diario22.ar, apasionada por las historias que conectan la actualidad con la gente. Me form\u00e9 en comunicaci\u00f3n social en Buenos Aires y desde entonces busco darle voz a lo cotidiano, con una mirada curiosa y humana. Creo que el periodismo no solo informa: tambi\u00e9n inspira y transforma.","sameAs":["https:\/\/www.diario22.ar\/notix2"]}]}},"_links":{"self":[{"href":"https:\/\/www.diario22.ar\/notix2\/wp-json\/wp\/v2\/posts\/52614","targetHints":{"allow":["GET"]}}],"collection":[{"href":"https:\/\/www.diario22.ar\/notix2\/wp-json\/wp\/v2\/posts"}],"about":[{"href":"https:\/\/www.diario22.ar\/notix2\/wp-json\/wp\/v2\/types\/post"}],"author":[{"embeddable":true,"href":"https:\/\/www.diario22.ar\/notix2\/wp-json\/wp\/v2\/users\/1"}],"replies":[{"embeddable":true,"href":"https:\/\/www.diario22.ar\/notix2\/wp-json\/wp\/v2\/comments?post=52614"}],"version-history":[{"count":1,"href":"https:\/\/www.diario22.ar\/notix2\/wp-json\/wp\/v2\/posts\/52614\/revisions"}],"predecessor-version":[{"id":52616,"href":"https:\/\/www.diario22.ar\/notix2\/wp-json\/wp\/v2\/posts\/52614\/revisions\/52616"}],"wp:featuredmedia":[{"embeddable":true,"href":"https:\/\/www.diario22.ar\/notix2\/wp-json\/wp\/v2\/media\/52615"}],"wp:attachment":[{"href":"https:\/\/www.diario22.ar\/notix2\/wp-json\/wp\/v2\/media?parent=52614"}],"wp:term":[{"taxonomy":"category","embeddable":true,"href":"https:\/\/www.diario22.ar\/notix2\/wp-json\/wp\/v2\/categories?post=52614"},{"taxonomy":"post_tag","embeddable":true,"href":"https:\/\/www.diario22.ar\/notix2\/wp-json\/wp\/v2\/tags?post=52614"}],"curies":[{"name":"wp","href":"https:\/\/api.w.org\/{rel}","templated":true}]}}