{"id":52608,"date":"2026-09-02T01:35:31","date_gmt":"2026-09-02T04:35:31","guid":{"rendered":"https:\/\/www.diario22.ar\/notix2\/la-mejor-amiga-de-khloe-kardashian-denuncia-el-comportamiento-egocentrico-de-su-coprotagonista\/"},"modified":"2026-09-02T01:35:32","modified_gmt":"2026-09-02T04:35:32","slug":"la-mejor-amiga-de-khloe-kardashian-denuncia-el-comportamiento-egocentrico-de-su-coprotagonista","status":"publish","type":"post","link":"https:\/\/www.diario22.ar\/notix2\/la-mejor-amiga-de-khloe-kardashian-denuncia-el-comportamiento-egocentrico-de-su-coprotagonista\/","title":{"rendered":"La mejor amiga de Khlo\u00e9 Kardashian denuncia el comportamiento egoc\u00e9ntrico de su coprotagonista"},"content":{"rendered":"<div>\n<p><strong>Malika Haqq<\/strong> ha sido amiga cercana de <strong>Khlo\u00e9 Kardashian<\/strong> durante 25 a\u00f1os. Ambas han mantenido su larga amistad a lo largo de los a\u00f1os. Sin embargo, Malika ha acaparado titulares recientemente por su pr\u00f3xima serie, <strong>The Girls<\/strong>. Durante una conversaci\u00f3n reciente, llam\u00f3 la atenci\u00f3n de su compa\u00f1era de reparto <strong>Natalie Halcro<\/strong> por su comportamiento egoc\u00e9ntrico.<\/p>\n<h2 class=\"wp-block-heading\" id=\"h-malika-haqq-dice-que-natalie-halcro-mostro-una-falta-de-responsabilidad-durante-el-rodaje-de-the-girls-de-hulu\">Malika Haqq dice que Natalie Halcro mostr\u00f3 una &#8216;falta de responsabilidad&#8217; durante el rodaje de The Girls de Hulu<\/h2>\n<p>La actriz de 43 a\u00f1os habl\u00f3 recientemente en exclusiva con la Virtual Reali-Tea de Page Six, donde habl\u00f3 sobre The Girls de Hulu y revel\u00f3 que Natalie Halcro tiende a pensar m\u00e1s en s\u00ed misma.<\/p>\n<p>Haqq dijo: \u00abNo creo que ninguna de nosotras sea desordenada; creo que una de nosotras es egoc\u00e9ntrica. Creo que Natalie piensa mucho en s\u00ed misma\u00bb.<\/p>\n<p>Malika Haqq a\u00f1adi\u00f3 que el h\u00e1bito de Natalie Halcro de pensar en s\u00ed misma ha llevado a una \u00abfalta de responsabilidad\u00bb. Tambi\u00e9n revel\u00f3 c\u00f3mo el reparto intent\u00f3 confrontarla por su comportamiento.<\/p>\n<p>M\u00e1s tarde, Malika especul\u00f3: \u00abNo creo que se sienta tan c\u00f3moda siendo tan directa como, por ejemplo, Yris [Palmer], o simplemente es un poco m\u00e1s sensible\u00bb.<\/p>\n<p>Mientras que la actriz nacida en California sostiene este punto de vista sobre Halcro, sus compa\u00f1eras Nicole Williams English y Olivia Pierson tienen una opini\u00f3n distinta. Parecen apoyar m\u00e1s a la actriz de doble nacionalidad canadiense y estadounidense.<\/p>\n<p>\u00abCreo que Natalie no es egoc\u00e9ntrica. En realidad, creo lo contrario, porque, en este proyecto, dio todo y aport\u00f3 muchas cosas positivas para la serie\u00bb, dijo Pierson.<\/p>\n<p>Williams, por su parte, opina que Natalie Halcro antepone a los dem\u00e1s.<\/p>\n<p>En cuanto a The Girls, Hulu estrenar\u00e1 la serie el 21 de agosto de 2026, con todos los episodios disponibles de golpe. El programa contar\u00e1 con varios miembros del c\u00edrculo cercano de Khlo\u00e9 Kardashian, entre ellos Malika Haqq, Khadijah Haqq McCray, Natalie Halcro, Olivia Pierson, Yris Palmer y Nicole Williams English. Khlo\u00e9 Kardashian ejerce como productora ejecutiva y narradora de The Girls.<\/p>\n<p><strong>\u00bfQU\u00c9 OPINAS SOBRE QUE MALIKA HAQQ HAYA SE\u00d1ALADO LA FALTA DE RESPONSABILIDAD DE NATALIE HALCRO?<\/strong><\/p>\n<\/div>\n","protected":false},"excerpt":{"rendered":"<p>Malika Haqq ha sido amiga cercana de Khlo\u00e9 Kardashian durante 25 a\u00f1os. Ambas han mantenido su larga amistad a lo<\/p>\n","protected":false},"author":1,"featured_media":52609,"comment_status":"open","ping_status":"open","sticky":false,"template":"","format":"standard","meta":{"footnotes":""},"categories":[6],"tags":[3306,3310,3312,3309,3311,3308,3307,231],"class_list":["post-52608","post","type-post","status-publish","format-standard","has-post-thumbnail","hentry","category-famosos","tag-amiga","tag-comportamiento","tag-coprotagonista","tag-denuncia","tag-egocentrico","tag-kardashian","tag-khloe","tag-mejor","generate-columns","tablet-grid-50","mobile-grid-100","grid-parent","grid-50"],"yoast_head":"<!-- This site is optimized with the Yoast SEO plugin v26.1.1 - https:\/\/yoast.com\/wordpress\/plugins\/seo\/ -->\n<title>La mejor amiga de Khlo\u00e9 Kardashian denuncia el comportamiento egoc\u00e9ntrico de su coprotagonista - diario22.ar<\/title>\n<meta name=\"robots\" content=\"index, follow, max-snippet:-1, max-image-preview:large, max-video-preview:-1\" \/>\n<link rel=\"canonical\" href=\"https:\/\/www.diario22.ar\/notix2\/la-mejor-amiga-de-khloe-kardashian-denuncia-el-comportamiento-egocentrico-de-su-coprotagonista\/\" \/>\n<meta property=\"og:locale\" content=\"es_ES\" \/>\n<meta property=\"og:type\" content=\"article\" \/>\n<meta property=\"og:title\" content=\"La mejor amiga de Khlo\u00e9 Kardashian denuncia el comportamiento egoc\u00e9ntrico de su coprotagonista - diario22.ar\" \/>\n<meta property=\"og:description\" content=\"Malika Haqq ha sido amiga cercana de Khlo\u00e9 Kardashian durante 25 a\u00f1os. Ambas han mantenido su larga amistad a lo\" \/>\n<meta property=\"og:url\" content=\"https:\/\/www.diario22.ar\/notix2\/la-mejor-amiga-de-khloe-kardashian-denuncia-el-comportamiento-egocentrico-de-su-coprotagonista\/\" \/>\n<meta property=\"og:site_name\" content=\"diario22.ar\" \/>\n<meta property=\"article:published_time\" content=\"2026-09-02T04:35:31+00:00\" \/>\n<meta property=\"article:modified_time\" content=\"2026-09-02T04:35:32+00:00\" \/>\n<meta property=\"og:image\" content=\"https:\/\/www.diario22.ar\/notix2\/wp-content\/uploads\/2026\/09\/La-mejor-amiga-de-Khloe-Kardashian-denuncia-el-comportamiento-egocentrico.jpg\" \/>\n\t<meta property=\"og:image:width\" content=\"1200\" \/>\n\t<meta property=\"og:image:height\" content=\"630\" \/>\n\t<meta property=\"og:image:type\" content=\"image\/jpeg\" \/>\n<meta name=\"author\" content=\"Camila Torres\" \/>\n<meta name=\"twitter:card\" content=\"summary_large_image\" \/>\n<meta name=\"twitter:label1\" content=\"Escrito por\" \/>\n\t<meta name=\"twitter:data1\" content=\"Camila Torres\" \/>\n\t<meta name=\"twitter:label2\" content=\"Tiempo de lectura\" \/>\n\t<meta name=\"twitter:data2\" content=\"2 minutos\" \/>\n<script type=\"application\/ld+json\" class=\"yoast-schema-graph\">{\"@context\":\"https:\/\/schema.org\",\"@graph\":[{\"@type\":\"Article\",\"@id\":\"https:\/\/www.diario22.ar\/notix2\/la-mejor-amiga-de-khloe-kardashian-denuncia-el-comportamiento-egocentrico-de-su-coprotagonista\/#article\",\"isPartOf\":{\"@id\":\"https:\/\/www.diario22.ar\/notix2\/la-mejor-amiga-de-khloe-kardashian-denuncia-el-comportamiento-egocentrico-de-su-coprotagonista\/\"},\"author\":{\"name\":\"Camila Torres\",\"@id\":\"https:\/\/www.diario22.ar\/notix2\/#\/schema\/person\/e09888e40c26d16af8c8ddbac872e980\"},\"headline\":\"La mejor amiga de Khlo\u00e9 Kardashian denuncia el comportamiento egoc\u00e9ntrico de su coprotagonista\",\"datePublished\":\"2026-09-02T04:35:31+00:00\",\"dateModified\":\"2026-09-02T04:35:32+00:00\",\"mainEntityOfPage\":{\"@id\":\"https:\/\/www.diario22.ar\/notix2\/la-mejor-amiga-de-khloe-kardashian-denuncia-el-comportamiento-egocentrico-de-su-coprotagonista\/\"},\"wordCount\":379,\"commentCount\":0,\"publisher\":{\"@id\":\"https:\/\/www.diario22.ar\/notix2\/#organization\"},\"image\":{\"@id\":\"https:\/\/www.diario22.ar\/notix2\/la-mejor-amiga-de-khloe-kardashian-denuncia-el-comportamiento-egocentrico-de-su-coprotagonista\/#primaryimage\"},\"thumbnailUrl\":\"https:\/\/www.diario22.ar\/notix2\/wp-content\/uploads\/2026\/09\/La-mejor-amiga-de-Khloe-Kardashian-denuncia-el-comportamiento-egocentrico.jpg\",\"keywords\":[\"amiga\",\"comportamiento\",\"coprotagonista\",\"denuncia\",\"egoc\u00e9ntrico\",\"Kardashian\",\"Khlo\u00e9\",\"mejor\"],\"articleSection\":[\"Famosos\"],\"inLanguage\":\"es-AR\",\"potentialAction\":[{\"@type\":\"CommentAction\",\"name\":\"Comment\",\"target\":[\"https:\/\/www.diario22.ar\/notix2\/la-mejor-amiga-de-khloe-kardashian-denuncia-el-comportamiento-egocentrico-de-su-coprotagonista\/#respond\"]}]},{\"@type\":\"WebPage\",\"@id\":\"https:\/\/www.diario22.ar\/notix2\/la-mejor-amiga-de-khloe-kardashian-denuncia-el-comportamiento-egocentrico-de-su-coprotagonista\/\",\"url\":\"https:\/\/www.diario22.ar\/notix2\/la-mejor-amiga-de-khloe-kardashian-denuncia-el-comportamiento-egocentrico-de-su-coprotagonista\/\",\"name\":\"La mejor amiga de Khlo\u00e9 Kardashian denuncia el comportamiento egoc\u00e9ntrico de su coprotagonista - diario22.ar\",\"isPartOf\":{\"@id\":\"https:\/\/www.diario22.ar\/notix2\/#website\"},\"primaryImageOfPage\":{\"@id\":\"https:\/\/www.diario22.ar\/notix2\/la-mejor-amiga-de-khloe-kardashian-denuncia-el-comportamiento-egocentrico-de-su-coprotagonista\/#primaryimage\"},\"image\":{\"@id\":\"https:\/\/www.diario22.ar\/notix2\/la-mejor-amiga-de-khloe-kardashian-denuncia-el-comportamiento-egocentrico-de-su-coprotagonista\/#primaryimage\"},\"thumbnailUrl\":\"https:\/\/www.diario22.ar\/notix2\/wp-content\/uploads\/2026\/09\/La-mejor-amiga-de-Khloe-Kardashian-denuncia-el-comportamiento-egocentrico.jpg\",\"datePublished\":\"2026-09-02T04:35:31+00:00\",\"dateModified\":\"2026-09-02T04:35:32+00:00\",\"breadcrumb\":{\"@id\":\"https:\/\/www.diario22.ar\/notix2\/la-mejor-amiga-de-khloe-kardashian-denuncia-el-comportamiento-egocentrico-de-su-coprotagonista\/#breadcrumb\"},\"inLanguage\":\"es-AR\",\"potentialAction\":[{\"@type\":\"ReadAction\",\"target\":[\"https:\/\/www.diario22.ar\/notix2\/la-mejor-amiga-de-khloe-kardashian-denuncia-el-comportamiento-egocentrico-de-su-coprotagonista\/\"]}]},{\"@type\":\"ImageObject\",\"inLanguage\":\"es-AR\",\"@id\":\"https:\/\/www.diario22.ar\/notix2\/la-mejor-amiga-de-khloe-kardashian-denuncia-el-comportamiento-egocentrico-de-su-coprotagonista\/#primaryimage\",\"url\":\"https:\/\/www.diario22.ar\/notix2\/wp-content\/uploads\/2026\/09\/La-mejor-amiga-de-Khloe-Kardashian-denuncia-el-comportamiento-egocentrico.jpg\",\"contentUrl\":\"https:\/\/www.diario22.ar\/notix2\/wp-content\/uploads\/2026\/09\/La-mejor-amiga-de-Khloe-Kardashian-denuncia-el-comportamiento-egocentrico.jpg\",\"width\":1200,\"height\":630},{\"@type\":\"BreadcrumbList\",\"@id\":\"https:\/\/www.diario22.ar\/notix2\/la-mejor-amiga-de-khloe-kardashian-denuncia-el-comportamiento-egocentrico-de-su-coprotagonista\/#breadcrumb\",\"itemListElement\":[{\"@type\":\"ListItem\",\"position\":1,\"name\":\"Home\",\"item\":\"https:\/\/www.diario22.ar\/notix2\/\"},{\"@type\":\"ListItem\",\"position\":2,\"name\":\"La mejor amiga de Khlo\u00e9 Kardashian denuncia el comportamiento egoc\u00e9ntrico de su coprotagonista\"}]},{\"@type\":\"WebSite\",\"@id\":\"https:\/\/www.diario22.ar\/notix2\/#website\",\"url\":\"https:\/\/www.diario22.ar\/notix2\/\",\"name\":\"diario22.ar\",\"description\":\"Vive hoy &amp; descubre lo que viene\",\"publisher\":{\"@id\":\"https:\/\/www.diario22.ar\/notix2\/#organization\"},\"potentialAction\":[{\"@type\":\"SearchAction\",\"target\":{\"@type\":\"EntryPoint\",\"urlTemplate\":\"https:\/\/www.diario22.ar\/notix2\/?s={search_term_string}\"},\"query-input\":{\"@type\":\"PropertyValueSpecification\",\"valueRequired\":true,\"valueName\":\"search_term_string\"}}],\"inLanguage\":\"es-AR\"},{\"@type\":\"Organization\",\"@id\":\"https:\/\/www.diario22.ar\/notix2\/#organization\",\"name\":\"diario22.ar\",\"url\":\"https:\/\/www.diario22.ar\/notix2\/\",\"logo\":{\"@type\":\"ImageObject\",\"inLanguage\":\"es-AR\",\"@id\":\"https:\/\/www.diario22.ar\/notix2\/#\/schema\/logo\/image\/\",\"url\":\"https:\/\/www.diario22.ar\/notix2\/wp-content\/uploads\/2025\/10\/cropped-Publish-1.png\",\"contentUrl\":\"https:\/\/www.diario22.ar\/notix2\/wp-content\/uploads\/2025\/10\/cropped-Publish-1.png\",\"width\":1560,\"height\":722,\"caption\":\"diario22.ar\"},\"image\":{\"@id\":\"https:\/\/www.diario22.ar\/notix2\/#\/schema\/logo\/image\/\"}},{\"@type\":\"Person\",\"@id\":\"https:\/\/www.diario22.ar\/notix2\/#\/schema\/person\/e09888e40c26d16af8c8ddbac872e980\",\"name\":\"Camila Torres\",\"image\":{\"@type\":\"ImageObject\",\"inLanguage\":\"es-AR\",\"@id\":\"https:\/\/www.diario22.ar\/notix2\/#\/schema\/person\/image\/\",\"url\":\"https:\/\/www.diario22.ar\/notix2\/wp-content\/uploads\/2025\/10\/diario22.ar-3-150x150.png\",\"contentUrl\":\"https:\/\/www.diario22.ar\/notix2\/wp-content\/uploads\/2025\/10\/diario22.ar-3-150x150.png\",\"caption\":\"Camila Torres\"},\"description\":\"Soy periodista y redactora en Diario22.ar, apasionada por las historias que conectan la actualidad con la gente. Me form\u00e9 en comunicaci\u00f3n social en Buenos Aires y desde entonces busco darle voz a lo cotidiano, con una mirada curiosa y humana. Creo que el periodismo no solo informa: tambi\u00e9n inspira y transforma.\",\"sameAs\":[\"https:\/\/www.diario22.ar\/notix2\"]}]}<\/script>\n<!-- \/ Yoast SEO plugin. -->","yoast_head_json":{"title":"La mejor amiga de Khlo\u00e9 Kardashian denuncia el comportamiento egoc\u00e9ntrico de su coprotagonista - diario22.ar","robots":{"index":"index","follow":"follow","max-snippet":"max-snippet:-1","max-image-preview":"max-image-preview:large","max-video-preview":"max-video-preview:-1"},"canonical":"https:\/\/www.diario22.ar\/notix2\/la-mejor-amiga-de-khloe-kardashian-denuncia-el-comportamiento-egocentrico-de-su-coprotagonista\/","og_locale":"es_ES","og_type":"article","og_title":"La mejor amiga de Khlo\u00e9 Kardashian denuncia el comportamiento egoc\u00e9ntrico de su coprotagonista - diario22.ar","og_description":"Malika Haqq ha sido amiga cercana de Khlo\u00e9 Kardashian durante 25 a\u00f1os. Ambas han mantenido su larga amistad a lo","og_url":"https:\/\/www.diario22.ar\/notix2\/la-mejor-amiga-de-khloe-kardashian-denuncia-el-comportamiento-egocentrico-de-su-coprotagonista\/","og_site_name":"diario22.ar","article_published_time":"2026-09-02T04:35:31+00:00","article_modified_time":"2026-09-02T04:35:32+00:00","og_image":[{"width":1200,"height":630,"url":"https:\/\/www.diario22.ar\/notix2\/wp-content\/uploads\/2026\/09\/La-mejor-amiga-de-Khloe-Kardashian-denuncia-el-comportamiento-egocentrico.jpg","type":"image\/jpeg"}],"author":"Camila Torres","twitter_card":"summary_large_image","twitter_misc":{"Escrito por":"Camila Torres","Tiempo de lectura":"2 minutos"},"schema":{"@context":"https:\/\/schema.org","@graph":[{"@type":"Article","@id":"https:\/\/www.diario22.ar\/notix2\/la-mejor-amiga-de-khloe-kardashian-denuncia-el-comportamiento-egocentrico-de-su-coprotagonista\/#article","isPartOf":{"@id":"https:\/\/www.diario22.ar\/notix2\/la-mejor-amiga-de-khloe-kardashian-denuncia-el-comportamiento-egocentrico-de-su-coprotagonista\/"},"author":{"name":"Camila Torres","@id":"https:\/\/www.diario22.ar\/notix2\/#\/schema\/person\/e09888e40c26d16af8c8ddbac872e980"},"headline":"La mejor amiga de Khlo\u00e9 Kardashian denuncia el comportamiento egoc\u00e9ntrico de su coprotagonista","datePublished":"2026-09-02T04:35:31+00:00","dateModified":"2026-09-02T04:35:32+00:00","mainEntityOfPage":{"@id":"https:\/\/www.diario22.ar\/notix2\/la-mejor-amiga-de-khloe-kardashian-denuncia-el-comportamiento-egocentrico-de-su-coprotagonista\/"},"wordCount":379,"commentCount":0,"publisher":{"@id":"https:\/\/www.diario22.ar\/notix2\/#organization"},"image":{"@id":"https:\/\/www.diario22.ar\/notix2\/la-mejor-amiga-de-khloe-kardashian-denuncia-el-comportamiento-egocentrico-de-su-coprotagonista\/#primaryimage"},"thumbnailUrl":"https:\/\/www.diario22.ar\/notix2\/wp-content\/uploads\/2026\/09\/La-mejor-amiga-de-Khloe-Kardashian-denuncia-el-comportamiento-egocentrico.jpg","keywords":["amiga","comportamiento","coprotagonista","denuncia","egoc\u00e9ntrico","Kardashian","Khlo\u00e9","mejor"],"articleSection":["Famosos"],"inLanguage":"es-AR","potentialAction":[{"@type":"CommentAction","name":"Comment","target":["https:\/\/www.diario22.ar\/notix2\/la-mejor-amiga-de-khloe-kardashian-denuncia-el-comportamiento-egocentrico-de-su-coprotagonista\/#respond"]}]},{"@type":"WebPage","@id":"https:\/\/www.diario22.ar\/notix2\/la-mejor-amiga-de-khloe-kardashian-denuncia-el-comportamiento-egocentrico-de-su-coprotagonista\/","url":"https:\/\/www.diario22.ar\/notix2\/la-mejor-amiga-de-khloe-kardashian-denuncia-el-comportamiento-egocentrico-de-su-coprotagonista\/","name":"La mejor amiga de Khlo\u00e9 Kardashian denuncia el comportamiento egoc\u00e9ntrico de su coprotagonista - diario22.ar","isPartOf":{"@id":"https:\/\/www.diario22.ar\/notix2\/#website"},"primaryImageOfPage":{"@id":"https:\/\/www.diario22.ar\/notix2\/la-mejor-amiga-de-khloe-kardashian-denuncia-el-comportamiento-egocentrico-de-su-coprotagonista\/#primaryimage"},"image":{"@id":"https:\/\/www.diario22.ar\/notix2\/la-mejor-amiga-de-khloe-kardashian-denuncia-el-comportamiento-egocentrico-de-su-coprotagonista\/#primaryimage"},"thumbnailUrl":"https:\/\/www.diario22.ar\/notix2\/wp-content\/uploads\/2026\/09\/La-mejor-amiga-de-Khloe-Kardashian-denuncia-el-comportamiento-egocentrico.jpg","datePublished":"2026-09-02T04:35:31+00:00","dateModified":"2026-09-02T04:35:32+00:00","breadcrumb":{"@id":"https:\/\/www.diario22.ar\/notix2\/la-mejor-amiga-de-khloe-kardashian-denuncia-el-comportamiento-egocentrico-de-su-coprotagonista\/#breadcrumb"},"inLanguage":"es-AR","potentialAction":[{"@type":"ReadAction","target":["https:\/\/www.diario22.ar\/notix2\/la-mejor-amiga-de-khloe-kardashian-denuncia-el-comportamiento-egocentrico-de-su-coprotagonista\/"]}]},{"@type":"ImageObject","inLanguage":"es-AR","@id":"https:\/\/www.diario22.ar\/notix2\/la-mejor-amiga-de-khloe-kardashian-denuncia-el-comportamiento-egocentrico-de-su-coprotagonista\/#primaryimage","url":"https:\/\/www.diario22.ar\/notix2\/wp-content\/uploads\/2026\/09\/La-mejor-amiga-de-Khloe-Kardashian-denuncia-el-comportamiento-egocentrico.jpg","contentUrl":"https:\/\/www.diario22.ar\/notix2\/wp-content\/uploads\/2026\/09\/La-mejor-amiga-de-Khloe-Kardashian-denuncia-el-comportamiento-egocentrico.jpg","width":1200,"height":630},{"@type":"BreadcrumbList","@id":"https:\/\/www.diario22.ar\/notix2\/la-mejor-amiga-de-khloe-kardashian-denuncia-el-comportamiento-egocentrico-de-su-coprotagonista\/#breadcrumb","itemListElement":[{"@type":"ListItem","position":1,"name":"Home","item":"https:\/\/www.diario22.ar\/notix2\/"},{"@type":"ListItem","position":2,"name":"La mejor amiga de Khlo\u00e9 Kardashian denuncia el comportamiento egoc\u00e9ntrico de su coprotagonista"}]},{"@type":"WebSite","@id":"https:\/\/www.diario22.ar\/notix2\/#website","url":"https:\/\/www.diario22.ar\/notix2\/","name":"diario22.ar","description":"Vive hoy &amp; descubre lo que viene","publisher":{"@id":"https:\/\/www.diario22.ar\/notix2\/#organization"},"potentialAction":[{"@type":"SearchAction","target":{"@type":"EntryPoint","urlTemplate":"https:\/\/www.diario22.ar\/notix2\/?s={search_term_string}"},"query-input":{"@type":"PropertyValueSpecification","valueRequired":true,"valueName":"search_term_string"}}],"inLanguage":"es-AR"},{"@type":"Organization","@id":"https:\/\/www.diario22.ar\/notix2\/#organization","name":"diario22.ar","url":"https:\/\/www.diario22.ar\/notix2\/","logo":{"@type":"ImageObject","inLanguage":"es-AR","@id":"https:\/\/www.diario22.ar\/notix2\/#\/schema\/logo\/image\/","url":"https:\/\/www.diario22.ar\/notix2\/wp-content\/uploads\/2025\/10\/cropped-Publish-1.png","contentUrl":"https:\/\/www.diario22.ar\/notix2\/wp-content\/uploads\/2025\/10\/cropped-Publish-1.png","width":1560,"height":722,"caption":"diario22.ar"},"image":{"@id":"https:\/\/www.diario22.ar\/notix2\/#\/schema\/logo\/image\/"}},{"@type":"Person","@id":"https:\/\/www.diario22.ar\/notix2\/#\/schema\/person\/e09888e40c26d16af8c8ddbac872e980","name":"Camila Torres","image":{"@type":"ImageObject","inLanguage":"es-AR","@id":"https:\/\/www.diario22.ar\/notix2\/#\/schema\/person\/image\/","url":"https:\/\/www.diario22.ar\/notix2\/wp-content\/uploads\/2025\/10\/diario22.ar-3-150x150.png","contentUrl":"https:\/\/www.diario22.ar\/notix2\/wp-content\/uploads\/2025\/10\/diario22.ar-3-150x150.png","caption":"Camila Torres"},"description":"Soy periodista y redactora en Diario22.ar, apasionada por las historias que conectan la actualidad con la gente. Me form\u00e9 en comunicaci\u00f3n social en Buenos Aires y desde entonces busco darle voz a lo cotidiano, con una mirada curiosa y humana. Creo que el periodismo no solo informa: tambi\u00e9n inspira y transforma.","sameAs":["https:\/\/www.diario22.ar\/notix2"]}]}},"_links":{"self":[{"href":"https:\/\/www.diario22.ar\/notix2\/wp-json\/wp\/v2\/posts\/52608","targetHints":{"allow":["GET"]}}],"collection":[{"href":"https:\/\/www.diario22.ar\/notix2\/wp-json\/wp\/v2\/posts"}],"about":[{"href":"https:\/\/www.diario22.ar\/notix2\/wp-json\/wp\/v2\/types\/post"}],"author":[{"embeddable":true,"href":"https:\/\/www.diario22.ar\/notix2\/wp-json\/wp\/v2\/users\/1"}],"replies":[{"embeddable":true,"href":"https:\/\/www.diario22.ar\/notix2\/wp-json\/wp\/v2\/comments?post=52608"}],"version-history":[{"count":1,"href":"https:\/\/www.diario22.ar\/notix2\/wp-json\/wp\/v2\/posts\/52608\/revisions"}],"predecessor-version":[{"id":52610,"href":"https:\/\/www.diario22.ar\/notix2\/wp-json\/wp\/v2\/posts\/52608\/revisions\/52610"}],"wp:featuredmedia":[{"embeddable":true,"href":"https:\/\/www.diario22.ar\/notix2\/wp-json\/wp\/v2\/media\/52609"}],"wp:attachment":[{"href":"https:\/\/www.diario22.ar\/notix2\/wp-json\/wp\/v2\/media?parent=52608"}],"wp:term":[{"taxonomy":"category","embeddable":true,"href":"https:\/\/www.diario22.ar\/notix2\/wp-json\/wp\/v2\/categories?post=52608"},{"taxonomy":"post_tag","embeddable":true,"href":"https:\/\/www.diario22.ar\/notix2\/wp-json\/wp\/v2\/tags?post=52608"}],"curies":[{"name":"wp","href":"https:\/\/api.w.org\/{rel}","templated":true}]}}