{"id":52605,"date":"2026-09-01T13:35:25","date_gmt":"2026-09-01T16:35:25","guid":{"rendered":"https:\/\/www.diario22.ar\/notix2\/rhugt-cynthia-bailey-dice-que-vicki-gunvalson-no-sabia-quien-era-y-tenia-miedo\/"},"modified":"2026-09-01T13:35:26","modified_gmt":"2026-09-01T16:35:26","slug":"rhugt-cynthia-bailey-dice-que-vicki-gunvalson-no-sabia-quien-era-y-tenia-miedo","status":"publish","type":"post","link":"https:\/\/www.diario22.ar\/notix2\/rhugt-cynthia-bailey-dice-que-vicki-gunvalson-no-sabia-quien-era-y-tenia-miedo\/","title":{"rendered":"RHUGT: Cynthia Bailey dice que Vicki Gunvalson no sab\u00eda qui\u00e9n era y ten\u00eda miedo"},"content":{"rendered":"<div>\n<p><strong>Cynthia Bailey<\/strong> revel\u00f3 que <strong>Vicki Gunvalson<\/strong> no la reconoci\u00f3 mientras grababan The Real Housewives Ultimate Girls Trip. La estrella de 59 a\u00f1os dijo que Gunvalson &#8220;no ten\u00eda idea&#8221; de qui\u00e9n era, bromeando que &#8220;quiz\u00e1 le tuviera un poco de miedo&#8221; a ella.<\/p>\n<h2 class=\"wp-block-heading\" id=\"h-cynthia-bailey-says-rhoc-veteran-vicki-allegedly-didn-t-recognize-her\">Cynthia Bailey dice que la veterana de RHOC, Vicki, supuestamente no la reconoci\u00f3<\/h2>\n<p>Durante una entrevista exclusiva con Virtual Reali-Tea de Page Six, junto a Crystal Kung Minkoff, Bailey record\u00f3 su inc\u00f3moda interacci\u00f3n con Gunvalson. La estrella de The Real Housewives of Atlanta dijo: \u00abMe acerqu\u00e9 a Vicki y ella literalmente no sab\u00eda qui\u00e9n era\u00bb.<\/p>\n<p>Gunvalson no la reconoci\u00f3, pues Bailey iba vestida como 50 Cynt, el alter ego masculino que cre\u00f3. Bailey present\u00f3 al personaje durante una fiesta de Halloween en la temporada 10 de The Real Housewives of Atlanta (RHOA) mientras celebraba su 50\u00ba cumplea\u00f1os. Bailey dijo que esperaba que Gunvalson se diera cuenta de que formaba parte del reparto. El encuentro ocurri\u00f3 mientras grababan en una fiesta en Atlanta.<\/p>\n<p>Bailey record\u00f3 que Gunvalson la mir\u00f3 como si estuviera \u201cloca\u201d, lo que la llev\u00f3 a revelar que era Bailey. Gunvalson pareci\u00f3 confundida, lo que llev\u00f3 a Bailey a aclarar que era Cynthia Bailey de The Real Housewives of Atlanta. Sin embargo, Gunvalson respondi\u00f3 con sorpresa, admitiendo que no sab\u00eda qui\u00e9n era Bailey. Minkoff se\u00f1al\u00f3 que ella hab\u00eda aparecido previamente en el podcast de Gunvalson y reconoci\u00f3 que puede ser f\u00e1cil que las Housewives se confundan entre s\u00ed.<\/p>\n<p>Gunvalson y Bailey son protagonistas de The Real Housewives Ultimate Girls Trip: Roaring 20th, la quinta temporada de la franquicia, que se estren\u00f3 el 9 de agosto. Ambas forman parte del elenco principal del programa, junto a Lisa Barlow, Teresa Giudice, Porsha Williams, Kyle Richards y Gizelle Bryant. La serie se estrena en Bravo mientras el reparto emprende un viaje por carretera por todo el pa\u00eds para celebrar los 20 a\u00f1os de The Real Housewives.<\/p>\n<\/div>\n","protected":false},"excerpt":{"rendered":"<p>Cynthia Bailey revel\u00f3 que Vicki Gunvalson no la reconoci\u00f3 mientras grababan The Real Housewives Ultimate Girls Trip. La estrella de<\/p>\n","protected":false},"author":1,"featured_media":52606,"comment_status":"open","ping_status":"open","sticky":false,"template":"","format":"standard","meta":{"footnotes":""},"categories":[6],"tags":[3300,3299,3301,1574,3303,3305,306,3298,3304,3207,3302],"class_list":["post-52605","post","type-post","status-publish","format-standard","has-post-thumbnail","hentry","category-famosos","tag-bailey","tag-cynthia","tag-dice","tag-era","tag-gunvalson","tag-miedo","tag-quien","tag-rhugt","tag-sabia","tag-tenia","tag-vicki","generate-columns","tablet-grid-50","mobile-grid-100","grid-parent","grid-50"],"yoast_head":"<!-- This site is optimized with the Yoast SEO plugin v26.1.1 - https:\/\/yoast.com\/wordpress\/plugins\/seo\/ -->\n<title>RHUGT: Cynthia Bailey dice que Vicki Gunvalson no sab\u00eda qui\u00e9n era y ten\u00eda miedo - diario22.ar<\/title>\n<meta name=\"robots\" content=\"index, follow, max-snippet:-1, max-image-preview:large, max-video-preview:-1\" \/>\n<link rel=\"canonical\" href=\"https:\/\/www.diario22.ar\/notix2\/rhugt-cynthia-bailey-dice-que-vicki-gunvalson-no-sabia-quien-era-y-tenia-miedo\/\" \/>\n<meta property=\"og:locale\" content=\"es_ES\" \/>\n<meta property=\"og:type\" content=\"article\" \/>\n<meta property=\"og:title\" content=\"RHUGT: Cynthia Bailey dice que Vicki Gunvalson no sab\u00eda qui\u00e9n era y ten\u00eda miedo - diario22.ar\" \/>\n<meta property=\"og:description\" content=\"Cynthia Bailey revel\u00f3 que Vicki Gunvalson no la reconoci\u00f3 mientras grababan The Real Housewives Ultimate Girls Trip. La estrella de\" \/>\n<meta property=\"og:url\" content=\"https:\/\/www.diario22.ar\/notix2\/rhugt-cynthia-bailey-dice-que-vicki-gunvalson-no-sabia-quien-era-y-tenia-miedo\/\" \/>\n<meta property=\"og:site_name\" content=\"diario22.ar\" \/>\n<meta property=\"article:published_time\" content=\"2026-09-01T16:35:25+00:00\" \/>\n<meta property=\"article:modified_time\" content=\"2026-09-01T16:35:26+00:00\" \/>\n<meta property=\"og:image\" content=\"https:\/\/www.diario22.ar\/notix2\/wp-content\/uploads\/2026\/09\/RHUGT-Cynthia-Bailey-dice-que-Vicki-Gunvalson-no-sabia-quien.jpg\" \/>\n\t<meta property=\"og:image:width\" content=\"1200\" \/>\n\t<meta property=\"og:image:height\" content=\"630\" \/>\n\t<meta property=\"og:image:type\" content=\"image\/jpeg\" \/>\n<meta name=\"author\" content=\"Camila Torres\" \/>\n<meta name=\"twitter:card\" content=\"summary_large_image\" \/>\n<meta name=\"twitter:label1\" content=\"Escrito por\" \/>\n\t<meta name=\"twitter:data1\" content=\"Camila Torres\" \/>\n\t<meta name=\"twitter:label2\" content=\"Tiempo de lectura\" \/>\n\t<meta name=\"twitter:data2\" content=\"2 minutos\" \/>\n<script type=\"application\/ld+json\" class=\"yoast-schema-graph\">{\"@context\":\"https:\/\/schema.org\",\"@graph\":[{\"@type\":\"Article\",\"@id\":\"https:\/\/www.diario22.ar\/notix2\/rhugt-cynthia-bailey-dice-que-vicki-gunvalson-no-sabia-quien-era-y-tenia-miedo\/#article\",\"isPartOf\":{\"@id\":\"https:\/\/www.diario22.ar\/notix2\/rhugt-cynthia-bailey-dice-que-vicki-gunvalson-no-sabia-quien-era-y-tenia-miedo\/\"},\"author\":{\"name\":\"Camila Torres\",\"@id\":\"https:\/\/www.diario22.ar\/notix2\/#\/schema\/person\/e09888e40c26d16af8c8ddbac872e980\"},\"headline\":\"RHUGT: Cynthia Bailey dice que Vicki Gunvalson no sab\u00eda qui\u00e9n era y ten\u00eda miedo\",\"datePublished\":\"2026-09-01T16:35:25+00:00\",\"dateModified\":\"2026-09-01T16:35:26+00:00\",\"mainEntityOfPage\":{\"@id\":\"https:\/\/www.diario22.ar\/notix2\/rhugt-cynthia-bailey-dice-que-vicki-gunvalson-no-sabia-quien-era-y-tenia-miedo\/\"},\"wordCount\":342,\"commentCount\":0,\"publisher\":{\"@id\":\"https:\/\/www.diario22.ar\/notix2\/#organization\"},\"image\":{\"@id\":\"https:\/\/www.diario22.ar\/notix2\/rhugt-cynthia-bailey-dice-que-vicki-gunvalson-no-sabia-quien-era-y-tenia-miedo\/#primaryimage\"},\"thumbnailUrl\":\"https:\/\/www.diario22.ar\/notix2\/wp-content\/uploads\/2026\/09\/RHUGT-Cynthia-Bailey-dice-que-Vicki-Gunvalson-no-sabia-quien.jpg\",\"keywords\":[\"Bailey\",\"Cynthia\",\"dice\",\"era\",\"Gunvalson\",\"miedo\",\"Qui\u00e9n\",\"RHUGT\",\"sab\u00eda\",\"ten\u00eda\",\"Vicki\"],\"articleSection\":[\"Famosos\"],\"inLanguage\":\"es-AR\",\"potentialAction\":[{\"@type\":\"CommentAction\",\"name\":\"Comment\",\"target\":[\"https:\/\/www.diario22.ar\/notix2\/rhugt-cynthia-bailey-dice-que-vicki-gunvalson-no-sabia-quien-era-y-tenia-miedo\/#respond\"]}]},{\"@type\":\"WebPage\",\"@id\":\"https:\/\/www.diario22.ar\/notix2\/rhugt-cynthia-bailey-dice-que-vicki-gunvalson-no-sabia-quien-era-y-tenia-miedo\/\",\"url\":\"https:\/\/www.diario22.ar\/notix2\/rhugt-cynthia-bailey-dice-que-vicki-gunvalson-no-sabia-quien-era-y-tenia-miedo\/\",\"name\":\"RHUGT: Cynthia Bailey dice que Vicki Gunvalson no sab\u00eda qui\u00e9n era y ten\u00eda miedo - diario22.ar\",\"isPartOf\":{\"@id\":\"https:\/\/www.diario22.ar\/notix2\/#website\"},\"primaryImageOfPage\":{\"@id\":\"https:\/\/www.diario22.ar\/notix2\/rhugt-cynthia-bailey-dice-que-vicki-gunvalson-no-sabia-quien-era-y-tenia-miedo\/#primaryimage\"},\"image\":{\"@id\":\"https:\/\/www.diario22.ar\/notix2\/rhugt-cynthia-bailey-dice-que-vicki-gunvalson-no-sabia-quien-era-y-tenia-miedo\/#primaryimage\"},\"thumbnailUrl\":\"https:\/\/www.diario22.ar\/notix2\/wp-content\/uploads\/2026\/09\/RHUGT-Cynthia-Bailey-dice-que-Vicki-Gunvalson-no-sabia-quien.jpg\",\"datePublished\":\"2026-09-01T16:35:25+00:00\",\"dateModified\":\"2026-09-01T16:35:26+00:00\",\"breadcrumb\":{\"@id\":\"https:\/\/www.diario22.ar\/notix2\/rhugt-cynthia-bailey-dice-que-vicki-gunvalson-no-sabia-quien-era-y-tenia-miedo\/#breadcrumb\"},\"inLanguage\":\"es-AR\",\"potentialAction\":[{\"@type\":\"ReadAction\",\"target\":[\"https:\/\/www.diario22.ar\/notix2\/rhugt-cynthia-bailey-dice-que-vicki-gunvalson-no-sabia-quien-era-y-tenia-miedo\/\"]}]},{\"@type\":\"ImageObject\",\"inLanguage\":\"es-AR\",\"@id\":\"https:\/\/www.diario22.ar\/notix2\/rhugt-cynthia-bailey-dice-que-vicki-gunvalson-no-sabia-quien-era-y-tenia-miedo\/#primaryimage\",\"url\":\"https:\/\/www.diario22.ar\/notix2\/wp-content\/uploads\/2026\/09\/RHUGT-Cynthia-Bailey-dice-que-Vicki-Gunvalson-no-sabia-quien.jpg\",\"contentUrl\":\"https:\/\/www.diario22.ar\/notix2\/wp-content\/uploads\/2026\/09\/RHUGT-Cynthia-Bailey-dice-que-Vicki-Gunvalson-no-sabia-quien.jpg\",\"width\":1200,\"height\":630},{\"@type\":\"BreadcrumbList\",\"@id\":\"https:\/\/www.diario22.ar\/notix2\/rhugt-cynthia-bailey-dice-que-vicki-gunvalson-no-sabia-quien-era-y-tenia-miedo\/#breadcrumb\",\"itemListElement\":[{\"@type\":\"ListItem\",\"position\":1,\"name\":\"Home\",\"item\":\"https:\/\/www.diario22.ar\/notix2\/\"},{\"@type\":\"ListItem\",\"position\":2,\"name\":\"RHUGT: Cynthia Bailey dice que Vicki Gunvalson no sab\u00eda qui\u00e9n era y ten\u00eda miedo\"}]},{\"@type\":\"WebSite\",\"@id\":\"https:\/\/www.diario22.ar\/notix2\/#website\",\"url\":\"https:\/\/www.diario22.ar\/notix2\/\",\"name\":\"diario22.ar\",\"description\":\"Vive hoy &amp; descubre lo que viene\",\"publisher\":{\"@id\":\"https:\/\/www.diario22.ar\/notix2\/#organization\"},\"potentialAction\":[{\"@type\":\"SearchAction\",\"target\":{\"@type\":\"EntryPoint\",\"urlTemplate\":\"https:\/\/www.diario22.ar\/notix2\/?s={search_term_string}\"},\"query-input\":{\"@type\":\"PropertyValueSpecification\",\"valueRequired\":true,\"valueName\":\"search_term_string\"}}],\"inLanguage\":\"es-AR\"},{\"@type\":\"Organization\",\"@id\":\"https:\/\/www.diario22.ar\/notix2\/#organization\",\"name\":\"diario22.ar\",\"url\":\"https:\/\/www.diario22.ar\/notix2\/\",\"logo\":{\"@type\":\"ImageObject\",\"inLanguage\":\"es-AR\",\"@id\":\"https:\/\/www.diario22.ar\/notix2\/#\/schema\/logo\/image\/\",\"url\":\"https:\/\/www.diario22.ar\/notix2\/wp-content\/uploads\/2025\/10\/cropped-Publish-1.png\",\"contentUrl\":\"https:\/\/www.diario22.ar\/notix2\/wp-content\/uploads\/2025\/10\/cropped-Publish-1.png\",\"width\":1560,\"height\":722,\"caption\":\"diario22.ar\"},\"image\":{\"@id\":\"https:\/\/www.diario22.ar\/notix2\/#\/schema\/logo\/image\/\"}},{\"@type\":\"Person\",\"@id\":\"https:\/\/www.diario22.ar\/notix2\/#\/schema\/person\/e09888e40c26d16af8c8ddbac872e980\",\"name\":\"Camila Torres\",\"image\":{\"@type\":\"ImageObject\",\"inLanguage\":\"es-AR\",\"@id\":\"https:\/\/www.diario22.ar\/notix2\/#\/schema\/person\/image\/\",\"url\":\"https:\/\/www.diario22.ar\/notix2\/wp-content\/uploads\/2025\/10\/diario22.ar-3-150x150.png\",\"contentUrl\":\"https:\/\/www.diario22.ar\/notix2\/wp-content\/uploads\/2025\/10\/diario22.ar-3-150x150.png\",\"caption\":\"Camila Torres\"},\"description\":\"Soy periodista y redactora en Diario22.ar, apasionada por las historias que conectan la actualidad con la gente. Me form\u00e9 en comunicaci\u00f3n social en Buenos Aires y desde entonces busco darle voz a lo cotidiano, con una mirada curiosa y humana. Creo que el periodismo no solo informa: tambi\u00e9n inspira y transforma.\",\"sameAs\":[\"https:\/\/www.diario22.ar\/notix2\"]}]}<\/script>\n<!-- \/ Yoast SEO plugin. -->","yoast_head_json":{"title":"RHUGT: Cynthia Bailey dice que Vicki Gunvalson no sab\u00eda qui\u00e9n era y ten\u00eda miedo - diario22.ar","robots":{"index":"index","follow":"follow","max-snippet":"max-snippet:-1","max-image-preview":"max-image-preview:large","max-video-preview":"max-video-preview:-1"},"canonical":"https:\/\/www.diario22.ar\/notix2\/rhugt-cynthia-bailey-dice-que-vicki-gunvalson-no-sabia-quien-era-y-tenia-miedo\/","og_locale":"es_ES","og_type":"article","og_title":"RHUGT: Cynthia Bailey dice que Vicki Gunvalson no sab\u00eda qui\u00e9n era y ten\u00eda miedo - diario22.ar","og_description":"Cynthia Bailey revel\u00f3 que Vicki Gunvalson no la reconoci\u00f3 mientras grababan The Real Housewives Ultimate Girls Trip. La estrella de","og_url":"https:\/\/www.diario22.ar\/notix2\/rhugt-cynthia-bailey-dice-que-vicki-gunvalson-no-sabia-quien-era-y-tenia-miedo\/","og_site_name":"diario22.ar","article_published_time":"2026-09-01T16:35:25+00:00","article_modified_time":"2026-09-01T16:35:26+00:00","og_image":[{"width":1200,"height":630,"url":"https:\/\/www.diario22.ar\/notix2\/wp-content\/uploads\/2026\/09\/RHUGT-Cynthia-Bailey-dice-que-Vicki-Gunvalson-no-sabia-quien.jpg","type":"image\/jpeg"}],"author":"Camila Torres","twitter_card":"summary_large_image","twitter_misc":{"Escrito por":"Camila Torres","Tiempo de lectura":"2 minutos"},"schema":{"@context":"https:\/\/schema.org","@graph":[{"@type":"Article","@id":"https:\/\/www.diario22.ar\/notix2\/rhugt-cynthia-bailey-dice-que-vicki-gunvalson-no-sabia-quien-era-y-tenia-miedo\/#article","isPartOf":{"@id":"https:\/\/www.diario22.ar\/notix2\/rhugt-cynthia-bailey-dice-que-vicki-gunvalson-no-sabia-quien-era-y-tenia-miedo\/"},"author":{"name":"Camila Torres","@id":"https:\/\/www.diario22.ar\/notix2\/#\/schema\/person\/e09888e40c26d16af8c8ddbac872e980"},"headline":"RHUGT: Cynthia Bailey dice que Vicki Gunvalson no sab\u00eda qui\u00e9n era y ten\u00eda miedo","datePublished":"2026-09-01T16:35:25+00:00","dateModified":"2026-09-01T16:35:26+00:00","mainEntityOfPage":{"@id":"https:\/\/www.diario22.ar\/notix2\/rhugt-cynthia-bailey-dice-que-vicki-gunvalson-no-sabia-quien-era-y-tenia-miedo\/"},"wordCount":342,"commentCount":0,"publisher":{"@id":"https:\/\/www.diario22.ar\/notix2\/#organization"},"image":{"@id":"https:\/\/www.diario22.ar\/notix2\/rhugt-cynthia-bailey-dice-que-vicki-gunvalson-no-sabia-quien-era-y-tenia-miedo\/#primaryimage"},"thumbnailUrl":"https:\/\/www.diario22.ar\/notix2\/wp-content\/uploads\/2026\/09\/RHUGT-Cynthia-Bailey-dice-que-Vicki-Gunvalson-no-sabia-quien.jpg","keywords":["Bailey","Cynthia","dice","era","Gunvalson","miedo","Qui\u00e9n","RHUGT","sab\u00eda","ten\u00eda","Vicki"],"articleSection":["Famosos"],"inLanguage":"es-AR","potentialAction":[{"@type":"CommentAction","name":"Comment","target":["https:\/\/www.diario22.ar\/notix2\/rhugt-cynthia-bailey-dice-que-vicki-gunvalson-no-sabia-quien-era-y-tenia-miedo\/#respond"]}]},{"@type":"WebPage","@id":"https:\/\/www.diario22.ar\/notix2\/rhugt-cynthia-bailey-dice-que-vicki-gunvalson-no-sabia-quien-era-y-tenia-miedo\/","url":"https:\/\/www.diario22.ar\/notix2\/rhugt-cynthia-bailey-dice-que-vicki-gunvalson-no-sabia-quien-era-y-tenia-miedo\/","name":"RHUGT: Cynthia Bailey dice que Vicki Gunvalson no sab\u00eda qui\u00e9n era y ten\u00eda miedo - diario22.ar","isPartOf":{"@id":"https:\/\/www.diario22.ar\/notix2\/#website"},"primaryImageOfPage":{"@id":"https:\/\/www.diario22.ar\/notix2\/rhugt-cynthia-bailey-dice-que-vicki-gunvalson-no-sabia-quien-era-y-tenia-miedo\/#primaryimage"},"image":{"@id":"https:\/\/www.diario22.ar\/notix2\/rhugt-cynthia-bailey-dice-que-vicki-gunvalson-no-sabia-quien-era-y-tenia-miedo\/#primaryimage"},"thumbnailUrl":"https:\/\/www.diario22.ar\/notix2\/wp-content\/uploads\/2026\/09\/RHUGT-Cynthia-Bailey-dice-que-Vicki-Gunvalson-no-sabia-quien.jpg","datePublished":"2026-09-01T16:35:25+00:00","dateModified":"2026-09-01T16:35:26+00:00","breadcrumb":{"@id":"https:\/\/www.diario22.ar\/notix2\/rhugt-cynthia-bailey-dice-que-vicki-gunvalson-no-sabia-quien-era-y-tenia-miedo\/#breadcrumb"},"inLanguage":"es-AR","potentialAction":[{"@type":"ReadAction","target":["https:\/\/www.diario22.ar\/notix2\/rhugt-cynthia-bailey-dice-que-vicki-gunvalson-no-sabia-quien-era-y-tenia-miedo\/"]}]},{"@type":"ImageObject","inLanguage":"es-AR","@id":"https:\/\/www.diario22.ar\/notix2\/rhugt-cynthia-bailey-dice-que-vicki-gunvalson-no-sabia-quien-era-y-tenia-miedo\/#primaryimage","url":"https:\/\/www.diario22.ar\/notix2\/wp-content\/uploads\/2026\/09\/RHUGT-Cynthia-Bailey-dice-que-Vicki-Gunvalson-no-sabia-quien.jpg","contentUrl":"https:\/\/www.diario22.ar\/notix2\/wp-content\/uploads\/2026\/09\/RHUGT-Cynthia-Bailey-dice-que-Vicki-Gunvalson-no-sabia-quien.jpg","width":1200,"height":630},{"@type":"BreadcrumbList","@id":"https:\/\/www.diario22.ar\/notix2\/rhugt-cynthia-bailey-dice-que-vicki-gunvalson-no-sabia-quien-era-y-tenia-miedo\/#breadcrumb","itemListElement":[{"@type":"ListItem","position":1,"name":"Home","item":"https:\/\/www.diario22.ar\/notix2\/"},{"@type":"ListItem","position":2,"name":"RHUGT: Cynthia Bailey dice que Vicki Gunvalson no sab\u00eda qui\u00e9n era y ten\u00eda miedo"}]},{"@type":"WebSite","@id":"https:\/\/www.diario22.ar\/notix2\/#website","url":"https:\/\/www.diario22.ar\/notix2\/","name":"diario22.ar","description":"Vive hoy &amp; descubre lo que viene","publisher":{"@id":"https:\/\/www.diario22.ar\/notix2\/#organization"},"potentialAction":[{"@type":"SearchAction","target":{"@type":"EntryPoint","urlTemplate":"https:\/\/www.diario22.ar\/notix2\/?s={search_term_string}"},"query-input":{"@type":"PropertyValueSpecification","valueRequired":true,"valueName":"search_term_string"}}],"inLanguage":"es-AR"},{"@type":"Organization","@id":"https:\/\/www.diario22.ar\/notix2\/#organization","name":"diario22.ar","url":"https:\/\/www.diario22.ar\/notix2\/","logo":{"@type":"ImageObject","inLanguage":"es-AR","@id":"https:\/\/www.diario22.ar\/notix2\/#\/schema\/logo\/image\/","url":"https:\/\/www.diario22.ar\/notix2\/wp-content\/uploads\/2025\/10\/cropped-Publish-1.png","contentUrl":"https:\/\/www.diario22.ar\/notix2\/wp-content\/uploads\/2025\/10\/cropped-Publish-1.png","width":1560,"height":722,"caption":"diario22.ar"},"image":{"@id":"https:\/\/www.diario22.ar\/notix2\/#\/schema\/logo\/image\/"}},{"@type":"Person","@id":"https:\/\/www.diario22.ar\/notix2\/#\/schema\/person\/e09888e40c26d16af8c8ddbac872e980","name":"Camila Torres","image":{"@type":"ImageObject","inLanguage":"es-AR","@id":"https:\/\/www.diario22.ar\/notix2\/#\/schema\/person\/image\/","url":"https:\/\/www.diario22.ar\/notix2\/wp-content\/uploads\/2025\/10\/diario22.ar-3-150x150.png","contentUrl":"https:\/\/www.diario22.ar\/notix2\/wp-content\/uploads\/2025\/10\/diario22.ar-3-150x150.png","caption":"Camila Torres"},"description":"Soy periodista y redactora en Diario22.ar, apasionada por las historias que conectan la actualidad con la gente. Me form\u00e9 en comunicaci\u00f3n social en Buenos Aires y desde entonces busco darle voz a lo cotidiano, con una mirada curiosa y humana. Creo que el periodismo no solo informa: tambi\u00e9n inspira y transforma.","sameAs":["https:\/\/www.diario22.ar\/notix2"]}]}},"_links":{"self":[{"href":"https:\/\/www.diario22.ar\/notix2\/wp-json\/wp\/v2\/posts\/52605","targetHints":{"allow":["GET"]}}],"collection":[{"href":"https:\/\/www.diario22.ar\/notix2\/wp-json\/wp\/v2\/posts"}],"about":[{"href":"https:\/\/www.diario22.ar\/notix2\/wp-json\/wp\/v2\/types\/post"}],"author":[{"embeddable":true,"href":"https:\/\/www.diario22.ar\/notix2\/wp-json\/wp\/v2\/users\/1"}],"replies":[{"embeddable":true,"href":"https:\/\/www.diario22.ar\/notix2\/wp-json\/wp\/v2\/comments?post=52605"}],"version-history":[{"count":1,"href":"https:\/\/www.diario22.ar\/notix2\/wp-json\/wp\/v2\/posts\/52605\/revisions"}],"predecessor-version":[{"id":52607,"href":"https:\/\/www.diario22.ar\/notix2\/wp-json\/wp\/v2\/posts\/52605\/revisions\/52607"}],"wp:featuredmedia":[{"embeddable":true,"href":"https:\/\/www.diario22.ar\/notix2\/wp-json\/wp\/v2\/media\/52606"}],"wp:attachment":[{"href":"https:\/\/www.diario22.ar\/notix2\/wp-json\/wp\/v2\/media?parent=52605"}],"wp:term":[{"taxonomy":"category","embeddable":true,"href":"https:\/\/www.diario22.ar\/notix2\/wp-json\/wp\/v2\/categories?post=52605"},{"taxonomy":"post_tag","embeddable":true,"href":"https:\/\/www.diario22.ar\/notix2\/wp-json\/wp\/v2\/tags?post=52605"}],"curies":[{"name":"wp","href":"https:\/\/api.w.org\/{rel}","templated":true}]}}