{"id":52602,"date":"2026-09-01T01:35:26","date_gmt":"2026-09-01T04:35:26","guid":{"rendered":"https:\/\/www.diario22.ar\/notix2\/riley-burruss-afirma-que-la-reaccion-a-next-gen-nyc-se-volvio-racista\/"},"modified":"2026-09-01T01:35:27","modified_gmt":"2026-09-01T04:35:27","slug":"riley-burruss-afirma-que-la-reaccion-a-next-gen-nyc-se-volvio-racista","status":"publish","type":"post","link":"https:\/\/www.diario22.ar\/notix2\/riley-burruss-afirma-que-la-reaccion-a-next-gen-nyc-se-volvio-racista\/","title":{"rendered":"Riley Burruss afirma que la reacci\u00f3n a \u00abNext Gen NYC\u00bb se volvi\u00f3 racista"},"content":{"rendered":"<div>\n<p><strong>Riley Burruss<\/strong> se ha ganado una gran notoriedad a una edad temprana, principalmente gracias a sus apariciones en los reality shows de Bravo The Real Housewives of Atlanta y <strong>Next Gen NYC<\/strong>. Aunque recientemente ha estado en los titulares por la segunda temporada, la personalidad de la televisi\u00f3n ha hablado abiertamente de un momento complicado y sus consecuencias en la vida real tras que la situaci\u00f3n se volviera racista.<\/p>\n<h2 class=\"wp-block-heading\" id=\"h-riley-says-criticism-of-her-next-gen-nyc-behavior-crossed-the-line-into-racism\">Riley afirma que las cr\u00edticas a su comportamiento en Next Gen NYC cruzaron la l\u00ednea y se volvieron racistas<\/h2>\n<p>Seg\u00fan la cobertura de <strong>Bossip<\/strong>, la joven de 23 a\u00f1os apareci\u00f3 recientemente en el podcast Casual Chaos de Gia Giudice, donde habl\u00f3 sobre las repercusiones de un episodio en el que Riley Burruss se emborrach\u00f3 mucho durante una noche entre amigas. Su comportamiento no agrad\u00f3 a los espectadores, y revel\u00f3 que recibi\u00f3 mensajes amenazantes, incluidos comentarios racistas.<\/p>\n<p>Riley dijo: \u201cRecib\u00ed mensajes racistas, y tuve que desconectar literalmente mi tel\u00e9fono durante una semana.\u201d<\/p>\n<p>Sin embargo, la hija de Kandi Burruss no afirma que fuera inocente; reconoce plenamente su error y comprende por qu\u00e9 la gente se molest\u00f3. Sin embargo, dej\u00f3 claro que no considera aceptables los comentarios racistas dirigidos hacia ella.<\/p>\n<p>Riley dijo: \u201cLo entiendo. La forma en que aparec\u00ed en la televisi\u00f3n realmente no estuvo bien. Cuando se trata de raza, de todas esas cosas, de las microagresiones, eso no est\u00e1 bien.\u201d<\/p>\n<p>La situaci\u00f3n no se limit\u00f3 a las cr\u00edticas de los espectadores, ya que Riley Burruss tambi\u00e9n revel\u00f3 c\u00f3mo el episodio, y especialmente su comportamiento, ha afectado su amistad con Ariana Biermann. Seg\u00fan Burruss, ya no son tan cercanas como antes, aunque ella cree que Ariana no conoce el contexto completo de la situaci\u00f3n.<\/p>\n<p>En cuanto a la Temporada 2 de Next Gen NYC, se estren\u00f3 el 24 de junio de 2026 y contin\u00faa en emisi\u00f3n. El reparto que retorna incluye a <strong>Ariana Biermann<\/strong>, Riley Burruss, <strong>Emira D\u2019Spain<\/strong>, Brooks Marks, Ava Dash, Gia Giudice, Georgia McCann, Charlie Zakkour, Shai Fruchter y Hudson McLeroy.<\/p>\n<p><strong>\u00bfQU\u00c9 PIENSAS SOBRE QUE LAS CR\u00cdTICAS SE HAYAN CONVERTIDO EN RACISMO?<\/strong><\/p>\n<\/div>\n","protected":false},"excerpt":{"rendered":"<p>Riley Burruss se ha ganado una gran notoriedad a una edad temprana, principalmente gracias a sus apariciones en los reality<\/p>\n","protected":false},"author":1,"featured_media":52603,"comment_status":"open","ping_status":"open","sticky":false,"template":"","format":"standard","meta":{"footnotes":""},"categories":[6],"tags":[2713,3292,3294,3295,3297,3293,3291,3296],"class_list":["post-52602","post","type-post","status-publish","format-standard","has-post-thumbnail","hentry","category-famosos","tag-afirma","tag-burruss","tag-gen","tag-nyc","tag-racista","tag-reaccion","tag-riley","tag-volvio","generate-columns","tablet-grid-50","mobile-grid-100","grid-parent","grid-50"],"yoast_head":"<!-- This site is optimized with the Yoast SEO plugin v26.1.1 - https:\/\/yoast.com\/wordpress\/plugins\/seo\/ -->\n<title>Riley Burruss afirma que la reacci\u00f3n a \u00abNext Gen NYC\u00bb se volvi\u00f3 racista - diario22.ar<\/title>\n<meta name=\"robots\" content=\"index, follow, max-snippet:-1, max-image-preview:large, max-video-preview:-1\" \/>\n<link rel=\"canonical\" href=\"https:\/\/www.diario22.ar\/notix2\/riley-burruss-afirma-que-la-reaccion-a-next-gen-nyc-se-volvio-racista\/\" \/>\n<meta property=\"og:locale\" content=\"es_ES\" \/>\n<meta property=\"og:type\" content=\"article\" \/>\n<meta property=\"og:title\" content=\"Riley Burruss afirma que la reacci\u00f3n a \u00abNext Gen NYC\u00bb se volvi\u00f3 racista - diario22.ar\" \/>\n<meta property=\"og:description\" content=\"Riley Burruss se ha ganado una gran notoriedad a una edad temprana, principalmente gracias a sus apariciones en los reality\" \/>\n<meta property=\"og:url\" content=\"https:\/\/www.diario22.ar\/notix2\/riley-burruss-afirma-que-la-reaccion-a-next-gen-nyc-se-volvio-racista\/\" \/>\n<meta property=\"og:site_name\" content=\"diario22.ar\" \/>\n<meta property=\"article:published_time\" content=\"2026-09-01T04:35:26+00:00\" \/>\n<meta property=\"article:modified_time\" content=\"2026-09-01T04:35:27+00:00\" \/>\n<meta property=\"og:image\" content=\"https:\/\/www.diario22.ar\/notix2\/wp-content\/uploads\/2026\/09\/Riley-Burruss-afirma-que-la-reaccion-a-Next-Gen-NYC.png\" \/>\n\t<meta property=\"og:image:width\" content=\"1200\" \/>\n\t<meta property=\"og:image:height\" content=\"630\" \/>\n\t<meta property=\"og:image:type\" content=\"image\/png\" \/>\n<meta name=\"author\" content=\"Camila Torres\" \/>\n<meta name=\"twitter:card\" content=\"summary_large_image\" \/>\n<meta name=\"twitter:label1\" content=\"Escrito por\" \/>\n\t<meta name=\"twitter:data1\" content=\"Camila Torres\" \/>\n\t<meta name=\"twitter:label2\" content=\"Tiempo de lectura\" \/>\n\t<meta name=\"twitter:data2\" content=\"2 minutos\" \/>\n<script type=\"application\/ld+json\" class=\"yoast-schema-graph\">{\"@context\":\"https:\/\/schema.org\",\"@graph\":[{\"@type\":\"Article\",\"@id\":\"https:\/\/www.diario22.ar\/notix2\/riley-burruss-afirma-que-la-reaccion-a-next-gen-nyc-se-volvio-racista\/#article\",\"isPartOf\":{\"@id\":\"https:\/\/www.diario22.ar\/notix2\/riley-burruss-afirma-que-la-reaccion-a-next-gen-nyc-se-volvio-racista\/\"},\"author\":{\"name\":\"Camila Torres\",\"@id\":\"https:\/\/www.diario22.ar\/notix2\/#\/schema\/person\/e09888e40c26d16af8c8ddbac872e980\"},\"headline\":\"Riley Burruss afirma que la reacci\u00f3n a \u00abNext Gen NYC\u00bb se volvi\u00f3 racista\",\"datePublished\":\"2026-09-01T04:35:26+00:00\",\"dateModified\":\"2026-09-01T04:35:27+00:00\",\"mainEntityOfPage\":{\"@id\":\"https:\/\/www.diario22.ar\/notix2\/riley-burruss-afirma-que-la-reaccion-a-next-gen-nyc-se-volvio-racista\/\"},\"wordCount\":371,\"commentCount\":0,\"publisher\":{\"@id\":\"https:\/\/www.diario22.ar\/notix2\/#organization\"},\"image\":{\"@id\":\"https:\/\/www.diario22.ar\/notix2\/riley-burruss-afirma-que-la-reaccion-a-next-gen-nyc-se-volvio-racista\/#primaryimage\"},\"thumbnailUrl\":\"https:\/\/www.diario22.ar\/notix2\/wp-content\/uploads\/2026\/09\/Riley-Burruss-afirma-que-la-reaccion-a-Next-Gen-NYC.png\",\"keywords\":[\"afirma\",\"Burruss\",\"Gen\",\"NYC\",\"racista\",\"reacci\u00f3n\",\"Riley\",\"volvi\u00f3\"],\"articleSection\":[\"Famosos\"],\"inLanguage\":\"es-AR\",\"potentialAction\":[{\"@type\":\"CommentAction\",\"name\":\"Comment\",\"target\":[\"https:\/\/www.diario22.ar\/notix2\/riley-burruss-afirma-que-la-reaccion-a-next-gen-nyc-se-volvio-racista\/#respond\"]}]},{\"@type\":\"WebPage\",\"@id\":\"https:\/\/www.diario22.ar\/notix2\/riley-burruss-afirma-que-la-reaccion-a-next-gen-nyc-se-volvio-racista\/\",\"url\":\"https:\/\/www.diario22.ar\/notix2\/riley-burruss-afirma-que-la-reaccion-a-next-gen-nyc-se-volvio-racista\/\",\"name\":\"Riley Burruss afirma que la reacci\u00f3n a \u00abNext Gen NYC\u00bb se volvi\u00f3 racista - diario22.ar\",\"isPartOf\":{\"@id\":\"https:\/\/www.diario22.ar\/notix2\/#website\"},\"primaryImageOfPage\":{\"@id\":\"https:\/\/www.diario22.ar\/notix2\/riley-burruss-afirma-que-la-reaccion-a-next-gen-nyc-se-volvio-racista\/#primaryimage\"},\"image\":{\"@id\":\"https:\/\/www.diario22.ar\/notix2\/riley-burruss-afirma-que-la-reaccion-a-next-gen-nyc-se-volvio-racista\/#primaryimage\"},\"thumbnailUrl\":\"https:\/\/www.diario22.ar\/notix2\/wp-content\/uploads\/2026\/09\/Riley-Burruss-afirma-que-la-reaccion-a-Next-Gen-NYC.png\",\"datePublished\":\"2026-09-01T04:35:26+00:00\",\"dateModified\":\"2026-09-01T04:35:27+00:00\",\"breadcrumb\":{\"@id\":\"https:\/\/www.diario22.ar\/notix2\/riley-burruss-afirma-que-la-reaccion-a-next-gen-nyc-se-volvio-racista\/#breadcrumb\"},\"inLanguage\":\"es-AR\",\"potentialAction\":[{\"@type\":\"ReadAction\",\"target\":[\"https:\/\/www.diario22.ar\/notix2\/riley-burruss-afirma-que-la-reaccion-a-next-gen-nyc-se-volvio-racista\/\"]}]},{\"@type\":\"ImageObject\",\"inLanguage\":\"es-AR\",\"@id\":\"https:\/\/www.diario22.ar\/notix2\/riley-burruss-afirma-que-la-reaccion-a-next-gen-nyc-se-volvio-racista\/#primaryimage\",\"url\":\"https:\/\/www.diario22.ar\/notix2\/wp-content\/uploads\/2026\/09\/Riley-Burruss-afirma-que-la-reaccion-a-Next-Gen-NYC.png\",\"contentUrl\":\"https:\/\/www.diario22.ar\/notix2\/wp-content\/uploads\/2026\/09\/Riley-Burruss-afirma-que-la-reaccion-a-Next-Gen-NYC.png\",\"width\":1200,\"height\":630},{\"@type\":\"BreadcrumbList\",\"@id\":\"https:\/\/www.diario22.ar\/notix2\/riley-burruss-afirma-que-la-reaccion-a-next-gen-nyc-se-volvio-racista\/#breadcrumb\",\"itemListElement\":[{\"@type\":\"ListItem\",\"position\":1,\"name\":\"Home\",\"item\":\"https:\/\/www.diario22.ar\/notix2\/\"},{\"@type\":\"ListItem\",\"position\":2,\"name\":\"Riley Burruss afirma que la reacci\u00f3n a \u00abNext Gen NYC\u00bb se volvi\u00f3 racista\"}]},{\"@type\":\"WebSite\",\"@id\":\"https:\/\/www.diario22.ar\/notix2\/#website\",\"url\":\"https:\/\/www.diario22.ar\/notix2\/\",\"name\":\"diario22.ar\",\"description\":\"Vive hoy &amp; descubre lo que viene\",\"publisher\":{\"@id\":\"https:\/\/www.diario22.ar\/notix2\/#organization\"},\"potentialAction\":[{\"@type\":\"SearchAction\",\"target\":{\"@type\":\"EntryPoint\",\"urlTemplate\":\"https:\/\/www.diario22.ar\/notix2\/?s={search_term_string}\"},\"query-input\":{\"@type\":\"PropertyValueSpecification\",\"valueRequired\":true,\"valueName\":\"search_term_string\"}}],\"inLanguage\":\"es-AR\"},{\"@type\":\"Organization\",\"@id\":\"https:\/\/www.diario22.ar\/notix2\/#organization\",\"name\":\"diario22.ar\",\"url\":\"https:\/\/www.diario22.ar\/notix2\/\",\"logo\":{\"@type\":\"ImageObject\",\"inLanguage\":\"es-AR\",\"@id\":\"https:\/\/www.diario22.ar\/notix2\/#\/schema\/logo\/image\/\",\"url\":\"https:\/\/www.diario22.ar\/notix2\/wp-content\/uploads\/2025\/10\/cropped-Publish-1.png\",\"contentUrl\":\"https:\/\/www.diario22.ar\/notix2\/wp-content\/uploads\/2025\/10\/cropped-Publish-1.png\",\"width\":1560,\"height\":722,\"caption\":\"diario22.ar\"},\"image\":{\"@id\":\"https:\/\/www.diario22.ar\/notix2\/#\/schema\/logo\/image\/\"}},{\"@type\":\"Person\",\"@id\":\"https:\/\/www.diario22.ar\/notix2\/#\/schema\/person\/e09888e40c26d16af8c8ddbac872e980\",\"name\":\"Camila Torres\",\"image\":{\"@type\":\"ImageObject\",\"inLanguage\":\"es-AR\",\"@id\":\"https:\/\/www.diario22.ar\/notix2\/#\/schema\/person\/image\/\",\"url\":\"https:\/\/www.diario22.ar\/notix2\/wp-content\/uploads\/2025\/10\/diario22.ar-3-150x150.png\",\"contentUrl\":\"https:\/\/www.diario22.ar\/notix2\/wp-content\/uploads\/2025\/10\/diario22.ar-3-150x150.png\",\"caption\":\"Camila Torres\"},\"description\":\"Soy periodista y redactora en Diario22.ar, apasionada por las historias que conectan la actualidad con la gente. Me form\u00e9 en comunicaci\u00f3n social en Buenos Aires y desde entonces busco darle voz a lo cotidiano, con una mirada curiosa y humana. Creo que el periodismo no solo informa: tambi\u00e9n inspira y transforma.\",\"sameAs\":[\"https:\/\/www.diario22.ar\/notix2\"]}]}<\/script>\n<!-- \/ Yoast SEO plugin. -->","yoast_head_json":{"title":"Riley Burruss afirma que la reacci\u00f3n a \u00abNext Gen NYC\u00bb se volvi\u00f3 racista - diario22.ar","robots":{"index":"index","follow":"follow","max-snippet":"max-snippet:-1","max-image-preview":"max-image-preview:large","max-video-preview":"max-video-preview:-1"},"canonical":"https:\/\/www.diario22.ar\/notix2\/riley-burruss-afirma-que-la-reaccion-a-next-gen-nyc-se-volvio-racista\/","og_locale":"es_ES","og_type":"article","og_title":"Riley Burruss afirma que la reacci\u00f3n a \u00abNext Gen NYC\u00bb se volvi\u00f3 racista - diario22.ar","og_description":"Riley Burruss se ha ganado una gran notoriedad a una edad temprana, principalmente gracias a sus apariciones en los reality","og_url":"https:\/\/www.diario22.ar\/notix2\/riley-burruss-afirma-que-la-reaccion-a-next-gen-nyc-se-volvio-racista\/","og_site_name":"diario22.ar","article_published_time":"2026-09-01T04:35:26+00:00","article_modified_time":"2026-09-01T04:35:27+00:00","og_image":[{"width":1200,"height":630,"url":"https:\/\/www.diario22.ar\/notix2\/wp-content\/uploads\/2026\/09\/Riley-Burruss-afirma-que-la-reaccion-a-Next-Gen-NYC.png","type":"image\/png"}],"author":"Camila Torres","twitter_card":"summary_large_image","twitter_misc":{"Escrito por":"Camila Torres","Tiempo de lectura":"2 minutos"},"schema":{"@context":"https:\/\/schema.org","@graph":[{"@type":"Article","@id":"https:\/\/www.diario22.ar\/notix2\/riley-burruss-afirma-que-la-reaccion-a-next-gen-nyc-se-volvio-racista\/#article","isPartOf":{"@id":"https:\/\/www.diario22.ar\/notix2\/riley-burruss-afirma-que-la-reaccion-a-next-gen-nyc-se-volvio-racista\/"},"author":{"name":"Camila Torres","@id":"https:\/\/www.diario22.ar\/notix2\/#\/schema\/person\/e09888e40c26d16af8c8ddbac872e980"},"headline":"Riley Burruss afirma que la reacci\u00f3n a \u00abNext Gen NYC\u00bb se volvi\u00f3 racista","datePublished":"2026-09-01T04:35:26+00:00","dateModified":"2026-09-01T04:35:27+00:00","mainEntityOfPage":{"@id":"https:\/\/www.diario22.ar\/notix2\/riley-burruss-afirma-que-la-reaccion-a-next-gen-nyc-se-volvio-racista\/"},"wordCount":371,"commentCount":0,"publisher":{"@id":"https:\/\/www.diario22.ar\/notix2\/#organization"},"image":{"@id":"https:\/\/www.diario22.ar\/notix2\/riley-burruss-afirma-que-la-reaccion-a-next-gen-nyc-se-volvio-racista\/#primaryimage"},"thumbnailUrl":"https:\/\/www.diario22.ar\/notix2\/wp-content\/uploads\/2026\/09\/Riley-Burruss-afirma-que-la-reaccion-a-Next-Gen-NYC.png","keywords":["afirma","Burruss","Gen","NYC","racista","reacci\u00f3n","Riley","volvi\u00f3"],"articleSection":["Famosos"],"inLanguage":"es-AR","potentialAction":[{"@type":"CommentAction","name":"Comment","target":["https:\/\/www.diario22.ar\/notix2\/riley-burruss-afirma-que-la-reaccion-a-next-gen-nyc-se-volvio-racista\/#respond"]}]},{"@type":"WebPage","@id":"https:\/\/www.diario22.ar\/notix2\/riley-burruss-afirma-que-la-reaccion-a-next-gen-nyc-se-volvio-racista\/","url":"https:\/\/www.diario22.ar\/notix2\/riley-burruss-afirma-que-la-reaccion-a-next-gen-nyc-se-volvio-racista\/","name":"Riley Burruss afirma que la reacci\u00f3n a \u00abNext Gen NYC\u00bb se volvi\u00f3 racista - diario22.ar","isPartOf":{"@id":"https:\/\/www.diario22.ar\/notix2\/#website"},"primaryImageOfPage":{"@id":"https:\/\/www.diario22.ar\/notix2\/riley-burruss-afirma-que-la-reaccion-a-next-gen-nyc-se-volvio-racista\/#primaryimage"},"image":{"@id":"https:\/\/www.diario22.ar\/notix2\/riley-burruss-afirma-que-la-reaccion-a-next-gen-nyc-se-volvio-racista\/#primaryimage"},"thumbnailUrl":"https:\/\/www.diario22.ar\/notix2\/wp-content\/uploads\/2026\/09\/Riley-Burruss-afirma-que-la-reaccion-a-Next-Gen-NYC.png","datePublished":"2026-09-01T04:35:26+00:00","dateModified":"2026-09-01T04:35:27+00:00","breadcrumb":{"@id":"https:\/\/www.diario22.ar\/notix2\/riley-burruss-afirma-que-la-reaccion-a-next-gen-nyc-se-volvio-racista\/#breadcrumb"},"inLanguage":"es-AR","potentialAction":[{"@type":"ReadAction","target":["https:\/\/www.diario22.ar\/notix2\/riley-burruss-afirma-que-la-reaccion-a-next-gen-nyc-se-volvio-racista\/"]}]},{"@type":"ImageObject","inLanguage":"es-AR","@id":"https:\/\/www.diario22.ar\/notix2\/riley-burruss-afirma-que-la-reaccion-a-next-gen-nyc-se-volvio-racista\/#primaryimage","url":"https:\/\/www.diario22.ar\/notix2\/wp-content\/uploads\/2026\/09\/Riley-Burruss-afirma-que-la-reaccion-a-Next-Gen-NYC.png","contentUrl":"https:\/\/www.diario22.ar\/notix2\/wp-content\/uploads\/2026\/09\/Riley-Burruss-afirma-que-la-reaccion-a-Next-Gen-NYC.png","width":1200,"height":630},{"@type":"BreadcrumbList","@id":"https:\/\/www.diario22.ar\/notix2\/riley-burruss-afirma-que-la-reaccion-a-next-gen-nyc-se-volvio-racista\/#breadcrumb","itemListElement":[{"@type":"ListItem","position":1,"name":"Home","item":"https:\/\/www.diario22.ar\/notix2\/"},{"@type":"ListItem","position":2,"name":"Riley Burruss afirma que la reacci\u00f3n a \u00abNext Gen NYC\u00bb se volvi\u00f3 racista"}]},{"@type":"WebSite","@id":"https:\/\/www.diario22.ar\/notix2\/#website","url":"https:\/\/www.diario22.ar\/notix2\/","name":"diario22.ar","description":"Vive hoy &amp; descubre lo que viene","publisher":{"@id":"https:\/\/www.diario22.ar\/notix2\/#organization"},"potentialAction":[{"@type":"SearchAction","target":{"@type":"EntryPoint","urlTemplate":"https:\/\/www.diario22.ar\/notix2\/?s={search_term_string}"},"query-input":{"@type":"PropertyValueSpecification","valueRequired":true,"valueName":"search_term_string"}}],"inLanguage":"es-AR"},{"@type":"Organization","@id":"https:\/\/www.diario22.ar\/notix2\/#organization","name":"diario22.ar","url":"https:\/\/www.diario22.ar\/notix2\/","logo":{"@type":"ImageObject","inLanguage":"es-AR","@id":"https:\/\/www.diario22.ar\/notix2\/#\/schema\/logo\/image\/","url":"https:\/\/www.diario22.ar\/notix2\/wp-content\/uploads\/2025\/10\/cropped-Publish-1.png","contentUrl":"https:\/\/www.diario22.ar\/notix2\/wp-content\/uploads\/2025\/10\/cropped-Publish-1.png","width":1560,"height":722,"caption":"diario22.ar"},"image":{"@id":"https:\/\/www.diario22.ar\/notix2\/#\/schema\/logo\/image\/"}},{"@type":"Person","@id":"https:\/\/www.diario22.ar\/notix2\/#\/schema\/person\/e09888e40c26d16af8c8ddbac872e980","name":"Camila Torres","image":{"@type":"ImageObject","inLanguage":"es-AR","@id":"https:\/\/www.diario22.ar\/notix2\/#\/schema\/person\/image\/","url":"https:\/\/www.diario22.ar\/notix2\/wp-content\/uploads\/2025\/10\/diario22.ar-3-150x150.png","contentUrl":"https:\/\/www.diario22.ar\/notix2\/wp-content\/uploads\/2025\/10\/diario22.ar-3-150x150.png","caption":"Camila Torres"},"description":"Soy periodista y redactora en Diario22.ar, apasionada por las historias que conectan la actualidad con la gente. Me form\u00e9 en comunicaci\u00f3n social en Buenos Aires y desde entonces busco darle voz a lo cotidiano, con una mirada curiosa y humana. Creo que el periodismo no solo informa: tambi\u00e9n inspira y transforma.","sameAs":["https:\/\/www.diario22.ar\/notix2"]}]}},"_links":{"self":[{"href":"https:\/\/www.diario22.ar\/notix2\/wp-json\/wp\/v2\/posts\/52602","targetHints":{"allow":["GET"]}}],"collection":[{"href":"https:\/\/www.diario22.ar\/notix2\/wp-json\/wp\/v2\/posts"}],"about":[{"href":"https:\/\/www.diario22.ar\/notix2\/wp-json\/wp\/v2\/types\/post"}],"author":[{"embeddable":true,"href":"https:\/\/www.diario22.ar\/notix2\/wp-json\/wp\/v2\/users\/1"}],"replies":[{"embeddable":true,"href":"https:\/\/www.diario22.ar\/notix2\/wp-json\/wp\/v2\/comments?post=52602"}],"version-history":[{"count":1,"href":"https:\/\/www.diario22.ar\/notix2\/wp-json\/wp\/v2\/posts\/52602\/revisions"}],"predecessor-version":[{"id":52604,"href":"https:\/\/www.diario22.ar\/notix2\/wp-json\/wp\/v2\/posts\/52602\/revisions\/52604"}],"wp:featuredmedia":[{"embeddable":true,"href":"https:\/\/www.diario22.ar\/notix2\/wp-json\/wp\/v2\/media\/52603"}],"wp:attachment":[{"href":"https:\/\/www.diario22.ar\/notix2\/wp-json\/wp\/v2\/media?parent=52602"}],"wp:term":[{"taxonomy":"category","embeddable":true,"href":"https:\/\/www.diario22.ar\/notix2\/wp-json\/wp\/v2\/categories?post=52602"},{"taxonomy":"post_tag","embeddable":true,"href":"https:\/\/www.diario22.ar\/notix2\/wp-json\/wp\/v2\/tags?post=52602"}],"curies":[{"name":"wp","href":"https:\/\/api.w.org\/{rel}","templated":true}]}}