{"id":51883,"date":"2026-04-30T12:36:14","date_gmt":"2026-04-30T15:36:14","guid":{"rendered":"https:\/\/www.diario22.ar\/notix2\/la-reposteria-de-taylor-swift-hizo-dano-a-travis-kelce\/"},"modified":"2026-04-30T12:36:15","modified_gmt":"2026-04-30T15:36:15","slug":"la-reposteria-de-taylor-swift-hizo-dano-a-travis-kelce","status":"publish","type":"post","link":"https:\/\/www.diario22.ar\/notix2\/la-reposteria-de-taylor-swift-hizo-dano-a-travis-kelce\/","title":{"rendered":"La reposter\u00eda de Taylor Swift hizo da\u00f1o a Travis Kelce"},"content":{"rendered":"<div>\n<p>Con una broma, admiti\u00f3 que ha ganado peso gracias a su prometida, <strong>Taylor Swift<\/strong>, y a su afici\u00f3n por el pan de masa madre casero, en un nuevo episodio de Not Gonna Lie con Kylie Kelce. El entusiasmo de Swift por la masa madre se ha convertido en todo un rasgo caracter\u00edstico entre su c\u00edrculo \u00edntimo.<\/p>\n<h2 class=\"wp-block-heading\" id=\"h-travis-kelce-points-fingers-at-taylor-swift-s-sourdough-for-gaining-weight-and-breaking-a-chair\">Travis Kelce se\u00f1ala la masa madre de Taylor Swift por ganar peso y por romper una silla<\/h2>\n<p>Present\u00e1ndose con una sonrisa, la estrella de la NFL brome\u00f3: \u00abHola, soy Travis Kelce, el cu\u00f1ado de Kylie Kelce\u00bb, antes de a\u00f1adir: \u00abNo voy a mentir: romp\u00ed la silla de Taylor con el peso que gan\u00e9 gracias a su pan de masa madre\u00bb. A pesar de la silla rota, Travis no tuvo m\u00e1s que elogios para las habilidades de reposter\u00eda de Taylor Swift, bromeando que su masa madre promueve una \u00abbuena salud intestinal\u00bb. La presentadora Kylie se ri\u00f3 y lo resumi\u00f3: \u00abEso es amor verdadero\u00bb.<\/p>\n<p>La ganadora de 14 premios Grammy comparti\u00f3 recientemente panes caseros con amigas, entre ellas Este Haim, Danielle Haim y Alana Haim, as\u00ed como con la artista Sombr, a principios de este a\u00f1o. Su amor por la reposter\u00eda tambi\u00e9n sali\u00f3 a relucir durante su aparici\u00f3n en New Heights en agosto de 2025, cuando se uni\u00f3 a Travis y a su hermano Jason Kelce para una charla franca sobre la vida en casa.<\/p>\n<p>En el podcast, Taylor Swift describi\u00f3 juguetonamente sus intereses como anticuados. \u00abTodos mis pasatiempos podr\u00edan clasificarse como aquellos que podr\u00edas haber tenido en el siglo XVIII\u00bb, brome\u00f3, llam\u00e1ndolos sus aficiones de \u00ababuela\u00bb. Swift continu\u00f3 admitiendo que alterna obsesiones de horneado cada pocos meses. \u00abTengo una obsesi\u00f3n de reposter\u00eda diferente cada seis meses\u00bb, dijo\u2014lo que llev\u00f3 a Kelce a comentar: \u00abSoy el hombre m\u00e1s afortunado del mundo\u00bb.<\/p>\n<p>La mujer de 36 a\u00f1os revel\u00f3 despu\u00e9s cu\u00e1n profunda est\u00e1 esta fase. \u00abEstamos muy inmersos en una obsesi\u00f3n por la masa madre que se ha apoderado de mi vida\u00bb, afirm\u00f3. Aunque parece que Swift lleva las riendas del pan, Travis insisti\u00f3 en que \u00e9l se ocupa de las bebidas. En declaraciones a TMZ ante una fiesta de la Super Bowl para New Heights el 4 de febrero, brome\u00f3 diciendo que su pr\u00f3xima boda contar\u00e1 con abundante cerveza de Garage Beer, de la que es copropietario junto a Jason.<\/p>\n<\/div>\n","protected":false},"excerpt":{"rendered":"<p>Con una broma, admiti\u00f3 que ha ganado peso gracias a su prometida, Taylor Swift, y a su afici\u00f3n por el<\/p>\n","protected":false},"author":1,"featured_media":51884,"comment_status":"open","ping_status":"open","sticky":false,"template":"","format":"standard","meta":{"footnotes":""},"categories":[6],"tags":[3064,3063,263,3062,348,347,37],"class_list":["post-51883","post","type-post","status-publish","format-standard","has-post-thumbnail","hentry","category-famosos","tag-dano","tag-hizo","tag-kelce","tag-reposteria","tag-swift","tag-taylor","tag-travis","generate-columns","tablet-grid-50","mobile-grid-100","grid-parent","grid-50"],"yoast_head":"<!-- This site is optimized with the Yoast SEO plugin v26.1.1 - https:\/\/yoast.com\/wordpress\/plugins\/seo\/ -->\n<title>La reposter\u00eda de Taylor Swift hizo da\u00f1o a Travis Kelce - diario22.ar<\/title>\n<meta name=\"robots\" content=\"index, follow, max-snippet:-1, max-image-preview:large, max-video-preview:-1\" \/>\n<link rel=\"canonical\" href=\"https:\/\/www.diario22.ar\/notix2\/la-reposteria-de-taylor-swift-hizo-dano-a-travis-kelce\/\" \/>\n<meta property=\"og:locale\" content=\"es_ES\" \/>\n<meta property=\"og:type\" content=\"article\" \/>\n<meta property=\"og:title\" content=\"La reposter\u00eda de Taylor Swift hizo da\u00f1o a Travis Kelce - diario22.ar\" \/>\n<meta property=\"og:description\" content=\"Con una broma, admiti\u00f3 que ha ganado peso gracias a su prometida, Taylor Swift, y a su afici\u00f3n por el\" \/>\n<meta property=\"og:url\" content=\"https:\/\/www.diario22.ar\/notix2\/la-reposteria-de-taylor-swift-hizo-dano-a-travis-kelce\/\" \/>\n<meta property=\"og:site_name\" content=\"diario22.ar\" \/>\n<meta property=\"article:published_time\" content=\"2026-04-30T15:36:14+00:00\" \/>\n<meta property=\"article:modified_time\" content=\"2026-04-30T15:36:15+00:00\" \/>\n<meta property=\"og:image\" content=\"https:\/\/www.diario22.ar\/notix2\/wp-content\/uploads\/2026\/04\/La-reposteria-de-Taylor-Swift-hizo-dano-a-Travis-Kelce.jpg\" \/>\n\t<meta property=\"og:image:width\" content=\"1200\" \/>\n\t<meta property=\"og:image:height\" content=\"630\" \/>\n\t<meta property=\"og:image:type\" content=\"image\/jpeg\" \/>\n<meta name=\"author\" content=\"Camila Torres\" \/>\n<meta name=\"twitter:card\" content=\"summary_large_image\" \/>\n<meta name=\"twitter:label1\" content=\"Escrito por\" \/>\n\t<meta name=\"twitter:data1\" content=\"Camila Torres\" \/>\n\t<meta name=\"twitter:label2\" content=\"Tiempo de lectura\" \/>\n\t<meta name=\"twitter:data2\" content=\"2 minutos\" \/>\n<script type=\"application\/ld+json\" class=\"yoast-schema-graph\">{\"@context\":\"https:\/\/schema.org\",\"@graph\":[{\"@type\":\"Article\",\"@id\":\"https:\/\/www.diario22.ar\/notix2\/la-reposteria-de-taylor-swift-hizo-dano-a-travis-kelce\/#article\",\"isPartOf\":{\"@id\":\"https:\/\/www.diario22.ar\/notix2\/la-reposteria-de-taylor-swift-hizo-dano-a-travis-kelce\/\"},\"author\":{\"name\":\"Camila Torres\",\"@id\":\"https:\/\/www.diario22.ar\/notix2\/#\/schema\/person\/9266f03a2bd6dca79e788e180fb2deeb\"},\"headline\":\"La reposter\u00eda de Taylor Swift hizo da\u00f1o a Travis Kelce\",\"datePublished\":\"2026-04-30T15:36:14+00:00\",\"dateModified\":\"2026-04-30T15:36:15+00:00\",\"mainEntityOfPage\":{\"@id\":\"https:\/\/www.diario22.ar\/notix2\/la-reposteria-de-taylor-swift-hizo-dano-a-travis-kelce\/\"},\"wordCount\":416,\"commentCount\":0,\"publisher\":{\"@id\":\"https:\/\/www.diario22.ar\/notix2\/#organization\"},\"image\":{\"@id\":\"https:\/\/www.diario22.ar\/notix2\/la-reposteria-de-taylor-swift-hizo-dano-a-travis-kelce\/#primaryimage\"},\"thumbnailUrl\":\"https:\/\/www.diario22.ar\/notix2\/wp-content\/uploads\/2026\/04\/La-reposteria-de-Taylor-Swift-hizo-dano-a-Travis-Kelce.jpg\",\"keywords\":[\"da\u00f1o\",\"hizo\",\"Kelce\",\"reposter\u00eda\",\"Swift\",\"Taylor\",\"Travis\"],\"articleSection\":[\"Famosos\"],\"inLanguage\":\"es-AR\",\"potentialAction\":[{\"@type\":\"CommentAction\",\"name\":\"Comment\",\"target\":[\"https:\/\/www.diario22.ar\/notix2\/la-reposteria-de-taylor-swift-hizo-dano-a-travis-kelce\/#respond\"]}]},{\"@type\":\"WebPage\",\"@id\":\"https:\/\/www.diario22.ar\/notix2\/la-reposteria-de-taylor-swift-hizo-dano-a-travis-kelce\/\",\"url\":\"https:\/\/www.diario22.ar\/notix2\/la-reposteria-de-taylor-swift-hizo-dano-a-travis-kelce\/\",\"name\":\"La reposter\u00eda de Taylor Swift hizo da\u00f1o a Travis Kelce - diario22.ar\",\"isPartOf\":{\"@id\":\"https:\/\/www.diario22.ar\/notix2\/#website\"},\"primaryImageOfPage\":{\"@id\":\"https:\/\/www.diario22.ar\/notix2\/la-reposteria-de-taylor-swift-hizo-dano-a-travis-kelce\/#primaryimage\"},\"image\":{\"@id\":\"https:\/\/www.diario22.ar\/notix2\/la-reposteria-de-taylor-swift-hizo-dano-a-travis-kelce\/#primaryimage\"},\"thumbnailUrl\":\"https:\/\/www.diario22.ar\/notix2\/wp-content\/uploads\/2026\/04\/La-reposteria-de-Taylor-Swift-hizo-dano-a-Travis-Kelce.jpg\",\"datePublished\":\"2026-04-30T15:36:14+00:00\",\"dateModified\":\"2026-04-30T15:36:15+00:00\",\"breadcrumb\":{\"@id\":\"https:\/\/www.diario22.ar\/notix2\/la-reposteria-de-taylor-swift-hizo-dano-a-travis-kelce\/#breadcrumb\"},\"inLanguage\":\"es-AR\",\"potentialAction\":[{\"@type\":\"ReadAction\",\"target\":[\"https:\/\/www.diario22.ar\/notix2\/la-reposteria-de-taylor-swift-hizo-dano-a-travis-kelce\/\"]}]},{\"@type\":\"ImageObject\",\"inLanguage\":\"es-AR\",\"@id\":\"https:\/\/www.diario22.ar\/notix2\/la-reposteria-de-taylor-swift-hizo-dano-a-travis-kelce\/#primaryimage\",\"url\":\"https:\/\/www.diario22.ar\/notix2\/wp-content\/uploads\/2026\/04\/La-reposteria-de-Taylor-Swift-hizo-dano-a-Travis-Kelce.jpg\",\"contentUrl\":\"https:\/\/www.diario22.ar\/notix2\/wp-content\/uploads\/2026\/04\/La-reposteria-de-Taylor-Swift-hizo-dano-a-Travis-Kelce.jpg\",\"width\":1200,\"height\":630},{\"@type\":\"BreadcrumbList\",\"@id\":\"https:\/\/www.diario22.ar\/notix2\/la-reposteria-de-taylor-swift-hizo-dano-a-travis-kelce\/#breadcrumb\",\"itemListElement\":[{\"@type\":\"ListItem\",\"position\":1,\"name\":\"Home\",\"item\":\"https:\/\/www.diario22.ar\/notix2\/\"},{\"@type\":\"ListItem\",\"position\":2,\"name\":\"La reposter\u00eda de Taylor Swift hizo da\u00f1o a Travis Kelce\"}]},{\"@type\":\"WebSite\",\"@id\":\"https:\/\/www.diario22.ar\/notix2\/#website\",\"url\":\"https:\/\/www.diario22.ar\/notix2\/\",\"name\":\"diario22.ar\",\"description\":\"Vive hoy &amp; descubre lo que viene\",\"publisher\":{\"@id\":\"https:\/\/www.diario22.ar\/notix2\/#organization\"},\"potentialAction\":[{\"@type\":\"SearchAction\",\"target\":{\"@type\":\"EntryPoint\",\"urlTemplate\":\"https:\/\/www.diario22.ar\/notix2\/?s={search_term_string}\"},\"query-input\":{\"@type\":\"PropertyValueSpecification\",\"valueRequired\":true,\"valueName\":\"search_term_string\"}}],\"inLanguage\":\"es-AR\"},{\"@type\":\"Organization\",\"@id\":\"https:\/\/www.diario22.ar\/notix2\/#organization\",\"name\":\"diario22.ar\",\"url\":\"https:\/\/www.diario22.ar\/notix2\/\",\"logo\":{\"@type\":\"ImageObject\",\"inLanguage\":\"es-AR\",\"@id\":\"https:\/\/www.diario22.ar\/notix2\/#\/schema\/logo\/image\/\",\"url\":\"https:\/\/www.diario22.ar\/notix2\/wp-content\/uploads\/2025\/10\/cropped-Publish-1.png\",\"contentUrl\":\"https:\/\/www.diario22.ar\/notix2\/wp-content\/uploads\/2025\/10\/cropped-Publish-1.png\",\"width\":1560,\"height\":722,\"caption\":\"diario22.ar\"},\"image\":{\"@id\":\"https:\/\/www.diario22.ar\/notix2\/#\/schema\/logo\/image\/\"}},{\"@type\":\"Person\",\"@id\":\"https:\/\/www.diario22.ar\/notix2\/#\/schema\/person\/9266f03a2bd6dca79e788e180fb2deeb\",\"name\":\"Camila Torres\",\"image\":{\"@type\":\"ImageObject\",\"inLanguage\":\"es-AR\",\"@id\":\"https:\/\/www.diario22.ar\/notix2\/#\/schema\/person\/image\/\",\"url\":\"https:\/\/www.diario22.ar\/notix2\/wp-content\/uploads\/2025\/10\/diario22.ar-3-150x150.png\",\"contentUrl\":\"https:\/\/www.diario22.ar\/notix2\/wp-content\/uploads\/2025\/10\/diario22.ar-3-150x150.png\",\"caption\":\"Camila Torres\"},\"description\":\"Soy periodista y redactora en Diario22.ar, apasionada por las historias que conectan la actualidad con la gente. Me form\u00e9 en comunicaci\u00f3n social en Buenos Aires y desde entonces busco darle voz a lo cotidiano, con una mirada curiosa y humana. Creo que el periodismo no solo informa: tambi\u00e9n inspira y transforma.\",\"sameAs\":[\"https:\/\/www.diario22.ar\/notix2\"]}]}<\/script>\n<!-- \/ Yoast SEO plugin. -->","yoast_head_json":{"title":"La reposter\u00eda de Taylor Swift hizo da\u00f1o a Travis Kelce - diario22.ar","robots":{"index":"index","follow":"follow","max-snippet":"max-snippet:-1","max-image-preview":"max-image-preview:large","max-video-preview":"max-video-preview:-1"},"canonical":"https:\/\/www.diario22.ar\/notix2\/la-reposteria-de-taylor-swift-hizo-dano-a-travis-kelce\/","og_locale":"es_ES","og_type":"article","og_title":"La reposter\u00eda de Taylor Swift hizo da\u00f1o a Travis Kelce - diario22.ar","og_description":"Con una broma, admiti\u00f3 que ha ganado peso gracias a su prometida, Taylor Swift, y a su afici\u00f3n por el","og_url":"https:\/\/www.diario22.ar\/notix2\/la-reposteria-de-taylor-swift-hizo-dano-a-travis-kelce\/","og_site_name":"diario22.ar","article_published_time":"2026-04-30T15:36:14+00:00","article_modified_time":"2026-04-30T15:36:15+00:00","og_image":[{"width":1200,"height":630,"url":"https:\/\/www.diario22.ar\/notix2\/wp-content\/uploads\/2026\/04\/La-reposteria-de-Taylor-Swift-hizo-dano-a-Travis-Kelce.jpg","type":"image\/jpeg"}],"author":"Camila Torres","twitter_card":"summary_large_image","twitter_misc":{"Escrito por":"Camila Torres","Tiempo de lectura":"2 minutos"},"schema":{"@context":"https:\/\/schema.org","@graph":[{"@type":"Article","@id":"https:\/\/www.diario22.ar\/notix2\/la-reposteria-de-taylor-swift-hizo-dano-a-travis-kelce\/#article","isPartOf":{"@id":"https:\/\/www.diario22.ar\/notix2\/la-reposteria-de-taylor-swift-hizo-dano-a-travis-kelce\/"},"author":{"name":"Camila Torres","@id":"https:\/\/www.diario22.ar\/notix2\/#\/schema\/person\/9266f03a2bd6dca79e788e180fb2deeb"},"headline":"La reposter\u00eda de Taylor Swift hizo da\u00f1o a Travis Kelce","datePublished":"2026-04-30T15:36:14+00:00","dateModified":"2026-04-30T15:36:15+00:00","mainEntityOfPage":{"@id":"https:\/\/www.diario22.ar\/notix2\/la-reposteria-de-taylor-swift-hizo-dano-a-travis-kelce\/"},"wordCount":416,"commentCount":0,"publisher":{"@id":"https:\/\/www.diario22.ar\/notix2\/#organization"},"image":{"@id":"https:\/\/www.diario22.ar\/notix2\/la-reposteria-de-taylor-swift-hizo-dano-a-travis-kelce\/#primaryimage"},"thumbnailUrl":"https:\/\/www.diario22.ar\/notix2\/wp-content\/uploads\/2026\/04\/La-reposteria-de-Taylor-Swift-hizo-dano-a-Travis-Kelce.jpg","keywords":["da\u00f1o","hizo","Kelce","reposter\u00eda","Swift","Taylor","Travis"],"articleSection":["Famosos"],"inLanguage":"es-AR","potentialAction":[{"@type":"CommentAction","name":"Comment","target":["https:\/\/www.diario22.ar\/notix2\/la-reposteria-de-taylor-swift-hizo-dano-a-travis-kelce\/#respond"]}]},{"@type":"WebPage","@id":"https:\/\/www.diario22.ar\/notix2\/la-reposteria-de-taylor-swift-hizo-dano-a-travis-kelce\/","url":"https:\/\/www.diario22.ar\/notix2\/la-reposteria-de-taylor-swift-hizo-dano-a-travis-kelce\/","name":"La reposter\u00eda de Taylor Swift hizo da\u00f1o a Travis Kelce - diario22.ar","isPartOf":{"@id":"https:\/\/www.diario22.ar\/notix2\/#website"},"primaryImageOfPage":{"@id":"https:\/\/www.diario22.ar\/notix2\/la-reposteria-de-taylor-swift-hizo-dano-a-travis-kelce\/#primaryimage"},"image":{"@id":"https:\/\/www.diario22.ar\/notix2\/la-reposteria-de-taylor-swift-hizo-dano-a-travis-kelce\/#primaryimage"},"thumbnailUrl":"https:\/\/www.diario22.ar\/notix2\/wp-content\/uploads\/2026\/04\/La-reposteria-de-Taylor-Swift-hizo-dano-a-Travis-Kelce.jpg","datePublished":"2026-04-30T15:36:14+00:00","dateModified":"2026-04-30T15:36:15+00:00","breadcrumb":{"@id":"https:\/\/www.diario22.ar\/notix2\/la-reposteria-de-taylor-swift-hizo-dano-a-travis-kelce\/#breadcrumb"},"inLanguage":"es-AR","potentialAction":[{"@type":"ReadAction","target":["https:\/\/www.diario22.ar\/notix2\/la-reposteria-de-taylor-swift-hizo-dano-a-travis-kelce\/"]}]},{"@type":"ImageObject","inLanguage":"es-AR","@id":"https:\/\/www.diario22.ar\/notix2\/la-reposteria-de-taylor-swift-hizo-dano-a-travis-kelce\/#primaryimage","url":"https:\/\/www.diario22.ar\/notix2\/wp-content\/uploads\/2026\/04\/La-reposteria-de-Taylor-Swift-hizo-dano-a-Travis-Kelce.jpg","contentUrl":"https:\/\/www.diario22.ar\/notix2\/wp-content\/uploads\/2026\/04\/La-reposteria-de-Taylor-Swift-hizo-dano-a-Travis-Kelce.jpg","width":1200,"height":630},{"@type":"BreadcrumbList","@id":"https:\/\/www.diario22.ar\/notix2\/la-reposteria-de-taylor-swift-hizo-dano-a-travis-kelce\/#breadcrumb","itemListElement":[{"@type":"ListItem","position":1,"name":"Home","item":"https:\/\/www.diario22.ar\/notix2\/"},{"@type":"ListItem","position":2,"name":"La reposter\u00eda de Taylor Swift hizo da\u00f1o a Travis Kelce"}]},{"@type":"WebSite","@id":"https:\/\/www.diario22.ar\/notix2\/#website","url":"https:\/\/www.diario22.ar\/notix2\/","name":"diario22.ar","description":"Vive hoy &amp; descubre lo que viene","publisher":{"@id":"https:\/\/www.diario22.ar\/notix2\/#organization"},"potentialAction":[{"@type":"SearchAction","target":{"@type":"EntryPoint","urlTemplate":"https:\/\/www.diario22.ar\/notix2\/?s={search_term_string}"},"query-input":{"@type":"PropertyValueSpecification","valueRequired":true,"valueName":"search_term_string"}}],"inLanguage":"es-AR"},{"@type":"Organization","@id":"https:\/\/www.diario22.ar\/notix2\/#organization","name":"diario22.ar","url":"https:\/\/www.diario22.ar\/notix2\/","logo":{"@type":"ImageObject","inLanguage":"es-AR","@id":"https:\/\/www.diario22.ar\/notix2\/#\/schema\/logo\/image\/","url":"https:\/\/www.diario22.ar\/notix2\/wp-content\/uploads\/2025\/10\/cropped-Publish-1.png","contentUrl":"https:\/\/www.diario22.ar\/notix2\/wp-content\/uploads\/2025\/10\/cropped-Publish-1.png","width":1560,"height":722,"caption":"diario22.ar"},"image":{"@id":"https:\/\/www.diario22.ar\/notix2\/#\/schema\/logo\/image\/"}},{"@type":"Person","@id":"https:\/\/www.diario22.ar\/notix2\/#\/schema\/person\/9266f03a2bd6dca79e788e180fb2deeb","name":"Camila Torres","image":{"@type":"ImageObject","inLanguage":"es-AR","@id":"https:\/\/www.diario22.ar\/notix2\/#\/schema\/person\/image\/","url":"https:\/\/www.diario22.ar\/notix2\/wp-content\/uploads\/2025\/10\/diario22.ar-3-150x150.png","contentUrl":"https:\/\/www.diario22.ar\/notix2\/wp-content\/uploads\/2025\/10\/diario22.ar-3-150x150.png","caption":"Camila Torres"},"description":"Soy periodista y redactora en Diario22.ar, apasionada por las historias que conectan la actualidad con la gente. Me form\u00e9 en comunicaci\u00f3n social en Buenos Aires y desde entonces busco darle voz a lo cotidiano, con una mirada curiosa y humana. Creo que el periodismo no solo informa: tambi\u00e9n inspira y transforma.","sameAs":["https:\/\/www.diario22.ar\/notix2"]}]}},"_links":{"self":[{"href":"https:\/\/www.diario22.ar\/notix2\/wp-json\/wp\/v2\/posts\/51883","targetHints":{"allow":["GET"]}}],"collection":[{"href":"https:\/\/www.diario22.ar\/notix2\/wp-json\/wp\/v2\/posts"}],"about":[{"href":"https:\/\/www.diario22.ar\/notix2\/wp-json\/wp\/v2\/types\/post"}],"author":[{"embeddable":true,"href":"https:\/\/www.diario22.ar\/notix2\/wp-json\/wp\/v2\/users\/1"}],"replies":[{"embeddable":true,"href":"https:\/\/www.diario22.ar\/notix2\/wp-json\/wp\/v2\/comments?post=51883"}],"version-history":[{"count":1,"href":"https:\/\/www.diario22.ar\/notix2\/wp-json\/wp\/v2\/posts\/51883\/revisions"}],"predecessor-version":[{"id":51885,"href":"https:\/\/www.diario22.ar\/notix2\/wp-json\/wp\/v2\/posts\/51883\/revisions\/51885"}],"wp:featuredmedia":[{"embeddable":true,"href":"https:\/\/www.diario22.ar\/notix2\/wp-json\/wp\/v2\/media\/51884"}],"wp:attachment":[{"href":"https:\/\/www.diario22.ar\/notix2\/wp-json\/wp\/v2\/media?parent=51883"}],"wp:term":[{"taxonomy":"category","embeddable":true,"href":"https:\/\/www.diario22.ar\/notix2\/wp-json\/wp\/v2\/categories?post=51883"},{"taxonomy":"post_tag","embeddable":true,"href":"https:\/\/www.diario22.ar\/notix2\/wp-json\/wp\/v2\/tags?post=51883"}],"curies":[{"name":"wp","href":"https:\/\/api.w.org\/{rel}","templated":true}]}}