{"id":51880,"date":"2026-04-28T19:35:26","date_gmt":"2026-04-28T22:35:26","guid":{"rendered":"https:\/\/www.diario22.ar\/notix2\/carlos-alcaraz-se-retira-oficialmente-del-roland-garros-2026\/"},"modified":"2026-04-28T19:35:26","modified_gmt":"2026-04-28T22:35:26","slug":"carlos-alcaraz-se-retira-oficialmente-del-roland-garros-2026","status":"publish","type":"post","link":"https:\/\/www.diario22.ar\/notix2\/carlos-alcaraz-se-retira-oficialmente-del-roland-garros-2026\/","title":{"rendered":"Carlos Alcaraz se retira oficialmente del Roland Garros 2026"},"content":{"rendered":"<p>Carlos Alcaraz anunci\u00f3 oficialmente su retirada del Roland Garros 2026, poniendo fin efectivamente a su intento de conquistar t\u00edtulos consecutivos en Par\u00eds. La decisi\u00f3n inesperada sigui\u00f3 a exhaustivos an\u00e1lisis m\u00e9dicos sobre una lesi\u00f3n en la mu\u00f1eca derecha originada durante el torneo ATP 500 de Barcelona. Las limitaciones f\u00edsicas obligaron inicialmente al joven de 22 a\u00f1os a retirarse de su partido de segunda ronda ante Tom\u00e1\u0161 Mach\u00e1\u010d, desencadenando una reacci\u00f3n en cadena en su calendario sobre arcilla. Tras nuevas exploraciones, el espa\u00f1ol tambi\u00e9n se retir\u00f3 del Mutua Madrid Open antes de lanzar la bomba final: prescindir\u00eda de Roma y Par\u00eds por completo.<\/p>\n<div>\n<div class=\"inner-container\">\n<div class=\"inner-content\">\n<div class=\"adunit-wrapper\">\n<div class=\"in-content-ad-outer\">\n<p><!-- Tag ID: HBENGLOB_ATF_INCONTENT --><\/p>\n<div class=\"adunit in-content lazy-load no-init\" data-freestar-ad=\"__300x250\" data-adunit=\"HBENGLOB_ATF_INCONTENT\" data-targeting='{\"HBSiteLoc\":[\"ros\",\"article\"],\"HBSiteCat\":[\"sports\",\"wimbledon\",\"roland-garros\",\"carlos-alcaraz\",\"jannik-sinner\",\"generated\",\"lifestyle\"],\"HBSitePage\":\"0\",\"HBSiteLang\":\"en\",\"country\":\"us\",\"region\":\"naam\",\"subRegion\":\"\",\"HBArticle\":6710851,\"HBBlacklist\":\"1\"}'><\/div>\n<\/p><\/div>\n<\/p><\/div>\n<\/p><\/div>\n<\/p><\/div>\n<\/div>\n<p>Acudiendo a Instagram para dirigirse a su enorme base de fans a nivel mundial, Alcaraz enfatiz\u00f3 que seguir un enfoque cauteloso es absolutamente necesario para evaluar su progreso f\u00edsico. El fen\u00f3meno del tenis dej\u00f3 claro que ausentarse de la cima de la temporada de arcilla garantiza un regreso a la competici\u00f3n m\u00e1s seguro m\u00e1s adelante este a\u00f1o. \u00abDespu\u00e9s de los resultados de las pruebas realizadas hoy, hemos decidido que lo m\u00e1s prudente es ser cautelosos\u00bb, comparti\u00f3 directamente con sus seguidores. \u00abEste es un momento dif\u00edcil para m\u00ed, pero estoy seguro de que saldremos de ello m\u00e1s fuertes\u00bb.<\/p>\n<p>Las retiradas consecutivas suponen un golpe enorme para el circuito masculino y desencadenan un cambio estructural significativo en el cuadro definitivo de los grandes torneos que se avecinan. Ausentarse de ambas citas principales sobre arcilla significa que el gigante espa\u00f1ol perder\u00e1 autom\u00e1ticamente unos 3.000 puntos de ranking. Aficionados y analistas, por igual, favorec\u00edan abiertamente a Alcaraz en Par\u00eds, especialmente despu\u00e9s de que ganara el t\u00edtulo al vencer a su rival Jannik Sinner en una final \u00e9pica el a\u00f1o pasado. Sin que el campe\u00f3n defensor est\u00e9 en la pista, el camino hacia la Copa de los Mosqueteros se abre de par en par para el resto del circuito ATP.<\/p>\n<p>Priorizar la longevidad de su carrera por encima de las preseas inmediatas ha llevado al atleta de \u00e9lite a iniciar un riguroso periodo de rehabilitaci\u00f3n. Forzar un regreso a las exigentes demandas f\u00edsicas de partidos a cinco sets sobre una arcilla triturada representaba un riesgo demasiado alto para su brazo derecho dominante. En cambio, Alcaraz ha centrado su atenci\u00f3n en un posible regreso durante la temporada de c\u00e9sped. Si su recuperaci\u00f3n avanza como lo previsto, el icono global del tenis aspira a recuperar su impulso en Wimbledon, un gran torneo hist\u00f3rico donde ya ha levantado el trofeo en dos ocasiones anteriores.<\/p>\n<p><script async src=\"\/\/www.instagram.com\/embed.js\"><\/script><\/p>\n","protected":false},"excerpt":{"rendered":"<p>Carlos Alcaraz anunci\u00f3 oficialmente su retirada del Roland Garros 2026, poniendo fin efectivamente a su intento de conquistar t\u00edtulos consecutivos<\/p>\n","protected":false},"author":1,"featured_media":51881,"comment_status":"open","ping_status":"open","sticky":false,"template":"","format":"standard","meta":{"footnotes":""},"categories":[7],"tags":[3058,3057,144,3061,1875,3059,3060],"class_list":["post-51880","post","type-post","status-publish","format-standard","has-post-thumbnail","hentry","category-estilo-de-vida","tag-alcaraz","tag-carlos","tag-del","tag-garros","tag-oficialmente","tag-retira","tag-roland","generate-columns","tablet-grid-50","mobile-grid-100","grid-parent","grid-50"],"yoast_head":"<!-- This site is optimized with the Yoast SEO plugin v26.1.1 - https:\/\/yoast.com\/wordpress\/plugins\/seo\/ -->\n<title>Carlos Alcaraz se retira oficialmente del Roland Garros 2026 - diario22.ar<\/title>\n<meta name=\"robots\" content=\"index, follow, max-snippet:-1, max-image-preview:large, max-video-preview:-1\" \/>\n<link rel=\"canonical\" href=\"https:\/\/www.diario22.ar\/notix2\/carlos-alcaraz-se-retira-oficialmente-del-roland-garros-2026\/\" \/>\n<meta property=\"og:locale\" content=\"es_ES\" \/>\n<meta property=\"og:type\" content=\"article\" \/>\n<meta property=\"og:title\" content=\"Carlos Alcaraz se retira oficialmente del Roland Garros 2026 - diario22.ar\" \/>\n<meta property=\"og:description\" content=\"Carlos Alcaraz anunci\u00f3 oficialmente su retirada del Roland Garros 2026, poniendo fin efectivamente a su intento de conquistar t\u00edtulos consecutivos\" \/>\n<meta property=\"og:url\" content=\"https:\/\/www.diario22.ar\/notix2\/carlos-alcaraz-se-retira-oficialmente-del-roland-garros-2026\/\" \/>\n<meta property=\"og:site_name\" content=\"diario22.ar\" \/>\n<meta property=\"article:published_time\" content=\"2026-04-28T22:35:26+00:00\" \/>\n<meta property=\"og:image\" content=\"https:\/\/www.diario22.ar\/notix2\/wp-content\/uploads\/2026\/04\/Carlos-Alcaraz-se-retira-oficialmente-del-Roland-Garros-2026.com2Fimage2F20262F042F262Fcarlos-alcaraz-withdraws-from-2026-french-ope.jpeg\" \/>\n\t<meta property=\"og:image:width\" content=\"1000\" \/>\n\t<meta property=\"og:image:height\" content=\"500\" \/>\n\t<meta property=\"og:image:type\" content=\"image\/jpeg\" \/>\n<meta name=\"author\" content=\"Camila Torres\" \/>\n<meta name=\"twitter:card\" content=\"summary_large_image\" \/>\n<meta name=\"twitter:label1\" content=\"Escrito por\" \/>\n\t<meta name=\"twitter:data1\" content=\"Camila Torres\" \/>\n\t<meta name=\"twitter:label2\" content=\"Tiempo de lectura\" \/>\n\t<meta name=\"twitter:data2\" content=\"2 minutos\" \/>\n<script type=\"application\/ld+json\" class=\"yoast-schema-graph\">{\"@context\":\"https:\/\/schema.org\",\"@graph\":[{\"@type\":\"Article\",\"@id\":\"https:\/\/www.diario22.ar\/notix2\/carlos-alcaraz-se-retira-oficialmente-del-roland-garros-2026\/#article\",\"isPartOf\":{\"@id\":\"https:\/\/www.diario22.ar\/notix2\/carlos-alcaraz-se-retira-oficialmente-del-roland-garros-2026\/\"},\"author\":{\"name\":\"Camila Torres\",\"@id\":\"https:\/\/www.diario22.ar\/notix2\/#\/schema\/person\/9266f03a2bd6dca79e788e180fb2deeb\"},\"headline\":\"Carlos Alcaraz se retira oficialmente del Roland Garros 2026\",\"datePublished\":\"2026-04-28T22:35:26+00:00\",\"mainEntityOfPage\":{\"@id\":\"https:\/\/www.diario22.ar\/notix2\/carlos-alcaraz-se-retira-oficialmente-del-roland-garros-2026\/\"},\"wordCount\":449,\"commentCount\":0,\"publisher\":{\"@id\":\"https:\/\/www.diario22.ar\/notix2\/#organization\"},\"image\":{\"@id\":\"https:\/\/www.diario22.ar\/notix2\/carlos-alcaraz-se-retira-oficialmente-del-roland-garros-2026\/#primaryimage\"},\"thumbnailUrl\":\"https:\/\/www.diario22.ar\/notix2\/wp-content\/uploads\/2026\/04\/Carlos-Alcaraz-se-retira-oficialmente-del-Roland-Garros-2026.com2Fimage2F20262F042F262Fcarlos-alcaraz-withdraws-from-2026-french-ope.jpeg\",\"keywords\":[\"Alcaraz\",\"Carlos\",\"del\",\"Garros\",\"oficialmente\",\"retira\",\"Roland\"],\"articleSection\":[\"Estilo de vida\"],\"inLanguage\":\"es-AR\",\"potentialAction\":[{\"@type\":\"CommentAction\",\"name\":\"Comment\",\"target\":[\"https:\/\/www.diario22.ar\/notix2\/carlos-alcaraz-se-retira-oficialmente-del-roland-garros-2026\/#respond\"]}]},{\"@type\":\"WebPage\",\"@id\":\"https:\/\/www.diario22.ar\/notix2\/carlos-alcaraz-se-retira-oficialmente-del-roland-garros-2026\/\",\"url\":\"https:\/\/www.diario22.ar\/notix2\/carlos-alcaraz-se-retira-oficialmente-del-roland-garros-2026\/\",\"name\":\"Carlos Alcaraz se retira oficialmente del Roland Garros 2026 - diario22.ar\",\"isPartOf\":{\"@id\":\"https:\/\/www.diario22.ar\/notix2\/#website\"},\"primaryImageOfPage\":{\"@id\":\"https:\/\/www.diario22.ar\/notix2\/carlos-alcaraz-se-retira-oficialmente-del-roland-garros-2026\/#primaryimage\"},\"image\":{\"@id\":\"https:\/\/www.diario22.ar\/notix2\/carlos-alcaraz-se-retira-oficialmente-del-roland-garros-2026\/#primaryimage\"},\"thumbnailUrl\":\"https:\/\/www.diario22.ar\/notix2\/wp-content\/uploads\/2026\/04\/Carlos-Alcaraz-se-retira-oficialmente-del-Roland-Garros-2026.com2Fimage2F20262F042F262Fcarlos-alcaraz-withdraws-from-2026-french-ope.jpeg\",\"datePublished\":\"2026-04-28T22:35:26+00:00\",\"breadcrumb\":{\"@id\":\"https:\/\/www.diario22.ar\/notix2\/carlos-alcaraz-se-retira-oficialmente-del-roland-garros-2026\/#breadcrumb\"},\"inLanguage\":\"es-AR\",\"potentialAction\":[{\"@type\":\"ReadAction\",\"target\":[\"https:\/\/www.diario22.ar\/notix2\/carlos-alcaraz-se-retira-oficialmente-del-roland-garros-2026\/\"]}]},{\"@type\":\"ImageObject\",\"inLanguage\":\"es-AR\",\"@id\":\"https:\/\/www.diario22.ar\/notix2\/carlos-alcaraz-se-retira-oficialmente-del-roland-garros-2026\/#primaryimage\",\"url\":\"https:\/\/www.diario22.ar\/notix2\/wp-content\/uploads\/2026\/04\/Carlos-Alcaraz-se-retira-oficialmente-del-Roland-Garros-2026.com2Fimage2F20262F042F262Fcarlos-alcaraz-withdraws-from-2026-french-ope.jpeg\",\"contentUrl\":\"https:\/\/www.diario22.ar\/notix2\/wp-content\/uploads\/2026\/04\/Carlos-Alcaraz-se-retira-oficialmente-del-Roland-Garros-2026.com2Fimage2F20262F042F262Fcarlos-alcaraz-withdraws-from-2026-french-ope.jpeg\",\"width\":1000,\"height\":500},{\"@type\":\"BreadcrumbList\",\"@id\":\"https:\/\/www.diario22.ar\/notix2\/carlos-alcaraz-se-retira-oficialmente-del-roland-garros-2026\/#breadcrumb\",\"itemListElement\":[{\"@type\":\"ListItem\",\"position\":1,\"name\":\"Home\",\"item\":\"https:\/\/www.diario22.ar\/notix2\/\"},{\"@type\":\"ListItem\",\"position\":2,\"name\":\"Carlos Alcaraz se retira oficialmente del Roland Garros 2026\"}]},{\"@type\":\"WebSite\",\"@id\":\"https:\/\/www.diario22.ar\/notix2\/#website\",\"url\":\"https:\/\/www.diario22.ar\/notix2\/\",\"name\":\"diario22.ar\",\"description\":\"Vive hoy &amp; descubre lo que viene\",\"publisher\":{\"@id\":\"https:\/\/www.diario22.ar\/notix2\/#organization\"},\"potentialAction\":[{\"@type\":\"SearchAction\",\"target\":{\"@type\":\"EntryPoint\",\"urlTemplate\":\"https:\/\/www.diario22.ar\/notix2\/?s={search_term_string}\"},\"query-input\":{\"@type\":\"PropertyValueSpecification\",\"valueRequired\":true,\"valueName\":\"search_term_string\"}}],\"inLanguage\":\"es-AR\"},{\"@type\":\"Organization\",\"@id\":\"https:\/\/www.diario22.ar\/notix2\/#organization\",\"name\":\"diario22.ar\",\"url\":\"https:\/\/www.diario22.ar\/notix2\/\",\"logo\":{\"@type\":\"ImageObject\",\"inLanguage\":\"es-AR\",\"@id\":\"https:\/\/www.diario22.ar\/notix2\/#\/schema\/logo\/image\/\",\"url\":\"https:\/\/www.diario22.ar\/notix2\/wp-content\/uploads\/2025\/10\/cropped-Publish-1.png\",\"contentUrl\":\"https:\/\/www.diario22.ar\/notix2\/wp-content\/uploads\/2025\/10\/cropped-Publish-1.png\",\"width\":1560,\"height\":722,\"caption\":\"diario22.ar\"},\"image\":{\"@id\":\"https:\/\/www.diario22.ar\/notix2\/#\/schema\/logo\/image\/\"}},{\"@type\":\"Person\",\"@id\":\"https:\/\/www.diario22.ar\/notix2\/#\/schema\/person\/9266f03a2bd6dca79e788e180fb2deeb\",\"name\":\"Camila Torres\",\"image\":{\"@type\":\"ImageObject\",\"inLanguage\":\"es-AR\",\"@id\":\"https:\/\/www.diario22.ar\/notix2\/#\/schema\/person\/image\/\",\"url\":\"https:\/\/www.diario22.ar\/notix2\/wp-content\/uploads\/2025\/10\/diario22.ar-3-150x150.png\",\"contentUrl\":\"https:\/\/www.diario22.ar\/notix2\/wp-content\/uploads\/2025\/10\/diario22.ar-3-150x150.png\",\"caption\":\"Camila Torres\"},\"description\":\"Soy periodista y redactora en Diario22.ar, apasionada por las historias que conectan la actualidad con la gente. Me form\u00e9 en comunicaci\u00f3n social en Buenos Aires y desde entonces busco darle voz a lo cotidiano, con una mirada curiosa y humana. Creo que el periodismo no solo informa: tambi\u00e9n inspira y transforma.\",\"sameAs\":[\"https:\/\/www.diario22.ar\/notix2\"]}]}<\/script>\n<!-- \/ Yoast SEO plugin. -->","yoast_head_json":{"title":"Carlos Alcaraz se retira oficialmente del Roland Garros 2026 - diario22.ar","robots":{"index":"index","follow":"follow","max-snippet":"max-snippet:-1","max-image-preview":"max-image-preview:large","max-video-preview":"max-video-preview:-1"},"canonical":"https:\/\/www.diario22.ar\/notix2\/carlos-alcaraz-se-retira-oficialmente-del-roland-garros-2026\/","og_locale":"es_ES","og_type":"article","og_title":"Carlos Alcaraz se retira oficialmente del Roland Garros 2026 - diario22.ar","og_description":"Carlos Alcaraz anunci\u00f3 oficialmente su retirada del Roland Garros 2026, poniendo fin efectivamente a su intento de conquistar t\u00edtulos consecutivos","og_url":"https:\/\/www.diario22.ar\/notix2\/carlos-alcaraz-se-retira-oficialmente-del-roland-garros-2026\/","og_site_name":"diario22.ar","article_published_time":"2026-04-28T22:35:26+00:00","og_image":[{"width":1000,"height":500,"url":"https:\/\/www.diario22.ar\/notix2\/wp-content\/uploads\/2026\/04\/Carlos-Alcaraz-se-retira-oficialmente-del-Roland-Garros-2026.com2Fimage2F20262F042F262Fcarlos-alcaraz-withdraws-from-2026-french-ope.jpeg","type":"image\/jpeg"}],"author":"Camila Torres","twitter_card":"summary_large_image","twitter_misc":{"Escrito por":"Camila Torres","Tiempo de lectura":"2 minutos"},"schema":{"@context":"https:\/\/schema.org","@graph":[{"@type":"Article","@id":"https:\/\/www.diario22.ar\/notix2\/carlos-alcaraz-se-retira-oficialmente-del-roland-garros-2026\/#article","isPartOf":{"@id":"https:\/\/www.diario22.ar\/notix2\/carlos-alcaraz-se-retira-oficialmente-del-roland-garros-2026\/"},"author":{"name":"Camila Torres","@id":"https:\/\/www.diario22.ar\/notix2\/#\/schema\/person\/9266f03a2bd6dca79e788e180fb2deeb"},"headline":"Carlos Alcaraz se retira oficialmente del Roland Garros 2026","datePublished":"2026-04-28T22:35:26+00:00","mainEntityOfPage":{"@id":"https:\/\/www.diario22.ar\/notix2\/carlos-alcaraz-se-retira-oficialmente-del-roland-garros-2026\/"},"wordCount":449,"commentCount":0,"publisher":{"@id":"https:\/\/www.diario22.ar\/notix2\/#organization"},"image":{"@id":"https:\/\/www.diario22.ar\/notix2\/carlos-alcaraz-se-retira-oficialmente-del-roland-garros-2026\/#primaryimage"},"thumbnailUrl":"https:\/\/www.diario22.ar\/notix2\/wp-content\/uploads\/2026\/04\/Carlos-Alcaraz-se-retira-oficialmente-del-Roland-Garros-2026.com2Fimage2F20262F042F262Fcarlos-alcaraz-withdraws-from-2026-french-ope.jpeg","keywords":["Alcaraz","Carlos","del","Garros","oficialmente","retira","Roland"],"articleSection":["Estilo de vida"],"inLanguage":"es-AR","potentialAction":[{"@type":"CommentAction","name":"Comment","target":["https:\/\/www.diario22.ar\/notix2\/carlos-alcaraz-se-retira-oficialmente-del-roland-garros-2026\/#respond"]}]},{"@type":"WebPage","@id":"https:\/\/www.diario22.ar\/notix2\/carlos-alcaraz-se-retira-oficialmente-del-roland-garros-2026\/","url":"https:\/\/www.diario22.ar\/notix2\/carlos-alcaraz-se-retira-oficialmente-del-roland-garros-2026\/","name":"Carlos Alcaraz se retira oficialmente del Roland Garros 2026 - diario22.ar","isPartOf":{"@id":"https:\/\/www.diario22.ar\/notix2\/#website"},"primaryImageOfPage":{"@id":"https:\/\/www.diario22.ar\/notix2\/carlos-alcaraz-se-retira-oficialmente-del-roland-garros-2026\/#primaryimage"},"image":{"@id":"https:\/\/www.diario22.ar\/notix2\/carlos-alcaraz-se-retira-oficialmente-del-roland-garros-2026\/#primaryimage"},"thumbnailUrl":"https:\/\/www.diario22.ar\/notix2\/wp-content\/uploads\/2026\/04\/Carlos-Alcaraz-se-retira-oficialmente-del-Roland-Garros-2026.com2Fimage2F20262F042F262Fcarlos-alcaraz-withdraws-from-2026-french-ope.jpeg","datePublished":"2026-04-28T22:35:26+00:00","breadcrumb":{"@id":"https:\/\/www.diario22.ar\/notix2\/carlos-alcaraz-se-retira-oficialmente-del-roland-garros-2026\/#breadcrumb"},"inLanguage":"es-AR","potentialAction":[{"@type":"ReadAction","target":["https:\/\/www.diario22.ar\/notix2\/carlos-alcaraz-se-retira-oficialmente-del-roland-garros-2026\/"]}]},{"@type":"ImageObject","inLanguage":"es-AR","@id":"https:\/\/www.diario22.ar\/notix2\/carlos-alcaraz-se-retira-oficialmente-del-roland-garros-2026\/#primaryimage","url":"https:\/\/www.diario22.ar\/notix2\/wp-content\/uploads\/2026\/04\/Carlos-Alcaraz-se-retira-oficialmente-del-Roland-Garros-2026.com2Fimage2F20262F042F262Fcarlos-alcaraz-withdraws-from-2026-french-ope.jpeg","contentUrl":"https:\/\/www.diario22.ar\/notix2\/wp-content\/uploads\/2026\/04\/Carlos-Alcaraz-se-retira-oficialmente-del-Roland-Garros-2026.com2Fimage2F20262F042F262Fcarlos-alcaraz-withdraws-from-2026-french-ope.jpeg","width":1000,"height":500},{"@type":"BreadcrumbList","@id":"https:\/\/www.diario22.ar\/notix2\/carlos-alcaraz-se-retira-oficialmente-del-roland-garros-2026\/#breadcrumb","itemListElement":[{"@type":"ListItem","position":1,"name":"Home","item":"https:\/\/www.diario22.ar\/notix2\/"},{"@type":"ListItem","position":2,"name":"Carlos Alcaraz se retira oficialmente del Roland Garros 2026"}]},{"@type":"WebSite","@id":"https:\/\/www.diario22.ar\/notix2\/#website","url":"https:\/\/www.diario22.ar\/notix2\/","name":"diario22.ar","description":"Vive hoy &amp; descubre lo que viene","publisher":{"@id":"https:\/\/www.diario22.ar\/notix2\/#organization"},"potentialAction":[{"@type":"SearchAction","target":{"@type":"EntryPoint","urlTemplate":"https:\/\/www.diario22.ar\/notix2\/?s={search_term_string}"},"query-input":{"@type":"PropertyValueSpecification","valueRequired":true,"valueName":"search_term_string"}}],"inLanguage":"es-AR"},{"@type":"Organization","@id":"https:\/\/www.diario22.ar\/notix2\/#organization","name":"diario22.ar","url":"https:\/\/www.diario22.ar\/notix2\/","logo":{"@type":"ImageObject","inLanguage":"es-AR","@id":"https:\/\/www.diario22.ar\/notix2\/#\/schema\/logo\/image\/","url":"https:\/\/www.diario22.ar\/notix2\/wp-content\/uploads\/2025\/10\/cropped-Publish-1.png","contentUrl":"https:\/\/www.diario22.ar\/notix2\/wp-content\/uploads\/2025\/10\/cropped-Publish-1.png","width":1560,"height":722,"caption":"diario22.ar"},"image":{"@id":"https:\/\/www.diario22.ar\/notix2\/#\/schema\/logo\/image\/"}},{"@type":"Person","@id":"https:\/\/www.diario22.ar\/notix2\/#\/schema\/person\/9266f03a2bd6dca79e788e180fb2deeb","name":"Camila Torres","image":{"@type":"ImageObject","inLanguage":"es-AR","@id":"https:\/\/www.diario22.ar\/notix2\/#\/schema\/person\/image\/","url":"https:\/\/www.diario22.ar\/notix2\/wp-content\/uploads\/2025\/10\/diario22.ar-3-150x150.png","contentUrl":"https:\/\/www.diario22.ar\/notix2\/wp-content\/uploads\/2025\/10\/diario22.ar-3-150x150.png","caption":"Camila Torres"},"description":"Soy periodista y redactora en Diario22.ar, apasionada por las historias que conectan la actualidad con la gente. Me form\u00e9 en comunicaci\u00f3n social en Buenos Aires y desde entonces busco darle voz a lo cotidiano, con una mirada curiosa y humana. Creo que el periodismo no solo informa: tambi\u00e9n inspira y transforma.","sameAs":["https:\/\/www.diario22.ar\/notix2"]}]}},"_links":{"self":[{"href":"https:\/\/www.diario22.ar\/notix2\/wp-json\/wp\/v2\/posts\/51880","targetHints":{"allow":["GET"]}}],"collection":[{"href":"https:\/\/www.diario22.ar\/notix2\/wp-json\/wp\/v2\/posts"}],"about":[{"href":"https:\/\/www.diario22.ar\/notix2\/wp-json\/wp\/v2\/types\/post"}],"author":[{"embeddable":true,"href":"https:\/\/www.diario22.ar\/notix2\/wp-json\/wp\/v2\/users\/1"}],"replies":[{"embeddable":true,"href":"https:\/\/www.diario22.ar\/notix2\/wp-json\/wp\/v2\/comments?post=51880"}],"version-history":[{"count":1,"href":"https:\/\/www.diario22.ar\/notix2\/wp-json\/wp\/v2\/posts\/51880\/revisions"}],"predecessor-version":[{"id":51882,"href":"https:\/\/www.diario22.ar\/notix2\/wp-json\/wp\/v2\/posts\/51880\/revisions\/51882"}],"wp:featuredmedia":[{"embeddable":true,"href":"https:\/\/www.diario22.ar\/notix2\/wp-json\/wp\/v2\/media\/51881"}],"wp:attachment":[{"href":"https:\/\/www.diario22.ar\/notix2\/wp-json\/wp\/v2\/media?parent=51880"}],"wp:term":[{"taxonomy":"category","embeddable":true,"href":"https:\/\/www.diario22.ar\/notix2\/wp-json\/wp\/v2\/categories?post=51880"},{"taxonomy":"post_tag","embeddable":true,"href":"https:\/\/www.diario22.ar\/notix2\/wp-json\/wp\/v2\/tags?post=51880"}],"curies":[{"name":"wp","href":"https:\/\/api.w.org\/{rel}","templated":true}]}}