{"id":51861,"date":"2026-04-28T06:36:54","date_gmt":"2026-04-28T09:36:54","guid":{"rendered":"https:\/\/www.diario22.ar\/notix2\/exclusivo-jeezy-colabora-con-bike-air\/"},"modified":"2026-04-28T06:36:55","modified_gmt":"2026-04-28T09:36:55","slug":"exclusivo-jeezy-colabora-con-bike-air","status":"publish","type":"post","link":"https:\/\/www.diario22.ar\/notix2\/exclusivo-jeezy-colabora-con-bike-air\/","title":{"rendered":"Exclusivo: Jeezy colabora con BIKE AIR"},"content":{"rendered":"<p>Nigel Sylvester y Jordan Brand forman un d\u00fao imparable. Mientras se preparan para otra colecci\u00f3n BIKE AIR que incluye el Air Jordan 4, han sumado a un nuevo socio: Jeezy. La leyenda de Atlanta es la imagen del lookbook de la colecci\u00f3n \u201cBrick After Brick\u201d, luciendo una amplia gama de prendas nuevas, as\u00ed como el Air Jordan 4 de Sylvester que se anunci\u00f3 el mes pasado. Al observar m\u00e1s de cerca los dise\u00f1os, las piezas clave con la marca \u201cBrick After Brick\u201d incluyen una prenda con media cremallera (half-zip), una sudadera, camisetas, pantalones y mucho m\u00e1s.<\/p>\n<p>\u201cFue un honor colaborar con Jeezy en el lookbook BIKE AIR de \u201cBrick After Brick\u201d en las ic\u00f3nicas Brooklyn Banks. Pas\u00e9 muchos a\u00f1os practicando BMX en esas instalaciones, con la m\u00fasica de Jeezy como fuente constante de motivaci\u00f3n,\u201d comparte Sylvester. \u201cEste es un momento de ciclo completo para m\u00ed que enfatiza la \u00e9tica de Brick After Brick. Esto es movimiento, creatividad y consistencia que se unen para crear algo atemporal.\u201d<\/p>\n<p>\u201cTrabajar con Nigel Sylvester en la campa\u00f1a de Jordan Brand \u2018Brick After Brick\u2019 fue natural porque el mensaje realmente reson\u00f3 conmigo. Cuando Nigel me dijo que significa sostener despu\u00e9s de construir, todo hizo clic. Eso es verdadero empuje, verdadero prop\u00f3sito y verdadero legado,\u201d se\u00f1ala Jeezy. \u201cSer la imagen del lookbook fue un honor, porque esta campa\u00f1a habla del esfuerzo diario, del crecimiento y de la mentalidad necesaria para seguir construyendo, ladrillo a ladrillo \u2014 sigue ganando.\u201d<\/p>\n<p>Est\u00e9n atentos, el par de zapatillas se lanzar\u00e1 en mayo, junto con su gama de prendas complementarias.<\/p>\n","protected":false},"excerpt":{"rendered":"<p>Nigel Sylvester y Jordan Brand forman un d\u00fao imparable. Mientras se preparan para otra colecci\u00f3n BIKE AIR que incluye el<\/p>\n","protected":false},"author":1,"featured_media":51862,"comment_status":"open","ping_status":"open","sticky":false,"template":"","format":"standard","meta":{"footnotes":""},"categories":[9],"tags":[1641,3055,3054,49,731,3053],"class_list":["post-51861","post","type-post","status-publish","format-standard","has-post-thumbnail","hentry","category-moda","tag-air","tag-bike","tag-colabora","tag-con","tag-exclusivo","tag-jeezy","generate-columns","tablet-grid-50","mobile-grid-100","grid-parent","grid-50"],"yoast_head":"<!-- This site is optimized with the Yoast SEO plugin v26.1.1 - https:\/\/yoast.com\/wordpress\/plugins\/seo\/ -->\n<title>Exclusivo: Jeezy colabora con BIKE AIR - diario22.ar<\/title>\n<meta name=\"robots\" content=\"index, follow, max-snippet:-1, max-image-preview:large, max-video-preview:-1\" \/>\n<link rel=\"canonical\" href=\"https:\/\/www.diario22.ar\/notix2\/exclusivo-jeezy-colabora-con-bike-air\/\" \/>\n<meta property=\"og:locale\" content=\"es_ES\" \/>\n<meta property=\"og:type\" content=\"article\" \/>\n<meta property=\"og:title\" content=\"Exclusivo: Jeezy colabora con BIKE AIR - diario22.ar\" \/>\n<meta property=\"og:description\" content=\"Nigel Sylvester y Jordan Brand forman un d\u00fao imparable. Mientras se preparan para otra colecci\u00f3n BIKE AIR que incluye el\" \/>\n<meta property=\"og:url\" content=\"https:\/\/www.diario22.ar\/notix2\/exclusivo-jeezy-colabora-con-bike-air\/\" \/>\n<meta property=\"og:site_name\" content=\"diario22.ar\" \/>\n<meta property=\"article:published_time\" content=\"2026-04-28T09:36:54+00:00\" \/>\n<meta property=\"article:modified_time\" content=\"2026-04-28T09:36:55+00:00\" \/>\n<meta property=\"og:image\" content=\"https:\/\/www.diario22.ar\/notix2\/wp-content\/uploads\/2026\/04\/Exclusivo-Jeezy-colabora-con-BIKE-AIR.com2Fimage2F20262F042F022Fjeezy-nigel-sylvester-jordan-bike-air-collect.jpeg\" \/>\n\t<meta property=\"og:image:width\" content=\"1080\" \/>\n\t<meta property=\"og:image:height\" content=\"540\" \/>\n\t<meta property=\"og:image:type\" content=\"image\/jpeg\" \/>\n<meta name=\"author\" content=\"Camila Torres\" \/>\n<meta name=\"twitter:card\" content=\"summary_large_image\" \/>\n<meta name=\"twitter:label1\" content=\"Escrito por\" \/>\n\t<meta name=\"twitter:data1\" content=\"Camila Torres\" \/>\n\t<meta name=\"twitter:label2\" content=\"Tiempo de lectura\" \/>\n\t<meta name=\"twitter:data2\" content=\"1 minuto\" \/>\n<script type=\"application\/ld+json\" class=\"yoast-schema-graph\">{\"@context\":\"https:\/\/schema.org\",\"@graph\":[{\"@type\":\"Article\",\"@id\":\"https:\/\/www.diario22.ar\/notix2\/exclusivo-jeezy-colabora-con-bike-air\/#article\",\"isPartOf\":{\"@id\":\"https:\/\/www.diario22.ar\/notix2\/exclusivo-jeezy-colabora-con-bike-air\/\"},\"author\":{\"name\":\"Camila Torres\",\"@id\":\"https:\/\/www.diario22.ar\/notix2\/#\/schema\/person\/9266f03a2bd6dca79e788e180fb2deeb\"},\"headline\":\"Exclusivo: Jeezy colabora con BIKE AIR\",\"datePublished\":\"2026-04-28T09:36:54+00:00\",\"dateModified\":\"2026-04-28T09:36:55+00:00\",\"mainEntityOfPage\":{\"@id\":\"https:\/\/www.diario22.ar\/notix2\/exclusivo-jeezy-colabora-con-bike-air\/\"},\"wordCount\":278,\"commentCount\":0,\"publisher\":{\"@id\":\"https:\/\/www.diario22.ar\/notix2\/#organization\"},\"image\":{\"@id\":\"https:\/\/www.diario22.ar\/notix2\/exclusivo-jeezy-colabora-con-bike-air\/#primaryimage\"},\"thumbnailUrl\":\"https:\/\/www.diario22.ar\/notix2\/wp-content\/uploads\/2026\/04\/Exclusivo-Jeezy-colabora-con-BIKE-AIR.com2Fimage2F20262F042F022Fjeezy-nigel-sylvester-jordan-bike-air-collect.jpeg\",\"keywords\":[\"Air\",\"BIKE\",\"colabora\",\"con\",\"Exclusivo\",\"Jeezy\"],\"articleSection\":[\"Moda\"],\"inLanguage\":\"es-AR\",\"potentialAction\":[{\"@type\":\"CommentAction\",\"name\":\"Comment\",\"target\":[\"https:\/\/www.diario22.ar\/notix2\/exclusivo-jeezy-colabora-con-bike-air\/#respond\"]}]},{\"@type\":\"WebPage\",\"@id\":\"https:\/\/www.diario22.ar\/notix2\/exclusivo-jeezy-colabora-con-bike-air\/\",\"url\":\"https:\/\/www.diario22.ar\/notix2\/exclusivo-jeezy-colabora-con-bike-air\/\",\"name\":\"Exclusivo: Jeezy colabora con BIKE AIR - diario22.ar\",\"isPartOf\":{\"@id\":\"https:\/\/www.diario22.ar\/notix2\/#website\"},\"primaryImageOfPage\":{\"@id\":\"https:\/\/www.diario22.ar\/notix2\/exclusivo-jeezy-colabora-con-bike-air\/#primaryimage\"},\"image\":{\"@id\":\"https:\/\/www.diario22.ar\/notix2\/exclusivo-jeezy-colabora-con-bike-air\/#primaryimage\"},\"thumbnailUrl\":\"https:\/\/www.diario22.ar\/notix2\/wp-content\/uploads\/2026\/04\/Exclusivo-Jeezy-colabora-con-BIKE-AIR.com2Fimage2F20262F042F022Fjeezy-nigel-sylvester-jordan-bike-air-collect.jpeg\",\"datePublished\":\"2026-04-28T09:36:54+00:00\",\"dateModified\":\"2026-04-28T09:36:55+00:00\",\"breadcrumb\":{\"@id\":\"https:\/\/www.diario22.ar\/notix2\/exclusivo-jeezy-colabora-con-bike-air\/#breadcrumb\"},\"inLanguage\":\"es-AR\",\"potentialAction\":[{\"@type\":\"ReadAction\",\"target\":[\"https:\/\/www.diario22.ar\/notix2\/exclusivo-jeezy-colabora-con-bike-air\/\"]}]},{\"@type\":\"ImageObject\",\"inLanguage\":\"es-AR\",\"@id\":\"https:\/\/www.diario22.ar\/notix2\/exclusivo-jeezy-colabora-con-bike-air\/#primaryimage\",\"url\":\"https:\/\/www.diario22.ar\/notix2\/wp-content\/uploads\/2026\/04\/Exclusivo-Jeezy-colabora-con-BIKE-AIR.com2Fimage2F20262F042F022Fjeezy-nigel-sylvester-jordan-bike-air-collect.jpeg\",\"contentUrl\":\"https:\/\/www.diario22.ar\/notix2\/wp-content\/uploads\/2026\/04\/Exclusivo-Jeezy-colabora-con-BIKE-AIR.com2Fimage2F20262F042F022Fjeezy-nigel-sylvester-jordan-bike-air-collect.jpeg\",\"width\":1080,\"height\":540},{\"@type\":\"BreadcrumbList\",\"@id\":\"https:\/\/www.diario22.ar\/notix2\/exclusivo-jeezy-colabora-con-bike-air\/#breadcrumb\",\"itemListElement\":[{\"@type\":\"ListItem\",\"position\":1,\"name\":\"Home\",\"item\":\"https:\/\/www.diario22.ar\/notix2\/\"},{\"@type\":\"ListItem\",\"position\":2,\"name\":\"Exclusivo: Jeezy colabora con BIKE AIR\"}]},{\"@type\":\"WebSite\",\"@id\":\"https:\/\/www.diario22.ar\/notix2\/#website\",\"url\":\"https:\/\/www.diario22.ar\/notix2\/\",\"name\":\"diario22.ar\",\"description\":\"Vive hoy &amp; descubre lo que viene\",\"publisher\":{\"@id\":\"https:\/\/www.diario22.ar\/notix2\/#organization\"},\"potentialAction\":[{\"@type\":\"SearchAction\",\"target\":{\"@type\":\"EntryPoint\",\"urlTemplate\":\"https:\/\/www.diario22.ar\/notix2\/?s={search_term_string}\"},\"query-input\":{\"@type\":\"PropertyValueSpecification\",\"valueRequired\":true,\"valueName\":\"search_term_string\"}}],\"inLanguage\":\"es-AR\"},{\"@type\":\"Organization\",\"@id\":\"https:\/\/www.diario22.ar\/notix2\/#organization\",\"name\":\"diario22.ar\",\"url\":\"https:\/\/www.diario22.ar\/notix2\/\",\"logo\":{\"@type\":\"ImageObject\",\"inLanguage\":\"es-AR\",\"@id\":\"https:\/\/www.diario22.ar\/notix2\/#\/schema\/logo\/image\/\",\"url\":\"https:\/\/www.diario22.ar\/notix2\/wp-content\/uploads\/2025\/10\/cropped-Publish-1.png\",\"contentUrl\":\"https:\/\/www.diario22.ar\/notix2\/wp-content\/uploads\/2025\/10\/cropped-Publish-1.png\",\"width\":1560,\"height\":722,\"caption\":\"diario22.ar\"},\"image\":{\"@id\":\"https:\/\/www.diario22.ar\/notix2\/#\/schema\/logo\/image\/\"}},{\"@type\":\"Person\",\"@id\":\"https:\/\/www.diario22.ar\/notix2\/#\/schema\/person\/9266f03a2bd6dca79e788e180fb2deeb\",\"name\":\"Camila Torres\",\"image\":{\"@type\":\"ImageObject\",\"inLanguage\":\"es-AR\",\"@id\":\"https:\/\/www.diario22.ar\/notix2\/#\/schema\/person\/image\/\",\"url\":\"https:\/\/www.diario22.ar\/notix2\/wp-content\/uploads\/2025\/10\/diario22.ar-3-150x150.png\",\"contentUrl\":\"https:\/\/www.diario22.ar\/notix2\/wp-content\/uploads\/2025\/10\/diario22.ar-3-150x150.png\",\"caption\":\"Camila Torres\"},\"description\":\"Soy periodista y redactora en Diario22.ar, apasionada por las historias que conectan la actualidad con la gente. Me form\u00e9 en comunicaci\u00f3n social en Buenos Aires y desde entonces busco darle voz a lo cotidiano, con una mirada curiosa y humana. Creo que el periodismo no solo informa: tambi\u00e9n inspira y transforma.\",\"sameAs\":[\"https:\/\/www.diario22.ar\/notix2\"]}]}<\/script>\n<!-- \/ Yoast SEO plugin. -->","yoast_head_json":{"title":"Exclusivo: Jeezy colabora con BIKE AIR - diario22.ar","robots":{"index":"index","follow":"follow","max-snippet":"max-snippet:-1","max-image-preview":"max-image-preview:large","max-video-preview":"max-video-preview:-1"},"canonical":"https:\/\/www.diario22.ar\/notix2\/exclusivo-jeezy-colabora-con-bike-air\/","og_locale":"es_ES","og_type":"article","og_title":"Exclusivo: Jeezy colabora con BIKE AIR - diario22.ar","og_description":"Nigel Sylvester y Jordan Brand forman un d\u00fao imparable. Mientras se preparan para otra colecci\u00f3n BIKE AIR que incluye el","og_url":"https:\/\/www.diario22.ar\/notix2\/exclusivo-jeezy-colabora-con-bike-air\/","og_site_name":"diario22.ar","article_published_time":"2026-04-28T09:36:54+00:00","article_modified_time":"2026-04-28T09:36:55+00:00","og_image":[{"width":1080,"height":540,"url":"https:\/\/www.diario22.ar\/notix2\/wp-content\/uploads\/2026\/04\/Exclusivo-Jeezy-colabora-con-BIKE-AIR.com2Fimage2F20262F042F022Fjeezy-nigel-sylvester-jordan-bike-air-collect.jpeg","type":"image\/jpeg"}],"author":"Camila Torres","twitter_card":"summary_large_image","twitter_misc":{"Escrito por":"Camila Torres","Tiempo de lectura":"1 minuto"},"schema":{"@context":"https:\/\/schema.org","@graph":[{"@type":"Article","@id":"https:\/\/www.diario22.ar\/notix2\/exclusivo-jeezy-colabora-con-bike-air\/#article","isPartOf":{"@id":"https:\/\/www.diario22.ar\/notix2\/exclusivo-jeezy-colabora-con-bike-air\/"},"author":{"name":"Camila Torres","@id":"https:\/\/www.diario22.ar\/notix2\/#\/schema\/person\/9266f03a2bd6dca79e788e180fb2deeb"},"headline":"Exclusivo: Jeezy colabora con BIKE AIR","datePublished":"2026-04-28T09:36:54+00:00","dateModified":"2026-04-28T09:36:55+00:00","mainEntityOfPage":{"@id":"https:\/\/www.diario22.ar\/notix2\/exclusivo-jeezy-colabora-con-bike-air\/"},"wordCount":278,"commentCount":0,"publisher":{"@id":"https:\/\/www.diario22.ar\/notix2\/#organization"},"image":{"@id":"https:\/\/www.diario22.ar\/notix2\/exclusivo-jeezy-colabora-con-bike-air\/#primaryimage"},"thumbnailUrl":"https:\/\/www.diario22.ar\/notix2\/wp-content\/uploads\/2026\/04\/Exclusivo-Jeezy-colabora-con-BIKE-AIR.com2Fimage2F20262F042F022Fjeezy-nigel-sylvester-jordan-bike-air-collect.jpeg","keywords":["Air","BIKE","colabora","con","Exclusivo","Jeezy"],"articleSection":["Moda"],"inLanguage":"es-AR","potentialAction":[{"@type":"CommentAction","name":"Comment","target":["https:\/\/www.diario22.ar\/notix2\/exclusivo-jeezy-colabora-con-bike-air\/#respond"]}]},{"@type":"WebPage","@id":"https:\/\/www.diario22.ar\/notix2\/exclusivo-jeezy-colabora-con-bike-air\/","url":"https:\/\/www.diario22.ar\/notix2\/exclusivo-jeezy-colabora-con-bike-air\/","name":"Exclusivo: Jeezy colabora con BIKE AIR - diario22.ar","isPartOf":{"@id":"https:\/\/www.diario22.ar\/notix2\/#website"},"primaryImageOfPage":{"@id":"https:\/\/www.diario22.ar\/notix2\/exclusivo-jeezy-colabora-con-bike-air\/#primaryimage"},"image":{"@id":"https:\/\/www.diario22.ar\/notix2\/exclusivo-jeezy-colabora-con-bike-air\/#primaryimage"},"thumbnailUrl":"https:\/\/www.diario22.ar\/notix2\/wp-content\/uploads\/2026\/04\/Exclusivo-Jeezy-colabora-con-BIKE-AIR.com2Fimage2F20262F042F022Fjeezy-nigel-sylvester-jordan-bike-air-collect.jpeg","datePublished":"2026-04-28T09:36:54+00:00","dateModified":"2026-04-28T09:36:55+00:00","breadcrumb":{"@id":"https:\/\/www.diario22.ar\/notix2\/exclusivo-jeezy-colabora-con-bike-air\/#breadcrumb"},"inLanguage":"es-AR","potentialAction":[{"@type":"ReadAction","target":["https:\/\/www.diario22.ar\/notix2\/exclusivo-jeezy-colabora-con-bike-air\/"]}]},{"@type":"ImageObject","inLanguage":"es-AR","@id":"https:\/\/www.diario22.ar\/notix2\/exclusivo-jeezy-colabora-con-bike-air\/#primaryimage","url":"https:\/\/www.diario22.ar\/notix2\/wp-content\/uploads\/2026\/04\/Exclusivo-Jeezy-colabora-con-BIKE-AIR.com2Fimage2F20262F042F022Fjeezy-nigel-sylvester-jordan-bike-air-collect.jpeg","contentUrl":"https:\/\/www.diario22.ar\/notix2\/wp-content\/uploads\/2026\/04\/Exclusivo-Jeezy-colabora-con-BIKE-AIR.com2Fimage2F20262F042F022Fjeezy-nigel-sylvester-jordan-bike-air-collect.jpeg","width":1080,"height":540},{"@type":"BreadcrumbList","@id":"https:\/\/www.diario22.ar\/notix2\/exclusivo-jeezy-colabora-con-bike-air\/#breadcrumb","itemListElement":[{"@type":"ListItem","position":1,"name":"Home","item":"https:\/\/www.diario22.ar\/notix2\/"},{"@type":"ListItem","position":2,"name":"Exclusivo: Jeezy colabora con BIKE AIR"}]},{"@type":"WebSite","@id":"https:\/\/www.diario22.ar\/notix2\/#website","url":"https:\/\/www.diario22.ar\/notix2\/","name":"diario22.ar","description":"Vive hoy &amp; descubre lo que viene","publisher":{"@id":"https:\/\/www.diario22.ar\/notix2\/#organization"},"potentialAction":[{"@type":"SearchAction","target":{"@type":"EntryPoint","urlTemplate":"https:\/\/www.diario22.ar\/notix2\/?s={search_term_string}"},"query-input":{"@type":"PropertyValueSpecification","valueRequired":true,"valueName":"search_term_string"}}],"inLanguage":"es-AR"},{"@type":"Organization","@id":"https:\/\/www.diario22.ar\/notix2\/#organization","name":"diario22.ar","url":"https:\/\/www.diario22.ar\/notix2\/","logo":{"@type":"ImageObject","inLanguage":"es-AR","@id":"https:\/\/www.diario22.ar\/notix2\/#\/schema\/logo\/image\/","url":"https:\/\/www.diario22.ar\/notix2\/wp-content\/uploads\/2025\/10\/cropped-Publish-1.png","contentUrl":"https:\/\/www.diario22.ar\/notix2\/wp-content\/uploads\/2025\/10\/cropped-Publish-1.png","width":1560,"height":722,"caption":"diario22.ar"},"image":{"@id":"https:\/\/www.diario22.ar\/notix2\/#\/schema\/logo\/image\/"}},{"@type":"Person","@id":"https:\/\/www.diario22.ar\/notix2\/#\/schema\/person\/9266f03a2bd6dca79e788e180fb2deeb","name":"Camila Torres","image":{"@type":"ImageObject","inLanguage":"es-AR","@id":"https:\/\/www.diario22.ar\/notix2\/#\/schema\/person\/image\/","url":"https:\/\/www.diario22.ar\/notix2\/wp-content\/uploads\/2025\/10\/diario22.ar-3-150x150.png","contentUrl":"https:\/\/www.diario22.ar\/notix2\/wp-content\/uploads\/2025\/10\/diario22.ar-3-150x150.png","caption":"Camila Torres"},"description":"Soy periodista y redactora en Diario22.ar, apasionada por las historias que conectan la actualidad con la gente. Me form\u00e9 en comunicaci\u00f3n social en Buenos Aires y desde entonces busco darle voz a lo cotidiano, con una mirada curiosa y humana. Creo que el periodismo no solo informa: tambi\u00e9n inspira y transforma.","sameAs":["https:\/\/www.diario22.ar\/notix2"]}]}},"_links":{"self":[{"href":"https:\/\/www.diario22.ar\/notix2\/wp-json\/wp\/v2\/posts\/51861","targetHints":{"allow":["GET"]}}],"collection":[{"href":"https:\/\/www.diario22.ar\/notix2\/wp-json\/wp\/v2\/posts"}],"about":[{"href":"https:\/\/www.diario22.ar\/notix2\/wp-json\/wp\/v2\/types\/post"}],"author":[{"embeddable":true,"href":"https:\/\/www.diario22.ar\/notix2\/wp-json\/wp\/v2\/users\/1"}],"replies":[{"embeddable":true,"href":"https:\/\/www.diario22.ar\/notix2\/wp-json\/wp\/v2\/comments?post=51861"}],"version-history":[{"count":1,"href":"https:\/\/www.diario22.ar\/notix2\/wp-json\/wp\/v2\/posts\/51861\/revisions"}],"predecessor-version":[{"id":51863,"href":"https:\/\/www.diario22.ar\/notix2\/wp-json\/wp\/v2\/posts\/51861\/revisions\/51863"}],"wp:featuredmedia":[{"embeddable":true,"href":"https:\/\/www.diario22.ar\/notix2\/wp-json\/wp\/v2\/media\/51862"}],"wp:attachment":[{"href":"https:\/\/www.diario22.ar\/notix2\/wp-json\/wp\/v2\/media?parent=51861"}],"wp:term":[{"taxonomy":"category","embeddable":true,"href":"https:\/\/www.diario22.ar\/notix2\/wp-json\/wp\/v2\/categories?post=51861"},{"taxonomy":"post_tag","embeddable":true,"href":"https:\/\/www.diario22.ar\/notix2\/wp-json\/wp\/v2\/tags?post=51861"}],"curies":[{"name":"wp","href":"https:\/\/api.w.org\/{rel}","templated":true}]}}