{"id":51855,"date":"2026-04-27T13:35:17","date_gmt":"2026-04-27T16:35:17","guid":{"rendered":"https:\/\/www.diario22.ar\/notix2\/yeat-anuncia-la-gira-the-love-lyfe-tour-por-norteamerica-para-el-verano-de-2026\/"},"modified":"2026-04-27T13:35:18","modified_gmt":"2026-04-27T16:35:18","slug":"yeat-anuncia-la-gira-the-love-lyfe-tour-por-norteamerica-para-el-verano-de-2026","status":"publish","type":"post","link":"https:\/\/www.diario22.ar\/notix2\/yeat-anuncia-la-gira-the-love-lyfe-tour-por-norteamerica-para-el-verano-de-2026\/","title":{"rendered":"Yeat anuncia la gira &#8216;The LOVE\/LYFE Tour&#8217; por Norteam\u00e9rica para el verano de 2026"},"content":{"rendered":"<p>El rapero de \u00e9xito y disruptor cultural Yeat ha anunciado oficialmente que emprender\u00e1 una gira por Norteam\u00e9rica: \u201cThe LOVE\/LYFE Tour\u201d, que arrancar\u00e1 este julio para apoyar su nuevo y contundente \u00e1lbum doble <em>ADL (A Dangerous Lyfe \/ A Dangerous Love)<\/em>.<\/p>\n<div>\n<div class=\"inner-container\">\n<div class=\"inner-content\">\n<div class=\"adunit-wrapper\">\n<div class=\"in-content-ad-outer\">\n<p><!-- Tag ID: HBENGLOB_ATF_INCONTENT --><\/p>\n<div class=\"adunit in-content lazy-load no-init\" data-freestar-ad=\"__300x250\" data-adunit=\"HBENGLOB_ATF_INCONTENT\" data-targeting='{\"HBSiteLoc\":[\"ros\",\"article\"],\"HBSiteCat\":[\"music\",\"live-nation\",\"yeat\",\"bnyx\"],\"HBSitePage\":\"0\",\"HBSiteLang\":\"en\",\"country\":\"us\",\"region\":\"naam\",\"subRegion\":\"\",\"HBArticle\":6696971,\"HBBlacklist\":\"1\"}'><\/div>\n<\/p><\/div>\n<\/p><\/div>\n<\/p><\/div>\n<\/p><\/div>\n<\/div>\n<p>Producida por Live Nation, la gira de verano est\u00e1 prevista para empezar el 17 de julio en The Armory de Minneapolis. A partir de all\u00ed, la gira realizar\u00e1 paradas en grandes ciudades como Chicago, Toronto, Nueva York, Atlanta y Los \u00c1ngeles, para cerrar oficialmente el 18 de agosto en Gallagher Square del Petco Park en San Diego. Para enriquecer la experiencia en vivo, Slayr y BNYX se unir\u00e1n a la gira como invitados especiales en ciudades seleccionadas, con otras fechas contando con los Lyrical Lemonade All Stars y \u201cYeat &#038; Friends\u201d.<\/p>\n<p>Bas\u00e1ndose en el universo de <em>ADL<\/em>, la pr\u00f3xima gira promete traducir la era m\u00e1s ambiciosa de Yeat en una experiencia en vivo \u00fanica. El \u00e1lbum doble, que acaba de llegar a trav\u00e9s de Field Trip Recordings y Capitol Records, abarca m\u00faltiples g\u00e9neros y ocho a\u00f1os de evoluci\u00f3n musical. Impulsando su sonido hacia adelante, el proyecto cuenta con una lista estelar de colaboradores sorprendentes, entre ellos Elton John, Grimes y NBA YoungBoy, junto a colaboradores habituales como Don Toliver, Joji y Julia Wolf.<\/p>\n<p>Las preventas para la gira comienzan el martes 31 de marzo a las 10:00, hora local. La venta general se lanzar\u00e1 oficialmente el viernes 3 de abril a las 10:00, hora local, a trav\u00e9s de Live Nation y del sitio web oficial de Yeat.<\/p>\n<blockquote>\n<p><strong>FECHAS DE LA LOVE\/LYFE TOUR<\/strong><br \/>\n<em>#con BNYX | ^con SLAYR | *soporte por confirmar | ~con Lyrical Lemonade All Stars | @con Yeat y Amigos<\/em>\n<\/p>\n<p>Viernes, 17 de julio \u2013 Minneapolis, MN \u2013 The Armory #<br \/>\nDomingo, 19 de julio \u2013 Chicago, IL \u2013 Huntington Bank Pavilion en Northerly Island ~<br \/>\nMartes, 21 de julio \u2013 Toronto, ON \u2013 Coca-Cola Coliseum #<br \/>\nMi\u00e9rcoles, 22 de julio \u2013 Montreal, QC \u2013 Place Bell #<br \/>\nJueves, 23 de julio \u2013 Nueva York, NY \u2013 SummerStage en Central Park ^ #<br \/>\nS\u00e1bado, 25 de julio \u2013 Boston, MA \u2013 MGM Music Hall at Fenway ^ #<br \/>\nLunes, 27 de julio \u2013 Charlotte, NC \u2013 Skyla Credit Union Amphitheatre ^<br \/>\nMartes, 28 de julio \u2013 Virginia Beach, VA \u2013 The Dome by Rutter Mills ^<br \/>\nJueves, 30 de julio \u2013 Atlanta, GA \u2013 Coca-Cola Roxy #<br \/>\nS\u00e1bado, 1 de agosto \u2013 Fort Lauderdale, FL \u2013 War Memorial Auditorium ^<br \/>\nMartes, 4 de agosto \u2013 Houston, TX \u2013 713 Music Hall *<br \/>\nMi\u00e9rcoles, 5 de agosto \u2013 Irving, TX \u2013 The Pavilion at Toyota Music Factory ^<br \/>\nViernes, 7 de agosto \u2013 Denver, CO \u2013 Junkyard #<br \/>\nLunes, 10 de agosto \u2013 Seattle, WA \u2013 WAMU Theater @ Lumen Field #<br \/>\nMartes, 11 de agosto \u2013 Vancouver, BC \u2013 PNE Forum #<br \/>\nJueves, 13 de agosto \u2013 San Francisco, CA \u2013 Bill Graham Civic Auditorium #<br \/>\nS\u00e1bado, 15 de agosto \u2013 Los \u00c1ngeles, CA \u2013 Intuit Dome @<br \/>\nMartes, 18 de agosto \u2013 San Diego, CA \u2013 Gallagher Square at Petco Park #<\/p>\n<\/blockquote>\n","protected":false},"excerpt":{"rendered":"<p>El rapero de \u00e9xito y disruptor cultural Yeat ha anunciado oficialmente que emprender\u00e1 una gira por Norteam\u00e9rica: \u201cThe LOVE\/LYFE Tour\u201d,<\/p>\n","protected":false},"author":1,"featured_media":51856,"comment_status":"open","ping_status":"open","sticky":false,"template":"","format":"standard","meta":{"footnotes":""},"categories":[5],"tags":[216,126,3050,2654,104,109,2449,2928,3049],"class_list":["post-51855","post","type-post","status-publish","format-standard","has-post-thumbnail","hentry","category-musica","tag-anuncia","tag-gira","tag-lovelyfe","tag-norteamerica","tag-para","tag-por","tag-tour","tag-verano","tag-yeat","generate-columns","tablet-grid-50","mobile-grid-100","grid-parent","grid-50"],"yoast_head":"<!-- This site is optimized with the Yoast SEO plugin v26.1.1 - https:\/\/yoast.com\/wordpress\/plugins\/seo\/ -->\n<title>Yeat anuncia la gira &#039;The LOVE\/LYFE Tour&#039; por Norteam\u00e9rica para el verano de 2026 - diario22.ar<\/title>\n<meta name=\"robots\" content=\"index, follow, max-snippet:-1, max-image-preview:large, max-video-preview:-1\" \/>\n<link rel=\"canonical\" href=\"https:\/\/www.diario22.ar\/notix2\/yeat-anuncia-la-gira-the-love-lyfe-tour-por-norteamerica-para-el-verano-de-2026\/\" \/>\n<meta property=\"og:locale\" content=\"es_ES\" \/>\n<meta property=\"og:type\" content=\"article\" \/>\n<meta property=\"og:title\" content=\"Yeat anuncia la gira &#039;The LOVE\/LYFE Tour&#039; por Norteam\u00e9rica para el verano de 2026 - diario22.ar\" \/>\n<meta property=\"og:description\" content=\"El rapero de \u00e9xito y disruptor cultural Yeat ha anunciado oficialmente que emprender\u00e1 una gira por Norteam\u00e9rica: \u201cThe LOVE\/LYFE Tour\u201d,\" \/>\n<meta property=\"og:url\" content=\"https:\/\/www.diario22.ar\/notix2\/yeat-anuncia-la-gira-the-love-lyfe-tour-por-norteamerica-para-el-verano-de-2026\/\" \/>\n<meta property=\"og:site_name\" content=\"diario22.ar\" \/>\n<meta property=\"article:published_time\" content=\"2026-04-27T16:35:17+00:00\" \/>\n<meta property=\"article:modified_time\" content=\"2026-04-27T16:35:18+00:00\" \/>\n<meta property=\"og:image\" content=\"https:\/\/www.diario22.ar\/notix2\/wp-content\/uploads\/2026\/04\/Yeat-anuncia-la-gira-The-LOVELYFE-Tour-por-Norteamerica-para.com2Fimage2F20262F032F302Fyeat-north-american-the-love-lyfe-tour-summer.jpeg\" \/>\n\t<meta property=\"og:image:width\" content=\"1080\" \/>\n\t<meta property=\"og:image:height\" content=\"540\" \/>\n\t<meta property=\"og:image:type\" content=\"image\/jpeg\" \/>\n<meta name=\"author\" content=\"Camila Torres\" \/>\n<meta name=\"twitter:card\" content=\"summary_large_image\" \/>\n<meta name=\"twitter:label1\" content=\"Escrito por\" \/>\n\t<meta name=\"twitter:data1\" content=\"Camila Torres\" \/>\n\t<meta name=\"twitter:label2\" content=\"Tiempo de lectura\" \/>\n\t<meta name=\"twitter:data2\" content=\"2 minutos\" \/>\n<script type=\"application\/ld+json\" class=\"yoast-schema-graph\">{\"@context\":\"https:\/\/schema.org\",\"@graph\":[{\"@type\":\"Article\",\"@id\":\"https:\/\/www.diario22.ar\/notix2\/yeat-anuncia-la-gira-the-love-lyfe-tour-por-norteamerica-para-el-verano-de-2026\/#article\",\"isPartOf\":{\"@id\":\"https:\/\/www.diario22.ar\/notix2\/yeat-anuncia-la-gira-the-love-lyfe-tour-por-norteamerica-para-el-verano-de-2026\/\"},\"author\":{\"name\":\"Camila Torres\",\"@id\":\"https:\/\/www.diario22.ar\/notix2\/#\/schema\/person\/9266f03a2bd6dca79e788e180fb2deeb\"},\"headline\":\"Yeat anuncia la gira &#8216;The LOVE\/LYFE Tour&#8217; por Norteam\u00e9rica para el verano de 2026\",\"datePublished\":\"2026-04-27T16:35:17+00:00\",\"dateModified\":\"2026-04-27T16:35:18+00:00\",\"mainEntityOfPage\":{\"@id\":\"https:\/\/www.diario22.ar\/notix2\/yeat-anuncia-la-gira-the-love-lyfe-tour-por-norteamerica-para-el-verano-de-2026\/\"},\"wordCount\":460,\"commentCount\":0,\"publisher\":{\"@id\":\"https:\/\/www.diario22.ar\/notix2\/#organization\"},\"image\":{\"@id\":\"https:\/\/www.diario22.ar\/notix2\/yeat-anuncia-la-gira-the-love-lyfe-tour-por-norteamerica-para-el-verano-de-2026\/#primaryimage\"},\"thumbnailUrl\":\"https:\/\/www.diario22.ar\/notix2\/wp-content\/uploads\/2026\/04\/Yeat-anuncia-la-gira-The-LOVELYFE-Tour-por-Norteamerica-para.com2Fimage2F20262F032F302Fyeat-north-american-the-love-lyfe-tour-summer.jpeg\",\"keywords\":[\"anuncia\",\"Gira\",\"LOVELYFE\",\"Norteam\u00e9rica\",\"para\",\"por\",\"Tour\",\"verano\",\"Yeat\"],\"articleSection\":[\"M\u00fasica\"],\"inLanguage\":\"es-AR\",\"potentialAction\":[{\"@type\":\"CommentAction\",\"name\":\"Comment\",\"target\":[\"https:\/\/www.diario22.ar\/notix2\/yeat-anuncia-la-gira-the-love-lyfe-tour-por-norteamerica-para-el-verano-de-2026\/#respond\"]}]},{\"@type\":\"WebPage\",\"@id\":\"https:\/\/www.diario22.ar\/notix2\/yeat-anuncia-la-gira-the-love-lyfe-tour-por-norteamerica-para-el-verano-de-2026\/\",\"url\":\"https:\/\/www.diario22.ar\/notix2\/yeat-anuncia-la-gira-the-love-lyfe-tour-por-norteamerica-para-el-verano-de-2026\/\",\"name\":\"Yeat anuncia la gira 'The LOVE\/LYFE Tour' por Norteam\u00e9rica para el verano de 2026 - diario22.ar\",\"isPartOf\":{\"@id\":\"https:\/\/www.diario22.ar\/notix2\/#website\"},\"primaryImageOfPage\":{\"@id\":\"https:\/\/www.diario22.ar\/notix2\/yeat-anuncia-la-gira-the-love-lyfe-tour-por-norteamerica-para-el-verano-de-2026\/#primaryimage\"},\"image\":{\"@id\":\"https:\/\/www.diario22.ar\/notix2\/yeat-anuncia-la-gira-the-love-lyfe-tour-por-norteamerica-para-el-verano-de-2026\/#primaryimage\"},\"thumbnailUrl\":\"https:\/\/www.diario22.ar\/notix2\/wp-content\/uploads\/2026\/04\/Yeat-anuncia-la-gira-The-LOVELYFE-Tour-por-Norteamerica-para.com2Fimage2F20262F032F302Fyeat-north-american-the-love-lyfe-tour-summer.jpeg\",\"datePublished\":\"2026-04-27T16:35:17+00:00\",\"dateModified\":\"2026-04-27T16:35:18+00:00\",\"breadcrumb\":{\"@id\":\"https:\/\/www.diario22.ar\/notix2\/yeat-anuncia-la-gira-the-love-lyfe-tour-por-norteamerica-para-el-verano-de-2026\/#breadcrumb\"},\"inLanguage\":\"es-AR\",\"potentialAction\":[{\"@type\":\"ReadAction\",\"target\":[\"https:\/\/www.diario22.ar\/notix2\/yeat-anuncia-la-gira-the-love-lyfe-tour-por-norteamerica-para-el-verano-de-2026\/\"]}]},{\"@type\":\"ImageObject\",\"inLanguage\":\"es-AR\",\"@id\":\"https:\/\/www.diario22.ar\/notix2\/yeat-anuncia-la-gira-the-love-lyfe-tour-por-norteamerica-para-el-verano-de-2026\/#primaryimage\",\"url\":\"https:\/\/www.diario22.ar\/notix2\/wp-content\/uploads\/2026\/04\/Yeat-anuncia-la-gira-The-LOVELYFE-Tour-por-Norteamerica-para.com2Fimage2F20262F032F302Fyeat-north-american-the-love-lyfe-tour-summer.jpeg\",\"contentUrl\":\"https:\/\/www.diario22.ar\/notix2\/wp-content\/uploads\/2026\/04\/Yeat-anuncia-la-gira-The-LOVELYFE-Tour-por-Norteamerica-para.com2Fimage2F20262F032F302Fyeat-north-american-the-love-lyfe-tour-summer.jpeg\",\"width\":1080,\"height\":540},{\"@type\":\"BreadcrumbList\",\"@id\":\"https:\/\/www.diario22.ar\/notix2\/yeat-anuncia-la-gira-the-love-lyfe-tour-por-norteamerica-para-el-verano-de-2026\/#breadcrumb\",\"itemListElement\":[{\"@type\":\"ListItem\",\"position\":1,\"name\":\"Home\",\"item\":\"https:\/\/www.diario22.ar\/notix2\/\"},{\"@type\":\"ListItem\",\"position\":2,\"name\":\"Yeat anuncia la gira &#8216;The LOVE\/LYFE Tour&#8217; por Norteam\u00e9rica para el verano de 2026\"}]},{\"@type\":\"WebSite\",\"@id\":\"https:\/\/www.diario22.ar\/notix2\/#website\",\"url\":\"https:\/\/www.diario22.ar\/notix2\/\",\"name\":\"diario22.ar\",\"description\":\"Vive hoy &amp; descubre lo que viene\",\"publisher\":{\"@id\":\"https:\/\/www.diario22.ar\/notix2\/#organization\"},\"potentialAction\":[{\"@type\":\"SearchAction\",\"target\":{\"@type\":\"EntryPoint\",\"urlTemplate\":\"https:\/\/www.diario22.ar\/notix2\/?s={search_term_string}\"},\"query-input\":{\"@type\":\"PropertyValueSpecification\",\"valueRequired\":true,\"valueName\":\"search_term_string\"}}],\"inLanguage\":\"es-AR\"},{\"@type\":\"Organization\",\"@id\":\"https:\/\/www.diario22.ar\/notix2\/#organization\",\"name\":\"diario22.ar\",\"url\":\"https:\/\/www.diario22.ar\/notix2\/\",\"logo\":{\"@type\":\"ImageObject\",\"inLanguage\":\"es-AR\",\"@id\":\"https:\/\/www.diario22.ar\/notix2\/#\/schema\/logo\/image\/\",\"url\":\"https:\/\/www.diario22.ar\/notix2\/wp-content\/uploads\/2025\/10\/cropped-Publish-1.png\",\"contentUrl\":\"https:\/\/www.diario22.ar\/notix2\/wp-content\/uploads\/2025\/10\/cropped-Publish-1.png\",\"width\":1560,\"height\":722,\"caption\":\"diario22.ar\"},\"image\":{\"@id\":\"https:\/\/www.diario22.ar\/notix2\/#\/schema\/logo\/image\/\"}},{\"@type\":\"Person\",\"@id\":\"https:\/\/www.diario22.ar\/notix2\/#\/schema\/person\/9266f03a2bd6dca79e788e180fb2deeb\",\"name\":\"Camila Torres\",\"image\":{\"@type\":\"ImageObject\",\"inLanguage\":\"es-AR\",\"@id\":\"https:\/\/www.diario22.ar\/notix2\/#\/schema\/person\/image\/\",\"url\":\"https:\/\/www.diario22.ar\/notix2\/wp-content\/uploads\/2025\/10\/diario22.ar-3-150x150.png\",\"contentUrl\":\"https:\/\/www.diario22.ar\/notix2\/wp-content\/uploads\/2025\/10\/diario22.ar-3-150x150.png\",\"caption\":\"Camila Torres\"},\"description\":\"Soy periodista y redactora en Diario22.ar, apasionada por las historias que conectan la actualidad con la gente. Me form\u00e9 en comunicaci\u00f3n social en Buenos Aires y desde entonces busco darle voz a lo cotidiano, con una mirada curiosa y humana. Creo que el periodismo no solo informa: tambi\u00e9n inspira y transforma.\",\"sameAs\":[\"https:\/\/www.diario22.ar\/notix2\"]}]}<\/script>\n<!-- \/ Yoast SEO plugin. -->","yoast_head_json":{"title":"Yeat anuncia la gira 'The LOVE\/LYFE Tour' por Norteam\u00e9rica para el verano de 2026 - diario22.ar","robots":{"index":"index","follow":"follow","max-snippet":"max-snippet:-1","max-image-preview":"max-image-preview:large","max-video-preview":"max-video-preview:-1"},"canonical":"https:\/\/www.diario22.ar\/notix2\/yeat-anuncia-la-gira-the-love-lyfe-tour-por-norteamerica-para-el-verano-de-2026\/","og_locale":"es_ES","og_type":"article","og_title":"Yeat anuncia la gira 'The LOVE\/LYFE Tour' por Norteam\u00e9rica para el verano de 2026 - diario22.ar","og_description":"El rapero de \u00e9xito y disruptor cultural Yeat ha anunciado oficialmente que emprender\u00e1 una gira por Norteam\u00e9rica: \u201cThe LOVE\/LYFE Tour\u201d,","og_url":"https:\/\/www.diario22.ar\/notix2\/yeat-anuncia-la-gira-the-love-lyfe-tour-por-norteamerica-para-el-verano-de-2026\/","og_site_name":"diario22.ar","article_published_time":"2026-04-27T16:35:17+00:00","article_modified_time":"2026-04-27T16:35:18+00:00","og_image":[{"width":1080,"height":540,"url":"https:\/\/www.diario22.ar\/notix2\/wp-content\/uploads\/2026\/04\/Yeat-anuncia-la-gira-The-LOVELYFE-Tour-por-Norteamerica-para.com2Fimage2F20262F032F302Fyeat-north-american-the-love-lyfe-tour-summer.jpeg","type":"image\/jpeg"}],"author":"Camila Torres","twitter_card":"summary_large_image","twitter_misc":{"Escrito por":"Camila Torres","Tiempo de lectura":"2 minutos"},"schema":{"@context":"https:\/\/schema.org","@graph":[{"@type":"Article","@id":"https:\/\/www.diario22.ar\/notix2\/yeat-anuncia-la-gira-the-love-lyfe-tour-por-norteamerica-para-el-verano-de-2026\/#article","isPartOf":{"@id":"https:\/\/www.diario22.ar\/notix2\/yeat-anuncia-la-gira-the-love-lyfe-tour-por-norteamerica-para-el-verano-de-2026\/"},"author":{"name":"Camila Torres","@id":"https:\/\/www.diario22.ar\/notix2\/#\/schema\/person\/9266f03a2bd6dca79e788e180fb2deeb"},"headline":"Yeat anuncia la gira &#8216;The LOVE\/LYFE Tour&#8217; por Norteam\u00e9rica para el verano de 2026","datePublished":"2026-04-27T16:35:17+00:00","dateModified":"2026-04-27T16:35:18+00:00","mainEntityOfPage":{"@id":"https:\/\/www.diario22.ar\/notix2\/yeat-anuncia-la-gira-the-love-lyfe-tour-por-norteamerica-para-el-verano-de-2026\/"},"wordCount":460,"commentCount":0,"publisher":{"@id":"https:\/\/www.diario22.ar\/notix2\/#organization"},"image":{"@id":"https:\/\/www.diario22.ar\/notix2\/yeat-anuncia-la-gira-the-love-lyfe-tour-por-norteamerica-para-el-verano-de-2026\/#primaryimage"},"thumbnailUrl":"https:\/\/www.diario22.ar\/notix2\/wp-content\/uploads\/2026\/04\/Yeat-anuncia-la-gira-The-LOVELYFE-Tour-por-Norteamerica-para.com2Fimage2F20262F032F302Fyeat-north-american-the-love-lyfe-tour-summer.jpeg","keywords":["anuncia","Gira","LOVELYFE","Norteam\u00e9rica","para","por","Tour","verano","Yeat"],"articleSection":["M\u00fasica"],"inLanguage":"es-AR","potentialAction":[{"@type":"CommentAction","name":"Comment","target":["https:\/\/www.diario22.ar\/notix2\/yeat-anuncia-la-gira-the-love-lyfe-tour-por-norteamerica-para-el-verano-de-2026\/#respond"]}]},{"@type":"WebPage","@id":"https:\/\/www.diario22.ar\/notix2\/yeat-anuncia-la-gira-the-love-lyfe-tour-por-norteamerica-para-el-verano-de-2026\/","url":"https:\/\/www.diario22.ar\/notix2\/yeat-anuncia-la-gira-the-love-lyfe-tour-por-norteamerica-para-el-verano-de-2026\/","name":"Yeat anuncia la gira 'The LOVE\/LYFE Tour' por Norteam\u00e9rica para el verano de 2026 - diario22.ar","isPartOf":{"@id":"https:\/\/www.diario22.ar\/notix2\/#website"},"primaryImageOfPage":{"@id":"https:\/\/www.diario22.ar\/notix2\/yeat-anuncia-la-gira-the-love-lyfe-tour-por-norteamerica-para-el-verano-de-2026\/#primaryimage"},"image":{"@id":"https:\/\/www.diario22.ar\/notix2\/yeat-anuncia-la-gira-the-love-lyfe-tour-por-norteamerica-para-el-verano-de-2026\/#primaryimage"},"thumbnailUrl":"https:\/\/www.diario22.ar\/notix2\/wp-content\/uploads\/2026\/04\/Yeat-anuncia-la-gira-The-LOVELYFE-Tour-por-Norteamerica-para.com2Fimage2F20262F032F302Fyeat-north-american-the-love-lyfe-tour-summer.jpeg","datePublished":"2026-04-27T16:35:17+00:00","dateModified":"2026-04-27T16:35:18+00:00","breadcrumb":{"@id":"https:\/\/www.diario22.ar\/notix2\/yeat-anuncia-la-gira-the-love-lyfe-tour-por-norteamerica-para-el-verano-de-2026\/#breadcrumb"},"inLanguage":"es-AR","potentialAction":[{"@type":"ReadAction","target":["https:\/\/www.diario22.ar\/notix2\/yeat-anuncia-la-gira-the-love-lyfe-tour-por-norteamerica-para-el-verano-de-2026\/"]}]},{"@type":"ImageObject","inLanguage":"es-AR","@id":"https:\/\/www.diario22.ar\/notix2\/yeat-anuncia-la-gira-the-love-lyfe-tour-por-norteamerica-para-el-verano-de-2026\/#primaryimage","url":"https:\/\/www.diario22.ar\/notix2\/wp-content\/uploads\/2026\/04\/Yeat-anuncia-la-gira-The-LOVELYFE-Tour-por-Norteamerica-para.com2Fimage2F20262F032F302Fyeat-north-american-the-love-lyfe-tour-summer.jpeg","contentUrl":"https:\/\/www.diario22.ar\/notix2\/wp-content\/uploads\/2026\/04\/Yeat-anuncia-la-gira-The-LOVELYFE-Tour-por-Norteamerica-para.com2Fimage2F20262F032F302Fyeat-north-american-the-love-lyfe-tour-summer.jpeg","width":1080,"height":540},{"@type":"BreadcrumbList","@id":"https:\/\/www.diario22.ar\/notix2\/yeat-anuncia-la-gira-the-love-lyfe-tour-por-norteamerica-para-el-verano-de-2026\/#breadcrumb","itemListElement":[{"@type":"ListItem","position":1,"name":"Home","item":"https:\/\/www.diario22.ar\/notix2\/"},{"@type":"ListItem","position":2,"name":"Yeat anuncia la gira &#8216;The LOVE\/LYFE Tour&#8217; por Norteam\u00e9rica para el verano de 2026"}]},{"@type":"WebSite","@id":"https:\/\/www.diario22.ar\/notix2\/#website","url":"https:\/\/www.diario22.ar\/notix2\/","name":"diario22.ar","description":"Vive hoy &amp; descubre lo que viene","publisher":{"@id":"https:\/\/www.diario22.ar\/notix2\/#organization"},"potentialAction":[{"@type":"SearchAction","target":{"@type":"EntryPoint","urlTemplate":"https:\/\/www.diario22.ar\/notix2\/?s={search_term_string}"},"query-input":{"@type":"PropertyValueSpecification","valueRequired":true,"valueName":"search_term_string"}}],"inLanguage":"es-AR"},{"@type":"Organization","@id":"https:\/\/www.diario22.ar\/notix2\/#organization","name":"diario22.ar","url":"https:\/\/www.diario22.ar\/notix2\/","logo":{"@type":"ImageObject","inLanguage":"es-AR","@id":"https:\/\/www.diario22.ar\/notix2\/#\/schema\/logo\/image\/","url":"https:\/\/www.diario22.ar\/notix2\/wp-content\/uploads\/2025\/10\/cropped-Publish-1.png","contentUrl":"https:\/\/www.diario22.ar\/notix2\/wp-content\/uploads\/2025\/10\/cropped-Publish-1.png","width":1560,"height":722,"caption":"diario22.ar"},"image":{"@id":"https:\/\/www.diario22.ar\/notix2\/#\/schema\/logo\/image\/"}},{"@type":"Person","@id":"https:\/\/www.diario22.ar\/notix2\/#\/schema\/person\/9266f03a2bd6dca79e788e180fb2deeb","name":"Camila Torres","image":{"@type":"ImageObject","inLanguage":"es-AR","@id":"https:\/\/www.diario22.ar\/notix2\/#\/schema\/person\/image\/","url":"https:\/\/www.diario22.ar\/notix2\/wp-content\/uploads\/2025\/10\/diario22.ar-3-150x150.png","contentUrl":"https:\/\/www.diario22.ar\/notix2\/wp-content\/uploads\/2025\/10\/diario22.ar-3-150x150.png","caption":"Camila Torres"},"description":"Soy periodista y redactora en Diario22.ar, apasionada por las historias que conectan la actualidad con la gente. Me form\u00e9 en comunicaci\u00f3n social en Buenos Aires y desde entonces busco darle voz a lo cotidiano, con una mirada curiosa y humana. Creo que el periodismo no solo informa: tambi\u00e9n inspira y transforma.","sameAs":["https:\/\/www.diario22.ar\/notix2"]}]}},"_links":{"self":[{"href":"https:\/\/www.diario22.ar\/notix2\/wp-json\/wp\/v2\/posts\/51855","targetHints":{"allow":["GET"]}}],"collection":[{"href":"https:\/\/www.diario22.ar\/notix2\/wp-json\/wp\/v2\/posts"}],"about":[{"href":"https:\/\/www.diario22.ar\/notix2\/wp-json\/wp\/v2\/types\/post"}],"author":[{"embeddable":true,"href":"https:\/\/www.diario22.ar\/notix2\/wp-json\/wp\/v2\/users\/1"}],"replies":[{"embeddable":true,"href":"https:\/\/www.diario22.ar\/notix2\/wp-json\/wp\/v2\/comments?post=51855"}],"version-history":[{"count":1,"href":"https:\/\/www.diario22.ar\/notix2\/wp-json\/wp\/v2\/posts\/51855\/revisions"}],"predecessor-version":[{"id":51857,"href":"https:\/\/www.diario22.ar\/notix2\/wp-json\/wp\/v2\/posts\/51855\/revisions\/51857"}],"wp:featuredmedia":[{"embeddable":true,"href":"https:\/\/www.diario22.ar\/notix2\/wp-json\/wp\/v2\/media\/51856"}],"wp:attachment":[{"href":"https:\/\/www.diario22.ar\/notix2\/wp-json\/wp\/v2\/media?parent=51855"}],"wp:term":[{"taxonomy":"category","embeddable":true,"href":"https:\/\/www.diario22.ar\/notix2\/wp-json\/wp\/v2\/categories?post=51855"},{"taxonomy":"post_tag","embeddable":true,"href":"https:\/\/www.diario22.ar\/notix2\/wp-json\/wp\/v2\/tags?post=51855"}],"curies":[{"name":"wp","href":"https:\/\/api.w.org\/{rel}","templated":true}]}}