{"id":51852,"date":"2026-04-27T12:35:35","date_gmt":"2026-04-27T15:35:35","guid":{"rendered":"https:\/\/www.diario22.ar\/notix2\/ex-principe-andres-y-sarah-ferguson-dejan-a-estos-miembros-de-la-realeza-en-un-aprieto-fuente\/"},"modified":"2026-04-27T12:35:35","modified_gmt":"2026-04-27T15:35:35","slug":"ex-principe-andres-y-sarah-ferguson-dejan-a-estos-miembros-de-la-realeza-en-un-aprieto-fuente","status":"publish","type":"post","link":"https:\/\/www.diario22.ar\/notix2\/ex-principe-andres-y-sarah-ferguson-dejan-a-estos-miembros-de-la-realeza-en-un-aprieto-fuente\/","title":{"rendered":"Ex-Pr\u00edncipe Andr\u00e9s y Sarah Ferguson dejan a estos miembros de la realeza en un aprieto \u2014 Fuente"},"content":{"rendered":"<div>\n<p>La salida del ex pr\u00edncipe Andr\u00e9s Mountbatten-Windsor y de Sarah Ferguson de la casa real, debido a las controversias recientes, habr\u00eda dejado a sus hijas en un aprieto. Mientras la princesa Beatriz y la princesa Eugenia supuestamente han tomado distancia de sus padres en p\u00fablico, siguen siendo leales a ellos en privado. Fuentes aseguran que las hijas se encuentran en una situaci\u00f3n dif\u00edcil porque, por mucho que amen a sus padres y deseen apoyarlos, las controversias que los rodean dificultan que tomen partido p\u00fablicamente.<\/p>\n<h2 class=\"wp-block-heading\" id=\"h-ex-prince-andrew-and-sarah-ferguson-s-daughters-loyal-to-them-in-private-says-source\">Las hijas del ex pr\u00edncipe Andr\u00e9s y de Sarah Ferguson, &#8216;leales&#8217; a ellos en privado, seg\u00fan una fuente<\/h2>\n<p>En medio de las \u00faltimas controversias que rodean al ex pr\u00edncipe Andr\u00e9s y a Sarah Ferguson, Daily Mail informa que sus hijas siguen siendo \u00ableales\u00bb a ellos en privado. Seg\u00fan una fuente de la realeza, aunque la princesa Eugenia y la princesa Beatriz mantienen distancia de sus padres en p\u00fablico, siguen cercanas a ellos en \u00abprivado\u00bb. La fuente a\u00f1adi\u00f3: \u00abLos York est\u00e1n casi sosteni\u00e9ndose como familia, pero esto ha puesto una nueva tensi\u00f3n en sus relaciones. Lo \u00faltimo que supe es que las hijas siguen apoyando a ambos padres a puerta cerrada\u00bb.<\/p>\n<p>La fuente real a\u00f1adi\u00f3 adem\u00e1s que las hermanas se encuentran en un terrible \u00abaprieto\u00bb. \u00abCreo que deber\u00edan decir algo, pero dudo que lo hagan debido a su necesidad de permanecer leales a sus padres en privado mientras se separan de ellos en p\u00fablico\u00bb, continu\u00f3 la fuente.<\/p>\n<p>Mientras Andr\u00e9s se ha trasladado a la finca de Sandringham, en el este de Inglaterra, se desconocen los detalles de la vivienda de Ferguson. Las fuentes aseguran que ella no se mudar\u00e1 con su exesposo a Sandringham. Una persona cercana coment\u00f3: \u00abS\u00e9 que estaba mirando varias opciones y esperaba quedarse en la zona de Windsor, pero este traslado forzado ha llegado antes de lo previsto\u00bb.<\/p>\n<p>Si los rumores son ciertos, sus hijas le han sugerido que se mude al extranjero, posiblemente a la villa de Eugenia en Portugal. Sin embargo, Ferguson todav\u00eda necesitar\u00eda una residencia permanente. Una fuente indic\u00f3: \u00abFergie vendi\u00f3 su casa de mews en Belgravia por 3,85 millones de libras en agosto, as\u00ed que, en teor\u00eda, tiene ese dinero para usar en otra vivienda. Pero esa casa fue comprada como inversi\u00f3n para Beatriz y Eugenia\u00bb.<\/p>\n<p>Con esto, no queda claro d\u00f3nde terminar\u00e1 estableci\u00e9ndose Ferguson.<\/p>\n<\/div>\n","protected":false},"excerpt":{"rendered":"<p>La salida del ex pr\u00edncipe Andr\u00e9s Mountbatten-Windsor y de Sarah Ferguson de la casa real, debido a las controversias recientes,<\/p>\n","protected":false},"author":1,"featured_media":51853,"comment_status":"open","ping_status":"open","sticky":false,"template":"","format":"standard","meta":{"footnotes":""},"categories":[6],"tags":[1710,3048,1706,3046,2275,3045,65,1720,3047,2853],"class_list":["post-51852","post","type-post","status-publish","format-standard","has-post-thumbnail","hentry","category-famosos","tag-andres","tag-aprieto","tag-dejan","tag-estos","tag-exprincipe","tag-ferguson","tag-fuente","tag-miembros","tag-realeza","tag-sarah","generate-columns","tablet-grid-50","mobile-grid-100","grid-parent","grid-50"],"yoast_head":"<!-- This site is optimized with the Yoast SEO plugin v26.1.1 - https:\/\/yoast.com\/wordpress\/plugins\/seo\/ -->\n<title>Ex-Pr\u00edncipe Andr\u00e9s y Sarah Ferguson dejan a estos miembros de la realeza en un aprieto \u2014 Fuente - diario22.ar<\/title>\n<meta name=\"robots\" content=\"index, follow, max-snippet:-1, max-image-preview:large, max-video-preview:-1\" \/>\n<link rel=\"canonical\" href=\"https:\/\/www.diario22.ar\/notix2\/ex-principe-andres-y-sarah-ferguson-dejan-a-estos-miembros-de-la-realeza-en-un-aprieto-fuente\/\" \/>\n<meta property=\"og:locale\" content=\"es_ES\" \/>\n<meta property=\"og:type\" content=\"article\" \/>\n<meta property=\"og:title\" content=\"Ex-Pr\u00edncipe Andr\u00e9s y Sarah Ferguson dejan a estos miembros de la realeza en un aprieto \u2014 Fuente - diario22.ar\" \/>\n<meta property=\"og:description\" content=\"La salida del ex pr\u00edncipe Andr\u00e9s Mountbatten-Windsor y de Sarah Ferguson de la casa real, debido a las controversias recientes,\" \/>\n<meta property=\"og:url\" content=\"https:\/\/www.diario22.ar\/notix2\/ex-principe-andres-y-sarah-ferguson-dejan-a-estos-miembros-de-la-realeza-en-un-aprieto-fuente\/\" \/>\n<meta property=\"og:site_name\" content=\"diario22.ar\" \/>\n<meta property=\"article:published_time\" content=\"2026-04-27T15:35:35+00:00\" \/>\n<meta property=\"og:image\" content=\"https:\/\/www.diario22.ar\/notix2\/wp-content\/uploads\/2026\/04\/Ex-Principe-Andres-y-Sarah-Ferguson-dejan-a-estos-miembros-de.jpg\" \/>\n\t<meta property=\"og:image:width\" content=\"1200\" \/>\n\t<meta property=\"og:image:height\" content=\"630\" \/>\n\t<meta property=\"og:image:type\" content=\"image\/jpeg\" \/>\n<meta name=\"author\" content=\"Camila Torres\" \/>\n<meta name=\"twitter:card\" content=\"summary_large_image\" \/>\n<meta name=\"twitter:label1\" content=\"Escrito por\" \/>\n\t<meta name=\"twitter:data1\" content=\"Camila Torres\" \/>\n\t<meta name=\"twitter:label2\" content=\"Tiempo de lectura\" \/>\n\t<meta name=\"twitter:data2\" content=\"2 minutos\" \/>\n<script type=\"application\/ld+json\" class=\"yoast-schema-graph\">{\"@context\":\"https:\/\/schema.org\",\"@graph\":[{\"@type\":\"Article\",\"@id\":\"https:\/\/www.diario22.ar\/notix2\/ex-principe-andres-y-sarah-ferguson-dejan-a-estos-miembros-de-la-realeza-en-un-aprieto-fuente\/#article\",\"isPartOf\":{\"@id\":\"https:\/\/www.diario22.ar\/notix2\/ex-principe-andres-y-sarah-ferguson-dejan-a-estos-miembros-de-la-realeza-en-un-aprieto-fuente\/\"},\"author\":{\"name\":\"Camila Torres\",\"@id\":\"https:\/\/www.diario22.ar\/notix2\/#\/schema\/person\/9266f03a2bd6dca79e788e180fb2deeb\"},\"headline\":\"Ex-Pr\u00edncipe Andr\u00e9s y Sarah Ferguson dejan a estos miembros de la realeza en un aprieto \u2014 Fuente\",\"datePublished\":\"2026-04-27T15:35:35+00:00\",\"mainEntityOfPage\":{\"@id\":\"https:\/\/www.diario22.ar\/notix2\/ex-principe-andres-y-sarah-ferguson-dejan-a-estos-miembros-de-la-realeza-en-un-aprieto-fuente\/\"},\"wordCount\":432,\"commentCount\":0,\"publisher\":{\"@id\":\"https:\/\/www.diario22.ar\/notix2\/#organization\"},\"image\":{\"@id\":\"https:\/\/www.diario22.ar\/notix2\/ex-principe-andres-y-sarah-ferguson-dejan-a-estos-miembros-de-la-realeza-en-un-aprieto-fuente\/#primaryimage\"},\"thumbnailUrl\":\"https:\/\/www.diario22.ar\/notix2\/wp-content\/uploads\/2026\/04\/Ex-Principe-Andres-y-Sarah-Ferguson-dejan-a-estos-miembros-de.jpg\",\"keywords\":[\"Andr\u00e9s\",\"aprieto\",\"dejan\",\"estos\",\"expr\u00edncipe\",\"Ferguson\",\"fuente\",\"miembros\",\"realeza\",\"Sarah\"],\"articleSection\":[\"Famosos\"],\"inLanguage\":\"es-AR\",\"potentialAction\":[{\"@type\":\"CommentAction\",\"name\":\"Comment\",\"target\":[\"https:\/\/www.diario22.ar\/notix2\/ex-principe-andres-y-sarah-ferguson-dejan-a-estos-miembros-de-la-realeza-en-un-aprieto-fuente\/#respond\"]}]},{\"@type\":\"WebPage\",\"@id\":\"https:\/\/www.diario22.ar\/notix2\/ex-principe-andres-y-sarah-ferguson-dejan-a-estos-miembros-de-la-realeza-en-un-aprieto-fuente\/\",\"url\":\"https:\/\/www.diario22.ar\/notix2\/ex-principe-andres-y-sarah-ferguson-dejan-a-estos-miembros-de-la-realeza-en-un-aprieto-fuente\/\",\"name\":\"Ex-Pr\u00edncipe Andr\u00e9s y Sarah Ferguson dejan a estos miembros de la realeza en un aprieto \u2014 Fuente - diario22.ar\",\"isPartOf\":{\"@id\":\"https:\/\/www.diario22.ar\/notix2\/#website\"},\"primaryImageOfPage\":{\"@id\":\"https:\/\/www.diario22.ar\/notix2\/ex-principe-andres-y-sarah-ferguson-dejan-a-estos-miembros-de-la-realeza-en-un-aprieto-fuente\/#primaryimage\"},\"image\":{\"@id\":\"https:\/\/www.diario22.ar\/notix2\/ex-principe-andres-y-sarah-ferguson-dejan-a-estos-miembros-de-la-realeza-en-un-aprieto-fuente\/#primaryimage\"},\"thumbnailUrl\":\"https:\/\/www.diario22.ar\/notix2\/wp-content\/uploads\/2026\/04\/Ex-Principe-Andres-y-Sarah-Ferguson-dejan-a-estos-miembros-de.jpg\",\"datePublished\":\"2026-04-27T15:35:35+00:00\",\"breadcrumb\":{\"@id\":\"https:\/\/www.diario22.ar\/notix2\/ex-principe-andres-y-sarah-ferguson-dejan-a-estos-miembros-de-la-realeza-en-un-aprieto-fuente\/#breadcrumb\"},\"inLanguage\":\"es-AR\",\"potentialAction\":[{\"@type\":\"ReadAction\",\"target\":[\"https:\/\/www.diario22.ar\/notix2\/ex-principe-andres-y-sarah-ferguson-dejan-a-estos-miembros-de-la-realeza-en-un-aprieto-fuente\/\"]}]},{\"@type\":\"ImageObject\",\"inLanguage\":\"es-AR\",\"@id\":\"https:\/\/www.diario22.ar\/notix2\/ex-principe-andres-y-sarah-ferguson-dejan-a-estos-miembros-de-la-realeza-en-un-aprieto-fuente\/#primaryimage\",\"url\":\"https:\/\/www.diario22.ar\/notix2\/wp-content\/uploads\/2026\/04\/Ex-Principe-Andres-y-Sarah-Ferguson-dejan-a-estos-miembros-de.jpg\",\"contentUrl\":\"https:\/\/www.diario22.ar\/notix2\/wp-content\/uploads\/2026\/04\/Ex-Principe-Andres-y-Sarah-Ferguson-dejan-a-estos-miembros-de.jpg\",\"width\":1200,\"height\":630},{\"@type\":\"BreadcrumbList\",\"@id\":\"https:\/\/www.diario22.ar\/notix2\/ex-principe-andres-y-sarah-ferguson-dejan-a-estos-miembros-de-la-realeza-en-un-aprieto-fuente\/#breadcrumb\",\"itemListElement\":[{\"@type\":\"ListItem\",\"position\":1,\"name\":\"Home\",\"item\":\"https:\/\/www.diario22.ar\/notix2\/\"},{\"@type\":\"ListItem\",\"position\":2,\"name\":\"Ex-Pr\u00edncipe Andr\u00e9s y Sarah Ferguson dejan a estos miembros de la realeza en un aprieto \u2014 Fuente\"}]},{\"@type\":\"WebSite\",\"@id\":\"https:\/\/www.diario22.ar\/notix2\/#website\",\"url\":\"https:\/\/www.diario22.ar\/notix2\/\",\"name\":\"diario22.ar\",\"description\":\"Vive hoy &amp; descubre lo que viene\",\"publisher\":{\"@id\":\"https:\/\/www.diario22.ar\/notix2\/#organization\"},\"potentialAction\":[{\"@type\":\"SearchAction\",\"target\":{\"@type\":\"EntryPoint\",\"urlTemplate\":\"https:\/\/www.diario22.ar\/notix2\/?s={search_term_string}\"},\"query-input\":{\"@type\":\"PropertyValueSpecification\",\"valueRequired\":true,\"valueName\":\"search_term_string\"}}],\"inLanguage\":\"es-AR\"},{\"@type\":\"Organization\",\"@id\":\"https:\/\/www.diario22.ar\/notix2\/#organization\",\"name\":\"diario22.ar\",\"url\":\"https:\/\/www.diario22.ar\/notix2\/\",\"logo\":{\"@type\":\"ImageObject\",\"inLanguage\":\"es-AR\",\"@id\":\"https:\/\/www.diario22.ar\/notix2\/#\/schema\/logo\/image\/\",\"url\":\"https:\/\/www.diario22.ar\/notix2\/wp-content\/uploads\/2025\/10\/cropped-Publish-1.png\",\"contentUrl\":\"https:\/\/www.diario22.ar\/notix2\/wp-content\/uploads\/2025\/10\/cropped-Publish-1.png\",\"width\":1560,\"height\":722,\"caption\":\"diario22.ar\"},\"image\":{\"@id\":\"https:\/\/www.diario22.ar\/notix2\/#\/schema\/logo\/image\/\"}},{\"@type\":\"Person\",\"@id\":\"https:\/\/www.diario22.ar\/notix2\/#\/schema\/person\/9266f03a2bd6dca79e788e180fb2deeb\",\"name\":\"Camila Torres\",\"image\":{\"@type\":\"ImageObject\",\"inLanguage\":\"es-AR\",\"@id\":\"https:\/\/www.diario22.ar\/notix2\/#\/schema\/person\/image\/\",\"url\":\"https:\/\/www.diario22.ar\/notix2\/wp-content\/uploads\/2025\/10\/diario22.ar-3-150x150.png\",\"contentUrl\":\"https:\/\/www.diario22.ar\/notix2\/wp-content\/uploads\/2025\/10\/diario22.ar-3-150x150.png\",\"caption\":\"Camila Torres\"},\"description\":\"Soy periodista y redactora en Diario22.ar, apasionada por las historias que conectan la actualidad con la gente. Me form\u00e9 en comunicaci\u00f3n social en Buenos Aires y desde entonces busco darle voz a lo cotidiano, con una mirada curiosa y humana. Creo que el periodismo no solo informa: tambi\u00e9n inspira y transforma.\",\"sameAs\":[\"https:\/\/www.diario22.ar\/notix2\"]}]}<\/script>\n<!-- \/ Yoast SEO plugin. -->","yoast_head_json":{"title":"Ex-Pr\u00edncipe Andr\u00e9s y Sarah Ferguson dejan a estos miembros de la realeza en un aprieto \u2014 Fuente - diario22.ar","robots":{"index":"index","follow":"follow","max-snippet":"max-snippet:-1","max-image-preview":"max-image-preview:large","max-video-preview":"max-video-preview:-1"},"canonical":"https:\/\/www.diario22.ar\/notix2\/ex-principe-andres-y-sarah-ferguson-dejan-a-estos-miembros-de-la-realeza-en-un-aprieto-fuente\/","og_locale":"es_ES","og_type":"article","og_title":"Ex-Pr\u00edncipe Andr\u00e9s y Sarah Ferguson dejan a estos miembros de la realeza en un aprieto \u2014 Fuente - diario22.ar","og_description":"La salida del ex pr\u00edncipe Andr\u00e9s Mountbatten-Windsor y de Sarah Ferguson de la casa real, debido a las controversias recientes,","og_url":"https:\/\/www.diario22.ar\/notix2\/ex-principe-andres-y-sarah-ferguson-dejan-a-estos-miembros-de-la-realeza-en-un-aprieto-fuente\/","og_site_name":"diario22.ar","article_published_time":"2026-04-27T15:35:35+00:00","og_image":[{"width":1200,"height":630,"url":"https:\/\/www.diario22.ar\/notix2\/wp-content\/uploads\/2026\/04\/Ex-Principe-Andres-y-Sarah-Ferguson-dejan-a-estos-miembros-de.jpg","type":"image\/jpeg"}],"author":"Camila Torres","twitter_card":"summary_large_image","twitter_misc":{"Escrito por":"Camila Torres","Tiempo de lectura":"2 minutos"},"schema":{"@context":"https:\/\/schema.org","@graph":[{"@type":"Article","@id":"https:\/\/www.diario22.ar\/notix2\/ex-principe-andres-y-sarah-ferguson-dejan-a-estos-miembros-de-la-realeza-en-un-aprieto-fuente\/#article","isPartOf":{"@id":"https:\/\/www.diario22.ar\/notix2\/ex-principe-andres-y-sarah-ferguson-dejan-a-estos-miembros-de-la-realeza-en-un-aprieto-fuente\/"},"author":{"name":"Camila Torres","@id":"https:\/\/www.diario22.ar\/notix2\/#\/schema\/person\/9266f03a2bd6dca79e788e180fb2deeb"},"headline":"Ex-Pr\u00edncipe Andr\u00e9s y Sarah Ferguson dejan a estos miembros de la realeza en un aprieto \u2014 Fuente","datePublished":"2026-04-27T15:35:35+00:00","mainEntityOfPage":{"@id":"https:\/\/www.diario22.ar\/notix2\/ex-principe-andres-y-sarah-ferguson-dejan-a-estos-miembros-de-la-realeza-en-un-aprieto-fuente\/"},"wordCount":432,"commentCount":0,"publisher":{"@id":"https:\/\/www.diario22.ar\/notix2\/#organization"},"image":{"@id":"https:\/\/www.diario22.ar\/notix2\/ex-principe-andres-y-sarah-ferguson-dejan-a-estos-miembros-de-la-realeza-en-un-aprieto-fuente\/#primaryimage"},"thumbnailUrl":"https:\/\/www.diario22.ar\/notix2\/wp-content\/uploads\/2026\/04\/Ex-Principe-Andres-y-Sarah-Ferguson-dejan-a-estos-miembros-de.jpg","keywords":["Andr\u00e9s","aprieto","dejan","estos","expr\u00edncipe","Ferguson","fuente","miembros","realeza","Sarah"],"articleSection":["Famosos"],"inLanguage":"es-AR","potentialAction":[{"@type":"CommentAction","name":"Comment","target":["https:\/\/www.diario22.ar\/notix2\/ex-principe-andres-y-sarah-ferguson-dejan-a-estos-miembros-de-la-realeza-en-un-aprieto-fuente\/#respond"]}]},{"@type":"WebPage","@id":"https:\/\/www.diario22.ar\/notix2\/ex-principe-andres-y-sarah-ferguson-dejan-a-estos-miembros-de-la-realeza-en-un-aprieto-fuente\/","url":"https:\/\/www.diario22.ar\/notix2\/ex-principe-andres-y-sarah-ferguson-dejan-a-estos-miembros-de-la-realeza-en-un-aprieto-fuente\/","name":"Ex-Pr\u00edncipe Andr\u00e9s y Sarah Ferguson dejan a estos miembros de la realeza en un aprieto \u2014 Fuente - diario22.ar","isPartOf":{"@id":"https:\/\/www.diario22.ar\/notix2\/#website"},"primaryImageOfPage":{"@id":"https:\/\/www.diario22.ar\/notix2\/ex-principe-andres-y-sarah-ferguson-dejan-a-estos-miembros-de-la-realeza-en-un-aprieto-fuente\/#primaryimage"},"image":{"@id":"https:\/\/www.diario22.ar\/notix2\/ex-principe-andres-y-sarah-ferguson-dejan-a-estos-miembros-de-la-realeza-en-un-aprieto-fuente\/#primaryimage"},"thumbnailUrl":"https:\/\/www.diario22.ar\/notix2\/wp-content\/uploads\/2026\/04\/Ex-Principe-Andres-y-Sarah-Ferguson-dejan-a-estos-miembros-de.jpg","datePublished":"2026-04-27T15:35:35+00:00","breadcrumb":{"@id":"https:\/\/www.diario22.ar\/notix2\/ex-principe-andres-y-sarah-ferguson-dejan-a-estos-miembros-de-la-realeza-en-un-aprieto-fuente\/#breadcrumb"},"inLanguage":"es-AR","potentialAction":[{"@type":"ReadAction","target":["https:\/\/www.diario22.ar\/notix2\/ex-principe-andres-y-sarah-ferguson-dejan-a-estos-miembros-de-la-realeza-en-un-aprieto-fuente\/"]}]},{"@type":"ImageObject","inLanguage":"es-AR","@id":"https:\/\/www.diario22.ar\/notix2\/ex-principe-andres-y-sarah-ferguson-dejan-a-estos-miembros-de-la-realeza-en-un-aprieto-fuente\/#primaryimage","url":"https:\/\/www.diario22.ar\/notix2\/wp-content\/uploads\/2026\/04\/Ex-Principe-Andres-y-Sarah-Ferguson-dejan-a-estos-miembros-de.jpg","contentUrl":"https:\/\/www.diario22.ar\/notix2\/wp-content\/uploads\/2026\/04\/Ex-Principe-Andres-y-Sarah-Ferguson-dejan-a-estos-miembros-de.jpg","width":1200,"height":630},{"@type":"BreadcrumbList","@id":"https:\/\/www.diario22.ar\/notix2\/ex-principe-andres-y-sarah-ferguson-dejan-a-estos-miembros-de-la-realeza-en-un-aprieto-fuente\/#breadcrumb","itemListElement":[{"@type":"ListItem","position":1,"name":"Home","item":"https:\/\/www.diario22.ar\/notix2\/"},{"@type":"ListItem","position":2,"name":"Ex-Pr\u00edncipe Andr\u00e9s y Sarah Ferguson dejan a estos miembros de la realeza en un aprieto \u2014 Fuente"}]},{"@type":"WebSite","@id":"https:\/\/www.diario22.ar\/notix2\/#website","url":"https:\/\/www.diario22.ar\/notix2\/","name":"diario22.ar","description":"Vive hoy &amp; descubre lo que viene","publisher":{"@id":"https:\/\/www.diario22.ar\/notix2\/#organization"},"potentialAction":[{"@type":"SearchAction","target":{"@type":"EntryPoint","urlTemplate":"https:\/\/www.diario22.ar\/notix2\/?s={search_term_string}"},"query-input":{"@type":"PropertyValueSpecification","valueRequired":true,"valueName":"search_term_string"}}],"inLanguage":"es-AR"},{"@type":"Organization","@id":"https:\/\/www.diario22.ar\/notix2\/#organization","name":"diario22.ar","url":"https:\/\/www.diario22.ar\/notix2\/","logo":{"@type":"ImageObject","inLanguage":"es-AR","@id":"https:\/\/www.diario22.ar\/notix2\/#\/schema\/logo\/image\/","url":"https:\/\/www.diario22.ar\/notix2\/wp-content\/uploads\/2025\/10\/cropped-Publish-1.png","contentUrl":"https:\/\/www.diario22.ar\/notix2\/wp-content\/uploads\/2025\/10\/cropped-Publish-1.png","width":1560,"height":722,"caption":"diario22.ar"},"image":{"@id":"https:\/\/www.diario22.ar\/notix2\/#\/schema\/logo\/image\/"}},{"@type":"Person","@id":"https:\/\/www.diario22.ar\/notix2\/#\/schema\/person\/9266f03a2bd6dca79e788e180fb2deeb","name":"Camila Torres","image":{"@type":"ImageObject","inLanguage":"es-AR","@id":"https:\/\/www.diario22.ar\/notix2\/#\/schema\/person\/image\/","url":"https:\/\/www.diario22.ar\/notix2\/wp-content\/uploads\/2025\/10\/diario22.ar-3-150x150.png","contentUrl":"https:\/\/www.diario22.ar\/notix2\/wp-content\/uploads\/2025\/10\/diario22.ar-3-150x150.png","caption":"Camila Torres"},"description":"Soy periodista y redactora en Diario22.ar, apasionada por las historias que conectan la actualidad con la gente. Me form\u00e9 en comunicaci\u00f3n social en Buenos Aires y desde entonces busco darle voz a lo cotidiano, con una mirada curiosa y humana. Creo que el periodismo no solo informa: tambi\u00e9n inspira y transforma.","sameAs":["https:\/\/www.diario22.ar\/notix2"]}]}},"_links":{"self":[{"href":"https:\/\/www.diario22.ar\/notix2\/wp-json\/wp\/v2\/posts\/51852","targetHints":{"allow":["GET"]}}],"collection":[{"href":"https:\/\/www.diario22.ar\/notix2\/wp-json\/wp\/v2\/posts"}],"about":[{"href":"https:\/\/www.diario22.ar\/notix2\/wp-json\/wp\/v2\/types\/post"}],"author":[{"embeddable":true,"href":"https:\/\/www.diario22.ar\/notix2\/wp-json\/wp\/v2\/users\/1"}],"replies":[{"embeddable":true,"href":"https:\/\/www.diario22.ar\/notix2\/wp-json\/wp\/v2\/comments?post=51852"}],"version-history":[{"count":1,"href":"https:\/\/www.diario22.ar\/notix2\/wp-json\/wp\/v2\/posts\/51852\/revisions"}],"predecessor-version":[{"id":51854,"href":"https:\/\/www.diario22.ar\/notix2\/wp-json\/wp\/v2\/posts\/51852\/revisions\/51854"}],"wp:featuredmedia":[{"embeddable":true,"href":"https:\/\/www.diario22.ar\/notix2\/wp-json\/wp\/v2\/media\/51853"}],"wp:attachment":[{"href":"https:\/\/www.diario22.ar\/notix2\/wp-json\/wp\/v2\/media?parent=51852"}],"wp:term":[{"taxonomy":"category","embeddable":true,"href":"https:\/\/www.diario22.ar\/notix2\/wp-json\/wp\/v2\/categories?post=51852"},{"taxonomy":"post_tag","embeddable":true,"href":"https:\/\/www.diario22.ar\/notix2\/wp-json\/wp\/v2\/tags?post=51852"}],"curies":[{"name":"wp","href":"https:\/\/api.w.org\/{rel}","templated":true}]}}