{"id":51843,"date":"2026-04-26T08:35:30","date_gmt":"2026-04-26T11:35:30","guid":{"rendered":"https:\/\/www.diario22.ar\/notix2\/louis-vuitton-reedita-la-primera-pieza-de-su-coleccion-de-muebles-inspirados-en-el-art-deco\/"},"modified":"2026-04-26T08:35:31","modified_gmt":"2026-04-26T11:35:31","slug":"louis-vuitton-reedita-la-primera-pieza-de-su-coleccion-de-muebles-inspirados-en-el-art-deco","status":"publish","type":"post","link":"https:\/\/www.diario22.ar\/notix2\/louis-vuitton-reedita-la-primera-pieza-de-su-coleccion-de-muebles-inspirados-en-el-art-deco\/","title":{"rendered":"Louis Vuitton Reedita la Primera Pieza de su Colecci\u00f3n de Muebles Inspirados en el Art d\u00e9co"},"content":{"rendered":"<p>Para la Semana del Dise\u00f1o de Mil\u00e1n 2026, Louis Vuitton desvel\u00f3 en el Palazzo Serbelloni una c\u00e1psula temporal de los a\u00f1os veinte, que incluye la reedici\u00f3n de su primera pieza de mobiliario. El proyecto, dentro de la colecci\u00f3n Objets Nomades, se presenta como una muestra que re\u00fane tradici\u00f3n y futuro bajo un mismo techo.<\/p>\n<p>Inspirada en la era Art D\u00e9co de la marca, la nueva entrega de Objets Nomades se organiza en espacios habitables inmersivos. Las distintas estancias, desde la Sala Giangaleazzo hasta el Gran Vest\u00edbulo, rinden homenaje a Pierre Legrain (1888\u20131929), el dise\u00f1ador que cre\u00f3 la primera l\u00ednea de mobiliario de Louis Vuitton.<\/p>\n<p>La pieza inaugural de Legrain, el tocador Celeste, se reedita en su forma Omega original, con madera lacada y cuero Nomade. En otra zona, la silla Riviera Chilienne se resucita de los archivos de Legrain, luciendo madera, cuero y marqueter\u00eda en n\u00e1car. En una sala adyacente, ocupando un vag\u00f3n de tren de \u00e9poca, se exhiben artefactos raros, incluidos los ba\u00fales y accesorios de viaje m\u00e1s antiguos de Louis Vuitton, que dialogan con la nueva colecci\u00f3n Objets Nomades.<\/p>\n<p>El Boudoir presenta el elaborado Gabinete Kal\u00e9idoscopio, con marqueter\u00eda de cuero y pies en forma de sirena, as\u00ed como la deslumbrante silla Cocoon Dicr\u00f3ica, ambas creadas por Estudio Campana con aportes de G\u00e9raldine Gonz\u00e1lez. Estas dos piezas proyectan una visi\u00f3n m\u00e1s orientada al futuro de la identidad de dise\u00f1o de Louis Vuitton y allanan el camino para la Sill\u00f3n Stella del estudio Raw Edges. Situada en el Gran Vest\u00edbulo, la Stella se distancia del tono nost\u00e1lgico gracias a un concepto m\u00e1s directo y amorfo.<\/p>\n<p>La exposici\u00f3n de Louis Vuitton en el Palazzo Serbelloni permanece abierta al p\u00fablico del 21 al 26 de abril de 2026, de 10:00 a 20:00.<\/p>\n","protected":false},"excerpt":{"rendered":"<p>Para la Semana del Dise\u00f1o de Mil\u00e1n 2026, Louis Vuitton desvel\u00f3 en el Palazzo Serbelloni una c\u00e1psula temporal de los<\/p>\n","protected":false},"author":1,"featured_media":51844,"comment_status":"open","ping_status":"open","sticky":false,"template":"","format":"standard","meta":{"footnotes":""},"categories":[10],"tags":[1275,179,3035,1511,1261,2142,2545,874,3034,2148],"class_list":["post-51843","post","type-post","status-publish","format-standard","has-post-thumbnail","hentry","category-tendencias","tag-art","tag-coleccion","tag-deco","tag-inspirados","tag-louis","tag-muebles","tag-pieza","tag-primera","tag-reedita","tag-vuitton","generate-columns","tablet-grid-50","mobile-grid-100","grid-parent","grid-50"],"yoast_head":"<!-- This site is optimized with the Yoast SEO plugin v26.1.1 - https:\/\/yoast.com\/wordpress\/plugins\/seo\/ -->\n<title>Louis Vuitton Reedita la Primera Pieza de su Colecci\u00f3n de Muebles Inspirados en el Art d\u00e9co - diario22.ar<\/title>\n<meta name=\"robots\" content=\"index, follow, max-snippet:-1, max-image-preview:large, max-video-preview:-1\" \/>\n<link rel=\"canonical\" href=\"https:\/\/www.diario22.ar\/notix2\/louis-vuitton-reedita-la-primera-pieza-de-su-coleccion-de-muebles-inspirados-en-el-art-deco\/\" \/>\n<meta property=\"og:locale\" content=\"es_ES\" \/>\n<meta property=\"og:type\" content=\"article\" \/>\n<meta property=\"og:title\" content=\"Louis Vuitton Reedita la Primera Pieza de su Colecci\u00f3n de Muebles Inspirados en el Art d\u00e9co - diario22.ar\" \/>\n<meta property=\"og:description\" content=\"Para la Semana del Dise\u00f1o de Mil\u00e1n 2026, Louis Vuitton desvel\u00f3 en el Palazzo Serbelloni una c\u00e1psula temporal de los\" \/>\n<meta property=\"og:url\" content=\"https:\/\/www.diario22.ar\/notix2\/louis-vuitton-reedita-la-primera-pieza-de-su-coleccion-de-muebles-inspirados-en-el-art-deco\/\" \/>\n<meta property=\"og:site_name\" content=\"diario22.ar\" \/>\n<meta property=\"article:published_time\" content=\"2026-04-26T11:35:30+00:00\" \/>\n<meta property=\"article:modified_time\" content=\"2026-04-26T11:35:31+00:00\" \/>\n<meta property=\"og:image\" content=\"https:\/\/www.diario22.ar\/notix2\/wp-content\/uploads\/2026\/04\/Louis-Vuitton-Reedita-la-Primera-Pieza-de-su-Coleccion-de.com2Fimage2F20262F042F212Flouis-vuitton-objets-nomades-milan-design-wee.jpeg\" \/>\n\t<meta property=\"og:image:width\" content=\"1080\" \/>\n\t<meta property=\"og:image:height\" content=\"540\" \/>\n\t<meta property=\"og:image:type\" content=\"image\/jpeg\" \/>\n<meta name=\"author\" content=\"Camila Torres\" \/>\n<meta name=\"twitter:card\" content=\"summary_large_image\" \/>\n<meta name=\"twitter:label1\" content=\"Escrito por\" \/>\n\t<meta name=\"twitter:data1\" content=\"Camila Torres\" \/>\n\t<meta name=\"twitter:label2\" content=\"Tiempo de lectura\" \/>\n\t<meta name=\"twitter:data2\" content=\"2 minutos\" \/>\n<script type=\"application\/ld+json\" class=\"yoast-schema-graph\">{\"@context\":\"https:\/\/schema.org\",\"@graph\":[{\"@type\":\"Article\",\"@id\":\"https:\/\/www.diario22.ar\/notix2\/louis-vuitton-reedita-la-primera-pieza-de-su-coleccion-de-muebles-inspirados-en-el-art-deco\/#article\",\"isPartOf\":{\"@id\":\"https:\/\/www.diario22.ar\/notix2\/louis-vuitton-reedita-la-primera-pieza-de-su-coleccion-de-muebles-inspirados-en-el-art-deco\/\"},\"author\":{\"name\":\"Camila Torres\",\"@id\":\"https:\/\/www.diario22.ar\/notix2\/#\/schema\/person\/9266f03a2bd6dca79e788e180fb2deeb\"},\"headline\":\"Louis Vuitton Reedita la Primera Pieza de su Colecci\u00f3n de Muebles Inspirados en el Art d\u00e9co\",\"datePublished\":\"2026-04-26T11:35:30+00:00\",\"dateModified\":\"2026-04-26T11:35:31+00:00\",\"mainEntityOfPage\":{\"@id\":\"https:\/\/www.diario22.ar\/notix2\/louis-vuitton-reedita-la-primera-pieza-de-su-coleccion-de-muebles-inspirados-en-el-art-deco\/\"},\"wordCount\":333,\"commentCount\":0,\"publisher\":{\"@id\":\"https:\/\/www.diario22.ar\/notix2\/#organization\"},\"image\":{\"@id\":\"https:\/\/www.diario22.ar\/notix2\/louis-vuitton-reedita-la-primera-pieza-de-su-coleccion-de-muebles-inspirados-en-el-art-deco\/#primaryimage\"},\"thumbnailUrl\":\"https:\/\/www.diario22.ar\/notix2\/wp-content\/uploads\/2026\/04\/Louis-Vuitton-Reedita-la-Primera-Pieza-de-su-Coleccion-de.com2Fimage2F20262F042F212Flouis-vuitton-objets-nomades-milan-design-wee.jpeg\",\"keywords\":[\"Art\",\"colecci\u00f3n\",\"d\u00e9co\",\"inspirados\",\"Louis\",\"Muebles\",\"pieza\",\"primera\",\"Reedita\",\"Vuitton\"],\"articleSection\":[\"Tendencias\"],\"inLanguage\":\"es-AR\",\"potentialAction\":[{\"@type\":\"CommentAction\",\"name\":\"Comment\",\"target\":[\"https:\/\/www.diario22.ar\/notix2\/louis-vuitton-reedita-la-primera-pieza-de-su-coleccion-de-muebles-inspirados-en-el-art-deco\/#respond\"]}]},{\"@type\":\"WebPage\",\"@id\":\"https:\/\/www.diario22.ar\/notix2\/louis-vuitton-reedita-la-primera-pieza-de-su-coleccion-de-muebles-inspirados-en-el-art-deco\/\",\"url\":\"https:\/\/www.diario22.ar\/notix2\/louis-vuitton-reedita-la-primera-pieza-de-su-coleccion-de-muebles-inspirados-en-el-art-deco\/\",\"name\":\"Louis Vuitton Reedita la Primera Pieza de su Colecci\u00f3n de Muebles Inspirados en el Art d\u00e9co - diario22.ar\",\"isPartOf\":{\"@id\":\"https:\/\/www.diario22.ar\/notix2\/#website\"},\"primaryImageOfPage\":{\"@id\":\"https:\/\/www.diario22.ar\/notix2\/louis-vuitton-reedita-la-primera-pieza-de-su-coleccion-de-muebles-inspirados-en-el-art-deco\/#primaryimage\"},\"image\":{\"@id\":\"https:\/\/www.diario22.ar\/notix2\/louis-vuitton-reedita-la-primera-pieza-de-su-coleccion-de-muebles-inspirados-en-el-art-deco\/#primaryimage\"},\"thumbnailUrl\":\"https:\/\/www.diario22.ar\/notix2\/wp-content\/uploads\/2026\/04\/Louis-Vuitton-Reedita-la-Primera-Pieza-de-su-Coleccion-de.com2Fimage2F20262F042F212Flouis-vuitton-objets-nomades-milan-design-wee.jpeg\",\"datePublished\":\"2026-04-26T11:35:30+00:00\",\"dateModified\":\"2026-04-26T11:35:31+00:00\",\"breadcrumb\":{\"@id\":\"https:\/\/www.diario22.ar\/notix2\/louis-vuitton-reedita-la-primera-pieza-de-su-coleccion-de-muebles-inspirados-en-el-art-deco\/#breadcrumb\"},\"inLanguage\":\"es-AR\",\"potentialAction\":[{\"@type\":\"ReadAction\",\"target\":[\"https:\/\/www.diario22.ar\/notix2\/louis-vuitton-reedita-la-primera-pieza-de-su-coleccion-de-muebles-inspirados-en-el-art-deco\/\"]}]},{\"@type\":\"ImageObject\",\"inLanguage\":\"es-AR\",\"@id\":\"https:\/\/www.diario22.ar\/notix2\/louis-vuitton-reedita-la-primera-pieza-de-su-coleccion-de-muebles-inspirados-en-el-art-deco\/#primaryimage\",\"url\":\"https:\/\/www.diario22.ar\/notix2\/wp-content\/uploads\/2026\/04\/Louis-Vuitton-Reedita-la-Primera-Pieza-de-su-Coleccion-de.com2Fimage2F20262F042F212Flouis-vuitton-objets-nomades-milan-design-wee.jpeg\",\"contentUrl\":\"https:\/\/www.diario22.ar\/notix2\/wp-content\/uploads\/2026\/04\/Louis-Vuitton-Reedita-la-Primera-Pieza-de-su-Coleccion-de.com2Fimage2F20262F042F212Flouis-vuitton-objets-nomades-milan-design-wee.jpeg\",\"width\":1080,\"height\":540},{\"@type\":\"BreadcrumbList\",\"@id\":\"https:\/\/www.diario22.ar\/notix2\/louis-vuitton-reedita-la-primera-pieza-de-su-coleccion-de-muebles-inspirados-en-el-art-deco\/#breadcrumb\",\"itemListElement\":[{\"@type\":\"ListItem\",\"position\":1,\"name\":\"Home\",\"item\":\"https:\/\/www.diario22.ar\/notix2\/\"},{\"@type\":\"ListItem\",\"position\":2,\"name\":\"Louis Vuitton Reedita la Primera Pieza de su Colecci\u00f3n de Muebles Inspirados en el Art d\u00e9co\"}]},{\"@type\":\"WebSite\",\"@id\":\"https:\/\/www.diario22.ar\/notix2\/#website\",\"url\":\"https:\/\/www.diario22.ar\/notix2\/\",\"name\":\"diario22.ar\",\"description\":\"Vive hoy &amp; descubre lo que viene\",\"publisher\":{\"@id\":\"https:\/\/www.diario22.ar\/notix2\/#organization\"},\"potentialAction\":[{\"@type\":\"SearchAction\",\"target\":{\"@type\":\"EntryPoint\",\"urlTemplate\":\"https:\/\/www.diario22.ar\/notix2\/?s={search_term_string}\"},\"query-input\":{\"@type\":\"PropertyValueSpecification\",\"valueRequired\":true,\"valueName\":\"search_term_string\"}}],\"inLanguage\":\"es-AR\"},{\"@type\":\"Organization\",\"@id\":\"https:\/\/www.diario22.ar\/notix2\/#organization\",\"name\":\"diario22.ar\",\"url\":\"https:\/\/www.diario22.ar\/notix2\/\",\"logo\":{\"@type\":\"ImageObject\",\"inLanguage\":\"es-AR\",\"@id\":\"https:\/\/www.diario22.ar\/notix2\/#\/schema\/logo\/image\/\",\"url\":\"https:\/\/www.diario22.ar\/notix2\/wp-content\/uploads\/2025\/10\/cropped-Publish-1.png\",\"contentUrl\":\"https:\/\/www.diario22.ar\/notix2\/wp-content\/uploads\/2025\/10\/cropped-Publish-1.png\",\"width\":1560,\"height\":722,\"caption\":\"diario22.ar\"},\"image\":{\"@id\":\"https:\/\/www.diario22.ar\/notix2\/#\/schema\/logo\/image\/\"}},{\"@type\":\"Person\",\"@id\":\"https:\/\/www.diario22.ar\/notix2\/#\/schema\/person\/9266f03a2bd6dca79e788e180fb2deeb\",\"name\":\"Camila Torres\",\"image\":{\"@type\":\"ImageObject\",\"inLanguage\":\"es-AR\",\"@id\":\"https:\/\/www.diario22.ar\/notix2\/#\/schema\/person\/image\/\",\"url\":\"https:\/\/www.diario22.ar\/notix2\/wp-content\/uploads\/2025\/10\/diario22.ar-3-150x150.png\",\"contentUrl\":\"https:\/\/www.diario22.ar\/notix2\/wp-content\/uploads\/2025\/10\/diario22.ar-3-150x150.png\",\"caption\":\"Camila Torres\"},\"description\":\"Soy periodista y redactora en Diario22.ar, apasionada por las historias que conectan la actualidad con la gente. Me form\u00e9 en comunicaci\u00f3n social en Buenos Aires y desde entonces busco darle voz a lo cotidiano, con una mirada curiosa y humana. Creo que el periodismo no solo informa: tambi\u00e9n inspira y transforma.\",\"sameAs\":[\"https:\/\/www.diario22.ar\/notix2\"]}]}<\/script>\n<!-- \/ Yoast SEO plugin. -->","yoast_head_json":{"title":"Louis Vuitton Reedita la Primera Pieza de su Colecci\u00f3n de Muebles Inspirados en el Art d\u00e9co - diario22.ar","robots":{"index":"index","follow":"follow","max-snippet":"max-snippet:-1","max-image-preview":"max-image-preview:large","max-video-preview":"max-video-preview:-1"},"canonical":"https:\/\/www.diario22.ar\/notix2\/louis-vuitton-reedita-la-primera-pieza-de-su-coleccion-de-muebles-inspirados-en-el-art-deco\/","og_locale":"es_ES","og_type":"article","og_title":"Louis Vuitton Reedita la Primera Pieza de su Colecci\u00f3n de Muebles Inspirados en el Art d\u00e9co - diario22.ar","og_description":"Para la Semana del Dise\u00f1o de Mil\u00e1n 2026, Louis Vuitton desvel\u00f3 en el Palazzo Serbelloni una c\u00e1psula temporal de los","og_url":"https:\/\/www.diario22.ar\/notix2\/louis-vuitton-reedita-la-primera-pieza-de-su-coleccion-de-muebles-inspirados-en-el-art-deco\/","og_site_name":"diario22.ar","article_published_time":"2026-04-26T11:35:30+00:00","article_modified_time":"2026-04-26T11:35:31+00:00","og_image":[{"width":1080,"height":540,"url":"https:\/\/www.diario22.ar\/notix2\/wp-content\/uploads\/2026\/04\/Louis-Vuitton-Reedita-la-Primera-Pieza-de-su-Coleccion-de.com2Fimage2F20262F042F212Flouis-vuitton-objets-nomades-milan-design-wee.jpeg","type":"image\/jpeg"}],"author":"Camila Torres","twitter_card":"summary_large_image","twitter_misc":{"Escrito por":"Camila Torres","Tiempo de lectura":"2 minutos"},"schema":{"@context":"https:\/\/schema.org","@graph":[{"@type":"Article","@id":"https:\/\/www.diario22.ar\/notix2\/louis-vuitton-reedita-la-primera-pieza-de-su-coleccion-de-muebles-inspirados-en-el-art-deco\/#article","isPartOf":{"@id":"https:\/\/www.diario22.ar\/notix2\/louis-vuitton-reedita-la-primera-pieza-de-su-coleccion-de-muebles-inspirados-en-el-art-deco\/"},"author":{"name":"Camila Torres","@id":"https:\/\/www.diario22.ar\/notix2\/#\/schema\/person\/9266f03a2bd6dca79e788e180fb2deeb"},"headline":"Louis Vuitton Reedita la Primera Pieza de su Colecci\u00f3n de Muebles Inspirados en el Art d\u00e9co","datePublished":"2026-04-26T11:35:30+00:00","dateModified":"2026-04-26T11:35:31+00:00","mainEntityOfPage":{"@id":"https:\/\/www.diario22.ar\/notix2\/louis-vuitton-reedita-la-primera-pieza-de-su-coleccion-de-muebles-inspirados-en-el-art-deco\/"},"wordCount":333,"commentCount":0,"publisher":{"@id":"https:\/\/www.diario22.ar\/notix2\/#organization"},"image":{"@id":"https:\/\/www.diario22.ar\/notix2\/louis-vuitton-reedita-la-primera-pieza-de-su-coleccion-de-muebles-inspirados-en-el-art-deco\/#primaryimage"},"thumbnailUrl":"https:\/\/www.diario22.ar\/notix2\/wp-content\/uploads\/2026\/04\/Louis-Vuitton-Reedita-la-Primera-Pieza-de-su-Coleccion-de.com2Fimage2F20262F042F212Flouis-vuitton-objets-nomades-milan-design-wee.jpeg","keywords":["Art","colecci\u00f3n","d\u00e9co","inspirados","Louis","Muebles","pieza","primera","Reedita","Vuitton"],"articleSection":["Tendencias"],"inLanguage":"es-AR","potentialAction":[{"@type":"CommentAction","name":"Comment","target":["https:\/\/www.diario22.ar\/notix2\/louis-vuitton-reedita-la-primera-pieza-de-su-coleccion-de-muebles-inspirados-en-el-art-deco\/#respond"]}]},{"@type":"WebPage","@id":"https:\/\/www.diario22.ar\/notix2\/louis-vuitton-reedita-la-primera-pieza-de-su-coleccion-de-muebles-inspirados-en-el-art-deco\/","url":"https:\/\/www.diario22.ar\/notix2\/louis-vuitton-reedita-la-primera-pieza-de-su-coleccion-de-muebles-inspirados-en-el-art-deco\/","name":"Louis Vuitton Reedita la Primera Pieza de su Colecci\u00f3n de Muebles Inspirados en el Art d\u00e9co - diario22.ar","isPartOf":{"@id":"https:\/\/www.diario22.ar\/notix2\/#website"},"primaryImageOfPage":{"@id":"https:\/\/www.diario22.ar\/notix2\/louis-vuitton-reedita-la-primera-pieza-de-su-coleccion-de-muebles-inspirados-en-el-art-deco\/#primaryimage"},"image":{"@id":"https:\/\/www.diario22.ar\/notix2\/louis-vuitton-reedita-la-primera-pieza-de-su-coleccion-de-muebles-inspirados-en-el-art-deco\/#primaryimage"},"thumbnailUrl":"https:\/\/www.diario22.ar\/notix2\/wp-content\/uploads\/2026\/04\/Louis-Vuitton-Reedita-la-Primera-Pieza-de-su-Coleccion-de.com2Fimage2F20262F042F212Flouis-vuitton-objets-nomades-milan-design-wee.jpeg","datePublished":"2026-04-26T11:35:30+00:00","dateModified":"2026-04-26T11:35:31+00:00","breadcrumb":{"@id":"https:\/\/www.diario22.ar\/notix2\/louis-vuitton-reedita-la-primera-pieza-de-su-coleccion-de-muebles-inspirados-en-el-art-deco\/#breadcrumb"},"inLanguage":"es-AR","potentialAction":[{"@type":"ReadAction","target":["https:\/\/www.diario22.ar\/notix2\/louis-vuitton-reedita-la-primera-pieza-de-su-coleccion-de-muebles-inspirados-en-el-art-deco\/"]}]},{"@type":"ImageObject","inLanguage":"es-AR","@id":"https:\/\/www.diario22.ar\/notix2\/louis-vuitton-reedita-la-primera-pieza-de-su-coleccion-de-muebles-inspirados-en-el-art-deco\/#primaryimage","url":"https:\/\/www.diario22.ar\/notix2\/wp-content\/uploads\/2026\/04\/Louis-Vuitton-Reedita-la-Primera-Pieza-de-su-Coleccion-de.com2Fimage2F20262F042F212Flouis-vuitton-objets-nomades-milan-design-wee.jpeg","contentUrl":"https:\/\/www.diario22.ar\/notix2\/wp-content\/uploads\/2026\/04\/Louis-Vuitton-Reedita-la-Primera-Pieza-de-su-Coleccion-de.com2Fimage2F20262F042F212Flouis-vuitton-objets-nomades-milan-design-wee.jpeg","width":1080,"height":540},{"@type":"BreadcrumbList","@id":"https:\/\/www.diario22.ar\/notix2\/louis-vuitton-reedita-la-primera-pieza-de-su-coleccion-de-muebles-inspirados-en-el-art-deco\/#breadcrumb","itemListElement":[{"@type":"ListItem","position":1,"name":"Home","item":"https:\/\/www.diario22.ar\/notix2\/"},{"@type":"ListItem","position":2,"name":"Louis Vuitton Reedita la Primera Pieza de su Colecci\u00f3n de Muebles Inspirados en el Art d\u00e9co"}]},{"@type":"WebSite","@id":"https:\/\/www.diario22.ar\/notix2\/#website","url":"https:\/\/www.diario22.ar\/notix2\/","name":"diario22.ar","description":"Vive hoy &amp; descubre lo que viene","publisher":{"@id":"https:\/\/www.diario22.ar\/notix2\/#organization"},"potentialAction":[{"@type":"SearchAction","target":{"@type":"EntryPoint","urlTemplate":"https:\/\/www.diario22.ar\/notix2\/?s={search_term_string}"},"query-input":{"@type":"PropertyValueSpecification","valueRequired":true,"valueName":"search_term_string"}}],"inLanguage":"es-AR"},{"@type":"Organization","@id":"https:\/\/www.diario22.ar\/notix2\/#organization","name":"diario22.ar","url":"https:\/\/www.diario22.ar\/notix2\/","logo":{"@type":"ImageObject","inLanguage":"es-AR","@id":"https:\/\/www.diario22.ar\/notix2\/#\/schema\/logo\/image\/","url":"https:\/\/www.diario22.ar\/notix2\/wp-content\/uploads\/2025\/10\/cropped-Publish-1.png","contentUrl":"https:\/\/www.diario22.ar\/notix2\/wp-content\/uploads\/2025\/10\/cropped-Publish-1.png","width":1560,"height":722,"caption":"diario22.ar"},"image":{"@id":"https:\/\/www.diario22.ar\/notix2\/#\/schema\/logo\/image\/"}},{"@type":"Person","@id":"https:\/\/www.diario22.ar\/notix2\/#\/schema\/person\/9266f03a2bd6dca79e788e180fb2deeb","name":"Camila Torres","image":{"@type":"ImageObject","inLanguage":"es-AR","@id":"https:\/\/www.diario22.ar\/notix2\/#\/schema\/person\/image\/","url":"https:\/\/www.diario22.ar\/notix2\/wp-content\/uploads\/2025\/10\/diario22.ar-3-150x150.png","contentUrl":"https:\/\/www.diario22.ar\/notix2\/wp-content\/uploads\/2025\/10\/diario22.ar-3-150x150.png","caption":"Camila Torres"},"description":"Soy periodista y redactora en Diario22.ar, apasionada por las historias que conectan la actualidad con la gente. Me form\u00e9 en comunicaci\u00f3n social en Buenos Aires y desde entonces busco darle voz a lo cotidiano, con una mirada curiosa y humana. Creo que el periodismo no solo informa: tambi\u00e9n inspira y transforma.","sameAs":["https:\/\/www.diario22.ar\/notix2"]}]}},"_links":{"self":[{"href":"https:\/\/www.diario22.ar\/notix2\/wp-json\/wp\/v2\/posts\/51843","targetHints":{"allow":["GET"]}}],"collection":[{"href":"https:\/\/www.diario22.ar\/notix2\/wp-json\/wp\/v2\/posts"}],"about":[{"href":"https:\/\/www.diario22.ar\/notix2\/wp-json\/wp\/v2\/types\/post"}],"author":[{"embeddable":true,"href":"https:\/\/www.diario22.ar\/notix2\/wp-json\/wp\/v2\/users\/1"}],"replies":[{"embeddable":true,"href":"https:\/\/www.diario22.ar\/notix2\/wp-json\/wp\/v2\/comments?post=51843"}],"version-history":[{"count":1,"href":"https:\/\/www.diario22.ar\/notix2\/wp-json\/wp\/v2\/posts\/51843\/revisions"}],"predecessor-version":[{"id":51845,"href":"https:\/\/www.diario22.ar\/notix2\/wp-json\/wp\/v2\/posts\/51843\/revisions\/51845"}],"wp:featuredmedia":[{"embeddable":true,"href":"https:\/\/www.diario22.ar\/notix2\/wp-json\/wp\/v2\/media\/51844"}],"wp:attachment":[{"href":"https:\/\/www.diario22.ar\/notix2\/wp-json\/wp\/v2\/media?parent=51843"}],"wp:term":[{"taxonomy":"category","embeddable":true,"href":"https:\/\/www.diario22.ar\/notix2\/wp-json\/wp\/v2\/categories?post=51843"},{"taxonomy":"post_tag","embeddable":true,"href":"https:\/\/www.diario22.ar\/notix2\/wp-json\/wp\/v2\/tags?post=51843"}],"curies":[{"name":"wp","href":"https:\/\/api.w.org\/{rel}","templated":true}]}}