{"id":51840,"date":"2026-04-26T04:35:09","date_gmt":"2026-04-26T07:35:09","guid":{"rendered":"https:\/\/www.diario22.ar\/notix2\/loreal-adquiere-oficialmente-kering-beaute-por-46-mil-millones-de-dolares-estadounidenses\/"},"modified":"2026-04-26T04:35:11","modified_gmt":"2026-04-26T07:35:11","slug":"loreal-adquiere-oficialmente-kering-beaute-por-46-mil-millones-de-dolares-estadounidenses","status":"publish","type":"post","link":"https:\/\/www.diario22.ar\/notix2\/loreal-adquiere-oficialmente-kering-beaute-por-46-mil-millones-de-dolares-estadounidenses\/","title":{"rendered":"L\u2019Or\u00e9al adquiere oficialmente Kering Beaut\u00e9 por 4,6 mil millones de d\u00f3lares estadounidenses"},"content":{"rendered":"<p data-path-to-node=\"6\">El panorama de la belleza est\u00e1 cambiando oficialmente. Tras la aprobaci\u00f3n de las autoridades de competencia, el gigante franc\u00e9s de la belleza L\u2019Or\u00e9al ha cerrado oficialmente la adquisici\u00f3n de Kering Beaut\u00e9 en una operaci\u00f3n en efectivo de 4.000 millones de euros. Esta transacci\u00f3n representa la mayor adquisici\u00f3n de L\u2019Or\u00e9al hasta la fecha y expande de forma decisiva la cartera de lujo del grupo, al tiempo que abre un nuevo cap\u00edtulo para las casas de moda ic\u00f3nicas de Kering.<\/p>\n<p data-path-to-node=\"8\">El acuerdo consolidado cede Kering Beaut\u00e9, incluida la marca de fragancias de lujo House of Creed. Adem\u00e1s, el acuerdo garantiza licencias exclusivas de 50 a\u00f1os para que L\u2019Or\u00e9al desarrolle, cree y distribuya productos de belleza y fragancias para Balenciaga y Bottega Veneta. Como se anunci\u00f3 previamente, L\u2019Or\u00e9al tambi\u00e9n ha asegurado los derechos de una licencia exclusiva de 50 a\u00f1os para Gucci, que entrar\u00e1 en vigor tras la expiraci\u00f3n del actual contrato de la marca con Coty.<\/p>\n<p data-path-to-node=\"9\">\u201cEn nombre del Grupo, me complace dar la bienvenida a estas marcas extraordinarias a la familia L\u2019Or\u00e9al\u201d, declar\u00f3 Nicolas Hieronimus, CEO del Grupo L\u2019Or\u00e9al. \u201cEste hito significativo en nuestra asociaci\u00f3n estrat\u00e9gica con Kering refuerza nuestra posici\u00f3n como l\u00edder mundial tanto en belleza como en cosm\u00e9tica de lujo. A partir de ahora, trabajaremos juntos, durante los pr\u00f3ximos cincuenta a\u00f1os, para escribir el pr\u00f3ximo cap\u00edtulo de estas marcas ic\u00f3nicas y desbloquear su inmenso potencial de crecimiento.\u201d<\/p>\n<p data-path-to-node=\"10\">La venta hist\u00f3rica llega en un momento en que Kering busca estabilizar su balance tras una ca\u00edda del 13% en los ingresos de sus resultados del a\u00f1o completo 2025. El CEO de Kering, Luca de Meo, se\u00f1al\u00f3 que aprovechar la experiencia inigualable de L\u2019Or\u00e9al abrir\u00e1 \u201cuna nueva fase de aceleraci\u00f3n\u201d para sus marcas, permitiendo a las casas de moda realizar plenamente su potencial en las categor\u00edas de cosm\u00e9tica y fragancias, altamente lucrativas.<\/p>\n<p data-path-to-node=\"11\">M\u00e1s all\u00e1 de los acuerdos de licencias inmediatos, ambas compa\u00f1\u00edas han confirmado que siguen explorando oportunidades de desarrollo en los campos emergentes del bienestar y la longevidad a trav\u00e9s de una nueva empresa conjunta.<\/p>\n<p data-path-to-node=\"13\">La adquisici\u00f3n monumental supera la compra de Aesop en 2023 por 2.500 millones de d\u00f3lares estadounidenses, convirti\u00e9ndola oficialmente en la operaci\u00f3n m\u00e1s grande de la historia del conglomerado.<\/p>\n","protected":false},"excerpt":{"rendered":"<p>El panorama de la belleza est\u00e1 cambiando oficialmente. Tras la aprobaci\u00f3n de las autoridades de competencia, el gigante franc\u00e9s de<\/p>\n","protected":false},"author":1,"featured_media":51841,"comment_status":"open","ping_status":"open","sticky":false,"template":"","format":"standard","meta":{"footnotes":""},"categories":[9],"tags":[3030,3032,73,3033,3031,3029,71,72,1875,109],"class_list":["post-51840","post","type-post","status-publish","format-standard","has-post-thumbnail","hentry","category-moda","tag-adquiere","tag-beaute","tag-dolares","tag-estadounidenses","tag-kering","tag-loreal","tag-mil","tag-millones","tag-oficialmente","tag-por","generate-columns","tablet-grid-50","mobile-grid-100","grid-parent","grid-50"],"yoast_head":"<!-- This site is optimized with the Yoast SEO plugin v26.1.1 - https:\/\/yoast.com\/wordpress\/plugins\/seo\/ -->\n<title>L\u2019Or\u00e9al adquiere oficialmente Kering Beaut\u00e9 por 4,6 mil millones de d\u00f3lares estadounidenses - diario22.ar<\/title>\n<meta name=\"robots\" content=\"index, follow, max-snippet:-1, max-image-preview:large, max-video-preview:-1\" \/>\n<link rel=\"canonical\" href=\"https:\/\/www.diario22.ar\/notix2\/loreal-adquiere-oficialmente-kering-beaute-por-46-mil-millones-de-dolares-estadounidenses\/\" \/>\n<meta property=\"og:locale\" content=\"es_ES\" \/>\n<meta property=\"og:type\" content=\"article\" \/>\n<meta property=\"og:title\" content=\"L\u2019Or\u00e9al adquiere oficialmente Kering Beaut\u00e9 por 4,6 mil millones de d\u00f3lares estadounidenses - diario22.ar\" \/>\n<meta property=\"og:description\" content=\"El panorama de la belleza est\u00e1 cambiando oficialmente. Tras la aprobaci\u00f3n de las autoridades de competencia, el gigante franc\u00e9s de\" \/>\n<meta property=\"og:url\" content=\"https:\/\/www.diario22.ar\/notix2\/loreal-adquiere-oficialmente-kering-beaute-por-46-mil-millones-de-dolares-estadounidenses\/\" \/>\n<meta property=\"og:site_name\" content=\"diario22.ar\" \/>\n<meta property=\"article:published_time\" content=\"2026-04-26T07:35:09+00:00\" \/>\n<meta property=\"article:modified_time\" content=\"2026-04-26T07:35:11+00:00\" \/>\n<meta property=\"og:image\" content=\"https:\/\/www.diario22.ar\/notix2\/wp-content\/uploads\/2026\/04\/LOreal-adquiere-oficialmente-Kering-Beaute-por-46-mil-millones-de.com2Fimage2F20262F042F022Floreal-acquires-kering-beaute-4-6-billion-usd.jpeg\" \/>\n\t<meta property=\"og:image:width\" content=\"1080\" \/>\n\t<meta property=\"og:image:height\" content=\"540\" \/>\n\t<meta property=\"og:image:type\" content=\"image\/jpeg\" \/>\n<meta name=\"author\" content=\"Camila Torres\" \/>\n<meta name=\"twitter:card\" content=\"summary_large_image\" \/>\n<meta name=\"twitter:label1\" content=\"Escrito por\" \/>\n\t<meta name=\"twitter:data1\" content=\"Camila Torres\" \/>\n\t<meta name=\"twitter:label2\" content=\"Tiempo de lectura\" \/>\n\t<meta name=\"twitter:data2\" content=\"2 minutos\" \/>\n<script type=\"application\/ld+json\" class=\"yoast-schema-graph\">{\"@context\":\"https:\/\/schema.org\",\"@graph\":[{\"@type\":\"Article\",\"@id\":\"https:\/\/www.diario22.ar\/notix2\/loreal-adquiere-oficialmente-kering-beaute-por-46-mil-millones-de-dolares-estadounidenses\/#article\",\"isPartOf\":{\"@id\":\"https:\/\/www.diario22.ar\/notix2\/loreal-adquiere-oficialmente-kering-beaute-por-46-mil-millones-de-dolares-estadounidenses\/\"},\"author\":{\"name\":\"Camila Torres\",\"@id\":\"https:\/\/www.diario22.ar\/notix2\/#\/schema\/person\/9266f03a2bd6dca79e788e180fb2deeb\"},\"headline\":\"L\u2019Or\u00e9al adquiere oficialmente Kering Beaut\u00e9 por 4,6 mil millones de d\u00f3lares estadounidenses\",\"datePublished\":\"2026-04-26T07:35:09+00:00\",\"dateModified\":\"2026-04-26T07:35:11+00:00\",\"mainEntityOfPage\":{\"@id\":\"https:\/\/www.diario22.ar\/notix2\/loreal-adquiere-oficialmente-kering-beaute-por-46-mil-millones-de-dolares-estadounidenses\/\"},\"wordCount\":421,\"commentCount\":0,\"publisher\":{\"@id\":\"https:\/\/www.diario22.ar\/notix2\/#organization\"},\"image\":{\"@id\":\"https:\/\/www.diario22.ar\/notix2\/loreal-adquiere-oficialmente-kering-beaute-por-46-mil-millones-de-dolares-estadounidenses\/#primaryimage\"},\"thumbnailUrl\":\"https:\/\/www.diario22.ar\/notix2\/wp-content\/uploads\/2026\/04\/LOreal-adquiere-oficialmente-Kering-Beaute-por-46-mil-millones-de.com2Fimage2F20262F042F022Floreal-acquires-kering-beaute-4-6-billion-usd.jpeg\",\"keywords\":[\"adquiere\",\"Beaut\u00e9\",\"d\u00f3lares\",\"estadounidenses\",\"Kering\",\"LOr\u00e9al\",\"mil\",\"millones\",\"oficialmente\",\"por\"],\"articleSection\":[\"Moda\"],\"inLanguage\":\"es-AR\",\"potentialAction\":[{\"@type\":\"CommentAction\",\"name\":\"Comment\",\"target\":[\"https:\/\/www.diario22.ar\/notix2\/loreal-adquiere-oficialmente-kering-beaute-por-46-mil-millones-de-dolares-estadounidenses\/#respond\"]}]},{\"@type\":\"WebPage\",\"@id\":\"https:\/\/www.diario22.ar\/notix2\/loreal-adquiere-oficialmente-kering-beaute-por-46-mil-millones-de-dolares-estadounidenses\/\",\"url\":\"https:\/\/www.diario22.ar\/notix2\/loreal-adquiere-oficialmente-kering-beaute-por-46-mil-millones-de-dolares-estadounidenses\/\",\"name\":\"L\u2019Or\u00e9al adquiere oficialmente Kering Beaut\u00e9 por 4,6 mil millones de d\u00f3lares estadounidenses - diario22.ar\",\"isPartOf\":{\"@id\":\"https:\/\/www.diario22.ar\/notix2\/#website\"},\"primaryImageOfPage\":{\"@id\":\"https:\/\/www.diario22.ar\/notix2\/loreal-adquiere-oficialmente-kering-beaute-por-46-mil-millones-de-dolares-estadounidenses\/#primaryimage\"},\"image\":{\"@id\":\"https:\/\/www.diario22.ar\/notix2\/loreal-adquiere-oficialmente-kering-beaute-por-46-mil-millones-de-dolares-estadounidenses\/#primaryimage\"},\"thumbnailUrl\":\"https:\/\/www.diario22.ar\/notix2\/wp-content\/uploads\/2026\/04\/LOreal-adquiere-oficialmente-Kering-Beaute-por-46-mil-millones-de.com2Fimage2F20262F042F022Floreal-acquires-kering-beaute-4-6-billion-usd.jpeg\",\"datePublished\":\"2026-04-26T07:35:09+00:00\",\"dateModified\":\"2026-04-26T07:35:11+00:00\",\"breadcrumb\":{\"@id\":\"https:\/\/www.diario22.ar\/notix2\/loreal-adquiere-oficialmente-kering-beaute-por-46-mil-millones-de-dolares-estadounidenses\/#breadcrumb\"},\"inLanguage\":\"es-AR\",\"potentialAction\":[{\"@type\":\"ReadAction\",\"target\":[\"https:\/\/www.diario22.ar\/notix2\/loreal-adquiere-oficialmente-kering-beaute-por-46-mil-millones-de-dolares-estadounidenses\/\"]}]},{\"@type\":\"ImageObject\",\"inLanguage\":\"es-AR\",\"@id\":\"https:\/\/www.diario22.ar\/notix2\/loreal-adquiere-oficialmente-kering-beaute-por-46-mil-millones-de-dolares-estadounidenses\/#primaryimage\",\"url\":\"https:\/\/www.diario22.ar\/notix2\/wp-content\/uploads\/2026\/04\/LOreal-adquiere-oficialmente-Kering-Beaute-por-46-mil-millones-de.com2Fimage2F20262F042F022Floreal-acquires-kering-beaute-4-6-billion-usd.jpeg\",\"contentUrl\":\"https:\/\/www.diario22.ar\/notix2\/wp-content\/uploads\/2026\/04\/LOreal-adquiere-oficialmente-Kering-Beaute-por-46-mil-millones-de.com2Fimage2F20262F042F022Floreal-acquires-kering-beaute-4-6-billion-usd.jpeg\",\"width\":1080,\"height\":540},{\"@type\":\"BreadcrumbList\",\"@id\":\"https:\/\/www.diario22.ar\/notix2\/loreal-adquiere-oficialmente-kering-beaute-por-46-mil-millones-de-dolares-estadounidenses\/#breadcrumb\",\"itemListElement\":[{\"@type\":\"ListItem\",\"position\":1,\"name\":\"Home\",\"item\":\"https:\/\/www.diario22.ar\/notix2\/\"},{\"@type\":\"ListItem\",\"position\":2,\"name\":\"L\u2019Or\u00e9al adquiere oficialmente Kering Beaut\u00e9 por 4,6 mil millones de d\u00f3lares estadounidenses\"}]},{\"@type\":\"WebSite\",\"@id\":\"https:\/\/www.diario22.ar\/notix2\/#website\",\"url\":\"https:\/\/www.diario22.ar\/notix2\/\",\"name\":\"diario22.ar\",\"description\":\"Vive hoy &amp; descubre lo que viene\",\"publisher\":{\"@id\":\"https:\/\/www.diario22.ar\/notix2\/#organization\"},\"potentialAction\":[{\"@type\":\"SearchAction\",\"target\":{\"@type\":\"EntryPoint\",\"urlTemplate\":\"https:\/\/www.diario22.ar\/notix2\/?s={search_term_string}\"},\"query-input\":{\"@type\":\"PropertyValueSpecification\",\"valueRequired\":true,\"valueName\":\"search_term_string\"}}],\"inLanguage\":\"es-AR\"},{\"@type\":\"Organization\",\"@id\":\"https:\/\/www.diario22.ar\/notix2\/#organization\",\"name\":\"diario22.ar\",\"url\":\"https:\/\/www.diario22.ar\/notix2\/\",\"logo\":{\"@type\":\"ImageObject\",\"inLanguage\":\"es-AR\",\"@id\":\"https:\/\/www.diario22.ar\/notix2\/#\/schema\/logo\/image\/\",\"url\":\"https:\/\/www.diario22.ar\/notix2\/wp-content\/uploads\/2025\/10\/cropped-Publish-1.png\",\"contentUrl\":\"https:\/\/www.diario22.ar\/notix2\/wp-content\/uploads\/2025\/10\/cropped-Publish-1.png\",\"width\":1560,\"height\":722,\"caption\":\"diario22.ar\"},\"image\":{\"@id\":\"https:\/\/www.diario22.ar\/notix2\/#\/schema\/logo\/image\/\"}},{\"@type\":\"Person\",\"@id\":\"https:\/\/www.diario22.ar\/notix2\/#\/schema\/person\/9266f03a2bd6dca79e788e180fb2deeb\",\"name\":\"Camila Torres\",\"image\":{\"@type\":\"ImageObject\",\"inLanguage\":\"es-AR\",\"@id\":\"https:\/\/www.diario22.ar\/notix2\/#\/schema\/person\/image\/\",\"url\":\"https:\/\/www.diario22.ar\/notix2\/wp-content\/uploads\/2025\/10\/diario22.ar-3-150x150.png\",\"contentUrl\":\"https:\/\/www.diario22.ar\/notix2\/wp-content\/uploads\/2025\/10\/diario22.ar-3-150x150.png\",\"caption\":\"Camila Torres\"},\"description\":\"Soy periodista y redactora en Diario22.ar, apasionada por las historias que conectan la actualidad con la gente. Me form\u00e9 en comunicaci\u00f3n social en Buenos Aires y desde entonces busco darle voz a lo cotidiano, con una mirada curiosa y humana. Creo que el periodismo no solo informa: tambi\u00e9n inspira y transforma.\",\"sameAs\":[\"https:\/\/www.diario22.ar\/notix2\"]}]}<\/script>\n<!-- \/ Yoast SEO plugin. -->","yoast_head_json":{"title":"L\u2019Or\u00e9al adquiere oficialmente Kering Beaut\u00e9 por 4,6 mil millones de d\u00f3lares estadounidenses - diario22.ar","robots":{"index":"index","follow":"follow","max-snippet":"max-snippet:-1","max-image-preview":"max-image-preview:large","max-video-preview":"max-video-preview:-1"},"canonical":"https:\/\/www.diario22.ar\/notix2\/loreal-adquiere-oficialmente-kering-beaute-por-46-mil-millones-de-dolares-estadounidenses\/","og_locale":"es_ES","og_type":"article","og_title":"L\u2019Or\u00e9al adquiere oficialmente Kering Beaut\u00e9 por 4,6 mil millones de d\u00f3lares estadounidenses - diario22.ar","og_description":"El panorama de la belleza est\u00e1 cambiando oficialmente. Tras la aprobaci\u00f3n de las autoridades de competencia, el gigante franc\u00e9s de","og_url":"https:\/\/www.diario22.ar\/notix2\/loreal-adquiere-oficialmente-kering-beaute-por-46-mil-millones-de-dolares-estadounidenses\/","og_site_name":"diario22.ar","article_published_time":"2026-04-26T07:35:09+00:00","article_modified_time":"2026-04-26T07:35:11+00:00","og_image":[{"width":1080,"height":540,"url":"https:\/\/www.diario22.ar\/notix2\/wp-content\/uploads\/2026\/04\/LOreal-adquiere-oficialmente-Kering-Beaute-por-46-mil-millones-de.com2Fimage2F20262F042F022Floreal-acquires-kering-beaute-4-6-billion-usd.jpeg","type":"image\/jpeg"}],"author":"Camila Torres","twitter_card":"summary_large_image","twitter_misc":{"Escrito por":"Camila Torres","Tiempo de lectura":"2 minutos"},"schema":{"@context":"https:\/\/schema.org","@graph":[{"@type":"Article","@id":"https:\/\/www.diario22.ar\/notix2\/loreal-adquiere-oficialmente-kering-beaute-por-46-mil-millones-de-dolares-estadounidenses\/#article","isPartOf":{"@id":"https:\/\/www.diario22.ar\/notix2\/loreal-adquiere-oficialmente-kering-beaute-por-46-mil-millones-de-dolares-estadounidenses\/"},"author":{"name":"Camila Torres","@id":"https:\/\/www.diario22.ar\/notix2\/#\/schema\/person\/9266f03a2bd6dca79e788e180fb2deeb"},"headline":"L\u2019Or\u00e9al adquiere oficialmente Kering Beaut\u00e9 por 4,6 mil millones de d\u00f3lares estadounidenses","datePublished":"2026-04-26T07:35:09+00:00","dateModified":"2026-04-26T07:35:11+00:00","mainEntityOfPage":{"@id":"https:\/\/www.diario22.ar\/notix2\/loreal-adquiere-oficialmente-kering-beaute-por-46-mil-millones-de-dolares-estadounidenses\/"},"wordCount":421,"commentCount":0,"publisher":{"@id":"https:\/\/www.diario22.ar\/notix2\/#organization"},"image":{"@id":"https:\/\/www.diario22.ar\/notix2\/loreal-adquiere-oficialmente-kering-beaute-por-46-mil-millones-de-dolares-estadounidenses\/#primaryimage"},"thumbnailUrl":"https:\/\/www.diario22.ar\/notix2\/wp-content\/uploads\/2026\/04\/LOreal-adquiere-oficialmente-Kering-Beaute-por-46-mil-millones-de.com2Fimage2F20262F042F022Floreal-acquires-kering-beaute-4-6-billion-usd.jpeg","keywords":["adquiere","Beaut\u00e9","d\u00f3lares","estadounidenses","Kering","LOr\u00e9al","mil","millones","oficialmente","por"],"articleSection":["Moda"],"inLanguage":"es-AR","potentialAction":[{"@type":"CommentAction","name":"Comment","target":["https:\/\/www.diario22.ar\/notix2\/loreal-adquiere-oficialmente-kering-beaute-por-46-mil-millones-de-dolares-estadounidenses\/#respond"]}]},{"@type":"WebPage","@id":"https:\/\/www.diario22.ar\/notix2\/loreal-adquiere-oficialmente-kering-beaute-por-46-mil-millones-de-dolares-estadounidenses\/","url":"https:\/\/www.diario22.ar\/notix2\/loreal-adquiere-oficialmente-kering-beaute-por-46-mil-millones-de-dolares-estadounidenses\/","name":"L\u2019Or\u00e9al adquiere oficialmente Kering Beaut\u00e9 por 4,6 mil millones de d\u00f3lares estadounidenses - diario22.ar","isPartOf":{"@id":"https:\/\/www.diario22.ar\/notix2\/#website"},"primaryImageOfPage":{"@id":"https:\/\/www.diario22.ar\/notix2\/loreal-adquiere-oficialmente-kering-beaute-por-46-mil-millones-de-dolares-estadounidenses\/#primaryimage"},"image":{"@id":"https:\/\/www.diario22.ar\/notix2\/loreal-adquiere-oficialmente-kering-beaute-por-46-mil-millones-de-dolares-estadounidenses\/#primaryimage"},"thumbnailUrl":"https:\/\/www.diario22.ar\/notix2\/wp-content\/uploads\/2026\/04\/LOreal-adquiere-oficialmente-Kering-Beaute-por-46-mil-millones-de.com2Fimage2F20262F042F022Floreal-acquires-kering-beaute-4-6-billion-usd.jpeg","datePublished":"2026-04-26T07:35:09+00:00","dateModified":"2026-04-26T07:35:11+00:00","breadcrumb":{"@id":"https:\/\/www.diario22.ar\/notix2\/loreal-adquiere-oficialmente-kering-beaute-por-46-mil-millones-de-dolares-estadounidenses\/#breadcrumb"},"inLanguage":"es-AR","potentialAction":[{"@type":"ReadAction","target":["https:\/\/www.diario22.ar\/notix2\/loreal-adquiere-oficialmente-kering-beaute-por-46-mil-millones-de-dolares-estadounidenses\/"]}]},{"@type":"ImageObject","inLanguage":"es-AR","@id":"https:\/\/www.diario22.ar\/notix2\/loreal-adquiere-oficialmente-kering-beaute-por-46-mil-millones-de-dolares-estadounidenses\/#primaryimage","url":"https:\/\/www.diario22.ar\/notix2\/wp-content\/uploads\/2026\/04\/LOreal-adquiere-oficialmente-Kering-Beaute-por-46-mil-millones-de.com2Fimage2F20262F042F022Floreal-acquires-kering-beaute-4-6-billion-usd.jpeg","contentUrl":"https:\/\/www.diario22.ar\/notix2\/wp-content\/uploads\/2026\/04\/LOreal-adquiere-oficialmente-Kering-Beaute-por-46-mil-millones-de.com2Fimage2F20262F042F022Floreal-acquires-kering-beaute-4-6-billion-usd.jpeg","width":1080,"height":540},{"@type":"BreadcrumbList","@id":"https:\/\/www.diario22.ar\/notix2\/loreal-adquiere-oficialmente-kering-beaute-por-46-mil-millones-de-dolares-estadounidenses\/#breadcrumb","itemListElement":[{"@type":"ListItem","position":1,"name":"Home","item":"https:\/\/www.diario22.ar\/notix2\/"},{"@type":"ListItem","position":2,"name":"L\u2019Or\u00e9al adquiere oficialmente Kering Beaut\u00e9 por 4,6 mil millones de d\u00f3lares estadounidenses"}]},{"@type":"WebSite","@id":"https:\/\/www.diario22.ar\/notix2\/#website","url":"https:\/\/www.diario22.ar\/notix2\/","name":"diario22.ar","description":"Vive hoy &amp; descubre lo que viene","publisher":{"@id":"https:\/\/www.diario22.ar\/notix2\/#organization"},"potentialAction":[{"@type":"SearchAction","target":{"@type":"EntryPoint","urlTemplate":"https:\/\/www.diario22.ar\/notix2\/?s={search_term_string}"},"query-input":{"@type":"PropertyValueSpecification","valueRequired":true,"valueName":"search_term_string"}}],"inLanguage":"es-AR"},{"@type":"Organization","@id":"https:\/\/www.diario22.ar\/notix2\/#organization","name":"diario22.ar","url":"https:\/\/www.diario22.ar\/notix2\/","logo":{"@type":"ImageObject","inLanguage":"es-AR","@id":"https:\/\/www.diario22.ar\/notix2\/#\/schema\/logo\/image\/","url":"https:\/\/www.diario22.ar\/notix2\/wp-content\/uploads\/2025\/10\/cropped-Publish-1.png","contentUrl":"https:\/\/www.diario22.ar\/notix2\/wp-content\/uploads\/2025\/10\/cropped-Publish-1.png","width":1560,"height":722,"caption":"diario22.ar"},"image":{"@id":"https:\/\/www.diario22.ar\/notix2\/#\/schema\/logo\/image\/"}},{"@type":"Person","@id":"https:\/\/www.diario22.ar\/notix2\/#\/schema\/person\/9266f03a2bd6dca79e788e180fb2deeb","name":"Camila Torres","image":{"@type":"ImageObject","inLanguage":"es-AR","@id":"https:\/\/www.diario22.ar\/notix2\/#\/schema\/person\/image\/","url":"https:\/\/www.diario22.ar\/notix2\/wp-content\/uploads\/2025\/10\/diario22.ar-3-150x150.png","contentUrl":"https:\/\/www.diario22.ar\/notix2\/wp-content\/uploads\/2025\/10\/diario22.ar-3-150x150.png","caption":"Camila Torres"},"description":"Soy periodista y redactora en Diario22.ar, apasionada por las historias que conectan la actualidad con la gente. Me form\u00e9 en comunicaci\u00f3n social en Buenos Aires y desde entonces busco darle voz a lo cotidiano, con una mirada curiosa y humana. Creo que el periodismo no solo informa: tambi\u00e9n inspira y transforma.","sameAs":["https:\/\/www.diario22.ar\/notix2"]}]}},"_links":{"self":[{"href":"https:\/\/www.diario22.ar\/notix2\/wp-json\/wp\/v2\/posts\/51840","targetHints":{"allow":["GET"]}}],"collection":[{"href":"https:\/\/www.diario22.ar\/notix2\/wp-json\/wp\/v2\/posts"}],"about":[{"href":"https:\/\/www.diario22.ar\/notix2\/wp-json\/wp\/v2\/types\/post"}],"author":[{"embeddable":true,"href":"https:\/\/www.diario22.ar\/notix2\/wp-json\/wp\/v2\/users\/1"}],"replies":[{"embeddable":true,"href":"https:\/\/www.diario22.ar\/notix2\/wp-json\/wp\/v2\/comments?post=51840"}],"version-history":[{"count":1,"href":"https:\/\/www.diario22.ar\/notix2\/wp-json\/wp\/v2\/posts\/51840\/revisions"}],"predecessor-version":[{"id":51842,"href":"https:\/\/www.diario22.ar\/notix2\/wp-json\/wp\/v2\/posts\/51840\/revisions\/51842"}],"wp:featuredmedia":[{"embeddable":true,"href":"https:\/\/www.diario22.ar\/notix2\/wp-json\/wp\/v2\/media\/51841"}],"wp:attachment":[{"href":"https:\/\/www.diario22.ar\/notix2\/wp-json\/wp\/v2\/media?parent=51840"}],"wp:term":[{"taxonomy":"category","embeddable":true,"href":"https:\/\/www.diario22.ar\/notix2\/wp-json\/wp\/v2\/categories?post=51840"},{"taxonomy":"post_tag","embeddable":true,"href":"https:\/\/www.diario22.ar\/notix2\/wp-json\/wp\/v2\/tags?post=51840"}],"curies":[{"name":"wp","href":"https:\/\/api.w.org\/{rel}","templated":true}]}}