{"id":51834,"date":"2026-04-24T22:35:53","date_gmt":"2026-04-25T01:35:53","guid":{"rendered":"https:\/\/www.diario22.ar\/notix2\/thomas-bangalter-de-daft-punk-planea-la-instalacion-warehouse-artefacts-en-art-basel-2026\/"},"modified":"2026-04-24T22:35:53","modified_gmt":"2026-04-25T01:35:53","slug":"thomas-bangalter-de-daft-punk-planea-la-instalacion-warehouse-artefacts-en-art-basel-2026","status":"publish","type":"post","link":"https:\/\/www.diario22.ar\/notix2\/thomas-bangalter-de-daft-punk-planea-la-instalacion-warehouse-artefacts-en-art-basel-2026\/","title":{"rendered":"Thomas Bangalter de Daft Punk planea la instalaci\u00f3n Warehouse Artefacts en Art Basel 2026"},"content":{"rendered":"<p>Thomas Bangalter contin\u00faa expandiendo su imponente legado creativo tras Daft Punk. Lejos de los ic\u00f3nicos cascos rob\u00f3ticos, el pionero franc\u00e9s de la electr\u00f3nica est\u00e1 preparado para coanfitrionar un gran evento inmersivo durante la edici\u00f3n suiza de Art Basel. El recinto, que se celebrar\u00e1 del 18 al 21 de junio, fusiona paisajes sonoros de alta fidelidad con un dise\u00f1o visual de \u00faltima generaci\u00f3n. Oficialmente, la propuesta cierra la brecha entre la pulsi\u00f3n de la cultura club global y la curadur\u00eda refinada del mundo del arte contempor\u00e1neo.<\/p>\n<p>Para hacer realidad este ambicioso entorno audiovisual, el productor ha confiado en Rampa, fundador de Keinemusik, y en el reconocido artista visual Julian Charri\u00e8re. Conocido por sus impactantes instalaciones ambientales, como Controlled Burn y Towards No Earthly Pole, Charri\u00e8re aporta la arquitectura f\u00edsica y la visi\u00f3n visual del espacio. Rampa se erigir\u00e1 como la columna vertebral de la experiencia musical, proponiendo una actuaci\u00f3n de DJ expansiva que trasciende los formatos habituales de festival. Al unir a una pesada figura electr\u00f3nica berlinesa con un maestro de la est\u00e9tica elemental, el proyecto garantiza una avalancha sensorial dirigida a la intersecci\u00f3n entre la m\u00fasica y las artes pl\u00e1sticas.<\/p>\n<p>El soporte institucional para este escaparate proviene directamente de la Fondation Beyeler. Este renombrado museo suizo ya posee un historial s\u00f3lido de fusi\u00f3n entre arte contempor\u00e1neo y m\u00fasica electr\u00f3nica, habiendo colaborado previamente con Nordstern Basel para su c\u00e9lebre serie de eventos sun.set. Esta pr\u00f3xima alianza refuerza el compromiso de la fundaci\u00f3n de tratar la m\u00fasica electr\u00f3nica como una forma de arte digna de museo. Los visitantes que se acerquen a Messe Basel para la feria encontrar\u00e1n un entorno minuciosamente dise\u00f1ado que eleva la experiencia de la mirada tradicional de una galer\u00eda a una potencia cultural de primer nivel.<\/p>\n<p>Este escaparate que se avecina representa una evoluci\u00f3n natural para Bangalter, cuyas recientes iniciativas se inclinan cada vez m\u00e1s hacia la vanguardia. Dejando atr\u00e1s la dominaci\u00f3n del pop a gran escala de su pasado, contin\u00faa priorizando la expresi\u00f3n multidisciplinaria. Al integrar su maestr\u00eda sonora con el arte visual de Charri\u00e8re, consciente del clima, y los ritmos hipn\u00f3ticos de Rampa, esta instalaci\u00f3n empuja a la feria internacional de arte mucho m\u00e1s all\u00e1 de simples lienzos est\u00e1ticos. Se aterriza as\u00ed una tendencia creciente en la industria, donde instituciones culturales de \u00e9lite abrazan con entusiasmo la energ\u00eda visceral y colectiva de la m\u00fasica electr\u00f3nica.<\/p>\n","protected":false},"excerpt":{"rendered":"<p>Thomas Bangalter contin\u00faa expandiendo su imponente legado creativo tras Daft Punk. Lejos de los ic\u00f3nicos cascos rob\u00f3ticos, el pionero franc\u00e9s<\/p>\n","protected":false},"author":1,"featured_media":51835,"comment_status":"open","ping_status":"open","sticky":false,"template":"","format":"standard","meta":{"footnotes":""},"categories":[8],"tags":[1275,3023,3019,1276,3020,2126,3021,680,3018,3022],"class_list":["post-51834","post","type-post","status-publish","format-standard","has-post-thumbnail","hentry","category-arte","tag-art","tag-artefacts","tag-bangalter","tag-basel","tag-daft","tag-instalacion","tag-planea","tag-punk","tag-thomas","tag-warehouse","generate-columns","tablet-grid-50","mobile-grid-100","grid-parent","grid-50"],"yoast_head":"<!-- This site is optimized with the Yoast SEO plugin v26.1.1 - https:\/\/yoast.com\/wordpress\/plugins\/seo\/ -->\n<title>Thomas Bangalter de Daft Punk planea la instalaci\u00f3n Warehouse Artefacts en Art Basel 2026 - diario22.ar<\/title>\n<meta name=\"robots\" content=\"index, follow, max-snippet:-1, max-image-preview:large, max-video-preview:-1\" \/>\n<link rel=\"canonical\" href=\"https:\/\/www.diario22.ar\/notix2\/thomas-bangalter-de-daft-punk-planea-la-instalacion-warehouse-artefacts-en-art-basel-2026\/\" \/>\n<meta property=\"og:locale\" content=\"es_ES\" \/>\n<meta property=\"og:type\" content=\"article\" \/>\n<meta property=\"og:title\" content=\"Thomas Bangalter de Daft Punk planea la instalaci\u00f3n Warehouse Artefacts en Art Basel 2026 - diario22.ar\" \/>\n<meta property=\"og:description\" content=\"Thomas Bangalter contin\u00faa expandiendo su imponente legado creativo tras Daft Punk. Lejos de los ic\u00f3nicos cascos rob\u00f3ticos, el pionero franc\u00e9s\" \/>\n<meta property=\"og:url\" content=\"https:\/\/www.diario22.ar\/notix2\/thomas-bangalter-de-daft-punk-planea-la-instalacion-warehouse-artefacts-en-art-basel-2026\/\" \/>\n<meta property=\"og:site_name\" content=\"diario22.ar\" \/>\n<meta property=\"article:published_time\" content=\"2026-04-25T01:35:53+00:00\" \/>\n<meta property=\"og:image\" content=\"https:\/\/www.diario22.ar\/notix2\/wp-content\/uploads\/2026\/04\/Thomas-Bangalter-de-Daft-Punk-planea-la-instalacion-Warehouse-Artefacts.com2Fimage2F20262F042F212Fthomas-bangalter-plans-warehouse-artefacts-at.jpeg\" \/>\n\t<meta property=\"og:image:width\" content=\"1000\" \/>\n\t<meta property=\"og:image:height\" content=\"500\" \/>\n\t<meta property=\"og:image:type\" content=\"image\/jpeg\" \/>\n<meta name=\"author\" content=\"Camila Torres\" \/>\n<meta name=\"twitter:card\" content=\"summary_large_image\" \/>\n<meta name=\"twitter:label1\" content=\"Escrito por\" \/>\n\t<meta name=\"twitter:data1\" content=\"Camila Torres\" \/>\n\t<meta name=\"twitter:label2\" content=\"Tiempo de lectura\" \/>\n\t<meta name=\"twitter:data2\" content=\"2 minutos\" \/>\n<script type=\"application\/ld+json\" class=\"yoast-schema-graph\">{\"@context\":\"https:\/\/schema.org\",\"@graph\":[{\"@type\":\"Article\",\"@id\":\"https:\/\/www.diario22.ar\/notix2\/thomas-bangalter-de-daft-punk-planea-la-instalacion-warehouse-artefacts-en-art-basel-2026\/#article\",\"isPartOf\":{\"@id\":\"https:\/\/www.diario22.ar\/notix2\/thomas-bangalter-de-daft-punk-planea-la-instalacion-warehouse-artefacts-en-art-basel-2026\/\"},\"author\":{\"name\":\"Camila Torres\",\"@id\":\"https:\/\/www.diario22.ar\/notix2\/#\/schema\/person\/9266f03a2bd6dca79e788e180fb2deeb\"},\"headline\":\"Thomas Bangalter de Daft Punk planea la instalaci\u00f3n Warehouse Artefacts en Art Basel 2026\",\"datePublished\":\"2026-04-25T01:35:53+00:00\",\"mainEntityOfPage\":{\"@id\":\"https:\/\/www.diario22.ar\/notix2\/thomas-bangalter-de-daft-punk-planea-la-instalacion-warehouse-artefacts-en-art-basel-2026\/\"},\"wordCount\":451,\"commentCount\":0,\"publisher\":{\"@id\":\"https:\/\/www.diario22.ar\/notix2\/#organization\"},\"image\":{\"@id\":\"https:\/\/www.diario22.ar\/notix2\/thomas-bangalter-de-daft-punk-planea-la-instalacion-warehouse-artefacts-en-art-basel-2026\/#primaryimage\"},\"thumbnailUrl\":\"https:\/\/www.diario22.ar\/notix2\/wp-content\/uploads\/2026\/04\/Thomas-Bangalter-de-Daft-Punk-planea-la-instalacion-Warehouse-Artefacts.com2Fimage2F20262F042F212Fthomas-bangalter-plans-warehouse-artefacts-at.jpeg\",\"keywords\":[\"Art\",\"Artefacts\",\"Bangalter\",\"Basel\",\"Daft\",\"instalaci\u00f3n\",\"planea\",\"punk\",\"Thomas\",\"Warehouse\"],\"articleSection\":[\"Arte\"],\"inLanguage\":\"es-AR\",\"potentialAction\":[{\"@type\":\"CommentAction\",\"name\":\"Comment\",\"target\":[\"https:\/\/www.diario22.ar\/notix2\/thomas-bangalter-de-daft-punk-planea-la-instalacion-warehouse-artefacts-en-art-basel-2026\/#respond\"]}]},{\"@type\":\"WebPage\",\"@id\":\"https:\/\/www.diario22.ar\/notix2\/thomas-bangalter-de-daft-punk-planea-la-instalacion-warehouse-artefacts-en-art-basel-2026\/\",\"url\":\"https:\/\/www.diario22.ar\/notix2\/thomas-bangalter-de-daft-punk-planea-la-instalacion-warehouse-artefacts-en-art-basel-2026\/\",\"name\":\"Thomas Bangalter de Daft Punk planea la instalaci\u00f3n Warehouse Artefacts en Art Basel 2026 - diario22.ar\",\"isPartOf\":{\"@id\":\"https:\/\/www.diario22.ar\/notix2\/#website\"},\"primaryImageOfPage\":{\"@id\":\"https:\/\/www.diario22.ar\/notix2\/thomas-bangalter-de-daft-punk-planea-la-instalacion-warehouse-artefacts-en-art-basel-2026\/#primaryimage\"},\"image\":{\"@id\":\"https:\/\/www.diario22.ar\/notix2\/thomas-bangalter-de-daft-punk-planea-la-instalacion-warehouse-artefacts-en-art-basel-2026\/#primaryimage\"},\"thumbnailUrl\":\"https:\/\/www.diario22.ar\/notix2\/wp-content\/uploads\/2026\/04\/Thomas-Bangalter-de-Daft-Punk-planea-la-instalacion-Warehouse-Artefacts.com2Fimage2F20262F042F212Fthomas-bangalter-plans-warehouse-artefacts-at.jpeg\",\"datePublished\":\"2026-04-25T01:35:53+00:00\",\"breadcrumb\":{\"@id\":\"https:\/\/www.diario22.ar\/notix2\/thomas-bangalter-de-daft-punk-planea-la-instalacion-warehouse-artefacts-en-art-basel-2026\/#breadcrumb\"},\"inLanguage\":\"es-AR\",\"potentialAction\":[{\"@type\":\"ReadAction\",\"target\":[\"https:\/\/www.diario22.ar\/notix2\/thomas-bangalter-de-daft-punk-planea-la-instalacion-warehouse-artefacts-en-art-basel-2026\/\"]}]},{\"@type\":\"ImageObject\",\"inLanguage\":\"es-AR\",\"@id\":\"https:\/\/www.diario22.ar\/notix2\/thomas-bangalter-de-daft-punk-planea-la-instalacion-warehouse-artefacts-en-art-basel-2026\/#primaryimage\",\"url\":\"https:\/\/www.diario22.ar\/notix2\/wp-content\/uploads\/2026\/04\/Thomas-Bangalter-de-Daft-Punk-planea-la-instalacion-Warehouse-Artefacts.com2Fimage2F20262F042F212Fthomas-bangalter-plans-warehouse-artefacts-at.jpeg\",\"contentUrl\":\"https:\/\/www.diario22.ar\/notix2\/wp-content\/uploads\/2026\/04\/Thomas-Bangalter-de-Daft-Punk-planea-la-instalacion-Warehouse-Artefacts.com2Fimage2F20262F042F212Fthomas-bangalter-plans-warehouse-artefacts-at.jpeg\",\"width\":1000,\"height\":500},{\"@type\":\"BreadcrumbList\",\"@id\":\"https:\/\/www.diario22.ar\/notix2\/thomas-bangalter-de-daft-punk-planea-la-instalacion-warehouse-artefacts-en-art-basel-2026\/#breadcrumb\",\"itemListElement\":[{\"@type\":\"ListItem\",\"position\":1,\"name\":\"Home\",\"item\":\"https:\/\/www.diario22.ar\/notix2\/\"},{\"@type\":\"ListItem\",\"position\":2,\"name\":\"Thomas Bangalter de Daft Punk planea la instalaci\u00f3n Warehouse Artefacts en Art Basel 2026\"}]},{\"@type\":\"WebSite\",\"@id\":\"https:\/\/www.diario22.ar\/notix2\/#website\",\"url\":\"https:\/\/www.diario22.ar\/notix2\/\",\"name\":\"diario22.ar\",\"description\":\"Vive hoy &amp; descubre lo que viene\",\"publisher\":{\"@id\":\"https:\/\/www.diario22.ar\/notix2\/#organization\"},\"potentialAction\":[{\"@type\":\"SearchAction\",\"target\":{\"@type\":\"EntryPoint\",\"urlTemplate\":\"https:\/\/www.diario22.ar\/notix2\/?s={search_term_string}\"},\"query-input\":{\"@type\":\"PropertyValueSpecification\",\"valueRequired\":true,\"valueName\":\"search_term_string\"}}],\"inLanguage\":\"es-AR\"},{\"@type\":\"Organization\",\"@id\":\"https:\/\/www.diario22.ar\/notix2\/#organization\",\"name\":\"diario22.ar\",\"url\":\"https:\/\/www.diario22.ar\/notix2\/\",\"logo\":{\"@type\":\"ImageObject\",\"inLanguage\":\"es-AR\",\"@id\":\"https:\/\/www.diario22.ar\/notix2\/#\/schema\/logo\/image\/\",\"url\":\"https:\/\/www.diario22.ar\/notix2\/wp-content\/uploads\/2025\/10\/cropped-Publish-1.png\",\"contentUrl\":\"https:\/\/www.diario22.ar\/notix2\/wp-content\/uploads\/2025\/10\/cropped-Publish-1.png\",\"width\":1560,\"height\":722,\"caption\":\"diario22.ar\"},\"image\":{\"@id\":\"https:\/\/www.diario22.ar\/notix2\/#\/schema\/logo\/image\/\"}},{\"@type\":\"Person\",\"@id\":\"https:\/\/www.diario22.ar\/notix2\/#\/schema\/person\/9266f03a2bd6dca79e788e180fb2deeb\",\"name\":\"Camila Torres\",\"image\":{\"@type\":\"ImageObject\",\"inLanguage\":\"es-AR\",\"@id\":\"https:\/\/www.diario22.ar\/notix2\/#\/schema\/person\/image\/\",\"url\":\"https:\/\/www.diario22.ar\/notix2\/wp-content\/uploads\/2025\/10\/diario22.ar-3-150x150.png\",\"contentUrl\":\"https:\/\/www.diario22.ar\/notix2\/wp-content\/uploads\/2025\/10\/diario22.ar-3-150x150.png\",\"caption\":\"Camila Torres\"},\"description\":\"Soy periodista y redactora en Diario22.ar, apasionada por las historias que conectan la actualidad con la gente. Me form\u00e9 en comunicaci\u00f3n social en Buenos Aires y desde entonces busco darle voz a lo cotidiano, con una mirada curiosa y humana. Creo que el periodismo no solo informa: tambi\u00e9n inspira y transforma.\",\"sameAs\":[\"https:\/\/www.diario22.ar\/notix2\"]}]}<\/script>\n<!-- \/ Yoast SEO plugin. -->","yoast_head_json":{"title":"Thomas Bangalter de Daft Punk planea la instalaci\u00f3n Warehouse Artefacts en Art Basel 2026 - diario22.ar","robots":{"index":"index","follow":"follow","max-snippet":"max-snippet:-1","max-image-preview":"max-image-preview:large","max-video-preview":"max-video-preview:-1"},"canonical":"https:\/\/www.diario22.ar\/notix2\/thomas-bangalter-de-daft-punk-planea-la-instalacion-warehouse-artefacts-en-art-basel-2026\/","og_locale":"es_ES","og_type":"article","og_title":"Thomas Bangalter de Daft Punk planea la instalaci\u00f3n Warehouse Artefacts en Art Basel 2026 - diario22.ar","og_description":"Thomas Bangalter contin\u00faa expandiendo su imponente legado creativo tras Daft Punk. Lejos de los ic\u00f3nicos cascos rob\u00f3ticos, el pionero franc\u00e9s","og_url":"https:\/\/www.diario22.ar\/notix2\/thomas-bangalter-de-daft-punk-planea-la-instalacion-warehouse-artefacts-en-art-basel-2026\/","og_site_name":"diario22.ar","article_published_time":"2026-04-25T01:35:53+00:00","og_image":[{"width":1000,"height":500,"url":"https:\/\/www.diario22.ar\/notix2\/wp-content\/uploads\/2026\/04\/Thomas-Bangalter-de-Daft-Punk-planea-la-instalacion-Warehouse-Artefacts.com2Fimage2F20262F042F212Fthomas-bangalter-plans-warehouse-artefacts-at.jpeg","type":"image\/jpeg"}],"author":"Camila Torres","twitter_card":"summary_large_image","twitter_misc":{"Escrito por":"Camila Torres","Tiempo de lectura":"2 minutos"},"schema":{"@context":"https:\/\/schema.org","@graph":[{"@type":"Article","@id":"https:\/\/www.diario22.ar\/notix2\/thomas-bangalter-de-daft-punk-planea-la-instalacion-warehouse-artefacts-en-art-basel-2026\/#article","isPartOf":{"@id":"https:\/\/www.diario22.ar\/notix2\/thomas-bangalter-de-daft-punk-planea-la-instalacion-warehouse-artefacts-en-art-basel-2026\/"},"author":{"name":"Camila Torres","@id":"https:\/\/www.diario22.ar\/notix2\/#\/schema\/person\/9266f03a2bd6dca79e788e180fb2deeb"},"headline":"Thomas Bangalter de Daft Punk planea la instalaci\u00f3n Warehouse Artefacts en Art Basel 2026","datePublished":"2026-04-25T01:35:53+00:00","mainEntityOfPage":{"@id":"https:\/\/www.diario22.ar\/notix2\/thomas-bangalter-de-daft-punk-planea-la-instalacion-warehouse-artefacts-en-art-basel-2026\/"},"wordCount":451,"commentCount":0,"publisher":{"@id":"https:\/\/www.diario22.ar\/notix2\/#organization"},"image":{"@id":"https:\/\/www.diario22.ar\/notix2\/thomas-bangalter-de-daft-punk-planea-la-instalacion-warehouse-artefacts-en-art-basel-2026\/#primaryimage"},"thumbnailUrl":"https:\/\/www.diario22.ar\/notix2\/wp-content\/uploads\/2026\/04\/Thomas-Bangalter-de-Daft-Punk-planea-la-instalacion-Warehouse-Artefacts.com2Fimage2F20262F042F212Fthomas-bangalter-plans-warehouse-artefacts-at.jpeg","keywords":["Art","Artefacts","Bangalter","Basel","Daft","instalaci\u00f3n","planea","punk","Thomas","Warehouse"],"articleSection":["Arte"],"inLanguage":"es-AR","potentialAction":[{"@type":"CommentAction","name":"Comment","target":["https:\/\/www.diario22.ar\/notix2\/thomas-bangalter-de-daft-punk-planea-la-instalacion-warehouse-artefacts-en-art-basel-2026\/#respond"]}]},{"@type":"WebPage","@id":"https:\/\/www.diario22.ar\/notix2\/thomas-bangalter-de-daft-punk-planea-la-instalacion-warehouse-artefacts-en-art-basel-2026\/","url":"https:\/\/www.diario22.ar\/notix2\/thomas-bangalter-de-daft-punk-planea-la-instalacion-warehouse-artefacts-en-art-basel-2026\/","name":"Thomas Bangalter de Daft Punk planea la instalaci\u00f3n Warehouse Artefacts en Art Basel 2026 - diario22.ar","isPartOf":{"@id":"https:\/\/www.diario22.ar\/notix2\/#website"},"primaryImageOfPage":{"@id":"https:\/\/www.diario22.ar\/notix2\/thomas-bangalter-de-daft-punk-planea-la-instalacion-warehouse-artefacts-en-art-basel-2026\/#primaryimage"},"image":{"@id":"https:\/\/www.diario22.ar\/notix2\/thomas-bangalter-de-daft-punk-planea-la-instalacion-warehouse-artefacts-en-art-basel-2026\/#primaryimage"},"thumbnailUrl":"https:\/\/www.diario22.ar\/notix2\/wp-content\/uploads\/2026\/04\/Thomas-Bangalter-de-Daft-Punk-planea-la-instalacion-Warehouse-Artefacts.com2Fimage2F20262F042F212Fthomas-bangalter-plans-warehouse-artefacts-at.jpeg","datePublished":"2026-04-25T01:35:53+00:00","breadcrumb":{"@id":"https:\/\/www.diario22.ar\/notix2\/thomas-bangalter-de-daft-punk-planea-la-instalacion-warehouse-artefacts-en-art-basel-2026\/#breadcrumb"},"inLanguage":"es-AR","potentialAction":[{"@type":"ReadAction","target":["https:\/\/www.diario22.ar\/notix2\/thomas-bangalter-de-daft-punk-planea-la-instalacion-warehouse-artefacts-en-art-basel-2026\/"]}]},{"@type":"ImageObject","inLanguage":"es-AR","@id":"https:\/\/www.diario22.ar\/notix2\/thomas-bangalter-de-daft-punk-planea-la-instalacion-warehouse-artefacts-en-art-basel-2026\/#primaryimage","url":"https:\/\/www.diario22.ar\/notix2\/wp-content\/uploads\/2026\/04\/Thomas-Bangalter-de-Daft-Punk-planea-la-instalacion-Warehouse-Artefacts.com2Fimage2F20262F042F212Fthomas-bangalter-plans-warehouse-artefacts-at.jpeg","contentUrl":"https:\/\/www.diario22.ar\/notix2\/wp-content\/uploads\/2026\/04\/Thomas-Bangalter-de-Daft-Punk-planea-la-instalacion-Warehouse-Artefacts.com2Fimage2F20262F042F212Fthomas-bangalter-plans-warehouse-artefacts-at.jpeg","width":1000,"height":500},{"@type":"BreadcrumbList","@id":"https:\/\/www.diario22.ar\/notix2\/thomas-bangalter-de-daft-punk-planea-la-instalacion-warehouse-artefacts-en-art-basel-2026\/#breadcrumb","itemListElement":[{"@type":"ListItem","position":1,"name":"Home","item":"https:\/\/www.diario22.ar\/notix2\/"},{"@type":"ListItem","position":2,"name":"Thomas Bangalter de Daft Punk planea la instalaci\u00f3n Warehouse Artefacts en Art Basel 2026"}]},{"@type":"WebSite","@id":"https:\/\/www.diario22.ar\/notix2\/#website","url":"https:\/\/www.diario22.ar\/notix2\/","name":"diario22.ar","description":"Vive hoy &amp; descubre lo que viene","publisher":{"@id":"https:\/\/www.diario22.ar\/notix2\/#organization"},"potentialAction":[{"@type":"SearchAction","target":{"@type":"EntryPoint","urlTemplate":"https:\/\/www.diario22.ar\/notix2\/?s={search_term_string}"},"query-input":{"@type":"PropertyValueSpecification","valueRequired":true,"valueName":"search_term_string"}}],"inLanguage":"es-AR"},{"@type":"Organization","@id":"https:\/\/www.diario22.ar\/notix2\/#organization","name":"diario22.ar","url":"https:\/\/www.diario22.ar\/notix2\/","logo":{"@type":"ImageObject","inLanguage":"es-AR","@id":"https:\/\/www.diario22.ar\/notix2\/#\/schema\/logo\/image\/","url":"https:\/\/www.diario22.ar\/notix2\/wp-content\/uploads\/2025\/10\/cropped-Publish-1.png","contentUrl":"https:\/\/www.diario22.ar\/notix2\/wp-content\/uploads\/2025\/10\/cropped-Publish-1.png","width":1560,"height":722,"caption":"diario22.ar"},"image":{"@id":"https:\/\/www.diario22.ar\/notix2\/#\/schema\/logo\/image\/"}},{"@type":"Person","@id":"https:\/\/www.diario22.ar\/notix2\/#\/schema\/person\/9266f03a2bd6dca79e788e180fb2deeb","name":"Camila Torres","image":{"@type":"ImageObject","inLanguage":"es-AR","@id":"https:\/\/www.diario22.ar\/notix2\/#\/schema\/person\/image\/","url":"https:\/\/www.diario22.ar\/notix2\/wp-content\/uploads\/2025\/10\/diario22.ar-3-150x150.png","contentUrl":"https:\/\/www.diario22.ar\/notix2\/wp-content\/uploads\/2025\/10\/diario22.ar-3-150x150.png","caption":"Camila Torres"},"description":"Soy periodista y redactora en Diario22.ar, apasionada por las historias que conectan la actualidad con la gente. Me form\u00e9 en comunicaci\u00f3n social en Buenos Aires y desde entonces busco darle voz a lo cotidiano, con una mirada curiosa y humana. Creo que el periodismo no solo informa: tambi\u00e9n inspira y transforma.","sameAs":["https:\/\/www.diario22.ar\/notix2"]}]}},"_links":{"self":[{"href":"https:\/\/www.diario22.ar\/notix2\/wp-json\/wp\/v2\/posts\/51834","targetHints":{"allow":["GET"]}}],"collection":[{"href":"https:\/\/www.diario22.ar\/notix2\/wp-json\/wp\/v2\/posts"}],"about":[{"href":"https:\/\/www.diario22.ar\/notix2\/wp-json\/wp\/v2\/types\/post"}],"author":[{"embeddable":true,"href":"https:\/\/www.diario22.ar\/notix2\/wp-json\/wp\/v2\/users\/1"}],"replies":[{"embeddable":true,"href":"https:\/\/www.diario22.ar\/notix2\/wp-json\/wp\/v2\/comments?post=51834"}],"version-history":[{"count":1,"href":"https:\/\/www.diario22.ar\/notix2\/wp-json\/wp\/v2\/posts\/51834\/revisions"}],"predecessor-version":[{"id":51836,"href":"https:\/\/www.diario22.ar\/notix2\/wp-json\/wp\/v2\/posts\/51834\/revisions\/51836"}],"wp:featuredmedia":[{"embeddable":true,"href":"https:\/\/www.diario22.ar\/notix2\/wp-json\/wp\/v2\/media\/51835"}],"wp:attachment":[{"href":"https:\/\/www.diario22.ar\/notix2\/wp-json\/wp\/v2\/media?parent=51834"}],"wp:term":[{"taxonomy":"category","embeddable":true,"href":"https:\/\/www.diario22.ar\/notix2\/wp-json\/wp\/v2\/categories?post=51834"},{"taxonomy":"post_tag","embeddable":true,"href":"https:\/\/www.diario22.ar\/notix2\/wp-json\/wp\/v2\/tags?post=51834"}],"curies":[{"name":"wp","href":"https:\/\/api.w.org\/{rel}","templated":true}]}}