{"id":51504,"date":"2026-03-15T02:35:27","date_gmt":"2026-03-15T05:35:27","guid":{"rendered":"https:\/\/www.diario22.ar\/notix2\/el-misterio-y-la-exploracion-interior-florecieron-en-mcqueen-fw26\/"},"modified":"2026-03-15T02:35:28","modified_gmt":"2026-03-15T05:35:28","slug":"el-misterio-y-la-exploracion-interior-florecieron-en-mcqueen-fw26","status":"publish","type":"post","link":"https:\/\/www.diario22.ar\/notix2\/el-misterio-y-la-exploracion-interior-florecieron-en-mcqueen-fw26\/","title":{"rendered":"El misterio y la exploraci\u00f3n interior florecieron en McQueen FW26"},"content":{"rendered":"<p>Se\u00e1n McGirr present\u00f3 su quinta colecci\u00f3n para Alexander McQueen, m\u00e1s cercana a una propuesta de arte performativo que a una pasarela tradicional. Aunque de longitud concisa, la colecci\u00f3n Oto\u00f1o-Invierno 2026 agudiz\u00f3 la visi\u00f3n en evoluci\u00f3n de McGirr y demostr\u00f3 que est\u00e1 forjando con firmeza su lugar dentro del legado de McQueen.<\/p>\n<p>Cerrando la s\u00e9ptima jornada de la Semana de la Moda de Par\u00eds, el desfile se despleg\u00f3 como una exploraci\u00f3n de lo que yace bajo la superficie. Seg\u00fan las notas, la colecci\u00f3n examinaba \u201cuna tensi\u00f3n psicol\u00f3gica entre la interioridad y la exterioridad; actuaci\u00f3n y paranoia. El individualismo bajo una mirada inquebrantable.\u201d El p\u00fablico respondi\u00f3 con esa intensidad, con invitados como Chappell Roan, Tokischa y The Last Dinner Party observando de cerca.<\/p>\n<div>\n<div class=\"inner-container\">\n<div class=\"inner-content\">\n<div class=\"adunit-wrapper\">\n<div class=\"in-content-ad-outer\">\n<p><!-- Tag ID: HBENGLOB_ATF_INCONTENT --><\/p>\n<div class=\"adunit in-content lazy-load no-init\" data-freestar-ad=\"__300x250\" data-adunit=\"HBENGLOB_ATF_INCONTENT\" data-targeting='{\"HBSiteLoc\":[\"ros\",\"article\"],\"HBSiteCat\":[\"fashion\",\"alexander-mcqueen\",\"paris-fashion-week\",\"runways\",\"mcqueen\",\"sean-mcgirr\",\"fall-winter-2026\",\"paris-fashion-week-fw26\"],\"HBSitePage\":\"0\",\"HBSiteLang\":\"en\",\"country\":\"us\",\"region\":\"naam\",\"subRegion\":\"\",\"HBArticle\":6685681,\"HBBlacklist\":\"1\"}'><\/div>\n<\/p><\/div>\n<\/p><\/div>\n<\/p><\/div>\n<\/p><\/div>\n<\/div>\n<p>Rituales dom\u00e9sticos fueron reinventados a trav\u00e9s de una lente misteriosa. Vestidos de encaje, t\u00edpicamente reservados para el dormitorio, emergieron como elegantes prendas de noche coordinadas con bolsos esf\u00e9ricos, mientras que los blazers de terciopelo con m\u00faltiples botones se transformaron en mini vestidos escult\u00f3ricos. Murales florales en 3D se transformaron en tops texturizados que asomaban entre conjuntos de sat\u00e9n brillante. En otros lugares, la pesada malla de eslabones se suaviz\u00f3 en camisas de popelina y su\u00e9teres de punto con trenzas, mientras las firmas de la casa, incluidas bufandas con estampado de calaveras y el ic\u00f3nico clutch knuckle, regresaron con acabados actualizados.\n<\/p>\n<p>La colecci\u00f3n cerr\u00f3 con un momento nupcial impresionante: un tocado exagerado acompa\u00f1ado de un vestido de largo desigual (alto-bajo) coronado por flores que florec\u00edan a lo largo de la pasarela, una nota final teatral que reafirm\u00f3 la llama eterna de McQueen.\n<\/p>\n<p>Observa de cerca el FW26 de McQueen en la galer\u00eda de arriba.\n<\/p>\n<blockquote class=\"instagram-media\" bypass data-instgrm-captioned data-instgrm-permalink=\"https:\/\/www.instagram.com\/reel\/DVoz8NMj-_N\/?utm_source=ig_embed&amp;utm_campaign=loading\" data-instgrm-version=\"14\" style=\" background:#FFF; border:0; border-radius:3px; box-shadow:0 0 1px 0 rgba(0,0,0,0.5),0 1px 10px 0 rgba(0,0,0,0.15); margin: 1px; max-width:540px; min-width:326px; padding:0; width:99.375%; width:-webkit-calc(100% - 2px); width:calc(100% - 2px);\">\n<div style=\"padding:16px;\">\n<div style=\" display: flex; flex-direction: row; align-items: center;\">\n<div style=\"background-color: #F4F4F4; border-radius: 50%; flex-grow: 0; height: 40px; margin-right: 14px; width: 40px;\"><\/div>\n<div style=\"display: flex; flex-direction: column; flex-grow: 1; justify-content: center;\">\n<div style=\" background-color: #F4F4F4; border-radius: 4px; flex-grow: 0; height: 14px; margin-bottom: 6px; width: 100px;\"><\/div>\n<div style=\" background-color: #F4F4F4; border-radius: 4px; flex-grow: 0; height: 14px; width: 60px;\"><\/div>\n<\/div>\n<\/div>\n<div style=\"padding: 19% 0;\"><\/div>\n<div style=\"display:block; height:50px; margin:0 auto 12px; width:50px;\"><svg width=\"50px\" height=\"50px\" viewbox=\"0 0 60 60\" version=\"1.1\" xmlns=\"https:\/\/www.w3.org\/2000\/svg\" xmlns:xlink=\"https:\/\/www.w3.org\/1999\/xlink\"><g stroke=\"none\" stroke-width=\"1\" fill=\"none\" fill-rule=\"evenodd\"><g transform=\"translate(-511.000000, -20.000000)\" fill=\"#000000\"><g>\n<path d=\"M556.869,30.41 C554.814,30.41 553.148,32.076 553.148,34.131 C553.148,36.186 554.814,37.852 556.869,37.852 C558.924,37.852 560.59,36.186 560.59,34.131 C560.59,32.076 558.924,30.41 556.869,30.41 M541,60.657 C535.114,60.657 530.342,55.887 530.342,50 C530.342,44.114 535.114,39.342 541,39.342 C546.887,39.342 551.658,44.114 551.658,50 C551.658,55.887 546.887,60.657 541,60.657 M541,33.886 C532.1,33.886 524.886,41.1 524.886,50 C524.886,58.899 532.1,66.113 541,66.113 C549.9,66.113 557.115,58.899 557.115,50 C557.115,41.1 549.9,33.886 541,33.886 M565.378,62.101 C565.244,65.022 564.756,66.606 564.346,67.663 C563.803,69.06 563.154,70.057 562.106,71.106 C561.058,72.155 560.06,72.803 558.662,73.347 C557.607,73.757 556.021,74.244 553.102,74.378 C549.944,74.521 548.997,74.552 541,74.552 C533.003,74.552 532.056,74.521 528.898,74.378 C525.979,74.244 524.393,73.757 523.338,73.347 C521.94,72.803 520.942,72.155 519.894,71.106 C518.846,70.057 518.197,69.06 517.654,67.663 C517.244,66.606 516.755,65.022 516.623,62.101 C516.479,58.943 516.448,57.996 516.448,50 C516.448,42.003 516.479,41.056 516.623,37.899 C516.755,34.978 517.244,33.391 517.654,32.338 C518.197,30.938 518.846,29.942 519.894,28.894 C520.942,27.846 521.94,27.196 523.338,26.654 C524.393,26.244 525.979,25.756 528.898,25.623 C532.057,25.479 533.004,25.448 541,25.448 C548.997,25.448 549.943,25.479 553.102,25.623 C556.021,25.756 557.607,26.244 558.662,26.654 C560.06,27.196 561.058,27.846 562.106,28.894 C563.154,29.942 563.803,30.938 564.346,32.338 C564.756,33.391 565.244,34.978 565.378,37.899 C565.522,41.056 565.552,42.003 565.552,50 C565.552,57.996 565.522,58.943 565.378,62.101 M570.82,37.631 C570.674,34.438 570.167,32.258 569.425,30.349 C568.659,28.377 567.633,26.702 565.965,25.035 C564.297,23.368 562.623,22.342 560.652,21.575 C558.743,20.834 556.562,20.326 553.369,20.18 C550.169,20.033 549.148,20 541,20 C532.853,20 531.831,20.033 528.631,20.18 C525.438,20.326 523.257,20.834 521.349,21.575 C519.376,22.342 517.703,23.368 516.035,25.035 C514.368,26.702 513.342,28.377 512.574,30.349 C511.834,32.258 511.326,34.438 511.181,37.631 C511.035,40.831 511,41.851 511,50 C511,58.147 511.035,59.17 511.181,62.369 C511.326,65.562 511.834,67.743 512.574,69.651 C513.342,71.625 514.368,73.296 516.035,74.965 C517.703,76.634 519.376,77.658 521.349,78.425 C523.257,79.167 525.438,79.673 528.631,79.82 C531.831,79.965 532.853,80.001 541,80.001 C549.148,80.001 550.169,79.965 553.369,79.82 C556.562,79.673 558.743,79.167 560.652,78.425 C562.623,77.658 564.297,76.634 565.965,74.965 C567.633,73.296 568.659,71.625 569.425,69.651 C570.167,67.743 570.674,65.562 570.82,62.369 C570.966,59.17 571,58.147 571,50 C571,41.851 570.966,40.831 570.82,37.631\"><\/path><\/g><\/g><\/g><\/svg><\/div>\n<div style=\"padding-top: 8px;\">\n<div style=\" color:#3897f0; font-family:Arial,sans-serif; font-size:14px; font-style:normal; font-weight:550; line-height:18px;\">View this post on Instagram<\/div>\n<\/div>\n<div style=\"padding: 12.5% 0;\"><\/div>\n<div style=\"display:flex; flex-direction: row; margin-bottom: 14px; align-items: center;\">\n<div>\n<div style=\"background-color: #F4F4F4; border-radius: 50%; height: 12.5px; width: 12.5px; transform: translateX(0px) translateY(7px);\"><\/div>\n<div style=\"background-color: #F4F4F4; height: 12.5px; transform: rotate(-45deg) translateX(3px) translateY(1px); width: 12.5px; flex-grow: 0; margin-right: 14px; margin-left: 2px;\"><\/div>\n<div style=\"background-color: #F4F4F4; border-radius: 50%; height: 12.5px; width: 12.5px; transform: translateX(9px) translateY(-18px);\"><\/div>\n<\/div>\n<div style=\"margin-left: 8px;\">\n<div style=\" background-color: #F4F4F4; border-radius: 50%; flex-grow: 0; height: 20px; width: 20px;\"><\/div>\n<div style=\" width: 0; height: 0; border-top: 2px solid transparent; border-left: 6px solid #f4f4f4; border-bottom: 2px solid transparent; transform: translateX(16px) translateY(-4px) rotate(30deg)\"><\/div>\n<\/div>\n<div style=\"margin-left: auto;\">\n<div style=\" width: 0px; border-top: 8px solid #F4F4F4; border-right: 8px solid transparent; transform: translateY(16px);\"><\/div>\n<div style=\" background-color: #F4F4F4; flex-grow: 0; height: 12px; width: 16px; transform: translateY(-4px);\"><\/div>\n<div style=\" width: 0; height: 0; border-top: 8px solid #F4F4F4; border-left: 8px solid transparent; transform: translateY(-4px) translateX(8px);\"><\/div>\n<\/div>\n<\/div>\n<div style=\"display: flex; flex-direction: column; flex-grow: 1; justify-content: center; margin-bottom: 24px;\">\n<div style=\" background-color: #F4F4F4; border-radius: 4px; flex-grow: 0; height: 14px; margin-bottom: 6px; width: 224px;\"><\/div>\n<div style=\" background-color: #F4F4F4; border-radius: 4px; flex-grow: 0; height: 14px; width: 144px;\"><\/div>\n<\/div>\n<p style=\" color:#c9c8cd; font-family:Arial,sans-serif; font-size:14px; line-height:17px; margin-bottom:0; margin-top:8px; overflow:hidden; padding:8px 0 7px \n\n","protected":false},"excerpt":{"rendered":"<p>Se\u00e1n McGirr present\u00f3 su quinta colecci\u00f3n para Alexander McQueen, m\u00e1s cercana a una propuesta de arte performativo que a una<\/p>\n","protected":false},"author":1,"featured_media":51505,"comment_status":"open","ping_status":"open","sticky":false,"template":"","format":"standard","meta":{"footnotes":""},"categories":[9],"tags":[2623,2624,2604,2120,2625,1867],"class_list":["post-51504","post","type-post","status-publish","format-standard","has-post-thumbnail","hentry","category-moda","tag-exploracion","tag-florecieron","tag-fw26","tag-interior","tag-mcqueen","tag-misterio","generate-columns","tablet-grid-50","mobile-grid-100","grid-parent","grid-50"],"yoast_head":"<!-- This site is optimized with the Yoast SEO plugin v26.1.1 - https:\/\/yoast.com\/wordpress\/plugins\/seo\/ -->\n<title>El misterio y la exploraci\u00f3n interior florecieron en McQueen FW26 - diario22.ar<\/title>\n<meta name=\"robots\" content=\"index, follow, max-snippet:-1, max-image-preview:large, max-video-preview:-1\" \/>\n<link rel=\"canonical\" href=\"https:\/\/www.diario22.ar\/notix2\/el-misterio-y-la-exploracion-interior-florecieron-en-mcqueen-fw26\/\" \/>\n<meta property=\"og:locale\" content=\"es_ES\" \/>\n<meta property=\"og:type\" content=\"article\" \/>\n<meta property=\"og:title\" content=\"El misterio y la exploraci\u00f3n interior florecieron en McQueen FW26 - diario22.ar\" \/>\n<meta property=\"og:description\" content=\"Se\u00e1n McGirr present\u00f3 su quinta colecci\u00f3n para Alexander McQueen, m\u00e1s cercana a una propuesta de arte performativo que a una\" \/>\n<meta property=\"og:url\" content=\"https:\/\/www.diario22.ar\/notix2\/el-misterio-y-la-exploracion-interior-florecieron-en-mcqueen-fw26\/\" \/>\n<meta property=\"og:site_name\" content=\"diario22.ar\" \/>\n<meta property=\"article:published_time\" content=\"2026-03-15T05:35:27+00:00\" \/>\n<meta property=\"article:modified_time\" content=\"2026-03-15T05:35:28+00:00\" \/>\n<meta property=\"og:image\" content=\"https:\/\/www.diario22.ar\/notix2\/wp-content\/uploads\/2026\/03\/El-misterio-y-la-exploracion-interior-florecieron-en-McQueen-FW26.com2Fimage2F20262F032F082Fmcqueen-fall-winter-2026-paris-fashion-week-w.jpeg\" \/>\n\t<meta property=\"og:image:width\" content=\"936\" \/>\n\t<meta property=\"og:image:height\" content=\"468\" \/>\n\t<meta property=\"og:image:type\" content=\"image\/jpeg\" \/>\n<meta name=\"author\" content=\"Camila Torres\" \/>\n<meta name=\"twitter:card\" content=\"summary_large_image\" \/>\n<meta name=\"twitter:label1\" content=\"Escrito por\" \/>\n\t<meta name=\"twitter:data1\" content=\"Camila Torres\" \/>\n\t<meta name=\"twitter:label2\" content=\"Tiempo de lectura\" \/>\n\t<meta name=\"twitter:data2\" content=\"2 minutos\" \/>\n<script type=\"application\/ld+json\" class=\"yoast-schema-graph\">{\"@context\":\"https:\/\/schema.org\",\"@graph\":[{\"@type\":\"Article\",\"@id\":\"https:\/\/www.diario22.ar\/notix2\/el-misterio-y-la-exploracion-interior-florecieron-en-mcqueen-fw26\/#article\",\"isPartOf\":{\"@id\":\"https:\/\/www.diario22.ar\/notix2\/el-misterio-y-la-exploracion-interior-florecieron-en-mcqueen-fw26\/\"},\"author\":{\"name\":\"Camila Torres\",\"@id\":\"https:\/\/www.diario22.ar\/notix2\/#\/schema\/person\/9266f03a2bd6dca79e788e180fb2deeb\"},\"headline\":\"El misterio y la exploraci\u00f3n interior florecieron en McQueen FW26\",\"datePublished\":\"2026-03-15T05:35:27+00:00\",\"dateModified\":\"2026-03-15T05:35:28+00:00\",\"mainEntityOfPage\":{\"@id\":\"https:\/\/www.diario22.ar\/notix2\/el-misterio-y-la-exploracion-interior-florecieron-en-mcqueen-fw26\/\"},\"wordCount\":318,\"commentCount\":0,\"publisher\":{\"@id\":\"https:\/\/www.diario22.ar\/notix2\/#organization\"},\"image\":{\"@id\":\"https:\/\/www.diario22.ar\/notix2\/el-misterio-y-la-exploracion-interior-florecieron-en-mcqueen-fw26\/#primaryimage\"},\"thumbnailUrl\":\"https:\/\/www.diario22.ar\/notix2\/wp-content\/uploads\/2026\/03\/El-misterio-y-la-exploracion-interior-florecieron-en-McQueen-FW26.com2Fimage2F20262F032F082Fmcqueen-fall-winter-2026-paris-fashion-week-w.jpeg\",\"keywords\":[\"exploraci\u00f3n\",\"florecieron\",\"FW26\",\"Interior\",\"McQueen\",\"misterio\"],\"articleSection\":[\"Moda\"],\"inLanguage\":\"es-AR\",\"potentialAction\":[{\"@type\":\"CommentAction\",\"name\":\"Comment\",\"target\":[\"https:\/\/www.diario22.ar\/notix2\/el-misterio-y-la-exploracion-interior-florecieron-en-mcqueen-fw26\/#respond\"]}]},{\"@type\":\"WebPage\",\"@id\":\"https:\/\/www.diario22.ar\/notix2\/el-misterio-y-la-exploracion-interior-florecieron-en-mcqueen-fw26\/\",\"url\":\"https:\/\/www.diario22.ar\/notix2\/el-misterio-y-la-exploracion-interior-florecieron-en-mcqueen-fw26\/\",\"name\":\"El misterio y la exploraci\u00f3n interior florecieron en McQueen FW26 - diario22.ar\",\"isPartOf\":{\"@id\":\"https:\/\/www.diario22.ar\/notix2\/#website\"},\"primaryImageOfPage\":{\"@id\":\"https:\/\/www.diario22.ar\/notix2\/el-misterio-y-la-exploracion-interior-florecieron-en-mcqueen-fw26\/#primaryimage\"},\"image\":{\"@id\":\"https:\/\/www.diario22.ar\/notix2\/el-misterio-y-la-exploracion-interior-florecieron-en-mcqueen-fw26\/#primaryimage\"},\"thumbnailUrl\":\"https:\/\/www.diario22.ar\/notix2\/wp-content\/uploads\/2026\/03\/El-misterio-y-la-exploracion-interior-florecieron-en-McQueen-FW26.com2Fimage2F20262F032F082Fmcqueen-fall-winter-2026-paris-fashion-week-w.jpeg\",\"datePublished\":\"2026-03-15T05:35:27+00:00\",\"dateModified\":\"2026-03-15T05:35:28+00:00\",\"breadcrumb\":{\"@id\":\"https:\/\/www.diario22.ar\/notix2\/el-misterio-y-la-exploracion-interior-florecieron-en-mcqueen-fw26\/#breadcrumb\"},\"inLanguage\":\"es-AR\",\"potentialAction\":[{\"@type\":\"ReadAction\",\"target\":[\"https:\/\/www.diario22.ar\/notix2\/el-misterio-y-la-exploracion-interior-florecieron-en-mcqueen-fw26\/\"]}]},{\"@type\":\"ImageObject\",\"inLanguage\":\"es-AR\",\"@id\":\"https:\/\/www.diario22.ar\/notix2\/el-misterio-y-la-exploracion-interior-florecieron-en-mcqueen-fw26\/#primaryimage\",\"url\":\"https:\/\/www.diario22.ar\/notix2\/wp-content\/uploads\/2026\/03\/El-misterio-y-la-exploracion-interior-florecieron-en-McQueen-FW26.com2Fimage2F20262F032F082Fmcqueen-fall-winter-2026-paris-fashion-week-w.jpeg\",\"contentUrl\":\"https:\/\/www.diario22.ar\/notix2\/wp-content\/uploads\/2026\/03\/El-misterio-y-la-exploracion-interior-florecieron-en-McQueen-FW26.com2Fimage2F20262F032F082Fmcqueen-fall-winter-2026-paris-fashion-week-w.jpeg\",\"width\":936,\"height\":468},{\"@type\":\"BreadcrumbList\",\"@id\":\"https:\/\/www.diario22.ar\/notix2\/el-misterio-y-la-exploracion-interior-florecieron-en-mcqueen-fw26\/#breadcrumb\",\"itemListElement\":[{\"@type\":\"ListItem\",\"position\":1,\"name\":\"Home\",\"item\":\"https:\/\/www.diario22.ar\/notix2\/\"},{\"@type\":\"ListItem\",\"position\":2,\"name\":\"El misterio y la exploraci\u00f3n interior florecieron en McQueen FW26\"}]},{\"@type\":\"WebSite\",\"@id\":\"https:\/\/www.diario22.ar\/notix2\/#website\",\"url\":\"https:\/\/www.diario22.ar\/notix2\/\",\"name\":\"diario22.ar\",\"description\":\"Vive hoy &amp; descubre lo que viene\",\"publisher\":{\"@id\":\"https:\/\/www.diario22.ar\/notix2\/#organization\"},\"potentialAction\":[{\"@type\":\"SearchAction\",\"target\":{\"@type\":\"EntryPoint\",\"urlTemplate\":\"https:\/\/www.diario22.ar\/notix2\/?s={search_term_string}\"},\"query-input\":{\"@type\":\"PropertyValueSpecification\",\"valueRequired\":true,\"valueName\":\"search_term_string\"}}],\"inLanguage\":\"es-AR\"},{\"@type\":\"Organization\",\"@id\":\"https:\/\/www.diario22.ar\/notix2\/#organization\",\"name\":\"diario22.ar\",\"url\":\"https:\/\/www.diario22.ar\/notix2\/\",\"logo\":{\"@type\":\"ImageObject\",\"inLanguage\":\"es-AR\",\"@id\":\"https:\/\/www.diario22.ar\/notix2\/#\/schema\/logo\/image\/\",\"url\":\"https:\/\/www.diario22.ar\/notix2\/wp-content\/uploads\/2025\/10\/cropped-Publish-1.png\",\"contentUrl\":\"https:\/\/www.diario22.ar\/notix2\/wp-content\/uploads\/2025\/10\/cropped-Publish-1.png\",\"width\":1560,\"height\":722,\"caption\":\"diario22.ar\"},\"image\":{\"@id\":\"https:\/\/www.diario22.ar\/notix2\/#\/schema\/logo\/image\/\"}},{\"@type\":\"Person\",\"@id\":\"https:\/\/www.diario22.ar\/notix2\/#\/schema\/person\/9266f03a2bd6dca79e788e180fb2deeb\",\"name\":\"Camila Torres\",\"image\":{\"@type\":\"ImageObject\",\"inLanguage\":\"es-AR\",\"@id\":\"https:\/\/www.diario22.ar\/notix2\/#\/schema\/person\/image\/\",\"url\":\"https:\/\/www.diario22.ar\/notix2\/wp-content\/uploads\/2025\/10\/diario22.ar-3-150x150.png\",\"contentUrl\":\"https:\/\/www.diario22.ar\/notix2\/wp-content\/uploads\/2025\/10\/diario22.ar-3-150x150.png\",\"caption\":\"Camila Torres\"},\"description\":\"Soy periodista y redactora en Diario22.ar, apasionada por las historias que conectan la actualidad con la gente. Me form\u00e9 en comunicaci\u00f3n social en Buenos Aires y desde entonces busco darle voz a lo cotidiano, con una mirada curiosa y humana. Creo que el periodismo no solo informa: tambi\u00e9n inspira y transforma.\",\"sameAs\":[\"https:\/\/www.diario22.ar\/notix2\"]}]}<\/script>\n<!-- \/ Yoast SEO plugin. -->","yoast_head_json":{"title":"El misterio y la exploraci\u00f3n interior florecieron en McQueen FW26 - diario22.ar","robots":{"index":"index","follow":"follow","max-snippet":"max-snippet:-1","max-image-preview":"max-image-preview:large","max-video-preview":"max-video-preview:-1"},"canonical":"https:\/\/www.diario22.ar\/notix2\/el-misterio-y-la-exploracion-interior-florecieron-en-mcqueen-fw26\/","og_locale":"es_ES","og_type":"article","og_title":"El misterio y la exploraci\u00f3n interior florecieron en McQueen FW26 - diario22.ar","og_description":"Se\u00e1n McGirr present\u00f3 su quinta colecci\u00f3n para Alexander McQueen, m\u00e1s cercana a una propuesta de arte performativo que a una","og_url":"https:\/\/www.diario22.ar\/notix2\/el-misterio-y-la-exploracion-interior-florecieron-en-mcqueen-fw26\/","og_site_name":"diario22.ar","article_published_time":"2026-03-15T05:35:27+00:00","article_modified_time":"2026-03-15T05:35:28+00:00","og_image":[{"width":936,"height":468,"url":"https:\/\/www.diario22.ar\/notix2\/wp-content\/uploads\/2026\/03\/El-misterio-y-la-exploracion-interior-florecieron-en-McQueen-FW26.com2Fimage2F20262F032F082Fmcqueen-fall-winter-2026-paris-fashion-week-w.jpeg","type":"image\/jpeg"}],"author":"Camila Torres","twitter_card":"summary_large_image","twitter_misc":{"Escrito por":"Camila Torres","Tiempo de lectura":"2 minutos"},"schema":{"@context":"https:\/\/schema.org","@graph":[{"@type":"Article","@id":"https:\/\/www.diario22.ar\/notix2\/el-misterio-y-la-exploracion-interior-florecieron-en-mcqueen-fw26\/#article","isPartOf":{"@id":"https:\/\/www.diario22.ar\/notix2\/el-misterio-y-la-exploracion-interior-florecieron-en-mcqueen-fw26\/"},"author":{"name":"Camila Torres","@id":"https:\/\/www.diario22.ar\/notix2\/#\/schema\/person\/9266f03a2bd6dca79e788e180fb2deeb"},"headline":"El misterio y la exploraci\u00f3n interior florecieron en McQueen FW26","datePublished":"2026-03-15T05:35:27+00:00","dateModified":"2026-03-15T05:35:28+00:00","mainEntityOfPage":{"@id":"https:\/\/www.diario22.ar\/notix2\/el-misterio-y-la-exploracion-interior-florecieron-en-mcqueen-fw26\/"},"wordCount":318,"commentCount":0,"publisher":{"@id":"https:\/\/www.diario22.ar\/notix2\/#organization"},"image":{"@id":"https:\/\/www.diario22.ar\/notix2\/el-misterio-y-la-exploracion-interior-florecieron-en-mcqueen-fw26\/#primaryimage"},"thumbnailUrl":"https:\/\/www.diario22.ar\/notix2\/wp-content\/uploads\/2026\/03\/El-misterio-y-la-exploracion-interior-florecieron-en-McQueen-FW26.com2Fimage2F20262F032F082Fmcqueen-fall-winter-2026-paris-fashion-week-w.jpeg","keywords":["exploraci\u00f3n","florecieron","FW26","Interior","McQueen","misterio"],"articleSection":["Moda"],"inLanguage":"es-AR","potentialAction":[{"@type":"CommentAction","name":"Comment","target":["https:\/\/www.diario22.ar\/notix2\/el-misterio-y-la-exploracion-interior-florecieron-en-mcqueen-fw26\/#respond"]}]},{"@type":"WebPage","@id":"https:\/\/www.diario22.ar\/notix2\/el-misterio-y-la-exploracion-interior-florecieron-en-mcqueen-fw26\/","url":"https:\/\/www.diario22.ar\/notix2\/el-misterio-y-la-exploracion-interior-florecieron-en-mcqueen-fw26\/","name":"El misterio y la exploraci\u00f3n interior florecieron en McQueen FW26 - diario22.ar","isPartOf":{"@id":"https:\/\/www.diario22.ar\/notix2\/#website"},"primaryImageOfPage":{"@id":"https:\/\/www.diario22.ar\/notix2\/el-misterio-y-la-exploracion-interior-florecieron-en-mcqueen-fw26\/#primaryimage"},"image":{"@id":"https:\/\/www.diario22.ar\/notix2\/el-misterio-y-la-exploracion-interior-florecieron-en-mcqueen-fw26\/#primaryimage"},"thumbnailUrl":"https:\/\/www.diario22.ar\/notix2\/wp-content\/uploads\/2026\/03\/El-misterio-y-la-exploracion-interior-florecieron-en-McQueen-FW26.com2Fimage2F20262F032F082Fmcqueen-fall-winter-2026-paris-fashion-week-w.jpeg","datePublished":"2026-03-15T05:35:27+00:00","dateModified":"2026-03-15T05:35:28+00:00","breadcrumb":{"@id":"https:\/\/www.diario22.ar\/notix2\/el-misterio-y-la-exploracion-interior-florecieron-en-mcqueen-fw26\/#breadcrumb"},"inLanguage":"es-AR","potentialAction":[{"@type":"ReadAction","target":["https:\/\/www.diario22.ar\/notix2\/el-misterio-y-la-exploracion-interior-florecieron-en-mcqueen-fw26\/"]}]},{"@type":"ImageObject","inLanguage":"es-AR","@id":"https:\/\/www.diario22.ar\/notix2\/el-misterio-y-la-exploracion-interior-florecieron-en-mcqueen-fw26\/#primaryimage","url":"https:\/\/www.diario22.ar\/notix2\/wp-content\/uploads\/2026\/03\/El-misterio-y-la-exploracion-interior-florecieron-en-McQueen-FW26.com2Fimage2F20262F032F082Fmcqueen-fall-winter-2026-paris-fashion-week-w.jpeg","contentUrl":"https:\/\/www.diario22.ar\/notix2\/wp-content\/uploads\/2026\/03\/El-misterio-y-la-exploracion-interior-florecieron-en-McQueen-FW26.com2Fimage2F20262F032F082Fmcqueen-fall-winter-2026-paris-fashion-week-w.jpeg","width":936,"height":468},{"@type":"BreadcrumbList","@id":"https:\/\/www.diario22.ar\/notix2\/el-misterio-y-la-exploracion-interior-florecieron-en-mcqueen-fw26\/#breadcrumb","itemListElement":[{"@type":"ListItem","position":1,"name":"Home","item":"https:\/\/www.diario22.ar\/notix2\/"},{"@type":"ListItem","position":2,"name":"El misterio y la exploraci\u00f3n interior florecieron en McQueen FW26"}]},{"@type":"WebSite","@id":"https:\/\/www.diario22.ar\/notix2\/#website","url":"https:\/\/www.diario22.ar\/notix2\/","name":"diario22.ar","description":"Vive hoy &amp; descubre lo que viene","publisher":{"@id":"https:\/\/www.diario22.ar\/notix2\/#organization"},"potentialAction":[{"@type":"SearchAction","target":{"@type":"EntryPoint","urlTemplate":"https:\/\/www.diario22.ar\/notix2\/?s={search_term_string}"},"query-input":{"@type":"PropertyValueSpecification","valueRequired":true,"valueName":"search_term_string"}}],"inLanguage":"es-AR"},{"@type":"Organization","@id":"https:\/\/www.diario22.ar\/notix2\/#organization","name":"diario22.ar","url":"https:\/\/www.diario22.ar\/notix2\/","logo":{"@type":"ImageObject","inLanguage":"es-AR","@id":"https:\/\/www.diario22.ar\/notix2\/#\/schema\/logo\/image\/","url":"https:\/\/www.diario22.ar\/notix2\/wp-content\/uploads\/2025\/10\/cropped-Publish-1.png","contentUrl":"https:\/\/www.diario22.ar\/notix2\/wp-content\/uploads\/2025\/10\/cropped-Publish-1.png","width":1560,"height":722,"caption":"diario22.ar"},"image":{"@id":"https:\/\/www.diario22.ar\/notix2\/#\/schema\/logo\/image\/"}},{"@type":"Person","@id":"https:\/\/www.diario22.ar\/notix2\/#\/schema\/person\/9266f03a2bd6dca79e788e180fb2deeb","name":"Camila Torres","image":{"@type":"ImageObject","inLanguage":"es-AR","@id":"https:\/\/www.diario22.ar\/notix2\/#\/schema\/person\/image\/","url":"https:\/\/www.diario22.ar\/notix2\/wp-content\/uploads\/2025\/10\/diario22.ar-3-150x150.png","contentUrl":"https:\/\/www.diario22.ar\/notix2\/wp-content\/uploads\/2025\/10\/diario22.ar-3-150x150.png","caption":"Camila Torres"},"description":"Soy periodista y redactora en Diario22.ar, apasionada por las historias que conectan la actualidad con la gente. Me form\u00e9 en comunicaci\u00f3n social en Buenos Aires y desde entonces busco darle voz a lo cotidiano, con una mirada curiosa y humana. Creo que el periodismo no solo informa: tambi\u00e9n inspira y transforma.","sameAs":["https:\/\/www.diario22.ar\/notix2"]}]}},"_links":{"self":[{"href":"https:\/\/www.diario22.ar\/notix2\/wp-json\/wp\/v2\/posts\/51504","targetHints":{"allow":["GET"]}}],"collection":[{"href":"https:\/\/www.diario22.ar\/notix2\/wp-json\/wp\/v2\/posts"}],"about":[{"href":"https:\/\/www.diario22.ar\/notix2\/wp-json\/wp\/v2\/types\/post"}],"author":[{"embeddable":true,"href":"https:\/\/www.diario22.ar\/notix2\/wp-json\/wp\/v2\/users\/1"}],"replies":[{"embeddable":true,"href":"https:\/\/www.diario22.ar\/notix2\/wp-json\/wp\/v2\/comments?post=51504"}],"version-history":[{"count":1,"href":"https:\/\/www.diario22.ar\/notix2\/wp-json\/wp\/v2\/posts\/51504\/revisions"}],"predecessor-version":[{"id":51506,"href":"https:\/\/www.diario22.ar\/notix2\/wp-json\/wp\/v2\/posts\/51504\/revisions\/51506"}],"wp:featuredmedia":[{"embeddable":true,"href":"https:\/\/www.diario22.ar\/notix2\/wp-json\/wp\/v2\/media\/51505"}],"wp:attachment":[{"href":"https:\/\/www.diario22.ar\/notix2\/wp-json\/wp\/v2\/media?parent=51504"}],"wp:term":[{"taxonomy":"category","embeddable":true,"href":"https:\/\/www.diario22.ar\/notix2\/wp-json\/wp\/v2\/categories?post=51504"},{"taxonomy":"post_tag","embeddable":true,"href":"https:\/\/www.diario22.ar\/notix2\/wp-json\/wp\/v2\/tags?post=51504"}],"curies":[{"name":"wp","href":"https:\/\/api.w.org\/{rel}","templated":true}]}}