{"id":51501,"date":"2026-03-14T22:35:18","date_gmt":"2026-03-15T01:35:18","guid":{"rendered":"https:\/\/www.diario22.ar\/notix2\/coleccion-market-exterior-de-hay-disenada-por-jasper-morrison-aporta-una-estetica-alegre-al-aire-libre\/"},"modified":"2026-03-14T22:35:19","modified_gmt":"2026-03-15T01:35:19","slug":"coleccion-market-exterior-de-hay-disenada-por-jasper-morrison-aporta-una-estetica-alegre-al-aire-libre","status":"publish","type":"post","link":"https:\/\/www.diario22.ar\/notix2\/coleccion-market-exterior-de-hay-disenada-por-jasper-morrison-aporta-una-estetica-alegre-al-aire-libre\/","title":{"rendered":"Colecci\u00f3n Market Exterior de HAY, dise\u00f1ada por Jasper Morrison, aporta una est\u00e9tica alegre al aire libre"},"content":{"rendered":"<p>La l\u00ednea Outdoor Market de HAY, dise\u00f1ada con Jasper Morrison, es una colecci\u00f3n curada destinada a enriquecer la vida cotidiana al aire libre, ya sea en excursiones improvisadas a la naturaleza o en momentos de tranquilidad en casa. Inspirada en la utilidad nost\u00e1lgica del equipo cl\u00e1sico de camping, la colaboraci\u00f3n re\u00fane el esp\u00edritu de dise\u00f1o democr\u00e1tico de HAY con el enfoque c\u00e9lebre de Morrison hacia los objetos de uso diario. La colecci\u00f3n resultante comprende m\u00e1s de 30 art\u00edculos, que van desde muebles plegables y hamacas hasta herramientas de cocina y doseles, todos elaborados con el lenguaje de dise\u00f1o directo y con prop\u00f3sito caracter\u00edstico de Morrison.<\/p>\n<div>\n<div class=\"inner-container\">\n<div class=\"inner-content\">\n<div class=\"adunit-wrapper\">\n<div class=\"in-content-ad-outer\">\n<p><!-- Tag ID: HBENGLOB_ATF_INCONTENT --><\/p>\n<div class=\"adunit in-content lazy-load no-init\" data-freestar-ad=\"__300x250\" data-adunit=\"HBENGLOB_ATF_INCONTENT\" data-targeting='{\"HBSiteLoc\":[\"ros\",\"article\"],\"HBSiteCat\":[\"design\",\"collaboration\",\"jasper-morrison\",\"homeware\",\"hay\",\"jasper-morrison-shop\"],\"HBSitePage\":\"0\",\"HBSiteLang\":\"en\",\"country\":\"us\",\"region\":\"naam\",\"subRegion\":\"\",\"HBArticle\":6684606,\"HBBlacklist\":\"1\"}'><\/div>\n<\/p><\/div>\n<\/p><\/div>\n<\/p><\/div>\n<\/p><\/div>\n<\/div>\n<p>Entre los art\u00edculos destacados se encuentran los juegos de plato y cuenco de acero Outdoor Market, las tazas termo y piezas utilitarias \u00fanicas como un Portabotellas. Cada pieza est\u00e1 dise\u00f1ada para soportar las inclemencias del exterior, y la serie de acero ofrece una opci\u00f3n robusta pero refinada para comer al aire libre.<\/p>\n<p>La haya ligera, barnizada con laca al agua, se utiliza para los muebles plegables, mientras que el acero inoxidable constituye la base de las hogueras y barbacoas. Los artesanos japoneses aportan escobas hechas a mano y textiles a rayas tejidos con 100% poli\u00e9ster reciclado, que hacen referencia a los patrones vascos tradicionales que Morrison descubri\u00f3 en telas vintage. Adem\u00e1s, accesorios funcionales, como un juego de 10 clavijas y un abridor de botellas dedicado, completan la colecci\u00f3n para cubrir todas las necesidades al aire libre.<\/p>\n<p>Los precios oscilan entre 9 y 795 USD, y la colecci\u00f3n Outdoor Market de HAY est\u00e1 disponible a trav\u00e9s de la Jasper Morrison Shop.<\/p>\n","protected":false},"excerpt":{"rendered":"<p>La l\u00ednea Outdoor Market de HAY, dise\u00f1ada con Jasper Morrison, es una colecci\u00f3n curada destinada a enriquecer la vida cotidiana<\/p>\n","protected":false},"author":1,"featured_media":51502,"comment_status":"open","ping_status":"open","sticky":false,"template":"","format":"standard","meta":{"footnotes":""},"categories":[10],"tags":[382,2621,2620,179,2461,1104,2555,1020,2618,2622,2566,2619,109,58],"class_list":["post-51501","post","type-post","status-publish","format-standard","has-post-thumbnail","hentry","category-tendencias","tag-aire","tag-alegre","tag-aporta","tag-coleccion","tag-disenada","tag-estetica","tag-exterior","tag-hay","tag-jasper","tag-libre","tag-market","tag-morrison","tag-por","tag-una","generate-columns","tablet-grid-50","mobile-grid-100","grid-parent","grid-50"],"yoast_head":"<!-- This site is optimized with the Yoast SEO plugin v26.1.1 - https:\/\/yoast.com\/wordpress\/plugins\/seo\/ -->\n<title>Colecci\u00f3n Market Exterior de HAY, dise\u00f1ada por Jasper Morrison, aporta una est\u00e9tica alegre al aire libre - diario22.ar<\/title>\n<meta name=\"robots\" content=\"index, follow, max-snippet:-1, max-image-preview:large, max-video-preview:-1\" \/>\n<link rel=\"canonical\" href=\"https:\/\/www.diario22.ar\/notix2\/coleccion-market-exterior-de-hay-disenada-por-jasper-morrison-aporta-una-estetica-alegre-al-aire-libre\/\" \/>\n<meta property=\"og:locale\" content=\"es_ES\" \/>\n<meta property=\"og:type\" content=\"article\" \/>\n<meta property=\"og:title\" content=\"Colecci\u00f3n Market Exterior de HAY, dise\u00f1ada por Jasper Morrison, aporta una est\u00e9tica alegre al aire libre - diario22.ar\" \/>\n<meta property=\"og:description\" content=\"La l\u00ednea Outdoor Market de HAY, dise\u00f1ada con Jasper Morrison, es una colecci\u00f3n curada destinada a enriquecer la vida cotidiana\" \/>\n<meta property=\"og:url\" content=\"https:\/\/www.diario22.ar\/notix2\/coleccion-market-exterior-de-hay-disenada-por-jasper-morrison-aporta-una-estetica-alegre-al-aire-libre\/\" \/>\n<meta property=\"og:site_name\" content=\"diario22.ar\" \/>\n<meta property=\"article:published_time\" content=\"2026-03-15T01:35:18+00:00\" \/>\n<meta property=\"article:modified_time\" content=\"2026-03-15T01:35:19+00:00\" \/>\n<meta property=\"og:image\" content=\"https:\/\/www.diario22.ar\/notix2\/wp-content\/uploads\/2026\/03\/Coleccion-Market-Exterior-de-HAY-disenada-por-Jasper-Morrison-aporta.com2Fimage2F20262F032F062Fhay-outdoor-market-by-jasper-morrison-shop-co.jpeg\" \/>\n\t<meta property=\"og:image:width\" content=\"1000\" \/>\n\t<meta property=\"og:image:height\" content=\"500\" \/>\n\t<meta property=\"og:image:type\" content=\"image\/jpeg\" \/>\n<meta name=\"author\" content=\"Camila Torres\" \/>\n<meta name=\"twitter:card\" content=\"summary_large_image\" \/>\n<meta name=\"twitter:label1\" content=\"Escrito por\" \/>\n\t<meta name=\"twitter:data1\" content=\"Camila Torres\" \/>\n\t<meta name=\"twitter:label2\" content=\"Tiempo de lectura\" \/>\n\t<meta name=\"twitter:data2\" content=\"1 minuto\" \/>\n<script type=\"application\/ld+json\" class=\"yoast-schema-graph\">{\"@context\":\"https:\/\/schema.org\",\"@graph\":[{\"@type\":\"Article\",\"@id\":\"https:\/\/www.diario22.ar\/notix2\/coleccion-market-exterior-de-hay-disenada-por-jasper-morrison-aporta-una-estetica-alegre-al-aire-libre\/#article\",\"isPartOf\":{\"@id\":\"https:\/\/www.diario22.ar\/notix2\/coleccion-market-exterior-de-hay-disenada-por-jasper-morrison-aporta-una-estetica-alegre-al-aire-libre\/\"},\"author\":{\"name\":\"Camila Torres\",\"@id\":\"https:\/\/www.diario22.ar\/notix2\/#\/schema\/person\/9266f03a2bd6dca79e788e180fb2deeb\"},\"headline\":\"Colecci\u00f3n Market Exterior de HAY, dise\u00f1ada por Jasper Morrison, aporta una est\u00e9tica alegre al aire libre\",\"datePublished\":\"2026-03-15T01:35:18+00:00\",\"dateModified\":\"2026-03-15T01:35:19+00:00\",\"mainEntityOfPage\":{\"@id\":\"https:\/\/www.diario22.ar\/notix2\/coleccion-market-exterior-de-hay-disenada-por-jasper-morrison-aporta-una-estetica-alegre-al-aire-libre\/\"},\"wordCount\":304,\"commentCount\":0,\"publisher\":{\"@id\":\"https:\/\/www.diario22.ar\/notix2\/#organization\"},\"image\":{\"@id\":\"https:\/\/www.diario22.ar\/notix2\/coleccion-market-exterior-de-hay-disenada-por-jasper-morrison-aporta-una-estetica-alegre-al-aire-libre\/#primaryimage\"},\"thumbnailUrl\":\"https:\/\/www.diario22.ar\/notix2\/wp-content\/uploads\/2026\/03\/Coleccion-Market-Exterior-de-HAY-disenada-por-Jasper-Morrison-aporta.com2Fimage2F20262F032F062Fhay-outdoor-market-by-jasper-morrison-shop-co.jpeg\",\"keywords\":[\"aire\",\"alegre\",\"aporta\",\"colecci\u00f3n\",\"dise\u00f1ada\",\"est\u00e9tica\",\"Exterior\",\"hay\",\"Jasper\",\"libre\",\"Market\",\"Morrison\",\"por\",\"una\"],\"articleSection\":[\"Tendencias\"],\"inLanguage\":\"es-AR\",\"potentialAction\":[{\"@type\":\"CommentAction\",\"name\":\"Comment\",\"target\":[\"https:\/\/www.diario22.ar\/notix2\/coleccion-market-exterior-de-hay-disenada-por-jasper-morrison-aporta-una-estetica-alegre-al-aire-libre\/#respond\"]}]},{\"@type\":\"WebPage\",\"@id\":\"https:\/\/www.diario22.ar\/notix2\/coleccion-market-exterior-de-hay-disenada-por-jasper-morrison-aporta-una-estetica-alegre-al-aire-libre\/\",\"url\":\"https:\/\/www.diario22.ar\/notix2\/coleccion-market-exterior-de-hay-disenada-por-jasper-morrison-aporta-una-estetica-alegre-al-aire-libre\/\",\"name\":\"Colecci\u00f3n Market Exterior de HAY, dise\u00f1ada por Jasper Morrison, aporta una est\u00e9tica alegre al aire libre - diario22.ar\",\"isPartOf\":{\"@id\":\"https:\/\/www.diario22.ar\/notix2\/#website\"},\"primaryImageOfPage\":{\"@id\":\"https:\/\/www.diario22.ar\/notix2\/coleccion-market-exterior-de-hay-disenada-por-jasper-morrison-aporta-una-estetica-alegre-al-aire-libre\/#primaryimage\"},\"image\":{\"@id\":\"https:\/\/www.diario22.ar\/notix2\/coleccion-market-exterior-de-hay-disenada-por-jasper-morrison-aporta-una-estetica-alegre-al-aire-libre\/#primaryimage\"},\"thumbnailUrl\":\"https:\/\/www.diario22.ar\/notix2\/wp-content\/uploads\/2026\/03\/Coleccion-Market-Exterior-de-HAY-disenada-por-Jasper-Morrison-aporta.com2Fimage2F20262F032F062Fhay-outdoor-market-by-jasper-morrison-shop-co.jpeg\",\"datePublished\":\"2026-03-15T01:35:18+00:00\",\"dateModified\":\"2026-03-15T01:35:19+00:00\",\"breadcrumb\":{\"@id\":\"https:\/\/www.diario22.ar\/notix2\/coleccion-market-exterior-de-hay-disenada-por-jasper-morrison-aporta-una-estetica-alegre-al-aire-libre\/#breadcrumb\"},\"inLanguage\":\"es-AR\",\"potentialAction\":[{\"@type\":\"ReadAction\",\"target\":[\"https:\/\/www.diario22.ar\/notix2\/coleccion-market-exterior-de-hay-disenada-por-jasper-morrison-aporta-una-estetica-alegre-al-aire-libre\/\"]}]},{\"@type\":\"ImageObject\",\"inLanguage\":\"es-AR\",\"@id\":\"https:\/\/www.diario22.ar\/notix2\/coleccion-market-exterior-de-hay-disenada-por-jasper-morrison-aporta-una-estetica-alegre-al-aire-libre\/#primaryimage\",\"url\":\"https:\/\/www.diario22.ar\/notix2\/wp-content\/uploads\/2026\/03\/Coleccion-Market-Exterior-de-HAY-disenada-por-Jasper-Morrison-aporta.com2Fimage2F20262F032F062Fhay-outdoor-market-by-jasper-morrison-shop-co.jpeg\",\"contentUrl\":\"https:\/\/www.diario22.ar\/notix2\/wp-content\/uploads\/2026\/03\/Coleccion-Market-Exterior-de-HAY-disenada-por-Jasper-Morrison-aporta.com2Fimage2F20262F032F062Fhay-outdoor-market-by-jasper-morrison-shop-co.jpeg\",\"width\":1000,\"height\":500},{\"@type\":\"BreadcrumbList\",\"@id\":\"https:\/\/www.diario22.ar\/notix2\/coleccion-market-exterior-de-hay-disenada-por-jasper-morrison-aporta-una-estetica-alegre-al-aire-libre\/#breadcrumb\",\"itemListElement\":[{\"@type\":\"ListItem\",\"position\":1,\"name\":\"Home\",\"item\":\"https:\/\/www.diario22.ar\/notix2\/\"},{\"@type\":\"ListItem\",\"position\":2,\"name\":\"Colecci\u00f3n Market Exterior de HAY, dise\u00f1ada por Jasper Morrison, aporta una est\u00e9tica alegre al aire libre\"}]},{\"@type\":\"WebSite\",\"@id\":\"https:\/\/www.diario22.ar\/notix2\/#website\",\"url\":\"https:\/\/www.diario22.ar\/notix2\/\",\"name\":\"diario22.ar\",\"description\":\"Vive hoy &amp; descubre lo que viene\",\"publisher\":{\"@id\":\"https:\/\/www.diario22.ar\/notix2\/#organization\"},\"potentialAction\":[{\"@type\":\"SearchAction\",\"target\":{\"@type\":\"EntryPoint\",\"urlTemplate\":\"https:\/\/www.diario22.ar\/notix2\/?s={search_term_string}\"},\"query-input\":{\"@type\":\"PropertyValueSpecification\",\"valueRequired\":true,\"valueName\":\"search_term_string\"}}],\"inLanguage\":\"es-AR\"},{\"@type\":\"Organization\",\"@id\":\"https:\/\/www.diario22.ar\/notix2\/#organization\",\"name\":\"diario22.ar\",\"url\":\"https:\/\/www.diario22.ar\/notix2\/\",\"logo\":{\"@type\":\"ImageObject\",\"inLanguage\":\"es-AR\",\"@id\":\"https:\/\/www.diario22.ar\/notix2\/#\/schema\/logo\/image\/\",\"url\":\"https:\/\/www.diario22.ar\/notix2\/wp-content\/uploads\/2025\/10\/cropped-Publish-1.png\",\"contentUrl\":\"https:\/\/www.diario22.ar\/notix2\/wp-content\/uploads\/2025\/10\/cropped-Publish-1.png\",\"width\":1560,\"height\":722,\"caption\":\"diario22.ar\"},\"image\":{\"@id\":\"https:\/\/www.diario22.ar\/notix2\/#\/schema\/logo\/image\/\"}},{\"@type\":\"Person\",\"@id\":\"https:\/\/www.diario22.ar\/notix2\/#\/schema\/person\/9266f03a2bd6dca79e788e180fb2deeb\",\"name\":\"Camila Torres\",\"image\":{\"@type\":\"ImageObject\",\"inLanguage\":\"es-AR\",\"@id\":\"https:\/\/www.diario22.ar\/notix2\/#\/schema\/person\/image\/\",\"url\":\"https:\/\/www.diario22.ar\/notix2\/wp-content\/uploads\/2025\/10\/diario22.ar-3-150x150.png\",\"contentUrl\":\"https:\/\/www.diario22.ar\/notix2\/wp-content\/uploads\/2025\/10\/diario22.ar-3-150x150.png\",\"caption\":\"Camila Torres\"},\"description\":\"Soy periodista y redactora en Diario22.ar, apasionada por las historias que conectan la actualidad con la gente. Me form\u00e9 en comunicaci\u00f3n social en Buenos Aires y desde entonces busco darle voz a lo cotidiano, con una mirada curiosa y humana. Creo que el periodismo no solo informa: tambi\u00e9n inspira y transforma.\",\"sameAs\":[\"https:\/\/www.diario22.ar\/notix2\"]}]}<\/script>\n<!-- \/ Yoast SEO plugin. -->","yoast_head_json":{"title":"Colecci\u00f3n Market Exterior de HAY, dise\u00f1ada por Jasper Morrison, aporta una est\u00e9tica alegre al aire libre - diario22.ar","robots":{"index":"index","follow":"follow","max-snippet":"max-snippet:-1","max-image-preview":"max-image-preview:large","max-video-preview":"max-video-preview:-1"},"canonical":"https:\/\/www.diario22.ar\/notix2\/coleccion-market-exterior-de-hay-disenada-por-jasper-morrison-aporta-una-estetica-alegre-al-aire-libre\/","og_locale":"es_ES","og_type":"article","og_title":"Colecci\u00f3n Market Exterior de HAY, dise\u00f1ada por Jasper Morrison, aporta una est\u00e9tica alegre al aire libre - diario22.ar","og_description":"La l\u00ednea Outdoor Market de HAY, dise\u00f1ada con Jasper Morrison, es una colecci\u00f3n curada destinada a enriquecer la vida cotidiana","og_url":"https:\/\/www.diario22.ar\/notix2\/coleccion-market-exterior-de-hay-disenada-por-jasper-morrison-aporta-una-estetica-alegre-al-aire-libre\/","og_site_name":"diario22.ar","article_published_time":"2026-03-15T01:35:18+00:00","article_modified_time":"2026-03-15T01:35:19+00:00","og_image":[{"width":1000,"height":500,"url":"https:\/\/www.diario22.ar\/notix2\/wp-content\/uploads\/2026\/03\/Coleccion-Market-Exterior-de-HAY-disenada-por-Jasper-Morrison-aporta.com2Fimage2F20262F032F062Fhay-outdoor-market-by-jasper-morrison-shop-co.jpeg","type":"image\/jpeg"}],"author":"Camila Torres","twitter_card":"summary_large_image","twitter_misc":{"Escrito por":"Camila Torres","Tiempo de lectura":"1 minuto"},"schema":{"@context":"https:\/\/schema.org","@graph":[{"@type":"Article","@id":"https:\/\/www.diario22.ar\/notix2\/coleccion-market-exterior-de-hay-disenada-por-jasper-morrison-aporta-una-estetica-alegre-al-aire-libre\/#article","isPartOf":{"@id":"https:\/\/www.diario22.ar\/notix2\/coleccion-market-exterior-de-hay-disenada-por-jasper-morrison-aporta-una-estetica-alegre-al-aire-libre\/"},"author":{"name":"Camila Torres","@id":"https:\/\/www.diario22.ar\/notix2\/#\/schema\/person\/9266f03a2bd6dca79e788e180fb2deeb"},"headline":"Colecci\u00f3n Market Exterior de HAY, dise\u00f1ada por Jasper Morrison, aporta una est\u00e9tica alegre al aire libre","datePublished":"2026-03-15T01:35:18+00:00","dateModified":"2026-03-15T01:35:19+00:00","mainEntityOfPage":{"@id":"https:\/\/www.diario22.ar\/notix2\/coleccion-market-exterior-de-hay-disenada-por-jasper-morrison-aporta-una-estetica-alegre-al-aire-libre\/"},"wordCount":304,"commentCount":0,"publisher":{"@id":"https:\/\/www.diario22.ar\/notix2\/#organization"},"image":{"@id":"https:\/\/www.diario22.ar\/notix2\/coleccion-market-exterior-de-hay-disenada-por-jasper-morrison-aporta-una-estetica-alegre-al-aire-libre\/#primaryimage"},"thumbnailUrl":"https:\/\/www.diario22.ar\/notix2\/wp-content\/uploads\/2026\/03\/Coleccion-Market-Exterior-de-HAY-disenada-por-Jasper-Morrison-aporta.com2Fimage2F20262F032F062Fhay-outdoor-market-by-jasper-morrison-shop-co.jpeg","keywords":["aire","alegre","aporta","colecci\u00f3n","dise\u00f1ada","est\u00e9tica","Exterior","hay","Jasper","libre","Market","Morrison","por","una"],"articleSection":["Tendencias"],"inLanguage":"es-AR","potentialAction":[{"@type":"CommentAction","name":"Comment","target":["https:\/\/www.diario22.ar\/notix2\/coleccion-market-exterior-de-hay-disenada-por-jasper-morrison-aporta-una-estetica-alegre-al-aire-libre\/#respond"]}]},{"@type":"WebPage","@id":"https:\/\/www.diario22.ar\/notix2\/coleccion-market-exterior-de-hay-disenada-por-jasper-morrison-aporta-una-estetica-alegre-al-aire-libre\/","url":"https:\/\/www.diario22.ar\/notix2\/coleccion-market-exterior-de-hay-disenada-por-jasper-morrison-aporta-una-estetica-alegre-al-aire-libre\/","name":"Colecci\u00f3n Market Exterior de HAY, dise\u00f1ada por Jasper Morrison, aporta una est\u00e9tica alegre al aire libre - diario22.ar","isPartOf":{"@id":"https:\/\/www.diario22.ar\/notix2\/#website"},"primaryImageOfPage":{"@id":"https:\/\/www.diario22.ar\/notix2\/coleccion-market-exterior-de-hay-disenada-por-jasper-morrison-aporta-una-estetica-alegre-al-aire-libre\/#primaryimage"},"image":{"@id":"https:\/\/www.diario22.ar\/notix2\/coleccion-market-exterior-de-hay-disenada-por-jasper-morrison-aporta-una-estetica-alegre-al-aire-libre\/#primaryimage"},"thumbnailUrl":"https:\/\/www.diario22.ar\/notix2\/wp-content\/uploads\/2026\/03\/Coleccion-Market-Exterior-de-HAY-disenada-por-Jasper-Morrison-aporta.com2Fimage2F20262F032F062Fhay-outdoor-market-by-jasper-morrison-shop-co.jpeg","datePublished":"2026-03-15T01:35:18+00:00","dateModified":"2026-03-15T01:35:19+00:00","breadcrumb":{"@id":"https:\/\/www.diario22.ar\/notix2\/coleccion-market-exterior-de-hay-disenada-por-jasper-morrison-aporta-una-estetica-alegre-al-aire-libre\/#breadcrumb"},"inLanguage":"es-AR","potentialAction":[{"@type":"ReadAction","target":["https:\/\/www.diario22.ar\/notix2\/coleccion-market-exterior-de-hay-disenada-por-jasper-morrison-aporta-una-estetica-alegre-al-aire-libre\/"]}]},{"@type":"ImageObject","inLanguage":"es-AR","@id":"https:\/\/www.diario22.ar\/notix2\/coleccion-market-exterior-de-hay-disenada-por-jasper-morrison-aporta-una-estetica-alegre-al-aire-libre\/#primaryimage","url":"https:\/\/www.diario22.ar\/notix2\/wp-content\/uploads\/2026\/03\/Coleccion-Market-Exterior-de-HAY-disenada-por-Jasper-Morrison-aporta.com2Fimage2F20262F032F062Fhay-outdoor-market-by-jasper-morrison-shop-co.jpeg","contentUrl":"https:\/\/www.diario22.ar\/notix2\/wp-content\/uploads\/2026\/03\/Coleccion-Market-Exterior-de-HAY-disenada-por-Jasper-Morrison-aporta.com2Fimage2F20262F032F062Fhay-outdoor-market-by-jasper-morrison-shop-co.jpeg","width":1000,"height":500},{"@type":"BreadcrumbList","@id":"https:\/\/www.diario22.ar\/notix2\/coleccion-market-exterior-de-hay-disenada-por-jasper-morrison-aporta-una-estetica-alegre-al-aire-libre\/#breadcrumb","itemListElement":[{"@type":"ListItem","position":1,"name":"Home","item":"https:\/\/www.diario22.ar\/notix2\/"},{"@type":"ListItem","position":2,"name":"Colecci\u00f3n Market Exterior de HAY, dise\u00f1ada por Jasper Morrison, aporta una est\u00e9tica alegre al aire libre"}]},{"@type":"WebSite","@id":"https:\/\/www.diario22.ar\/notix2\/#website","url":"https:\/\/www.diario22.ar\/notix2\/","name":"diario22.ar","description":"Vive hoy &amp; descubre lo que viene","publisher":{"@id":"https:\/\/www.diario22.ar\/notix2\/#organization"},"potentialAction":[{"@type":"SearchAction","target":{"@type":"EntryPoint","urlTemplate":"https:\/\/www.diario22.ar\/notix2\/?s={search_term_string}"},"query-input":{"@type":"PropertyValueSpecification","valueRequired":true,"valueName":"search_term_string"}}],"inLanguage":"es-AR"},{"@type":"Organization","@id":"https:\/\/www.diario22.ar\/notix2\/#organization","name":"diario22.ar","url":"https:\/\/www.diario22.ar\/notix2\/","logo":{"@type":"ImageObject","inLanguage":"es-AR","@id":"https:\/\/www.diario22.ar\/notix2\/#\/schema\/logo\/image\/","url":"https:\/\/www.diario22.ar\/notix2\/wp-content\/uploads\/2025\/10\/cropped-Publish-1.png","contentUrl":"https:\/\/www.diario22.ar\/notix2\/wp-content\/uploads\/2025\/10\/cropped-Publish-1.png","width":1560,"height":722,"caption":"diario22.ar"},"image":{"@id":"https:\/\/www.diario22.ar\/notix2\/#\/schema\/logo\/image\/"}},{"@type":"Person","@id":"https:\/\/www.diario22.ar\/notix2\/#\/schema\/person\/9266f03a2bd6dca79e788e180fb2deeb","name":"Camila Torres","image":{"@type":"ImageObject","inLanguage":"es-AR","@id":"https:\/\/www.diario22.ar\/notix2\/#\/schema\/person\/image\/","url":"https:\/\/www.diario22.ar\/notix2\/wp-content\/uploads\/2025\/10\/diario22.ar-3-150x150.png","contentUrl":"https:\/\/www.diario22.ar\/notix2\/wp-content\/uploads\/2025\/10\/diario22.ar-3-150x150.png","caption":"Camila Torres"},"description":"Soy periodista y redactora en Diario22.ar, apasionada por las historias que conectan la actualidad con la gente. Me form\u00e9 en comunicaci\u00f3n social en Buenos Aires y desde entonces busco darle voz a lo cotidiano, con una mirada curiosa y humana. Creo que el periodismo no solo informa: tambi\u00e9n inspira y transforma.","sameAs":["https:\/\/www.diario22.ar\/notix2"]}]}},"_links":{"self":[{"href":"https:\/\/www.diario22.ar\/notix2\/wp-json\/wp\/v2\/posts\/51501","targetHints":{"allow":["GET"]}}],"collection":[{"href":"https:\/\/www.diario22.ar\/notix2\/wp-json\/wp\/v2\/posts"}],"about":[{"href":"https:\/\/www.diario22.ar\/notix2\/wp-json\/wp\/v2\/types\/post"}],"author":[{"embeddable":true,"href":"https:\/\/www.diario22.ar\/notix2\/wp-json\/wp\/v2\/users\/1"}],"replies":[{"embeddable":true,"href":"https:\/\/www.diario22.ar\/notix2\/wp-json\/wp\/v2\/comments?post=51501"}],"version-history":[{"count":1,"href":"https:\/\/www.diario22.ar\/notix2\/wp-json\/wp\/v2\/posts\/51501\/revisions"}],"predecessor-version":[{"id":51503,"href":"https:\/\/www.diario22.ar\/notix2\/wp-json\/wp\/v2\/posts\/51501\/revisions\/51503"}],"wp:featuredmedia":[{"embeddable":true,"href":"https:\/\/www.diario22.ar\/notix2\/wp-json\/wp\/v2\/media\/51502"}],"wp:attachment":[{"href":"https:\/\/www.diario22.ar\/notix2\/wp-json\/wp\/v2\/media?parent=51501"}],"wp:term":[{"taxonomy":"category","embeddable":true,"href":"https:\/\/www.diario22.ar\/notix2\/wp-json\/wp\/v2\/categories?post=51501"},{"taxonomy":"post_tag","embeddable":true,"href":"https:\/\/www.diario22.ar\/notix2\/wp-json\/wp\/v2\/tags?post=51501"}],"curies":[{"name":"wp","href":"https:\/\/api.w.org\/{rel}","templated":true}]}}