{"id":51495,"date":"2026-03-13T20:35:16","date_gmt":"2026-03-13T23:35:16","guid":{"rendered":"https:\/\/www.diario22.ar\/notix2\/laboratorio-de-diseno-de-yamaha-presenta-conceptos-de-audio-escultoricos\/"},"modified":"2026-03-13T20:35:17","modified_gmt":"2026-03-13T23:35:17","slug":"laboratorio-de-diseno-de-yamaha-presenta-conceptos-de-audio-escultoricos","status":"publish","type":"post","link":"https:\/\/www.diario22.ar\/notix2\/laboratorio-de-diseno-de-yamaha-presenta-conceptos-de-audio-escultoricos\/","title":{"rendered":"Laboratorio de Dise\u00f1o de Yamaha presenta conceptos de audio escult\u00f3ricos"},"content":{"rendered":"<p>El Yamaha Design Laboratory ha presentado una serie de prototipos experimentales de altavoces que desaf\u00edan el marco tradicional del equipo de audio. Dise\u00f1ados para minimizar las reflexiones superficiales indeseadas, estos altavoces proyectan el sonido hacia arriba, utilizando una disposici\u00f3n \u00fanica de tweeters y woofers para crear una \u201ccalidez t\u00e9cnica\u201d y una experiencia auditiva envolvente. Al alejarse de los dise\u00f1os convencionales en forma de caja, Yamaha explora la intersecci\u00f3n entre la tecnolog\u00eda de alta fidelidad y el arte escult\u00f3rico, dando lugar a cuatro modelos distintos \u2014Sail, Butterfly, Horn y Crystal\u2014 que encarnan cada uno un concepto filos\u00f3fico espec\u00edfico.<\/p>\n<div>\n<div class=\"inner-container\">\n<div class=\"inner-content\">\n<div class=\"adunit-wrapper\">\n<div class=\"in-content-ad-outer\">\n<p><!-- Tag ID: HBENGLOB_ATF_INCONTENT --><\/p>\n<div class=\"adunit in-content lazy-load no-init\" data-freestar-ad=\"__300x250\" data-adunit=\"HBENGLOB_ATF_INCONTENT\" data-targeting='{\"HBSiteLoc\":[\"ros\",\"article\"],\"HBSiteCat\":[\"design\",\"yamaha\",\"speakers\",\"yamaha-design-laboratory\"],\"HBSitePage\":\"0\",\"HBSiteLang\":\"en\",\"country\":\"us\",\"region\":\"naam\",\"subRegion\":\"\",\"HBArticle\":6686954,\"HBBlacklist\":\"1\"}'><\/div>\n<\/p><\/div>\n<\/p><\/div>\n<\/p><\/div>\n<\/p><\/div>\n<\/div>\n<p>El modelo Butterfly, con la tem\u00e1tica de \u201cLiberaci\u00f3n\u201d, busca liberar al usuario de las posiciones de escucha fijas y de la est\u00e9tica r\u00edgida de los equipos de audio tradicionales. Su delicada estructura, similar a alas, permite que el sonido irradie con una sensaci\u00f3n de libertad et\u00e9rea. En contraste, el modelo Sail se centra en el concepto de \u201cExperimentaci\u00f3n\u201d, presentando un mecanismo t\u00e1ctil en el que el diafragma est\u00e1 suspendido por cuerdas. Este dise\u00f1o interactivo permite a los usuarios manipular f\u00edsicamente la \u201cvela\u201d con un controlador, ajustando manualmente el perfil sonoro y la tensi\u00f3n, tal como un marinero recorta la vela para captar el viento.\n<\/p>\n<p>La colecci\u00f3n se completa con los modelos Crystal y Horn, que se enfocan en la geometr\u00eda y la f\u00edsica del sonido. El modelo Horn explora \u201cel camino del sonido\u201d utilizando una forma de instrumento de viento que permanece abierta por un costado. Este dise\u00f1o genera una sensaci\u00f3n de misterio ac\u00fastico, sorprendiendo intencionalmente al oyente al ocultar el origen exacto del audio, manteniendo al mismo tiempo una salida clara y resonante. <\/p>\n<p>El modelo Crystal, que representa la \u201cCristalizaci\u00f3n\u201d, emplea una manipulaci\u00f3n m\u00ednima de formas geom\u00e9tricas simples para crear figuras emotivas, como un \u201cp\u00e1jaro en una roca\u201d, demostrando que el audio de alto rendimiento puede existir dentro de vol\u00famenes po\u00e9ticos y minimalistas.\n<\/p>\n<p><center><\/p>\n<blockquote class=\"instagram-media bypass\" style=\"background: #FFF; border: 0; border-radius: 3px; box-shadow: 0 0 1px 0 rgba(0,0,0,0.5),0 1px 10px 0 rgba(0,0,0,0.15); margin: 1px; max-width: 540px; min-width: 326px; padding: 0; width: calc(100% - 2px);\" data-instgrm-captioned=\"\" data-instgrm-permalink=\"https:\/\/www.instagram.com\/p\/DT11MnIEq7Z\/?utm_source=ig_embed&amp;utm_campaign=loading\" data-instgrm-version=\"14\">\n<div style=\"padding: 16px;\">\n<p>\u00a0<\/p>\n<div style=\"display: flex; flex-direction: row; align-items: center;\">\n<div style=\"background-color: #f4f4f4; border-radius: 50%; flex-grow: 0; height: 40px; margin-right: 14px; width: 40px;\"><\/div>\n<div style=\"display: flex; flex-direction: column; flex-grow: 1; justify-content: center;\">\n<div style=\"background-color: #f4f4f4; border-radius: 4px; flex-grow: 0; height: 14px; margin-bottom: 6px; width: 100px;\"><\/div>\n<div style=\"background-color: #f4f4f4; border-radius: 4px; flex-grow: 0; height: 14px; width: 60px;\"><\/div>\n<\/div>\n<\/div>\n<div style=\"padding: 19% 0;\"><\/div>\n<div style=\"display: block; height: 50px; margin: 0 auto 12px; width: 50px;\"><\/div>\n<div style=\"padding-top: 8px;\">\n<div style=\"color: #3897f0; font-family: Arial,sans-serif; font-size: 14px; font-style: normal; font-weight: 550; line-height: 18px;\">Ver esta publicaci\u00f3n en Instagram<\/div>\n<\/div>\n<div style=\"padding: 12.5% 0;\"><\/div>\n<div style=\"display: flex; flex-direction: row; margin-bottom: 14px; align-items: center;\">\n<div>\n<div style=\"background-color: #f4f4f4; border-radius: 50%; height: 12.5px; width: 12.5px; transform: translateX(0px) translateY(7px);\"><\/div>\n<div style=\"background-color: #f4f4f4; height: 12.5px; transform: rotate(-45deg) translateX(3px) translateY(1px); width: 12.5px; flex-grow: 0; margin-right: 14px; margin-left: 2px;\"><\/div>\n<div style=\"background-color: #f4f4f4; border-radius: 50%; height: 12.5px; width: 12.5px; transform: translateX(9px) translateY(-18px);\"><\/div>\n<\/div>\n<div style=\"margin-left: 8px;\">\n<div style=\"background-color: #f4f4f4; border-radius: 50%; flex-grow: 0; height: 20px; width: 20px;\"><\/div>\n<div style=\"width: 0; height: 0; border-top: 2px solid transparent; border-left: 6px solid #f4f4f4; border-bottom: 2px solid transparent; transform: translateX(16px) translateY(-4px) rotate(30deg);\"><\/div>\n<\/div>\n<div style=\"margin-left: auto;\">\n<div style=\"width: 0; border-top: 8px solid #F4F4F4; border-right: 8px solid transparent; transform: translateY(16px);\"><\/div>\n<div style=\"background-color: #f4f4f4; flex-grow: 0; height: 12px; width: 16px; transform: translateY(-4px);\"><\/div>\n<div style=\"width: 0; height: 0; border-top: 8px solid #F4F4F4; border-left: 8px solid transparent; transform: translateY(-4px) translateX(8px);\"><\/div>\n<\/div>\n<\/div>\n<div style=\"display: flex; flex-direction: column; flex-grow: 1; justify-content: center; margin-bottom: 24px;\">\n<div style=\"background-color: #f4f4f4; border-radius: 4px; flex-grow: 0; height: 14px; margin-bottom: 6px; width: 224px;\"><\/div>\n<div style=\"background-color: #f4f4f4; border-radius: 4px; flex-grow: 0; height: 14px; width: 144px;\"><\/div>\n<\/div>\n<p>\u00a0<\/p>\n<p style=\"color: #c9c8cd; font-family: Arial,sans-serif; font-size: 14px; line-height: 17px; margin-bottom: 0; margin-top: 8px; overflow: hidden; padding: 8px 0 7px; text-align: center; text-overflow: ellipsis; white \n\n","protected":false},"excerpt":{"rendered":"<p>El Yamaha Design Laboratory ha presentado una serie de prototipos experimentales de altavoces que desaf\u00edan el marco tradicional del equipo<\/p>\n","protected":false},"author":1,"featured_media":51496,"comment_status":"open","ping_status":"open","sticky":false,"template":"","format":"standard","meta":{"footnotes":""},"categories":[10],"tags":[2608,2607,232,2609,2605,123,2606],"class_list":["post-51495","post","type-post","status-publish","format-standard","has-post-thumbnail","hentry","category-tendencias","tag-audio","tag-conceptos","tag-diseno","tag-escultoricos","tag-laboratorio","tag-presenta","tag-yamaha","generate-columns","tablet-grid-50","mobile-grid-100","grid-parent","grid-50"],"yoast_head":"<!-- This site is optimized with the Yoast SEO plugin v26.1.1 - https:\/\/yoast.com\/wordpress\/plugins\/seo\/ -->\n<title>Laboratorio de Dise\u00f1o de Yamaha presenta conceptos de audio escult\u00f3ricos - diario22.ar<\/title>\n<meta name=\"robots\" content=\"index, follow, max-snippet:-1, max-image-preview:large, max-video-preview:-1\" \/>\n<link rel=\"canonical\" href=\"https:\/\/www.diario22.ar\/notix2\/laboratorio-de-diseno-de-yamaha-presenta-conceptos-de-audio-escultoricos\/\" \/>\n<meta property=\"og:locale\" content=\"es_ES\" \/>\n<meta property=\"og:type\" content=\"article\" \/>\n<meta property=\"og:title\" content=\"Laboratorio de Dise\u00f1o de Yamaha presenta conceptos de audio escult\u00f3ricos - diario22.ar\" \/>\n<meta property=\"og:description\" content=\"El Yamaha Design Laboratory ha presentado una serie de prototipos experimentales de altavoces que desaf\u00edan el marco tradicional del equipo\" \/>\n<meta property=\"og:url\" content=\"https:\/\/www.diario22.ar\/notix2\/laboratorio-de-diseno-de-yamaha-presenta-conceptos-de-audio-escultoricos\/\" \/>\n<meta property=\"og:site_name\" content=\"diario22.ar\" \/>\n<meta property=\"article:published_time\" content=\"2026-03-13T23:35:16+00:00\" \/>\n<meta property=\"article:modified_time\" content=\"2026-03-13T23:35:17+00:00\" \/>\n<meta property=\"og:image\" content=\"https:\/\/www.diario22.ar\/notix2\/wp-content\/uploads\/2026\/03\/Laboratorio-de-Diseno-de-Yamaha-presenta-conceptos-de-audio-escultoricos.com2Fimage2F20262F032F102Ftwyamaha-design-laboratory-butterfly-crystal.jpeg\" \/>\n\t<meta property=\"og:image:width\" content=\"1000\" \/>\n\t<meta property=\"og:image:height\" content=\"500\" \/>\n\t<meta property=\"og:image:type\" content=\"image\/jpeg\" \/>\n<meta name=\"author\" content=\"Camila Torres\" \/>\n<meta name=\"twitter:card\" content=\"summary_large_image\" \/>\n<meta name=\"twitter:label1\" content=\"Escrito por\" \/>\n\t<meta name=\"twitter:data1\" content=\"Camila Torres\" \/>\n\t<meta name=\"twitter:label2\" content=\"Tiempo de lectura\" \/>\n\t<meta name=\"twitter:data2\" content=\"2 minutos\" \/>\n<script type=\"application\/ld+json\" class=\"yoast-schema-graph\">{\"@context\":\"https:\/\/schema.org\",\"@graph\":[{\"@type\":\"Article\",\"@id\":\"https:\/\/www.diario22.ar\/notix2\/laboratorio-de-diseno-de-yamaha-presenta-conceptos-de-audio-escultoricos\/#article\",\"isPartOf\":{\"@id\":\"https:\/\/www.diario22.ar\/notix2\/laboratorio-de-diseno-de-yamaha-presenta-conceptos-de-audio-escultoricos\/\"},\"author\":{\"name\":\"Camila Torres\",\"@id\":\"https:\/\/www.diario22.ar\/notix2\/#\/schema\/person\/9266f03a2bd6dca79e788e180fb2deeb\"},\"headline\":\"Laboratorio de Dise\u00f1o de Yamaha presenta conceptos de audio escult\u00f3ricos\",\"datePublished\":\"2026-03-13T23:35:16+00:00\",\"dateModified\":\"2026-03-13T23:35:17+00:00\",\"mainEntityOfPage\":{\"@id\":\"https:\/\/www.diario22.ar\/notix2\/laboratorio-de-diseno-de-yamaha-presenta-conceptos-de-audio-escultoricos\/\"},\"wordCount\":363,\"commentCount\":0,\"publisher\":{\"@id\":\"https:\/\/www.diario22.ar\/notix2\/#organization\"},\"image\":{\"@id\":\"https:\/\/www.diario22.ar\/notix2\/laboratorio-de-diseno-de-yamaha-presenta-conceptos-de-audio-escultoricos\/#primaryimage\"},\"thumbnailUrl\":\"https:\/\/www.diario22.ar\/notix2\/wp-content\/uploads\/2026\/03\/Laboratorio-de-Diseno-de-Yamaha-presenta-conceptos-de-audio-escultoricos.com2Fimage2F20262F032F102Ftwyamaha-design-laboratory-butterfly-crystal.jpeg\",\"keywords\":[\"audio\",\"conceptos\",\"dise\u00f1o\",\"escult\u00f3ricos\",\"Laboratorio\",\"Presenta\",\"Yamaha\"],\"articleSection\":[\"Tendencias\"],\"inLanguage\":\"es-AR\",\"potentialAction\":[{\"@type\":\"CommentAction\",\"name\":\"Comment\",\"target\":[\"https:\/\/www.diario22.ar\/notix2\/laboratorio-de-diseno-de-yamaha-presenta-conceptos-de-audio-escultoricos\/#respond\"]}]},{\"@type\":\"WebPage\",\"@id\":\"https:\/\/www.diario22.ar\/notix2\/laboratorio-de-diseno-de-yamaha-presenta-conceptos-de-audio-escultoricos\/\",\"url\":\"https:\/\/www.diario22.ar\/notix2\/laboratorio-de-diseno-de-yamaha-presenta-conceptos-de-audio-escultoricos\/\",\"name\":\"Laboratorio de Dise\u00f1o de Yamaha presenta conceptos de audio escult\u00f3ricos - diario22.ar\",\"isPartOf\":{\"@id\":\"https:\/\/www.diario22.ar\/notix2\/#website\"},\"primaryImageOfPage\":{\"@id\":\"https:\/\/www.diario22.ar\/notix2\/laboratorio-de-diseno-de-yamaha-presenta-conceptos-de-audio-escultoricos\/#primaryimage\"},\"image\":{\"@id\":\"https:\/\/www.diario22.ar\/notix2\/laboratorio-de-diseno-de-yamaha-presenta-conceptos-de-audio-escultoricos\/#primaryimage\"},\"thumbnailUrl\":\"https:\/\/www.diario22.ar\/notix2\/wp-content\/uploads\/2026\/03\/Laboratorio-de-Diseno-de-Yamaha-presenta-conceptos-de-audio-escultoricos.com2Fimage2F20262F032F102Ftwyamaha-design-laboratory-butterfly-crystal.jpeg\",\"datePublished\":\"2026-03-13T23:35:16+00:00\",\"dateModified\":\"2026-03-13T23:35:17+00:00\",\"breadcrumb\":{\"@id\":\"https:\/\/www.diario22.ar\/notix2\/laboratorio-de-diseno-de-yamaha-presenta-conceptos-de-audio-escultoricos\/#breadcrumb\"},\"inLanguage\":\"es-AR\",\"potentialAction\":[{\"@type\":\"ReadAction\",\"target\":[\"https:\/\/www.diario22.ar\/notix2\/laboratorio-de-diseno-de-yamaha-presenta-conceptos-de-audio-escultoricos\/\"]}]},{\"@type\":\"ImageObject\",\"inLanguage\":\"es-AR\",\"@id\":\"https:\/\/www.diario22.ar\/notix2\/laboratorio-de-diseno-de-yamaha-presenta-conceptos-de-audio-escultoricos\/#primaryimage\",\"url\":\"https:\/\/www.diario22.ar\/notix2\/wp-content\/uploads\/2026\/03\/Laboratorio-de-Diseno-de-Yamaha-presenta-conceptos-de-audio-escultoricos.com2Fimage2F20262F032F102Ftwyamaha-design-laboratory-butterfly-crystal.jpeg\",\"contentUrl\":\"https:\/\/www.diario22.ar\/notix2\/wp-content\/uploads\/2026\/03\/Laboratorio-de-Diseno-de-Yamaha-presenta-conceptos-de-audio-escultoricos.com2Fimage2F20262F032F102Ftwyamaha-design-laboratory-butterfly-crystal.jpeg\",\"width\":1000,\"height\":500},{\"@type\":\"BreadcrumbList\",\"@id\":\"https:\/\/www.diario22.ar\/notix2\/laboratorio-de-diseno-de-yamaha-presenta-conceptos-de-audio-escultoricos\/#breadcrumb\",\"itemListElement\":[{\"@type\":\"ListItem\",\"position\":1,\"name\":\"Home\",\"item\":\"https:\/\/www.diario22.ar\/notix2\/\"},{\"@type\":\"ListItem\",\"position\":2,\"name\":\"Laboratorio de Dise\u00f1o de Yamaha presenta conceptos de audio escult\u00f3ricos\"}]},{\"@type\":\"WebSite\",\"@id\":\"https:\/\/www.diario22.ar\/notix2\/#website\",\"url\":\"https:\/\/www.diario22.ar\/notix2\/\",\"name\":\"diario22.ar\",\"description\":\"Vive hoy &amp; descubre lo que viene\",\"publisher\":{\"@id\":\"https:\/\/www.diario22.ar\/notix2\/#organization\"},\"potentialAction\":[{\"@type\":\"SearchAction\",\"target\":{\"@type\":\"EntryPoint\",\"urlTemplate\":\"https:\/\/www.diario22.ar\/notix2\/?s={search_term_string}\"},\"query-input\":{\"@type\":\"PropertyValueSpecification\",\"valueRequired\":true,\"valueName\":\"search_term_string\"}}],\"inLanguage\":\"es-AR\"},{\"@type\":\"Organization\",\"@id\":\"https:\/\/www.diario22.ar\/notix2\/#organization\",\"name\":\"diario22.ar\",\"url\":\"https:\/\/www.diario22.ar\/notix2\/\",\"logo\":{\"@type\":\"ImageObject\",\"inLanguage\":\"es-AR\",\"@id\":\"https:\/\/www.diario22.ar\/notix2\/#\/schema\/logo\/image\/\",\"url\":\"https:\/\/www.diario22.ar\/notix2\/wp-content\/uploads\/2025\/10\/cropped-Publish-1.png\",\"contentUrl\":\"https:\/\/www.diario22.ar\/notix2\/wp-content\/uploads\/2025\/10\/cropped-Publish-1.png\",\"width\":1560,\"height\":722,\"caption\":\"diario22.ar\"},\"image\":{\"@id\":\"https:\/\/www.diario22.ar\/notix2\/#\/schema\/logo\/image\/\"}},{\"@type\":\"Person\",\"@id\":\"https:\/\/www.diario22.ar\/notix2\/#\/schema\/person\/9266f03a2bd6dca79e788e180fb2deeb\",\"name\":\"Camila Torres\",\"image\":{\"@type\":\"ImageObject\",\"inLanguage\":\"es-AR\",\"@id\":\"https:\/\/www.diario22.ar\/notix2\/#\/schema\/person\/image\/\",\"url\":\"https:\/\/www.diario22.ar\/notix2\/wp-content\/uploads\/2025\/10\/diario22.ar-3-150x150.png\",\"contentUrl\":\"https:\/\/www.diario22.ar\/notix2\/wp-content\/uploads\/2025\/10\/diario22.ar-3-150x150.png\",\"caption\":\"Camila Torres\"},\"description\":\"Soy periodista y redactora en Diario22.ar, apasionada por las historias que conectan la actualidad con la gente. Me form\u00e9 en comunicaci\u00f3n social en Buenos Aires y desde entonces busco darle voz a lo cotidiano, con una mirada curiosa y humana. Creo que el periodismo no solo informa: tambi\u00e9n inspira y transforma.\",\"sameAs\":[\"https:\/\/www.diario22.ar\/notix2\"]}]}<\/script>\n<!-- \/ Yoast SEO plugin. -->","yoast_head_json":{"title":"Laboratorio de Dise\u00f1o de Yamaha presenta conceptos de audio escult\u00f3ricos - diario22.ar","robots":{"index":"index","follow":"follow","max-snippet":"max-snippet:-1","max-image-preview":"max-image-preview:large","max-video-preview":"max-video-preview:-1"},"canonical":"https:\/\/www.diario22.ar\/notix2\/laboratorio-de-diseno-de-yamaha-presenta-conceptos-de-audio-escultoricos\/","og_locale":"es_ES","og_type":"article","og_title":"Laboratorio de Dise\u00f1o de Yamaha presenta conceptos de audio escult\u00f3ricos - diario22.ar","og_description":"El Yamaha Design Laboratory ha presentado una serie de prototipos experimentales de altavoces que desaf\u00edan el marco tradicional del equipo","og_url":"https:\/\/www.diario22.ar\/notix2\/laboratorio-de-diseno-de-yamaha-presenta-conceptos-de-audio-escultoricos\/","og_site_name":"diario22.ar","article_published_time":"2026-03-13T23:35:16+00:00","article_modified_time":"2026-03-13T23:35:17+00:00","og_image":[{"width":1000,"height":500,"url":"https:\/\/www.diario22.ar\/notix2\/wp-content\/uploads\/2026\/03\/Laboratorio-de-Diseno-de-Yamaha-presenta-conceptos-de-audio-escultoricos.com2Fimage2F20262F032F102Ftwyamaha-design-laboratory-butterfly-crystal.jpeg","type":"image\/jpeg"}],"author":"Camila Torres","twitter_card":"summary_large_image","twitter_misc":{"Escrito por":"Camila Torres","Tiempo de lectura":"2 minutos"},"schema":{"@context":"https:\/\/schema.org","@graph":[{"@type":"Article","@id":"https:\/\/www.diario22.ar\/notix2\/laboratorio-de-diseno-de-yamaha-presenta-conceptos-de-audio-escultoricos\/#article","isPartOf":{"@id":"https:\/\/www.diario22.ar\/notix2\/laboratorio-de-diseno-de-yamaha-presenta-conceptos-de-audio-escultoricos\/"},"author":{"name":"Camila Torres","@id":"https:\/\/www.diario22.ar\/notix2\/#\/schema\/person\/9266f03a2bd6dca79e788e180fb2deeb"},"headline":"Laboratorio de Dise\u00f1o de Yamaha presenta conceptos de audio escult\u00f3ricos","datePublished":"2026-03-13T23:35:16+00:00","dateModified":"2026-03-13T23:35:17+00:00","mainEntityOfPage":{"@id":"https:\/\/www.diario22.ar\/notix2\/laboratorio-de-diseno-de-yamaha-presenta-conceptos-de-audio-escultoricos\/"},"wordCount":363,"commentCount":0,"publisher":{"@id":"https:\/\/www.diario22.ar\/notix2\/#organization"},"image":{"@id":"https:\/\/www.diario22.ar\/notix2\/laboratorio-de-diseno-de-yamaha-presenta-conceptos-de-audio-escultoricos\/#primaryimage"},"thumbnailUrl":"https:\/\/www.diario22.ar\/notix2\/wp-content\/uploads\/2026\/03\/Laboratorio-de-Diseno-de-Yamaha-presenta-conceptos-de-audio-escultoricos.com2Fimage2F20262F032F102Ftwyamaha-design-laboratory-butterfly-crystal.jpeg","keywords":["audio","conceptos","dise\u00f1o","escult\u00f3ricos","Laboratorio","Presenta","Yamaha"],"articleSection":["Tendencias"],"inLanguage":"es-AR","potentialAction":[{"@type":"CommentAction","name":"Comment","target":["https:\/\/www.diario22.ar\/notix2\/laboratorio-de-diseno-de-yamaha-presenta-conceptos-de-audio-escultoricos\/#respond"]}]},{"@type":"WebPage","@id":"https:\/\/www.diario22.ar\/notix2\/laboratorio-de-diseno-de-yamaha-presenta-conceptos-de-audio-escultoricos\/","url":"https:\/\/www.diario22.ar\/notix2\/laboratorio-de-diseno-de-yamaha-presenta-conceptos-de-audio-escultoricos\/","name":"Laboratorio de Dise\u00f1o de Yamaha presenta conceptos de audio escult\u00f3ricos - diario22.ar","isPartOf":{"@id":"https:\/\/www.diario22.ar\/notix2\/#website"},"primaryImageOfPage":{"@id":"https:\/\/www.diario22.ar\/notix2\/laboratorio-de-diseno-de-yamaha-presenta-conceptos-de-audio-escultoricos\/#primaryimage"},"image":{"@id":"https:\/\/www.diario22.ar\/notix2\/laboratorio-de-diseno-de-yamaha-presenta-conceptos-de-audio-escultoricos\/#primaryimage"},"thumbnailUrl":"https:\/\/www.diario22.ar\/notix2\/wp-content\/uploads\/2026\/03\/Laboratorio-de-Diseno-de-Yamaha-presenta-conceptos-de-audio-escultoricos.com2Fimage2F20262F032F102Ftwyamaha-design-laboratory-butterfly-crystal.jpeg","datePublished":"2026-03-13T23:35:16+00:00","dateModified":"2026-03-13T23:35:17+00:00","breadcrumb":{"@id":"https:\/\/www.diario22.ar\/notix2\/laboratorio-de-diseno-de-yamaha-presenta-conceptos-de-audio-escultoricos\/#breadcrumb"},"inLanguage":"es-AR","potentialAction":[{"@type":"ReadAction","target":["https:\/\/www.diario22.ar\/notix2\/laboratorio-de-diseno-de-yamaha-presenta-conceptos-de-audio-escultoricos\/"]}]},{"@type":"ImageObject","inLanguage":"es-AR","@id":"https:\/\/www.diario22.ar\/notix2\/laboratorio-de-diseno-de-yamaha-presenta-conceptos-de-audio-escultoricos\/#primaryimage","url":"https:\/\/www.diario22.ar\/notix2\/wp-content\/uploads\/2026\/03\/Laboratorio-de-Diseno-de-Yamaha-presenta-conceptos-de-audio-escultoricos.com2Fimage2F20262F032F102Ftwyamaha-design-laboratory-butterfly-crystal.jpeg","contentUrl":"https:\/\/www.diario22.ar\/notix2\/wp-content\/uploads\/2026\/03\/Laboratorio-de-Diseno-de-Yamaha-presenta-conceptos-de-audio-escultoricos.com2Fimage2F20262F032F102Ftwyamaha-design-laboratory-butterfly-crystal.jpeg","width":1000,"height":500},{"@type":"BreadcrumbList","@id":"https:\/\/www.diario22.ar\/notix2\/laboratorio-de-diseno-de-yamaha-presenta-conceptos-de-audio-escultoricos\/#breadcrumb","itemListElement":[{"@type":"ListItem","position":1,"name":"Home","item":"https:\/\/www.diario22.ar\/notix2\/"},{"@type":"ListItem","position":2,"name":"Laboratorio de Dise\u00f1o de Yamaha presenta conceptos de audio escult\u00f3ricos"}]},{"@type":"WebSite","@id":"https:\/\/www.diario22.ar\/notix2\/#website","url":"https:\/\/www.diario22.ar\/notix2\/","name":"diario22.ar","description":"Vive hoy &amp; descubre lo que viene","publisher":{"@id":"https:\/\/www.diario22.ar\/notix2\/#organization"},"potentialAction":[{"@type":"SearchAction","target":{"@type":"EntryPoint","urlTemplate":"https:\/\/www.diario22.ar\/notix2\/?s={search_term_string}"},"query-input":{"@type":"PropertyValueSpecification","valueRequired":true,"valueName":"search_term_string"}}],"inLanguage":"es-AR"},{"@type":"Organization","@id":"https:\/\/www.diario22.ar\/notix2\/#organization","name":"diario22.ar","url":"https:\/\/www.diario22.ar\/notix2\/","logo":{"@type":"ImageObject","inLanguage":"es-AR","@id":"https:\/\/www.diario22.ar\/notix2\/#\/schema\/logo\/image\/","url":"https:\/\/www.diario22.ar\/notix2\/wp-content\/uploads\/2025\/10\/cropped-Publish-1.png","contentUrl":"https:\/\/www.diario22.ar\/notix2\/wp-content\/uploads\/2025\/10\/cropped-Publish-1.png","width":1560,"height":722,"caption":"diario22.ar"},"image":{"@id":"https:\/\/www.diario22.ar\/notix2\/#\/schema\/logo\/image\/"}},{"@type":"Person","@id":"https:\/\/www.diario22.ar\/notix2\/#\/schema\/person\/9266f03a2bd6dca79e788e180fb2deeb","name":"Camila Torres","image":{"@type":"ImageObject","inLanguage":"es-AR","@id":"https:\/\/www.diario22.ar\/notix2\/#\/schema\/person\/image\/","url":"https:\/\/www.diario22.ar\/notix2\/wp-content\/uploads\/2025\/10\/diario22.ar-3-150x150.png","contentUrl":"https:\/\/www.diario22.ar\/notix2\/wp-content\/uploads\/2025\/10\/diario22.ar-3-150x150.png","caption":"Camila Torres"},"description":"Soy periodista y redactora en Diario22.ar, apasionada por las historias que conectan la actualidad con la gente. Me form\u00e9 en comunicaci\u00f3n social en Buenos Aires y desde entonces busco darle voz a lo cotidiano, con una mirada curiosa y humana. Creo que el periodismo no solo informa: tambi\u00e9n inspira y transforma.","sameAs":["https:\/\/www.diario22.ar\/notix2"]}]}},"_links":{"self":[{"href":"https:\/\/www.diario22.ar\/notix2\/wp-json\/wp\/v2\/posts\/51495","targetHints":{"allow":["GET"]}}],"collection":[{"href":"https:\/\/www.diario22.ar\/notix2\/wp-json\/wp\/v2\/posts"}],"about":[{"href":"https:\/\/www.diario22.ar\/notix2\/wp-json\/wp\/v2\/types\/post"}],"author":[{"embeddable":true,"href":"https:\/\/www.diario22.ar\/notix2\/wp-json\/wp\/v2\/users\/1"}],"replies":[{"embeddable":true,"href":"https:\/\/www.diario22.ar\/notix2\/wp-json\/wp\/v2\/comments?post=51495"}],"version-history":[{"count":1,"href":"https:\/\/www.diario22.ar\/notix2\/wp-json\/wp\/v2\/posts\/51495\/revisions"}],"predecessor-version":[{"id":51497,"href":"https:\/\/www.diario22.ar\/notix2\/wp-json\/wp\/v2\/posts\/51495\/revisions\/51497"}],"wp:featuredmedia":[{"embeddable":true,"href":"https:\/\/www.diario22.ar\/notix2\/wp-json\/wp\/v2\/media\/51496"}],"wp:attachment":[{"href":"https:\/\/www.diario22.ar\/notix2\/wp-json\/wp\/v2\/media?parent=51495"}],"wp:term":[{"taxonomy":"category","embeddable":true,"href":"https:\/\/www.diario22.ar\/notix2\/wp-json\/wp\/v2\/categories?post=51495"},{"taxonomy":"post_tag","embeddable":true,"href":"https:\/\/www.diario22.ar\/notix2\/wp-json\/wp\/v2\/tags?post=51495"}],"curies":[{"name":"wp","href":"https:\/\/api.w.org\/{rel}","templated":true}]}}