{"id":51489,"date":"2026-03-12T09:34:51","date_gmt":"2026-03-12T12:34:51","guid":{"rendered":"https:\/\/www.diario22.ar\/notix2\/lana-del-rey-regresa-con-su-cancion-favorita-de-stove\/"},"modified":"2026-03-12T09:34:52","modified_gmt":"2026-03-12T12:34:52","slug":"lana-del-rey-regresa-con-su-cancion-favorita-de-stove","status":"publish","type":"post","link":"https:\/\/www.diario22.ar\/notix2\/lana-del-rey-regresa-con-su-cancion-favorita-de-stove\/","title":{"rendered":"Lana Del Rey regresa con su canci\u00f3n favorita de Stove"},"content":{"rendered":"<p>La nueva era de Lana Del Rey podr\u00eda estar a punto de comenzar\u2026<\/p>\n<p>El sencillo principal de su tan esperada nueva etapa en estudio, <em>Stove<\/em>, ya ha visto la luz. Titulado \u201cWhite Feather Hawk Tail Deer Hunter\u201d, la pista es un verdadero asunto familiar, escrita por la propia Del Rey, por supuesto, junto a su hermana Chuck Grant, su cu\u00f1ado Jason Pickens y su esposo Jeremy Dufrene. Dufrene es un tema de gran conversaci\u00f3n en este corte de cuatro minutos, que adem\u00e1s cuenta con contribuciones de producci\u00f3n de Jack Antonoff, cuerdas de Drew Erickson y mezclas adicionales de Dean Reid y Laura Sisk.<\/p>\n<div>\n<div class=\"inner-container\">\n<div class=\"inner-content\">\n<div class=\"adunit-wrapper\">\n<div class=\"in-content-ad-outer\">\n<p><!-- Tag ID: HBENGLOB_ATF_INCONTENT --><\/p>\n<div class=\"adunit in-content lazy-load no-init\" data-freestar-ad=\"__300x250\" data-adunit=\"HBENGLOB_ATF_INCONTENT\" data-targeting='{\"HBSiteLoc\":[\"ros\",\"article\"],\"HBSiteCat\":[\"music\",\"lana-del-rey\"],\"HBSitePage\":\"0\",\"HBSiteLang\":\"en\",\"country\":\"us\",\"region\":\"naam\",\"subRegion\":\"\",\"HBArticle\":6675031,\"HBBlacklist\":\"1\"}'><\/div>\n<\/p><\/div>\n<\/p><\/div>\n<\/p><\/div>\n<\/p><\/div>\n<\/div>\n<p><em>Stove,<\/em> al principio, se iba a percibir como un giro s\u00f3nico para Del Rey, marcando una incursi\u00f3n hacia una composici\u00f3n m\u00e1s country. Sin embargo, \u201cWhite Feather Hawk Tail Deer Hunter\u201d no es nada de country twang; al contrario, se deleita en un capricho psicod\u00e9lico y orquestal. Es m\u00e1s bien una reflexi\u00f3n m\u00e1gica sobre su vida ya casada, fortalecida por arreglos instrumentales m\u00ednimos y una l\u00edrica susurrada.<\/p>\n<p>Para retroceder, la cantautora ha ido presentando de forma suave su d\u00e9cimo \u00e1lbum de estudio en un par de ocasiones hasta ahora. En un principio, la continuaci\u00f3n de <em>Did you know that there\u2019s a tunnel under Ocean Blvd<\/em> llevaba por t\u00edtulo Lasso y estaba prevista para su lanzamiento en septiembre de 2024. Como es de esperar, la fecha de septiembre pas\u00f3 y fue reprogramada para mayo de 2025, con un nuevo t\u00edtulo <em>The Right Person Will Stay<\/em>. Una vez m\u00e1s, la fecha de lanzamiento prevista qued\u00f3 en el pasado, el LP volvi\u00f3 a ostentar un nuevo nombre de <em>Stove<\/em> y ahora carece de una fecha de estreno confirmada.<\/p>\n<p>\u201cYa s\u00e9, te est\u00e1s preguntando por el disco, pero, para ser sincera, ser\u00e1 pronto, porque el vinilo tarda tres meses, as\u00ed que tienes tres meses m\u00e1s dos semanas\u2026 podr\u00eda ser aproximadamente eso o un poco menos. Pero, aparte de eso, realmente quiero que se enfoquen en este sencillo,\u201d escribi\u00f3 en su historia de Instagram ayer. En otra publicaci\u00f3n, se refiri\u00f3 a \u201cWhite Feather Hawk Tail Deer Hunter\u201d como su \u201ccanci\u00f3n favorita\u201d extra\u00edda del \u00e1lbum.<\/p>\n<p>Escuchen \u201cWhite Feather Hawk Tail Deer Hunter\u201d en todas las plataformas; permanezcan atentos a m\u00e1s informaci\u00f3n sobre <em>Stove<\/em> \u2014si es que ese sigue siendo el nombre del proyecto, eso es\u2026<br \/>\n<iframe style=\"border-radius: 12px;\" src=\"https:\/\/open.spotify.com\/embed\/album\/5Li8k3H3b4BC7CLlq5jVfQ?utm_source=generator\" width=\"100%\" height=\"352\" frameborder=\"0\" allowfullscreen=\"allowfullscreen\" data-testid=\"embed-iframe\"><\/iframe>\n<\/p>\n<p><iframe style=\"width: 100%; max-width: 660px; overflow: hidden; border-radius: 10px;\" src=\"https:\/\/embed.music.apple.com\/us\/album\/white-feather-hawk-tail-deer-hunter-single\/1877234145\" height=\"450\" frameborder=\"0\" sandbox=\"allow-forms allow-popups allow-same-origin allow-scripts allow-storage-access-by-user-activation allow-top-navigation-by-user-activation\"><\/iframe><\/p>\n","protected":false},"excerpt":{"rendered":"<p>La nueva era de Lana Del Rey podr\u00eda estar a punto de comenzar\u2026 El sencillo principal de su tan esperada<\/p>\n","protected":false},"author":1,"featured_media":51490,"comment_status":"open","ping_status":"open","sticky":false,"template":"","format":"standard","meta":{"footnotes":""},"categories":[5],"tags":[48,49,144,2601,2599,644,2600,2602],"class_list":["post-51489","post","type-post","status-publish","format-standard","has-post-thumbnail","hentry","category-musica","tag-cancion","tag-con","tag-del","tag-favorita","tag-lana","tag-regresa","tag-rey","tag-stove","generate-columns","tablet-grid-50","mobile-grid-100","grid-parent","grid-50"],"yoast_head":"<!-- This site is optimized with the Yoast SEO plugin v26.1.1 - https:\/\/yoast.com\/wordpress\/plugins\/seo\/ -->\n<title>Lana Del Rey regresa con su canci\u00f3n favorita de Stove - diario22.ar<\/title>\n<meta name=\"robots\" content=\"index, follow, max-snippet:-1, max-image-preview:large, max-video-preview:-1\" \/>\n<link rel=\"canonical\" href=\"https:\/\/www.diario22.ar\/notix2\/lana-del-rey-regresa-con-su-cancion-favorita-de-stove\/\" \/>\n<meta property=\"og:locale\" content=\"es_ES\" \/>\n<meta property=\"og:type\" content=\"article\" \/>\n<meta property=\"og:title\" content=\"Lana Del Rey regresa con su canci\u00f3n favorita de Stove - diario22.ar\" \/>\n<meta property=\"og:description\" content=\"La nueva era de Lana Del Rey podr\u00eda estar a punto de comenzar\u2026 El sencillo principal de su tan esperada\" \/>\n<meta property=\"og:url\" content=\"https:\/\/www.diario22.ar\/notix2\/lana-del-rey-regresa-con-su-cancion-favorita-de-stove\/\" \/>\n<meta property=\"og:site_name\" content=\"diario22.ar\" \/>\n<meta property=\"article:published_time\" content=\"2026-03-12T12:34:51+00:00\" \/>\n<meta property=\"article:modified_time\" content=\"2026-03-12T12:34:52+00:00\" \/>\n<meta property=\"og:image\" content=\"https:\/\/www.diario22.ar\/notix2\/wp-content\/uploads\/2026\/03\/Lana-Del-Rey-regresa-con-su-cancion-favorita-de-Stove.com2Fimage2F20262F022F182Flana-del-rey-white-feather-hawk-tail-deer-hun.jpeg\" \/>\n\t<meta property=\"og:image:width\" content=\"1080\" \/>\n\t<meta property=\"og:image:height\" content=\"540\" \/>\n\t<meta property=\"og:image:type\" content=\"image\/jpeg\" \/>\n<meta name=\"author\" content=\"Camila Torres\" \/>\n<meta name=\"twitter:card\" content=\"summary_large_image\" \/>\n<meta name=\"twitter:label1\" content=\"Escrito por\" \/>\n\t<meta name=\"twitter:data1\" content=\"Camila Torres\" \/>\n\t<meta name=\"twitter:label2\" content=\"Tiempo de lectura\" \/>\n\t<meta name=\"twitter:data2\" content=\"2 minutos\" \/>\n<script type=\"application\/ld+json\" class=\"yoast-schema-graph\">{\"@context\":\"https:\/\/schema.org\",\"@graph\":[{\"@type\":\"Article\",\"@id\":\"https:\/\/www.diario22.ar\/notix2\/lana-del-rey-regresa-con-su-cancion-favorita-de-stove\/#article\",\"isPartOf\":{\"@id\":\"https:\/\/www.diario22.ar\/notix2\/lana-del-rey-regresa-con-su-cancion-favorita-de-stove\/\"},\"author\":{\"name\":\"Camila Torres\",\"@id\":\"https:\/\/www.diario22.ar\/notix2\/#\/schema\/person\/9266f03a2bd6dca79e788e180fb2deeb\"},\"headline\":\"Lana Del Rey regresa con su canci\u00f3n favorita de Stove\",\"datePublished\":\"2026-03-12T12:34:51+00:00\",\"dateModified\":\"2026-03-12T12:34:52+00:00\",\"mainEntityOfPage\":{\"@id\":\"https:\/\/www.diario22.ar\/notix2\/lana-del-rey-regresa-con-su-cancion-favorita-de-stove\/\"},\"wordCount\":419,\"commentCount\":0,\"publisher\":{\"@id\":\"https:\/\/www.diario22.ar\/notix2\/#organization\"},\"image\":{\"@id\":\"https:\/\/www.diario22.ar\/notix2\/lana-del-rey-regresa-con-su-cancion-favorita-de-stove\/#primaryimage\"},\"thumbnailUrl\":\"https:\/\/www.diario22.ar\/notix2\/wp-content\/uploads\/2026\/03\/Lana-Del-Rey-regresa-con-su-cancion-favorita-de-Stove.com2Fimage2F20262F022F182Flana-del-rey-white-feather-hawk-tail-deer-hun.jpeg\",\"keywords\":[\"canci\u00f3n\",\"con\",\"del\",\"favorita\",\"Lana\",\"regresa\",\"Rey\",\"Stove\"],\"articleSection\":[\"M\u00fasica\"],\"inLanguage\":\"es-AR\",\"potentialAction\":[{\"@type\":\"CommentAction\",\"name\":\"Comment\",\"target\":[\"https:\/\/www.diario22.ar\/notix2\/lana-del-rey-regresa-con-su-cancion-favorita-de-stove\/#respond\"]}]},{\"@type\":\"WebPage\",\"@id\":\"https:\/\/www.diario22.ar\/notix2\/lana-del-rey-regresa-con-su-cancion-favorita-de-stove\/\",\"url\":\"https:\/\/www.diario22.ar\/notix2\/lana-del-rey-regresa-con-su-cancion-favorita-de-stove\/\",\"name\":\"Lana Del Rey regresa con su canci\u00f3n favorita de Stove - diario22.ar\",\"isPartOf\":{\"@id\":\"https:\/\/www.diario22.ar\/notix2\/#website\"},\"primaryImageOfPage\":{\"@id\":\"https:\/\/www.diario22.ar\/notix2\/lana-del-rey-regresa-con-su-cancion-favorita-de-stove\/#primaryimage\"},\"image\":{\"@id\":\"https:\/\/www.diario22.ar\/notix2\/lana-del-rey-regresa-con-su-cancion-favorita-de-stove\/#primaryimage\"},\"thumbnailUrl\":\"https:\/\/www.diario22.ar\/notix2\/wp-content\/uploads\/2026\/03\/Lana-Del-Rey-regresa-con-su-cancion-favorita-de-Stove.com2Fimage2F20262F022F182Flana-del-rey-white-feather-hawk-tail-deer-hun.jpeg\",\"datePublished\":\"2026-03-12T12:34:51+00:00\",\"dateModified\":\"2026-03-12T12:34:52+00:00\",\"breadcrumb\":{\"@id\":\"https:\/\/www.diario22.ar\/notix2\/lana-del-rey-regresa-con-su-cancion-favorita-de-stove\/#breadcrumb\"},\"inLanguage\":\"es-AR\",\"potentialAction\":[{\"@type\":\"ReadAction\",\"target\":[\"https:\/\/www.diario22.ar\/notix2\/lana-del-rey-regresa-con-su-cancion-favorita-de-stove\/\"]}]},{\"@type\":\"ImageObject\",\"inLanguage\":\"es-AR\",\"@id\":\"https:\/\/www.diario22.ar\/notix2\/lana-del-rey-regresa-con-su-cancion-favorita-de-stove\/#primaryimage\",\"url\":\"https:\/\/www.diario22.ar\/notix2\/wp-content\/uploads\/2026\/03\/Lana-Del-Rey-regresa-con-su-cancion-favorita-de-Stove.com2Fimage2F20262F022F182Flana-del-rey-white-feather-hawk-tail-deer-hun.jpeg\",\"contentUrl\":\"https:\/\/www.diario22.ar\/notix2\/wp-content\/uploads\/2026\/03\/Lana-Del-Rey-regresa-con-su-cancion-favorita-de-Stove.com2Fimage2F20262F022F182Flana-del-rey-white-feather-hawk-tail-deer-hun.jpeg\",\"width\":1080,\"height\":540},{\"@type\":\"BreadcrumbList\",\"@id\":\"https:\/\/www.diario22.ar\/notix2\/lana-del-rey-regresa-con-su-cancion-favorita-de-stove\/#breadcrumb\",\"itemListElement\":[{\"@type\":\"ListItem\",\"position\":1,\"name\":\"Home\",\"item\":\"https:\/\/www.diario22.ar\/notix2\/\"},{\"@type\":\"ListItem\",\"position\":2,\"name\":\"Lana Del Rey regresa con su canci\u00f3n favorita de Stove\"}]},{\"@type\":\"WebSite\",\"@id\":\"https:\/\/www.diario22.ar\/notix2\/#website\",\"url\":\"https:\/\/www.diario22.ar\/notix2\/\",\"name\":\"diario22.ar\",\"description\":\"Vive hoy &amp; descubre lo que viene\",\"publisher\":{\"@id\":\"https:\/\/www.diario22.ar\/notix2\/#organization\"},\"potentialAction\":[{\"@type\":\"SearchAction\",\"target\":{\"@type\":\"EntryPoint\",\"urlTemplate\":\"https:\/\/www.diario22.ar\/notix2\/?s={search_term_string}\"},\"query-input\":{\"@type\":\"PropertyValueSpecification\",\"valueRequired\":true,\"valueName\":\"search_term_string\"}}],\"inLanguage\":\"es-AR\"},{\"@type\":\"Organization\",\"@id\":\"https:\/\/www.diario22.ar\/notix2\/#organization\",\"name\":\"diario22.ar\",\"url\":\"https:\/\/www.diario22.ar\/notix2\/\",\"logo\":{\"@type\":\"ImageObject\",\"inLanguage\":\"es-AR\",\"@id\":\"https:\/\/www.diario22.ar\/notix2\/#\/schema\/logo\/image\/\",\"url\":\"https:\/\/www.diario22.ar\/notix2\/wp-content\/uploads\/2025\/10\/cropped-Publish-1.png\",\"contentUrl\":\"https:\/\/www.diario22.ar\/notix2\/wp-content\/uploads\/2025\/10\/cropped-Publish-1.png\",\"width\":1560,\"height\":722,\"caption\":\"diario22.ar\"},\"image\":{\"@id\":\"https:\/\/www.diario22.ar\/notix2\/#\/schema\/logo\/image\/\"}},{\"@type\":\"Person\",\"@id\":\"https:\/\/www.diario22.ar\/notix2\/#\/schema\/person\/9266f03a2bd6dca79e788e180fb2deeb\",\"name\":\"Camila Torres\",\"image\":{\"@type\":\"ImageObject\",\"inLanguage\":\"es-AR\",\"@id\":\"https:\/\/www.diario22.ar\/notix2\/#\/schema\/person\/image\/\",\"url\":\"https:\/\/www.diario22.ar\/notix2\/wp-content\/uploads\/2025\/10\/diario22.ar-3-150x150.png\",\"contentUrl\":\"https:\/\/www.diario22.ar\/notix2\/wp-content\/uploads\/2025\/10\/diario22.ar-3-150x150.png\",\"caption\":\"Camila Torres\"},\"description\":\"Soy periodista y redactora en Diario22.ar, apasionada por las historias que conectan la actualidad con la gente. Me form\u00e9 en comunicaci\u00f3n social en Buenos Aires y desde entonces busco darle voz a lo cotidiano, con una mirada curiosa y humana. Creo que el periodismo no solo informa: tambi\u00e9n inspira y transforma.\",\"sameAs\":[\"https:\/\/www.diario22.ar\/notix2\"]}]}<\/script>\n<!-- \/ Yoast SEO plugin. -->","yoast_head_json":{"title":"Lana Del Rey regresa con su canci\u00f3n favorita de Stove - diario22.ar","robots":{"index":"index","follow":"follow","max-snippet":"max-snippet:-1","max-image-preview":"max-image-preview:large","max-video-preview":"max-video-preview:-1"},"canonical":"https:\/\/www.diario22.ar\/notix2\/lana-del-rey-regresa-con-su-cancion-favorita-de-stove\/","og_locale":"es_ES","og_type":"article","og_title":"Lana Del Rey regresa con su canci\u00f3n favorita de Stove - diario22.ar","og_description":"La nueva era de Lana Del Rey podr\u00eda estar a punto de comenzar\u2026 El sencillo principal de su tan esperada","og_url":"https:\/\/www.diario22.ar\/notix2\/lana-del-rey-regresa-con-su-cancion-favorita-de-stove\/","og_site_name":"diario22.ar","article_published_time":"2026-03-12T12:34:51+00:00","article_modified_time":"2026-03-12T12:34:52+00:00","og_image":[{"width":1080,"height":540,"url":"https:\/\/www.diario22.ar\/notix2\/wp-content\/uploads\/2026\/03\/Lana-Del-Rey-regresa-con-su-cancion-favorita-de-Stove.com2Fimage2F20262F022F182Flana-del-rey-white-feather-hawk-tail-deer-hun.jpeg","type":"image\/jpeg"}],"author":"Camila Torres","twitter_card":"summary_large_image","twitter_misc":{"Escrito por":"Camila Torres","Tiempo de lectura":"2 minutos"},"schema":{"@context":"https:\/\/schema.org","@graph":[{"@type":"Article","@id":"https:\/\/www.diario22.ar\/notix2\/lana-del-rey-regresa-con-su-cancion-favorita-de-stove\/#article","isPartOf":{"@id":"https:\/\/www.diario22.ar\/notix2\/lana-del-rey-regresa-con-su-cancion-favorita-de-stove\/"},"author":{"name":"Camila Torres","@id":"https:\/\/www.diario22.ar\/notix2\/#\/schema\/person\/9266f03a2bd6dca79e788e180fb2deeb"},"headline":"Lana Del Rey regresa con su canci\u00f3n favorita de Stove","datePublished":"2026-03-12T12:34:51+00:00","dateModified":"2026-03-12T12:34:52+00:00","mainEntityOfPage":{"@id":"https:\/\/www.diario22.ar\/notix2\/lana-del-rey-regresa-con-su-cancion-favorita-de-stove\/"},"wordCount":419,"commentCount":0,"publisher":{"@id":"https:\/\/www.diario22.ar\/notix2\/#organization"},"image":{"@id":"https:\/\/www.diario22.ar\/notix2\/lana-del-rey-regresa-con-su-cancion-favorita-de-stove\/#primaryimage"},"thumbnailUrl":"https:\/\/www.diario22.ar\/notix2\/wp-content\/uploads\/2026\/03\/Lana-Del-Rey-regresa-con-su-cancion-favorita-de-Stove.com2Fimage2F20262F022F182Flana-del-rey-white-feather-hawk-tail-deer-hun.jpeg","keywords":["canci\u00f3n","con","del","favorita","Lana","regresa","Rey","Stove"],"articleSection":["M\u00fasica"],"inLanguage":"es-AR","potentialAction":[{"@type":"CommentAction","name":"Comment","target":["https:\/\/www.diario22.ar\/notix2\/lana-del-rey-regresa-con-su-cancion-favorita-de-stove\/#respond"]}]},{"@type":"WebPage","@id":"https:\/\/www.diario22.ar\/notix2\/lana-del-rey-regresa-con-su-cancion-favorita-de-stove\/","url":"https:\/\/www.diario22.ar\/notix2\/lana-del-rey-regresa-con-su-cancion-favorita-de-stove\/","name":"Lana Del Rey regresa con su canci\u00f3n favorita de Stove - diario22.ar","isPartOf":{"@id":"https:\/\/www.diario22.ar\/notix2\/#website"},"primaryImageOfPage":{"@id":"https:\/\/www.diario22.ar\/notix2\/lana-del-rey-regresa-con-su-cancion-favorita-de-stove\/#primaryimage"},"image":{"@id":"https:\/\/www.diario22.ar\/notix2\/lana-del-rey-regresa-con-su-cancion-favorita-de-stove\/#primaryimage"},"thumbnailUrl":"https:\/\/www.diario22.ar\/notix2\/wp-content\/uploads\/2026\/03\/Lana-Del-Rey-regresa-con-su-cancion-favorita-de-Stove.com2Fimage2F20262F022F182Flana-del-rey-white-feather-hawk-tail-deer-hun.jpeg","datePublished":"2026-03-12T12:34:51+00:00","dateModified":"2026-03-12T12:34:52+00:00","breadcrumb":{"@id":"https:\/\/www.diario22.ar\/notix2\/lana-del-rey-regresa-con-su-cancion-favorita-de-stove\/#breadcrumb"},"inLanguage":"es-AR","potentialAction":[{"@type":"ReadAction","target":["https:\/\/www.diario22.ar\/notix2\/lana-del-rey-regresa-con-su-cancion-favorita-de-stove\/"]}]},{"@type":"ImageObject","inLanguage":"es-AR","@id":"https:\/\/www.diario22.ar\/notix2\/lana-del-rey-regresa-con-su-cancion-favorita-de-stove\/#primaryimage","url":"https:\/\/www.diario22.ar\/notix2\/wp-content\/uploads\/2026\/03\/Lana-Del-Rey-regresa-con-su-cancion-favorita-de-Stove.com2Fimage2F20262F022F182Flana-del-rey-white-feather-hawk-tail-deer-hun.jpeg","contentUrl":"https:\/\/www.diario22.ar\/notix2\/wp-content\/uploads\/2026\/03\/Lana-Del-Rey-regresa-con-su-cancion-favorita-de-Stove.com2Fimage2F20262F022F182Flana-del-rey-white-feather-hawk-tail-deer-hun.jpeg","width":1080,"height":540},{"@type":"BreadcrumbList","@id":"https:\/\/www.diario22.ar\/notix2\/lana-del-rey-regresa-con-su-cancion-favorita-de-stove\/#breadcrumb","itemListElement":[{"@type":"ListItem","position":1,"name":"Home","item":"https:\/\/www.diario22.ar\/notix2\/"},{"@type":"ListItem","position":2,"name":"Lana Del Rey regresa con su canci\u00f3n favorita de Stove"}]},{"@type":"WebSite","@id":"https:\/\/www.diario22.ar\/notix2\/#website","url":"https:\/\/www.diario22.ar\/notix2\/","name":"diario22.ar","description":"Vive hoy &amp; descubre lo que viene","publisher":{"@id":"https:\/\/www.diario22.ar\/notix2\/#organization"},"potentialAction":[{"@type":"SearchAction","target":{"@type":"EntryPoint","urlTemplate":"https:\/\/www.diario22.ar\/notix2\/?s={search_term_string}"},"query-input":{"@type":"PropertyValueSpecification","valueRequired":true,"valueName":"search_term_string"}}],"inLanguage":"es-AR"},{"@type":"Organization","@id":"https:\/\/www.diario22.ar\/notix2\/#organization","name":"diario22.ar","url":"https:\/\/www.diario22.ar\/notix2\/","logo":{"@type":"ImageObject","inLanguage":"es-AR","@id":"https:\/\/www.diario22.ar\/notix2\/#\/schema\/logo\/image\/","url":"https:\/\/www.diario22.ar\/notix2\/wp-content\/uploads\/2025\/10\/cropped-Publish-1.png","contentUrl":"https:\/\/www.diario22.ar\/notix2\/wp-content\/uploads\/2025\/10\/cropped-Publish-1.png","width":1560,"height":722,"caption":"diario22.ar"},"image":{"@id":"https:\/\/www.diario22.ar\/notix2\/#\/schema\/logo\/image\/"}},{"@type":"Person","@id":"https:\/\/www.diario22.ar\/notix2\/#\/schema\/person\/9266f03a2bd6dca79e788e180fb2deeb","name":"Camila Torres","image":{"@type":"ImageObject","inLanguage":"es-AR","@id":"https:\/\/www.diario22.ar\/notix2\/#\/schema\/person\/image\/","url":"https:\/\/www.diario22.ar\/notix2\/wp-content\/uploads\/2025\/10\/diario22.ar-3-150x150.png","contentUrl":"https:\/\/www.diario22.ar\/notix2\/wp-content\/uploads\/2025\/10\/diario22.ar-3-150x150.png","caption":"Camila Torres"},"description":"Soy periodista y redactora en Diario22.ar, apasionada por las historias que conectan la actualidad con la gente. Me form\u00e9 en comunicaci\u00f3n social en Buenos Aires y desde entonces busco darle voz a lo cotidiano, con una mirada curiosa y humana. Creo que el periodismo no solo informa: tambi\u00e9n inspira y transforma.","sameAs":["https:\/\/www.diario22.ar\/notix2"]}]}},"_links":{"self":[{"href":"https:\/\/www.diario22.ar\/notix2\/wp-json\/wp\/v2\/posts\/51489","targetHints":{"allow":["GET"]}}],"collection":[{"href":"https:\/\/www.diario22.ar\/notix2\/wp-json\/wp\/v2\/posts"}],"about":[{"href":"https:\/\/www.diario22.ar\/notix2\/wp-json\/wp\/v2\/types\/post"}],"author":[{"embeddable":true,"href":"https:\/\/www.diario22.ar\/notix2\/wp-json\/wp\/v2\/users\/1"}],"replies":[{"embeddable":true,"href":"https:\/\/www.diario22.ar\/notix2\/wp-json\/wp\/v2\/comments?post=51489"}],"version-history":[{"count":1,"href":"https:\/\/www.diario22.ar\/notix2\/wp-json\/wp\/v2\/posts\/51489\/revisions"}],"predecessor-version":[{"id":51491,"href":"https:\/\/www.diario22.ar\/notix2\/wp-json\/wp\/v2\/posts\/51489\/revisions\/51491"}],"wp:featuredmedia":[{"embeddable":true,"href":"https:\/\/www.diario22.ar\/notix2\/wp-json\/wp\/v2\/media\/51490"}],"wp:attachment":[{"href":"https:\/\/www.diario22.ar\/notix2\/wp-json\/wp\/v2\/media?parent=51489"}],"wp:term":[{"taxonomy":"category","embeddable":true,"href":"https:\/\/www.diario22.ar\/notix2\/wp-json\/wp\/v2\/categories?post=51489"},{"taxonomy":"post_tag","embeddable":true,"href":"https:\/\/www.diario22.ar\/notix2\/wp-json\/wp\/v2\/tags?post=51489"}],"curies":[{"name":"wp","href":"https:\/\/api.w.org\/{rel}","templated":true}]}}