{"id":51482,"date":"2026-03-12T01:34:46","date_gmt":"2026-03-12T04:34:46","guid":{"rendered":"https:\/\/www.diario22.ar\/notix2\/bonhams-subastara-la-obra-maestra-mas-grande-de-salvador-dali-en-paris\/"},"modified":"2026-03-12T01:34:47","modified_gmt":"2026-03-12T04:34:47","slug":"bonhams-subastara-la-obra-maestra-mas-grande-de-salvador-dali-en-paris","status":"publish","type":"post","link":"https:\/\/www.diario22.ar\/notix2\/bonhams-subastara-la-obra-maestra-mas-grande-de-salvador-dali-en-paris\/","title":{"rendered":"Bonhams subastar\u00e1 la obra maestra m\u00e1s grande de Salvador Dal\u00ed en Par\u00eds"},"content":{"rendered":"<p>Una asombrosa pieza de la historia surrealista se dirige oficialmente a la subasta. Bonhams ha anunciado que <em>Bacchanale<\/em>, la mayor pintura jam\u00e1s creada por el legendario artista espa\u00f1ol Salvador Dal\u00ed, encabezar\u00e1 su venta anual de surrealismo de primavera en Par\u00eds a finales de este mes.<\/p>\n<p>Procedente de una importante colecci\u00f3n privada, <em>Bacchanale<\/em> fue ejecutada meticulosamente en 1939 como decorado esc\u00e9nico para el ballet hom\u00f3nimo en la Metropolitan Opera de Nueva York. Dal\u00ed defini\u00f3 el ambicioso proyecto como su primer ballet paranoico-cr\u00edtico, derramando todas sus ideas en una obra total de arte al escribir el libreto, dise\u00f1ar los vestuarios y concebir el monumental decorado. El ballet reuni\u00f3 a figuras internacionales clave, entre ellas la core\u00f3grafa L\u00e9onide Massine y la legendaria dise\u00f1adora Coco Chanel, que colabor\u00f3 en los trajes y accesorios.<\/p>\n<p>La propia obra es una construcci\u00f3n monumental que comprende 13 piezas grandes, incluyendo un tel\u00f3n de fondo enorme y cuatro juegos de lienzos, que abarcan un tama\u00f1o total de m\u00e1s de 20 por 30 metros. Pintada con una precisi\u00f3n casi fotogr\u00e1fica, la pieza incorpora elementos tridimensionales y motivos caracter\u00edsticos de Dal\u00ed. El foco central es la Monta\u00f1a de Venus, superpuesta a un gran cisne, s\u00edmbolo del pecado y del deseo. Dal\u00ed supervis\u00f3 personalmente los detalles clave del tel\u00f3n final y del tel\u00f3n de fondo, entretejiendo elementos imaginativos como una mujer reclinada sin rostro, un motivo que tambi\u00e9n es famoso por aparecer en su pintura de 1939, L&#8217;\u00c9nigme sans fin.<\/p>\n<p>\u201cDurante cuatro a\u00f1os consecutivos, Bonhams celebra el fascinante mundo del surrealismo con una subasta de primavera dedicada en Par\u00eds,\u201d declar\u00f3 Emilie Millon, jefa del departamento de Arte Impresionista y Moderno de Bonhams en Par\u00eds. \u201cEstamos encantados de poner a la venta <em>Bacchanale<\/em>, un decorado esc\u00e9nico, pero sobre todo es la mayor pintura creada por Salvador Dal\u00ed para la \u00d3pera de Nueva York, una fantas\u00eda inestimable que puede hacerse realidad para cualquier coleccionista.\u201d<\/p>\n<p>Tras recientes exposiciones de alto perfil en Madrid y Mil\u00e1n, el impresionante Bacchanale de Dal\u00ed pasar\u00e1 oficialmente a subasta el 26 de marzo, junto a obras notables de otros maestros surrealistas, entre ellos Jane Graverol y Francis Picabia.<\/p>\n","protected":false},"excerpt":{"rendered":"<p>Una asombrosa pieza de la historia surrealista se dirige oficialmente a la subasta. Bonhams ha anunciado que Bacchanale, la mayor<\/p>\n","protected":false},"author":1,"featured_media":51483,"comment_status":"open","ping_status":"open","sticky":false,"template":"","format":"standard","meta":{"footnotes":""},"categories":[8],"tags":[2341,2597,80,911,79,890,2591,2596,2595],"class_list":["post-51482","post","type-post","status-publish","format-standard","has-post-thumbnail","hentry","category-arte","tag-bonhams","tag-dali","tag-grande","tag-maestra","tag-mas","tag-obra","tag-paris","tag-salvador","tag-subastara","generate-columns","tablet-grid-50","mobile-grid-100","grid-parent","grid-50"],"yoast_head":"<!-- This site is optimized with the Yoast SEO plugin v26.1.1 - https:\/\/yoast.com\/wordpress\/plugins\/seo\/ -->\n<title>Bonhams subastar\u00e1 la obra maestra m\u00e1s grande de Salvador Dal\u00ed en Par\u00eds - diario22.ar<\/title>\n<meta name=\"robots\" content=\"index, follow, max-snippet:-1, max-image-preview:large, max-video-preview:-1\" \/>\n<link rel=\"canonical\" href=\"https:\/\/www.diario22.ar\/notix2\/bonhams-subastara-la-obra-maestra-mas-grande-de-salvador-dali-en-paris\/\" \/>\n<meta property=\"og:locale\" content=\"es_ES\" \/>\n<meta property=\"og:type\" content=\"article\" \/>\n<meta property=\"og:title\" content=\"Bonhams subastar\u00e1 la obra maestra m\u00e1s grande de Salvador Dal\u00ed en Par\u00eds - diario22.ar\" \/>\n<meta property=\"og:description\" content=\"Una asombrosa pieza de la historia surrealista se dirige oficialmente a la subasta. Bonhams ha anunciado que Bacchanale, la mayor\" \/>\n<meta property=\"og:url\" content=\"https:\/\/www.diario22.ar\/notix2\/bonhams-subastara-la-obra-maestra-mas-grande-de-salvador-dali-en-paris\/\" \/>\n<meta property=\"og:site_name\" content=\"diario22.ar\" \/>\n<meta property=\"article:published_time\" content=\"2026-03-12T04:34:46+00:00\" \/>\n<meta property=\"article:modified_time\" content=\"2026-03-12T04:34:47+00:00\" \/>\n<meta property=\"og:image\" content=\"https:\/\/www.diario22.ar\/notix2\/wp-content\/uploads\/2026\/03\/Bonhams-subastara-la-obra-maestra-mas-grande-de-Salvador-Dali.com2Fimage2F20262F032F052Fbonhams-auction-salvador-dali-bacchanale-larg.jpeg\" \/>\n\t<meta property=\"og:image:width\" content=\"1080\" \/>\n\t<meta property=\"og:image:height\" content=\"540\" \/>\n\t<meta property=\"og:image:type\" content=\"image\/jpeg\" \/>\n<meta name=\"author\" content=\"Camila Torres\" \/>\n<meta name=\"twitter:card\" content=\"summary_large_image\" \/>\n<meta name=\"twitter:label1\" content=\"Escrito por\" \/>\n\t<meta name=\"twitter:data1\" content=\"Camila Torres\" \/>\n\t<meta name=\"twitter:label2\" content=\"Tiempo de lectura\" \/>\n\t<meta name=\"twitter:data2\" content=\"2 minutos\" \/>\n<script type=\"application\/ld+json\" class=\"yoast-schema-graph\">{\"@context\":\"https:\/\/schema.org\",\"@graph\":[{\"@type\":\"Article\",\"@id\":\"https:\/\/www.diario22.ar\/notix2\/bonhams-subastara-la-obra-maestra-mas-grande-de-salvador-dali-en-paris\/#article\",\"isPartOf\":{\"@id\":\"https:\/\/www.diario22.ar\/notix2\/bonhams-subastara-la-obra-maestra-mas-grande-de-salvador-dali-en-paris\/\"},\"author\":{\"name\":\"Camila Torres\",\"@id\":\"https:\/\/www.diario22.ar\/notix2\/#\/schema\/person\/9266f03a2bd6dca79e788e180fb2deeb\"},\"headline\":\"Bonhams subastar\u00e1 la obra maestra m\u00e1s grande de Salvador Dal\u00ed en Par\u00eds\",\"datePublished\":\"2026-03-12T04:34:46+00:00\",\"dateModified\":\"2026-03-12T04:34:47+00:00\",\"mainEntityOfPage\":{\"@id\":\"https:\/\/www.diario22.ar\/notix2\/bonhams-subastara-la-obra-maestra-mas-grande-de-salvador-dali-en-paris\/\"},\"wordCount\":386,\"commentCount\":0,\"publisher\":{\"@id\":\"https:\/\/www.diario22.ar\/notix2\/#organization\"},\"image\":{\"@id\":\"https:\/\/www.diario22.ar\/notix2\/bonhams-subastara-la-obra-maestra-mas-grande-de-salvador-dali-en-paris\/#primaryimage\"},\"thumbnailUrl\":\"https:\/\/www.diario22.ar\/notix2\/wp-content\/uploads\/2026\/03\/Bonhams-subastara-la-obra-maestra-mas-grande-de-Salvador-Dali.com2Fimage2F20262F032F052Fbonhams-auction-salvador-dali-bacchanale-larg.jpeg\",\"keywords\":[\"Bonhams\",\"Dal\u00ed\",\"grande\",\"maestra\",\"m\u00e1s\",\"obra\",\"Par\u00eds\",\"Salvador\",\"subastar\u00e1\"],\"articleSection\":[\"Arte\"],\"inLanguage\":\"es-AR\",\"potentialAction\":[{\"@type\":\"CommentAction\",\"name\":\"Comment\",\"target\":[\"https:\/\/www.diario22.ar\/notix2\/bonhams-subastara-la-obra-maestra-mas-grande-de-salvador-dali-en-paris\/#respond\"]}]},{\"@type\":\"WebPage\",\"@id\":\"https:\/\/www.diario22.ar\/notix2\/bonhams-subastara-la-obra-maestra-mas-grande-de-salvador-dali-en-paris\/\",\"url\":\"https:\/\/www.diario22.ar\/notix2\/bonhams-subastara-la-obra-maestra-mas-grande-de-salvador-dali-en-paris\/\",\"name\":\"Bonhams subastar\u00e1 la obra maestra m\u00e1s grande de Salvador Dal\u00ed en Par\u00eds - diario22.ar\",\"isPartOf\":{\"@id\":\"https:\/\/www.diario22.ar\/notix2\/#website\"},\"primaryImageOfPage\":{\"@id\":\"https:\/\/www.diario22.ar\/notix2\/bonhams-subastara-la-obra-maestra-mas-grande-de-salvador-dali-en-paris\/#primaryimage\"},\"image\":{\"@id\":\"https:\/\/www.diario22.ar\/notix2\/bonhams-subastara-la-obra-maestra-mas-grande-de-salvador-dali-en-paris\/#primaryimage\"},\"thumbnailUrl\":\"https:\/\/www.diario22.ar\/notix2\/wp-content\/uploads\/2026\/03\/Bonhams-subastara-la-obra-maestra-mas-grande-de-Salvador-Dali.com2Fimage2F20262F032F052Fbonhams-auction-salvador-dali-bacchanale-larg.jpeg\",\"datePublished\":\"2026-03-12T04:34:46+00:00\",\"dateModified\":\"2026-03-12T04:34:47+00:00\",\"breadcrumb\":{\"@id\":\"https:\/\/www.diario22.ar\/notix2\/bonhams-subastara-la-obra-maestra-mas-grande-de-salvador-dali-en-paris\/#breadcrumb\"},\"inLanguage\":\"es-AR\",\"potentialAction\":[{\"@type\":\"ReadAction\",\"target\":[\"https:\/\/www.diario22.ar\/notix2\/bonhams-subastara-la-obra-maestra-mas-grande-de-salvador-dali-en-paris\/\"]}]},{\"@type\":\"ImageObject\",\"inLanguage\":\"es-AR\",\"@id\":\"https:\/\/www.diario22.ar\/notix2\/bonhams-subastara-la-obra-maestra-mas-grande-de-salvador-dali-en-paris\/#primaryimage\",\"url\":\"https:\/\/www.diario22.ar\/notix2\/wp-content\/uploads\/2026\/03\/Bonhams-subastara-la-obra-maestra-mas-grande-de-Salvador-Dali.com2Fimage2F20262F032F052Fbonhams-auction-salvador-dali-bacchanale-larg.jpeg\",\"contentUrl\":\"https:\/\/www.diario22.ar\/notix2\/wp-content\/uploads\/2026\/03\/Bonhams-subastara-la-obra-maestra-mas-grande-de-Salvador-Dali.com2Fimage2F20262F032F052Fbonhams-auction-salvador-dali-bacchanale-larg.jpeg\",\"width\":1080,\"height\":540},{\"@type\":\"BreadcrumbList\",\"@id\":\"https:\/\/www.diario22.ar\/notix2\/bonhams-subastara-la-obra-maestra-mas-grande-de-salvador-dali-en-paris\/#breadcrumb\",\"itemListElement\":[{\"@type\":\"ListItem\",\"position\":1,\"name\":\"Home\",\"item\":\"https:\/\/www.diario22.ar\/notix2\/\"},{\"@type\":\"ListItem\",\"position\":2,\"name\":\"Bonhams subastar\u00e1 la obra maestra m\u00e1s grande de Salvador Dal\u00ed en Par\u00eds\"}]},{\"@type\":\"WebSite\",\"@id\":\"https:\/\/www.diario22.ar\/notix2\/#website\",\"url\":\"https:\/\/www.diario22.ar\/notix2\/\",\"name\":\"diario22.ar\",\"description\":\"Vive hoy &amp; descubre lo que viene\",\"publisher\":{\"@id\":\"https:\/\/www.diario22.ar\/notix2\/#organization\"},\"potentialAction\":[{\"@type\":\"SearchAction\",\"target\":{\"@type\":\"EntryPoint\",\"urlTemplate\":\"https:\/\/www.diario22.ar\/notix2\/?s={search_term_string}\"},\"query-input\":{\"@type\":\"PropertyValueSpecification\",\"valueRequired\":true,\"valueName\":\"search_term_string\"}}],\"inLanguage\":\"es-AR\"},{\"@type\":\"Organization\",\"@id\":\"https:\/\/www.diario22.ar\/notix2\/#organization\",\"name\":\"diario22.ar\",\"url\":\"https:\/\/www.diario22.ar\/notix2\/\",\"logo\":{\"@type\":\"ImageObject\",\"inLanguage\":\"es-AR\",\"@id\":\"https:\/\/www.diario22.ar\/notix2\/#\/schema\/logo\/image\/\",\"url\":\"https:\/\/www.diario22.ar\/notix2\/wp-content\/uploads\/2025\/10\/cropped-Publish-1.png\",\"contentUrl\":\"https:\/\/www.diario22.ar\/notix2\/wp-content\/uploads\/2025\/10\/cropped-Publish-1.png\",\"width\":1560,\"height\":722,\"caption\":\"diario22.ar\"},\"image\":{\"@id\":\"https:\/\/www.diario22.ar\/notix2\/#\/schema\/logo\/image\/\"}},{\"@type\":\"Person\",\"@id\":\"https:\/\/www.diario22.ar\/notix2\/#\/schema\/person\/9266f03a2bd6dca79e788e180fb2deeb\",\"name\":\"Camila Torres\",\"image\":{\"@type\":\"ImageObject\",\"inLanguage\":\"es-AR\",\"@id\":\"https:\/\/www.diario22.ar\/notix2\/#\/schema\/person\/image\/\",\"url\":\"https:\/\/www.diario22.ar\/notix2\/wp-content\/uploads\/2025\/10\/diario22.ar-3-150x150.png\",\"contentUrl\":\"https:\/\/www.diario22.ar\/notix2\/wp-content\/uploads\/2025\/10\/diario22.ar-3-150x150.png\",\"caption\":\"Camila Torres\"},\"description\":\"Soy periodista y redactora en Diario22.ar, apasionada por las historias que conectan la actualidad con la gente. Me form\u00e9 en comunicaci\u00f3n social en Buenos Aires y desde entonces busco darle voz a lo cotidiano, con una mirada curiosa y humana. Creo que el periodismo no solo informa: tambi\u00e9n inspira y transforma.\",\"sameAs\":[\"https:\/\/www.diario22.ar\/notix2\"]}]}<\/script>\n<!-- \/ Yoast SEO plugin. -->","yoast_head_json":{"title":"Bonhams subastar\u00e1 la obra maestra m\u00e1s grande de Salvador Dal\u00ed en Par\u00eds - diario22.ar","robots":{"index":"index","follow":"follow","max-snippet":"max-snippet:-1","max-image-preview":"max-image-preview:large","max-video-preview":"max-video-preview:-1"},"canonical":"https:\/\/www.diario22.ar\/notix2\/bonhams-subastara-la-obra-maestra-mas-grande-de-salvador-dali-en-paris\/","og_locale":"es_ES","og_type":"article","og_title":"Bonhams subastar\u00e1 la obra maestra m\u00e1s grande de Salvador Dal\u00ed en Par\u00eds - diario22.ar","og_description":"Una asombrosa pieza de la historia surrealista se dirige oficialmente a la subasta. Bonhams ha anunciado que Bacchanale, la mayor","og_url":"https:\/\/www.diario22.ar\/notix2\/bonhams-subastara-la-obra-maestra-mas-grande-de-salvador-dali-en-paris\/","og_site_name":"diario22.ar","article_published_time":"2026-03-12T04:34:46+00:00","article_modified_time":"2026-03-12T04:34:47+00:00","og_image":[{"width":1080,"height":540,"url":"https:\/\/www.diario22.ar\/notix2\/wp-content\/uploads\/2026\/03\/Bonhams-subastara-la-obra-maestra-mas-grande-de-Salvador-Dali.com2Fimage2F20262F032F052Fbonhams-auction-salvador-dali-bacchanale-larg.jpeg","type":"image\/jpeg"}],"author":"Camila Torres","twitter_card":"summary_large_image","twitter_misc":{"Escrito por":"Camila Torres","Tiempo de lectura":"2 minutos"},"schema":{"@context":"https:\/\/schema.org","@graph":[{"@type":"Article","@id":"https:\/\/www.diario22.ar\/notix2\/bonhams-subastara-la-obra-maestra-mas-grande-de-salvador-dali-en-paris\/#article","isPartOf":{"@id":"https:\/\/www.diario22.ar\/notix2\/bonhams-subastara-la-obra-maestra-mas-grande-de-salvador-dali-en-paris\/"},"author":{"name":"Camila Torres","@id":"https:\/\/www.diario22.ar\/notix2\/#\/schema\/person\/9266f03a2bd6dca79e788e180fb2deeb"},"headline":"Bonhams subastar\u00e1 la obra maestra m\u00e1s grande de Salvador Dal\u00ed en Par\u00eds","datePublished":"2026-03-12T04:34:46+00:00","dateModified":"2026-03-12T04:34:47+00:00","mainEntityOfPage":{"@id":"https:\/\/www.diario22.ar\/notix2\/bonhams-subastara-la-obra-maestra-mas-grande-de-salvador-dali-en-paris\/"},"wordCount":386,"commentCount":0,"publisher":{"@id":"https:\/\/www.diario22.ar\/notix2\/#organization"},"image":{"@id":"https:\/\/www.diario22.ar\/notix2\/bonhams-subastara-la-obra-maestra-mas-grande-de-salvador-dali-en-paris\/#primaryimage"},"thumbnailUrl":"https:\/\/www.diario22.ar\/notix2\/wp-content\/uploads\/2026\/03\/Bonhams-subastara-la-obra-maestra-mas-grande-de-Salvador-Dali.com2Fimage2F20262F032F052Fbonhams-auction-salvador-dali-bacchanale-larg.jpeg","keywords":["Bonhams","Dal\u00ed","grande","maestra","m\u00e1s","obra","Par\u00eds","Salvador","subastar\u00e1"],"articleSection":["Arte"],"inLanguage":"es-AR","potentialAction":[{"@type":"CommentAction","name":"Comment","target":["https:\/\/www.diario22.ar\/notix2\/bonhams-subastara-la-obra-maestra-mas-grande-de-salvador-dali-en-paris\/#respond"]}]},{"@type":"WebPage","@id":"https:\/\/www.diario22.ar\/notix2\/bonhams-subastara-la-obra-maestra-mas-grande-de-salvador-dali-en-paris\/","url":"https:\/\/www.diario22.ar\/notix2\/bonhams-subastara-la-obra-maestra-mas-grande-de-salvador-dali-en-paris\/","name":"Bonhams subastar\u00e1 la obra maestra m\u00e1s grande de Salvador Dal\u00ed en Par\u00eds - diario22.ar","isPartOf":{"@id":"https:\/\/www.diario22.ar\/notix2\/#website"},"primaryImageOfPage":{"@id":"https:\/\/www.diario22.ar\/notix2\/bonhams-subastara-la-obra-maestra-mas-grande-de-salvador-dali-en-paris\/#primaryimage"},"image":{"@id":"https:\/\/www.diario22.ar\/notix2\/bonhams-subastara-la-obra-maestra-mas-grande-de-salvador-dali-en-paris\/#primaryimage"},"thumbnailUrl":"https:\/\/www.diario22.ar\/notix2\/wp-content\/uploads\/2026\/03\/Bonhams-subastara-la-obra-maestra-mas-grande-de-Salvador-Dali.com2Fimage2F20262F032F052Fbonhams-auction-salvador-dali-bacchanale-larg.jpeg","datePublished":"2026-03-12T04:34:46+00:00","dateModified":"2026-03-12T04:34:47+00:00","breadcrumb":{"@id":"https:\/\/www.diario22.ar\/notix2\/bonhams-subastara-la-obra-maestra-mas-grande-de-salvador-dali-en-paris\/#breadcrumb"},"inLanguage":"es-AR","potentialAction":[{"@type":"ReadAction","target":["https:\/\/www.diario22.ar\/notix2\/bonhams-subastara-la-obra-maestra-mas-grande-de-salvador-dali-en-paris\/"]}]},{"@type":"ImageObject","inLanguage":"es-AR","@id":"https:\/\/www.diario22.ar\/notix2\/bonhams-subastara-la-obra-maestra-mas-grande-de-salvador-dali-en-paris\/#primaryimage","url":"https:\/\/www.diario22.ar\/notix2\/wp-content\/uploads\/2026\/03\/Bonhams-subastara-la-obra-maestra-mas-grande-de-Salvador-Dali.com2Fimage2F20262F032F052Fbonhams-auction-salvador-dali-bacchanale-larg.jpeg","contentUrl":"https:\/\/www.diario22.ar\/notix2\/wp-content\/uploads\/2026\/03\/Bonhams-subastara-la-obra-maestra-mas-grande-de-Salvador-Dali.com2Fimage2F20262F032F052Fbonhams-auction-salvador-dali-bacchanale-larg.jpeg","width":1080,"height":540},{"@type":"BreadcrumbList","@id":"https:\/\/www.diario22.ar\/notix2\/bonhams-subastara-la-obra-maestra-mas-grande-de-salvador-dali-en-paris\/#breadcrumb","itemListElement":[{"@type":"ListItem","position":1,"name":"Home","item":"https:\/\/www.diario22.ar\/notix2\/"},{"@type":"ListItem","position":2,"name":"Bonhams subastar\u00e1 la obra maestra m\u00e1s grande de Salvador Dal\u00ed en Par\u00eds"}]},{"@type":"WebSite","@id":"https:\/\/www.diario22.ar\/notix2\/#website","url":"https:\/\/www.diario22.ar\/notix2\/","name":"diario22.ar","description":"Vive hoy &amp; descubre lo que viene","publisher":{"@id":"https:\/\/www.diario22.ar\/notix2\/#organization"},"potentialAction":[{"@type":"SearchAction","target":{"@type":"EntryPoint","urlTemplate":"https:\/\/www.diario22.ar\/notix2\/?s={search_term_string}"},"query-input":{"@type":"PropertyValueSpecification","valueRequired":true,"valueName":"search_term_string"}}],"inLanguage":"es-AR"},{"@type":"Organization","@id":"https:\/\/www.diario22.ar\/notix2\/#organization","name":"diario22.ar","url":"https:\/\/www.diario22.ar\/notix2\/","logo":{"@type":"ImageObject","inLanguage":"es-AR","@id":"https:\/\/www.diario22.ar\/notix2\/#\/schema\/logo\/image\/","url":"https:\/\/www.diario22.ar\/notix2\/wp-content\/uploads\/2025\/10\/cropped-Publish-1.png","contentUrl":"https:\/\/www.diario22.ar\/notix2\/wp-content\/uploads\/2025\/10\/cropped-Publish-1.png","width":1560,"height":722,"caption":"diario22.ar"},"image":{"@id":"https:\/\/www.diario22.ar\/notix2\/#\/schema\/logo\/image\/"}},{"@type":"Person","@id":"https:\/\/www.diario22.ar\/notix2\/#\/schema\/person\/9266f03a2bd6dca79e788e180fb2deeb","name":"Camila Torres","image":{"@type":"ImageObject","inLanguage":"es-AR","@id":"https:\/\/www.diario22.ar\/notix2\/#\/schema\/person\/image\/","url":"https:\/\/www.diario22.ar\/notix2\/wp-content\/uploads\/2025\/10\/diario22.ar-3-150x150.png","contentUrl":"https:\/\/www.diario22.ar\/notix2\/wp-content\/uploads\/2025\/10\/diario22.ar-3-150x150.png","caption":"Camila Torres"},"description":"Soy periodista y redactora en Diario22.ar, apasionada por las historias que conectan la actualidad con la gente. Me form\u00e9 en comunicaci\u00f3n social en Buenos Aires y desde entonces busco darle voz a lo cotidiano, con una mirada curiosa y humana. Creo que el periodismo no solo informa: tambi\u00e9n inspira y transforma.","sameAs":["https:\/\/www.diario22.ar\/notix2"]}]}},"_links":{"self":[{"href":"https:\/\/www.diario22.ar\/notix2\/wp-json\/wp\/v2\/posts\/51482","targetHints":{"allow":["GET"]}}],"collection":[{"href":"https:\/\/www.diario22.ar\/notix2\/wp-json\/wp\/v2\/posts"}],"about":[{"href":"https:\/\/www.diario22.ar\/notix2\/wp-json\/wp\/v2\/types\/post"}],"author":[{"embeddable":true,"href":"https:\/\/www.diario22.ar\/notix2\/wp-json\/wp\/v2\/users\/1"}],"replies":[{"embeddable":true,"href":"https:\/\/www.diario22.ar\/notix2\/wp-json\/wp\/v2\/comments?post=51482"}],"version-history":[{"count":1,"href":"https:\/\/www.diario22.ar\/notix2\/wp-json\/wp\/v2\/posts\/51482\/revisions"}],"predecessor-version":[{"id":51484,"href":"https:\/\/www.diario22.ar\/notix2\/wp-json\/wp\/v2\/posts\/51482\/revisions\/51484"}],"wp:featuredmedia":[{"embeddable":true,"href":"https:\/\/www.diario22.ar\/notix2\/wp-json\/wp\/v2\/media\/51483"}],"wp:attachment":[{"href":"https:\/\/www.diario22.ar\/notix2\/wp-json\/wp\/v2\/media?parent=51482"}],"wp:term":[{"taxonomy":"category","embeddable":true,"href":"https:\/\/www.diario22.ar\/notix2\/wp-json\/wp\/v2\/categories?post=51482"},{"taxonomy":"post_tag","embeddable":true,"href":"https:\/\/www.diario22.ar\/notix2\/wp-json\/wp\/v2\/tags?post=51482"}],"curies":[{"name":"wp","href":"https:\/\/api.w.org\/{rel}","templated":true}]}}