{"id":51476,"date":"2026-03-10T22:35:31","date_gmt":"2026-03-11T01:35:31","guid":{"rendered":"https:\/\/www.diario22.ar\/notix2\/la-gira-mundial-del-10-o-aniversario-de-the-monsters-llega-a-paris\/"},"modified":"2026-03-10T22:35:31","modified_gmt":"2026-03-11T01:35:31","slug":"la-gira-mundial-del-10-o-aniversario-de-the-monsters-llega-a-paris","status":"publish","type":"post","link":"https:\/\/www.diario22.ar\/notix2\/la-gira-mundial-del-10-o-aniversario-de-the-monsters-llega-a-paris\/","title":{"rendered":"La Gira Mundial del 10.\u00ba Aniversario de The Monsters llega a Par\u00eds"},"content":{"rendered":"<p>Tras paradas muy exitosas en Shangh\u00e1i, Taip\u00e9i y Hong Kong, Labubu y The Monsters llegan oficialmente a la Ciudad del Amor. Co\u2011curada por POP MART y How2work, \u201cTHE MONSTERS 10th Anniversary World Tour\u201d trae su mundo l\u00fadico a Par\u00eds, marcando la cuarta parada global de la exposici\u00f3n y su \u00fanico destino en Europa.<\/p>\n<p>Con el t\u00edtulo \u201cMONSTERS BY MONSTERS: NOW AND THEN\u201d, la exposici\u00f3n inmersiva sirve como una retrospectiva integral de los diez a\u00f1os de trayectoria de la querida franquicia desde su debut en 2015. Dando vida a la visi\u00f3n imaginativa del artista Kasing Lung, la muestra presenta una colecci\u00f3n masiva de manuscritos nunca antes publicados, pinturas al \u00f3leo raras y una exhibici\u00f3n completa de figuras coleccionables producidas durante la \u00faltima d\u00e9cada.<\/p>\n<p>Invitando a los fans a sumergirse por completo en el extenso universo de la marca, la exposici\u00f3n est\u00e1 cuidadosamente dividida en seis grandes zonas tem\u00e1ticas. Los visitantes pueden explorar la \u201cZona de Pintura al \u00d3leo y Escultura\u201d para contemplar las observaciones art\u00edsticas \u00fanicas de Lung, o entrar en una diminuta casa elfa en la \u201cCabina Fotogr\u00e1fica Interactiva\u201d, llena de figuras LABUBU de felpa con rostro de vinilo.<\/p>\n<p>La \u201cZona de Colectibles de Dise\u00f1ador\u201d rastrea la evoluci\u00f3n del Elf Squad desde el LABUBU original en color cl\u00e1sico hasta las colaboraciones entre marcas muy codiciadas. Mientras tanto, la \u201cZona de Viaje y Manuscritos\u201d resalta los bocetos y borradores diarios de Kasing Lung, capturando las chispas iniciales de inspiraci\u00f3n que condujeron al amplio crecimiento global de la propiedad intelectual. Finalmente, la \u201cZona del Libro Ilustrado\u201d lleva a los fans veteranos de regreso a sus or\u00edgenes, destacando la Trilog\u00eda The Monsters que dio vida a todo el universo.<\/p>\n<p>Tras un avanzado avance VIP que reuni\u00f3 moda, m\u00fasica y arte, la Exposici\u00f3n del 10.\u00ba Aniversario de THE MONSTERS en Par\u00eds est\u00e1 oficialmente abierta al p\u00fablico del 4 al 29 de marzo de 2026.<\/p>\n<p><strong>EXPOSICI\u00d3N DEL 10.\u00ba ANIVERSARIO DE THE MONSTERS<\/strong><br \/>\n60 Rue de Turenne<br \/>\n3er Distrito<br \/>\nPar\u00eds, Francia<\/p>\n","protected":false},"excerpt":{"rendered":"<p>Tras paradas muy exitosas en Shangh\u00e1i, Taip\u00e9i y Hong Kong, Labubu y The Monsters llegan oficialmente a la Ciudad del<\/p>\n","protected":false},"author":1,"featured_media":51477,"comment_status":"open","ping_status":"open","sticky":false,"template":"","format":"standard","meta":{"footnotes":""},"categories":[8],"tags":[2589,1136,144,126,687,2590,378,2591],"class_list":["post-51476","post","type-post","status-publish","format-standard","has-post-thumbnail","hentry","category-arte","tag-10-o","tag-aniversario","tag-del","tag-gira","tag-llega","tag-monsters","tag-mundial","tag-paris","generate-columns","tablet-grid-50","mobile-grid-100","grid-parent","grid-50"],"yoast_head":"<!-- This site is optimized with the Yoast SEO plugin v26.1.1 - https:\/\/yoast.com\/wordpress\/plugins\/seo\/ -->\n<title>La Gira Mundial del 10.\u00ba Aniversario de The Monsters llega a Par\u00eds - diario22.ar<\/title>\n<meta name=\"robots\" content=\"index, follow, max-snippet:-1, max-image-preview:large, max-video-preview:-1\" \/>\n<link rel=\"canonical\" href=\"https:\/\/www.diario22.ar\/notix2\/la-gira-mundial-del-10-o-aniversario-de-the-monsters-llega-a-paris\/\" \/>\n<meta property=\"og:locale\" content=\"es_ES\" \/>\n<meta property=\"og:type\" content=\"article\" \/>\n<meta property=\"og:title\" content=\"La Gira Mundial del 10.\u00ba Aniversario de The Monsters llega a Par\u00eds - diario22.ar\" \/>\n<meta property=\"og:description\" content=\"Tras paradas muy exitosas en Shangh\u00e1i, Taip\u00e9i y Hong Kong, Labubu y The Monsters llegan oficialmente a la Ciudad del\" \/>\n<meta property=\"og:url\" content=\"https:\/\/www.diario22.ar\/notix2\/la-gira-mundial-del-10-o-aniversario-de-the-monsters-llega-a-paris\/\" \/>\n<meta property=\"og:site_name\" content=\"diario22.ar\" \/>\n<meta property=\"article:published_time\" content=\"2026-03-11T01:35:31+00:00\" \/>\n<meta property=\"og:image\" content=\"https:\/\/www.diario22.ar\/notix2\/wp-content\/uploads\/2026\/03\/La-Gira-Mundial-del-10o-Aniversario-de-The-Monsters-llega.com2Fimage2F20262F032F042Fkasing-lung-labubu-the-monsters-10th-annivers.jpeg\" \/>\n\t<meta property=\"og:image:width\" content=\"1080\" \/>\n\t<meta property=\"og:image:height\" content=\"540\" \/>\n\t<meta property=\"og:image:type\" content=\"image\/jpeg\" \/>\n<meta name=\"author\" content=\"Camila Torres\" \/>\n<meta name=\"twitter:card\" content=\"summary_large_image\" \/>\n<meta name=\"twitter:label1\" content=\"Escrito por\" \/>\n\t<meta name=\"twitter:data1\" content=\"Camila Torres\" \/>\n\t<meta name=\"twitter:label2\" content=\"Tiempo de lectura\" \/>\n\t<meta name=\"twitter:data2\" content=\"2 minutos\" \/>\n<script type=\"application\/ld+json\" class=\"yoast-schema-graph\">{\"@context\":\"https:\/\/schema.org\",\"@graph\":[{\"@type\":\"Article\",\"@id\":\"https:\/\/www.diario22.ar\/notix2\/la-gira-mundial-del-10-o-aniversario-de-the-monsters-llega-a-paris\/#article\",\"isPartOf\":{\"@id\":\"https:\/\/www.diario22.ar\/notix2\/la-gira-mundial-del-10-o-aniversario-de-the-monsters-llega-a-paris\/\"},\"author\":{\"name\":\"Camila Torres\",\"@id\":\"https:\/\/www.diario22.ar\/notix2\/#\/schema\/person\/9266f03a2bd6dca79e788e180fb2deeb\"},\"headline\":\"La Gira Mundial del 10.\u00ba Aniversario de The Monsters llega a Par\u00eds\",\"datePublished\":\"2026-03-11T01:35:31+00:00\",\"mainEntityOfPage\":{\"@id\":\"https:\/\/www.diario22.ar\/notix2\/la-gira-mundial-del-10-o-aniversario-de-the-monsters-llega-a-paris\/\"},\"wordCount\":360,\"commentCount\":0,\"publisher\":{\"@id\":\"https:\/\/www.diario22.ar\/notix2\/#organization\"},\"image\":{\"@id\":\"https:\/\/www.diario22.ar\/notix2\/la-gira-mundial-del-10-o-aniversario-de-the-monsters-llega-a-paris\/#primaryimage\"},\"thumbnailUrl\":\"https:\/\/www.diario22.ar\/notix2\/wp-content\/uploads\/2026\/03\/La-Gira-Mundial-del-10o-Aniversario-de-The-Monsters-llega.com2Fimage2F20262F032F042Fkasing-lung-labubu-the-monsters-10th-annivers.jpeg\",\"keywords\":[\"10.\u00ba\",\"aniversario\",\"del\",\"Gira\",\"llega\",\"Monsters\",\"mundial\",\"Par\u00eds\"],\"articleSection\":[\"Arte\"],\"inLanguage\":\"es-AR\",\"potentialAction\":[{\"@type\":\"CommentAction\",\"name\":\"Comment\",\"target\":[\"https:\/\/www.diario22.ar\/notix2\/la-gira-mundial-del-10-o-aniversario-de-the-monsters-llega-a-paris\/#respond\"]}]},{\"@type\":\"WebPage\",\"@id\":\"https:\/\/www.diario22.ar\/notix2\/la-gira-mundial-del-10-o-aniversario-de-the-monsters-llega-a-paris\/\",\"url\":\"https:\/\/www.diario22.ar\/notix2\/la-gira-mundial-del-10-o-aniversario-de-the-monsters-llega-a-paris\/\",\"name\":\"La Gira Mundial del 10.\u00ba Aniversario de The Monsters llega a Par\u00eds - diario22.ar\",\"isPartOf\":{\"@id\":\"https:\/\/www.diario22.ar\/notix2\/#website\"},\"primaryImageOfPage\":{\"@id\":\"https:\/\/www.diario22.ar\/notix2\/la-gira-mundial-del-10-o-aniversario-de-the-monsters-llega-a-paris\/#primaryimage\"},\"image\":{\"@id\":\"https:\/\/www.diario22.ar\/notix2\/la-gira-mundial-del-10-o-aniversario-de-the-monsters-llega-a-paris\/#primaryimage\"},\"thumbnailUrl\":\"https:\/\/www.diario22.ar\/notix2\/wp-content\/uploads\/2026\/03\/La-Gira-Mundial-del-10o-Aniversario-de-The-Monsters-llega.com2Fimage2F20262F032F042Fkasing-lung-labubu-the-monsters-10th-annivers.jpeg\",\"datePublished\":\"2026-03-11T01:35:31+00:00\",\"breadcrumb\":{\"@id\":\"https:\/\/www.diario22.ar\/notix2\/la-gira-mundial-del-10-o-aniversario-de-the-monsters-llega-a-paris\/#breadcrumb\"},\"inLanguage\":\"es-AR\",\"potentialAction\":[{\"@type\":\"ReadAction\",\"target\":[\"https:\/\/www.diario22.ar\/notix2\/la-gira-mundial-del-10-o-aniversario-de-the-monsters-llega-a-paris\/\"]}]},{\"@type\":\"ImageObject\",\"inLanguage\":\"es-AR\",\"@id\":\"https:\/\/www.diario22.ar\/notix2\/la-gira-mundial-del-10-o-aniversario-de-the-monsters-llega-a-paris\/#primaryimage\",\"url\":\"https:\/\/www.diario22.ar\/notix2\/wp-content\/uploads\/2026\/03\/La-Gira-Mundial-del-10o-Aniversario-de-The-Monsters-llega.com2Fimage2F20262F032F042Fkasing-lung-labubu-the-monsters-10th-annivers.jpeg\",\"contentUrl\":\"https:\/\/www.diario22.ar\/notix2\/wp-content\/uploads\/2026\/03\/La-Gira-Mundial-del-10o-Aniversario-de-The-Monsters-llega.com2Fimage2F20262F032F042Fkasing-lung-labubu-the-monsters-10th-annivers.jpeg\",\"width\":1080,\"height\":540},{\"@type\":\"BreadcrumbList\",\"@id\":\"https:\/\/www.diario22.ar\/notix2\/la-gira-mundial-del-10-o-aniversario-de-the-monsters-llega-a-paris\/#breadcrumb\",\"itemListElement\":[{\"@type\":\"ListItem\",\"position\":1,\"name\":\"Home\",\"item\":\"https:\/\/www.diario22.ar\/notix2\/\"},{\"@type\":\"ListItem\",\"position\":2,\"name\":\"La Gira Mundial del 10.\u00ba Aniversario de The Monsters llega a Par\u00eds\"}]},{\"@type\":\"WebSite\",\"@id\":\"https:\/\/www.diario22.ar\/notix2\/#website\",\"url\":\"https:\/\/www.diario22.ar\/notix2\/\",\"name\":\"diario22.ar\",\"description\":\"Vive hoy &amp; descubre lo que viene\",\"publisher\":{\"@id\":\"https:\/\/www.diario22.ar\/notix2\/#organization\"},\"potentialAction\":[{\"@type\":\"SearchAction\",\"target\":{\"@type\":\"EntryPoint\",\"urlTemplate\":\"https:\/\/www.diario22.ar\/notix2\/?s={search_term_string}\"},\"query-input\":{\"@type\":\"PropertyValueSpecification\",\"valueRequired\":true,\"valueName\":\"search_term_string\"}}],\"inLanguage\":\"es-AR\"},{\"@type\":\"Organization\",\"@id\":\"https:\/\/www.diario22.ar\/notix2\/#organization\",\"name\":\"diario22.ar\",\"url\":\"https:\/\/www.diario22.ar\/notix2\/\",\"logo\":{\"@type\":\"ImageObject\",\"inLanguage\":\"es-AR\",\"@id\":\"https:\/\/www.diario22.ar\/notix2\/#\/schema\/logo\/image\/\",\"url\":\"https:\/\/www.diario22.ar\/notix2\/wp-content\/uploads\/2025\/10\/cropped-Publish-1.png\",\"contentUrl\":\"https:\/\/www.diario22.ar\/notix2\/wp-content\/uploads\/2025\/10\/cropped-Publish-1.png\",\"width\":1560,\"height\":722,\"caption\":\"diario22.ar\"},\"image\":{\"@id\":\"https:\/\/www.diario22.ar\/notix2\/#\/schema\/logo\/image\/\"}},{\"@type\":\"Person\",\"@id\":\"https:\/\/www.diario22.ar\/notix2\/#\/schema\/person\/9266f03a2bd6dca79e788e180fb2deeb\",\"name\":\"Camila Torres\",\"image\":{\"@type\":\"ImageObject\",\"inLanguage\":\"es-AR\",\"@id\":\"https:\/\/www.diario22.ar\/notix2\/#\/schema\/person\/image\/\",\"url\":\"https:\/\/www.diario22.ar\/notix2\/wp-content\/uploads\/2025\/10\/diario22.ar-3-150x150.png\",\"contentUrl\":\"https:\/\/www.diario22.ar\/notix2\/wp-content\/uploads\/2025\/10\/diario22.ar-3-150x150.png\",\"caption\":\"Camila Torres\"},\"description\":\"Soy periodista y redactora en Diario22.ar, apasionada por las historias que conectan la actualidad con la gente. Me form\u00e9 en comunicaci\u00f3n social en Buenos Aires y desde entonces busco darle voz a lo cotidiano, con una mirada curiosa y humana. Creo que el periodismo no solo informa: tambi\u00e9n inspira y transforma.\",\"sameAs\":[\"https:\/\/www.diario22.ar\/notix2\"]}]}<\/script>\n<!-- \/ Yoast SEO plugin. -->","yoast_head_json":{"title":"La Gira Mundial del 10.\u00ba Aniversario de The Monsters llega a Par\u00eds - diario22.ar","robots":{"index":"index","follow":"follow","max-snippet":"max-snippet:-1","max-image-preview":"max-image-preview:large","max-video-preview":"max-video-preview:-1"},"canonical":"https:\/\/www.diario22.ar\/notix2\/la-gira-mundial-del-10-o-aniversario-de-the-monsters-llega-a-paris\/","og_locale":"es_ES","og_type":"article","og_title":"La Gira Mundial del 10.\u00ba Aniversario de The Monsters llega a Par\u00eds - diario22.ar","og_description":"Tras paradas muy exitosas en Shangh\u00e1i, Taip\u00e9i y Hong Kong, Labubu y The Monsters llegan oficialmente a la Ciudad del","og_url":"https:\/\/www.diario22.ar\/notix2\/la-gira-mundial-del-10-o-aniversario-de-the-monsters-llega-a-paris\/","og_site_name":"diario22.ar","article_published_time":"2026-03-11T01:35:31+00:00","og_image":[{"width":1080,"height":540,"url":"https:\/\/www.diario22.ar\/notix2\/wp-content\/uploads\/2026\/03\/La-Gira-Mundial-del-10o-Aniversario-de-The-Monsters-llega.com2Fimage2F20262F032F042Fkasing-lung-labubu-the-monsters-10th-annivers.jpeg","type":"image\/jpeg"}],"author":"Camila Torres","twitter_card":"summary_large_image","twitter_misc":{"Escrito por":"Camila Torres","Tiempo de lectura":"2 minutos"},"schema":{"@context":"https:\/\/schema.org","@graph":[{"@type":"Article","@id":"https:\/\/www.diario22.ar\/notix2\/la-gira-mundial-del-10-o-aniversario-de-the-monsters-llega-a-paris\/#article","isPartOf":{"@id":"https:\/\/www.diario22.ar\/notix2\/la-gira-mundial-del-10-o-aniversario-de-the-monsters-llega-a-paris\/"},"author":{"name":"Camila Torres","@id":"https:\/\/www.diario22.ar\/notix2\/#\/schema\/person\/9266f03a2bd6dca79e788e180fb2deeb"},"headline":"La Gira Mundial del 10.\u00ba Aniversario de The Monsters llega a Par\u00eds","datePublished":"2026-03-11T01:35:31+00:00","mainEntityOfPage":{"@id":"https:\/\/www.diario22.ar\/notix2\/la-gira-mundial-del-10-o-aniversario-de-the-monsters-llega-a-paris\/"},"wordCount":360,"commentCount":0,"publisher":{"@id":"https:\/\/www.diario22.ar\/notix2\/#organization"},"image":{"@id":"https:\/\/www.diario22.ar\/notix2\/la-gira-mundial-del-10-o-aniversario-de-the-monsters-llega-a-paris\/#primaryimage"},"thumbnailUrl":"https:\/\/www.diario22.ar\/notix2\/wp-content\/uploads\/2026\/03\/La-Gira-Mundial-del-10o-Aniversario-de-The-Monsters-llega.com2Fimage2F20262F032F042Fkasing-lung-labubu-the-monsters-10th-annivers.jpeg","keywords":["10.\u00ba","aniversario","del","Gira","llega","Monsters","mundial","Par\u00eds"],"articleSection":["Arte"],"inLanguage":"es-AR","potentialAction":[{"@type":"CommentAction","name":"Comment","target":["https:\/\/www.diario22.ar\/notix2\/la-gira-mundial-del-10-o-aniversario-de-the-monsters-llega-a-paris\/#respond"]}]},{"@type":"WebPage","@id":"https:\/\/www.diario22.ar\/notix2\/la-gira-mundial-del-10-o-aniversario-de-the-monsters-llega-a-paris\/","url":"https:\/\/www.diario22.ar\/notix2\/la-gira-mundial-del-10-o-aniversario-de-the-monsters-llega-a-paris\/","name":"La Gira Mundial del 10.\u00ba Aniversario de The Monsters llega a Par\u00eds - diario22.ar","isPartOf":{"@id":"https:\/\/www.diario22.ar\/notix2\/#website"},"primaryImageOfPage":{"@id":"https:\/\/www.diario22.ar\/notix2\/la-gira-mundial-del-10-o-aniversario-de-the-monsters-llega-a-paris\/#primaryimage"},"image":{"@id":"https:\/\/www.diario22.ar\/notix2\/la-gira-mundial-del-10-o-aniversario-de-the-monsters-llega-a-paris\/#primaryimage"},"thumbnailUrl":"https:\/\/www.diario22.ar\/notix2\/wp-content\/uploads\/2026\/03\/La-Gira-Mundial-del-10o-Aniversario-de-The-Monsters-llega.com2Fimage2F20262F032F042Fkasing-lung-labubu-the-monsters-10th-annivers.jpeg","datePublished":"2026-03-11T01:35:31+00:00","breadcrumb":{"@id":"https:\/\/www.diario22.ar\/notix2\/la-gira-mundial-del-10-o-aniversario-de-the-monsters-llega-a-paris\/#breadcrumb"},"inLanguage":"es-AR","potentialAction":[{"@type":"ReadAction","target":["https:\/\/www.diario22.ar\/notix2\/la-gira-mundial-del-10-o-aniversario-de-the-monsters-llega-a-paris\/"]}]},{"@type":"ImageObject","inLanguage":"es-AR","@id":"https:\/\/www.diario22.ar\/notix2\/la-gira-mundial-del-10-o-aniversario-de-the-monsters-llega-a-paris\/#primaryimage","url":"https:\/\/www.diario22.ar\/notix2\/wp-content\/uploads\/2026\/03\/La-Gira-Mundial-del-10o-Aniversario-de-The-Monsters-llega.com2Fimage2F20262F032F042Fkasing-lung-labubu-the-monsters-10th-annivers.jpeg","contentUrl":"https:\/\/www.diario22.ar\/notix2\/wp-content\/uploads\/2026\/03\/La-Gira-Mundial-del-10o-Aniversario-de-The-Monsters-llega.com2Fimage2F20262F032F042Fkasing-lung-labubu-the-monsters-10th-annivers.jpeg","width":1080,"height":540},{"@type":"BreadcrumbList","@id":"https:\/\/www.diario22.ar\/notix2\/la-gira-mundial-del-10-o-aniversario-de-the-monsters-llega-a-paris\/#breadcrumb","itemListElement":[{"@type":"ListItem","position":1,"name":"Home","item":"https:\/\/www.diario22.ar\/notix2\/"},{"@type":"ListItem","position":2,"name":"La Gira Mundial del 10.\u00ba Aniversario de The Monsters llega a Par\u00eds"}]},{"@type":"WebSite","@id":"https:\/\/www.diario22.ar\/notix2\/#website","url":"https:\/\/www.diario22.ar\/notix2\/","name":"diario22.ar","description":"Vive hoy &amp; descubre lo que viene","publisher":{"@id":"https:\/\/www.diario22.ar\/notix2\/#organization"},"potentialAction":[{"@type":"SearchAction","target":{"@type":"EntryPoint","urlTemplate":"https:\/\/www.diario22.ar\/notix2\/?s={search_term_string}"},"query-input":{"@type":"PropertyValueSpecification","valueRequired":true,"valueName":"search_term_string"}}],"inLanguage":"es-AR"},{"@type":"Organization","@id":"https:\/\/www.diario22.ar\/notix2\/#organization","name":"diario22.ar","url":"https:\/\/www.diario22.ar\/notix2\/","logo":{"@type":"ImageObject","inLanguage":"es-AR","@id":"https:\/\/www.diario22.ar\/notix2\/#\/schema\/logo\/image\/","url":"https:\/\/www.diario22.ar\/notix2\/wp-content\/uploads\/2025\/10\/cropped-Publish-1.png","contentUrl":"https:\/\/www.diario22.ar\/notix2\/wp-content\/uploads\/2025\/10\/cropped-Publish-1.png","width":1560,"height":722,"caption":"diario22.ar"},"image":{"@id":"https:\/\/www.diario22.ar\/notix2\/#\/schema\/logo\/image\/"}},{"@type":"Person","@id":"https:\/\/www.diario22.ar\/notix2\/#\/schema\/person\/9266f03a2bd6dca79e788e180fb2deeb","name":"Camila Torres","image":{"@type":"ImageObject","inLanguage":"es-AR","@id":"https:\/\/www.diario22.ar\/notix2\/#\/schema\/person\/image\/","url":"https:\/\/www.diario22.ar\/notix2\/wp-content\/uploads\/2025\/10\/diario22.ar-3-150x150.png","contentUrl":"https:\/\/www.diario22.ar\/notix2\/wp-content\/uploads\/2025\/10\/diario22.ar-3-150x150.png","caption":"Camila Torres"},"description":"Soy periodista y redactora en Diario22.ar, apasionada por las historias que conectan la actualidad con la gente. Me form\u00e9 en comunicaci\u00f3n social en Buenos Aires y desde entonces busco darle voz a lo cotidiano, con una mirada curiosa y humana. Creo que el periodismo no solo informa: tambi\u00e9n inspira y transforma.","sameAs":["https:\/\/www.diario22.ar\/notix2"]}]}},"_links":{"self":[{"href":"https:\/\/www.diario22.ar\/notix2\/wp-json\/wp\/v2\/posts\/51476","targetHints":{"allow":["GET"]}}],"collection":[{"href":"https:\/\/www.diario22.ar\/notix2\/wp-json\/wp\/v2\/posts"}],"about":[{"href":"https:\/\/www.diario22.ar\/notix2\/wp-json\/wp\/v2\/types\/post"}],"author":[{"embeddable":true,"href":"https:\/\/www.diario22.ar\/notix2\/wp-json\/wp\/v2\/users\/1"}],"replies":[{"embeddable":true,"href":"https:\/\/www.diario22.ar\/notix2\/wp-json\/wp\/v2\/comments?post=51476"}],"version-history":[{"count":1,"href":"https:\/\/www.diario22.ar\/notix2\/wp-json\/wp\/v2\/posts\/51476\/revisions"}],"predecessor-version":[{"id":51478,"href":"https:\/\/www.diario22.ar\/notix2\/wp-json\/wp\/v2\/posts\/51476\/revisions\/51478"}],"wp:featuredmedia":[{"embeddable":true,"href":"https:\/\/www.diario22.ar\/notix2\/wp-json\/wp\/v2\/media\/51477"}],"wp:attachment":[{"href":"https:\/\/www.diario22.ar\/notix2\/wp-json\/wp\/v2\/media?parent=51476"}],"wp:term":[{"taxonomy":"category","embeddable":true,"href":"https:\/\/www.diario22.ar\/notix2\/wp-json\/wp\/v2\/categories?post=51476"},{"taxonomy":"post_tag","embeddable":true,"href":"https:\/\/www.diario22.ar\/notix2\/wp-json\/wp\/v2\/tags?post=51476"}],"curies":[{"name":"wp","href":"https:\/\/api.w.org\/{rel}","templated":true}]}}