{"id":51470,"date":"2026-03-09T11:35:45","date_gmt":"2026-03-09T14:35:45","guid":{"rendered":"https:\/\/www.diario22.ar\/notix2\/hiroshi-fujiwara-insinua-un-posible-relanzamiento-de-la-colaboracion-fragment-design-x-panasonic-lamdash-shaver\/"},"modified":"2026-03-09T11:35:46","modified_gmt":"2026-03-09T14:35:46","slug":"hiroshi-fujiwara-insinua-un-posible-relanzamiento-de-la-colaboracion-fragment-design-x-panasonic-lamdash-shaver","status":"publish","type":"post","link":"https:\/\/www.diario22.ar\/notix2\/hiroshi-fujiwara-insinua-un-posible-relanzamiento-de-la-colaboracion-fragment-design-x-panasonic-lamdash-shaver\/","title":{"rendered":"\u00bfHiroshi Fujiwara insin\u00faa un posible relanzamiento de la colaboraci\u00f3n fragment design x Panasonic Lamdash Shaver?"},"content":{"rendered":"<ul>\n<li>La leyenda del streetwear Hiroshi Fujiwara acudi\u00f3 recientemente a su cuenta de Instagram personal para revelar una colaboraci\u00f3n inesperada entre su sello fragment design y Panasonic<\/li>\n<li>El pr\u00f3ximo proyecto reinterpreta el Lamdash Palm In Shaver de Panasonic, innovador y ultracompacto, en una versi\u00f3n negra total y discreta<\/li>\n<li>Elevando la herramienta de aseo diaria a una pieza tecnol\u00f3gica coleccionable, la afeitadora minimalista luce con orgullo el ic\u00f3nico logotipo de doble rayo de fragment design<\/li>\n<\/ul>\n<p>La huella colaborativa de Hiroshi Fujiwara no conoce l\u00edmites. Expandiendo su imperio de dise\u00f1o minimalista mucho m\u00e1s all\u00e1 de las zapatillas y la moda, el legendario \u201cPadrino del Streetwear\u201d acudi\u00f3 recientemente a su Instagram personal para insinuar un nuevo proyecto inesperado pero altamente codiciado. Fusionando el cuidado personal de alta gama con la est\u00e9tica del streetwear, Fujiwara ha presentado oficialmente el pr\u00f3ximo Lamdash Palm In Shaver de fragment design x Panasonic.<\/p>\n<div>\n<div class=\"inner-container\">\n<div class=\"inner-content\">\n<div class=\"adunit-wrapper\">\n<div class=\"in-content-ad-outer\">\n<p><!-- Tag ID: HBENGLOB_ATF_INCONTENT --><\/p>\n<div class=\"adunit in-content lazy-load no-init\" data-freestar-ad=\"__300x250\" data-adunit=\"HBENGLOB_ATF_INCONTENT\" data-targeting='{\"HBSiteLoc\":[\"ros\",\"article\"],\"HBSiteCat\":[\"tech-gadgets\",\"fragment-design\",\"hiroshi-fujiwara\",\"panasonic\",\"collaborations\",\"collaboration\",\"lifestyle\"],\"HBSitePage\":\"0\",\"HBSiteLang\":\"en\",\"country\":\"us\",\"region\":\"naam\",\"subRegion\":\"\",\"HBArticle\":6685932,\"HBBlacklist\":\"1\"}'><\/div>\n<\/p><\/div>\n<\/p><\/div>\n<\/p><\/div>\n<\/p><\/div>\n<\/div>\n<p>Antes incluso del tratamiento de fragment design, el Lamdash Palm In Shaver de Panasonic ya era una pieza destacada del dise\u00f1o industrial moderno. Conocido por prescindir del mango tradicional y voluminoso, la afeitadora el\u00e9ctrica con forma de guijarro est\u00e1 dise\u00f1ada para ajustarse ergon\u00f3micamente a la palma de la mano, ofreciendo una experiencia de afeitado intuitiva y muy compacta. Con su huella naturalmente minimalista, sirve como el lienzo perfecto para la filosof\u00eda de dise\u00f1o menos es m\u00e1s de Fujiwara.<\/p>\n<p>En las im\u00e1genes teaser compartidas en las redes sociales, el dispositivo recibe el caracter\u00edstico tratamiento stealth de fragment design. La afeitadora luce un acabado negro mate elegante que transforma por completo su est\u00e9tica. Al romper la apariencia monocrom\u00e1tica, el dispositivo lleva estampado el ic\u00f3nico logotipo de doble rayo de Fujiwara, se\u00f1alando de inmediato su estatus exclusivo y de edici\u00f3n limitada.<\/p>\n<p>Aunque una afeitadora el\u00e9ctrica podr\u00eda parecer un lienzo colaborativo poco convencional, Fujiwara tiene un historial largo y probado de convertir objetos cotidianos de estilo de vida y tecnolog\u00eda \u2014desde laptops hasta art\u00edculos de papeler\u00eda\u2014 en artefactos culturales muy codiciados. Al aplicar su toque de oro al cuidado personal, contin\u00faa demostrando que un dise\u00f1o excepcional puede elevar cualquier aspecto de la vida diaria.<\/p>\n<p>Como se trat\u00f3 simplemente de una filtraci\u00f3n teaser en redes sociales, ni Panasonic ni fragment design han revelado a\u00fan el precio oficial ni una fecha de lanzamiento confirmada. No obstante, dada la expectaci\u00f3n que rodea al logotipo del rayo, los fans deben estar atentos a futuros anuncios en las pr\u00f3ximas semanas.<\/p>\n<blockquote class=\"instagram-media bypass\" style=\"background: #FFF; border: 0; border-radius: 3px; box-shadow: 0 0 1px 0 rgba(0,0,0,0.5),0 1px 10px 0 rgba(0,0,0,0.15); margin: 1px; max-width: 540px; min-width: 326px; padding: 0; width: calc(100% - 2px);\" data-instgrm-captioned=\"\" data-instgrm-permalink=\"https:\/\/www.instagram.com\/p\/DVmlEImkhpW\/?utm_source=ig_embed&amp;utm_campaign=loading\" data-instgrm-version=\"14\">\n<div style=\"padding: 16px;\">\n<p>\u00a0<\/p>\n<div style=\"display: flex; flex-direction: row; align-items: center;\">\n<div style=\"background-color: #f4f4f4; border-radius: 50%; flex-grow: 0; height: 40px; margin-right: 14px; width: 40px;\"><\/div>\n<div style=\"display: flex; flex-direction: column; flex-grow: 1; justify-content: center;\">\n<div style=\"background-color: #f4f4f4; border-radius: 4px; flex-grow: 0; height: 14px; margin-bottom: 6px; width: 100px;\"><\/div>\n<div style=\"background-color: #f4f4f4; border-radius: 4px; flex-grow: 0; height: 14px; width: 60px;\"><\/div>\n<\/div>\n<\/div>\n<div style=\"padding: 19% 0;\"><\/div>\n<div style=\"display: block; height: 50px; margin: 0 auto 12px; width: 50px;\"><\/div>\n<div style=\"padding-top: 8px;\">\n<div style=\"color: #3897f0; font-family: Arial,sans-serif; font-size: 14px; font-style: normal; font-weight: 550; line-height: 18px;\">Ver esta publicaci\u00f3n en Instagram<\/div>\n<\/div>\n<div style=\"padding: 12.5% 0;\"><\/div>\n<div style=\"display: flex; flex-direction: row; margin-bottom: 14px; align-items: center;\">\n<div>\n<div style=\"background-color: #f4f4f4; border-radius: 50%; height: 12.5px; width: 12.5px; transform: translateX(0px) translateY(7px);\"><\/div>\n<div style=\"background-color: #f4f4f4; height: 12.5px; transform: rotate(-45deg) translateX(3px) translateY(1px); width: 12.5px; flex-grow: 0; margin-right: 14px; margin-left: 2px;\"><\/div>\n<div style=\"background-color: #f4f4f4; border-radius: 50%; height: 12.5px; width: 12.5px; transform: translateX(9px) translateY(-18px);\"><\/div>\n<\/div>\n<div style=\"margin-left: 8px;\">\n<div style=\"background-color: #f4f4f4; border-radius: 50%; flex-grow: 0; height: 20px; width: 20px;\"><\/div>\n<div style=\"width: 0; height: 0; border-top: 2px solid transparent; border-left: 6px solid #f4f4f4; border-bottom: 2px solid transparent; transform: translateX(16px) translateY(-4px) rotate(30deg);\"><\/div>\n<\/div>\n<div style=\"margin-left: auto;\">\n<div style=\"width: 0; border-top: 8px solid #F4F4F4; border-right: 8px solid transparent; transform: translateY(16px);\"><\/div>\n<div style=\"background-color: #f4f4f4; flex-grow: 0; height: 12px; width: 16px; transform: translateY(-4px);\"><\/div>\n<div style=\"width: 0; height: 0; border-top: 8px solid #F4F4F4; border-left: 8px solid transparent; transform: translateY(-4px) translateX(8px);\"><\/div>\n<\/div>\n<\/div>\n<div style=\"display: flex; flex-direction: column; flex-grow: 1; justify-content: center; margin-bottom: 24px;\">\n<div style=\"background-color: #f4f4f4; border-radius: 4px; flex-grow: 0; height: 14px; margin-bottom: 6px; width: 224px;\"><\/div>\n<div style=\"background-color: #f4f4f4; border-radius: 4px; flex-grow: 0; height: 14px; width: 144px;\"><\/div>\n<\/div>\n<p>\u00a0<\/p>\n<p style=\"color: #c9c8cd; font-family: Arial,sans-serif; font-size: 14px; line-height: 17px; margin-bottom: 0; margin-top: 8px; overflow: hidden; padding: 8px 0 7px \n\n","protected":false},"excerpt":{"rendered":"<p>La leyenda del streetwear Hiroshi Fujiwara acudi\u00f3 recientemente a su cuenta de Instagram personal para revelar una colaboraci\u00f3n inesperada entre<\/p>\n","protected":false},"author":1,"featured_media":51471,"comment_status":"open","ping_status":"open","sticky":false,"template":"","format":"standard","meta":{"footnotes":""},"categories":[7],"tags":[101,2580,1638,2578,322,1837,2582,2581,1441,2579,2583],"class_list":["post-51470","post","type-post","status-publish","format-standard","has-post-thumbnail","hentry","category-estilo-de-vida","tag-colaboracion","tag-design","tag-fragment","tag-fujiwara","tag-hiroshi","tag-insinua","tag-lamdash","tag-panasonic","tag-posible","tag-relanzamiento","tag-shaver","generate-columns","tablet-grid-50","mobile-grid-100","grid-parent","grid-50"],"yoast_head":"<!-- This site is optimized with the Yoast SEO plugin v26.1.1 - https:\/\/yoast.com\/wordpress\/plugins\/seo\/ -->\n<title>\u00bfHiroshi Fujiwara insin\u00faa un posible relanzamiento de la colaboraci\u00f3n fragment design x Panasonic Lamdash Shaver? - diario22.ar<\/title>\n<meta name=\"robots\" content=\"index, follow, max-snippet:-1, max-image-preview:large, max-video-preview:-1\" \/>\n<link rel=\"canonical\" href=\"https:\/\/www.diario22.ar\/notix2\/hiroshi-fujiwara-insinua-un-posible-relanzamiento-de-la-colaboracion-fragment-design-x-panasonic-lamdash-shaver\/\" \/>\n<meta property=\"og:locale\" content=\"es_ES\" \/>\n<meta property=\"og:type\" content=\"article\" \/>\n<meta property=\"og:title\" content=\"\u00bfHiroshi Fujiwara insin\u00faa un posible relanzamiento de la colaboraci\u00f3n fragment design x Panasonic Lamdash Shaver? - diario22.ar\" \/>\n<meta property=\"og:description\" content=\"La leyenda del streetwear Hiroshi Fujiwara acudi\u00f3 recientemente a su cuenta de Instagram personal para revelar una colaboraci\u00f3n inesperada entre\" \/>\n<meta property=\"og:url\" content=\"https:\/\/www.diario22.ar\/notix2\/hiroshi-fujiwara-insinua-un-posible-relanzamiento-de-la-colaboracion-fragment-design-x-panasonic-lamdash-shaver\/\" \/>\n<meta property=\"og:site_name\" content=\"diario22.ar\" \/>\n<meta property=\"article:published_time\" content=\"2026-03-09T14:35:45+00:00\" \/>\n<meta property=\"article:modified_time\" content=\"2026-03-09T14:35:46+00:00\" \/>\n<meta property=\"og:image\" content=\"https:\/\/www.diario22.ar\/notix2\/wp-content\/uploads\/2026\/03\/\u00bfHiroshi-Fujiwara-insinua-un-posible-relanzamiento-de-la-colaboracion-fragment.com2Fimage2F20262F032F092Fhiroshi-fujiwara-fragment-design-panasonic-la.jpeg\" \/>\n\t<meta property=\"og:image:width\" content=\"1080\" \/>\n\t<meta property=\"og:image:height\" content=\"540\" \/>\n\t<meta property=\"og:image:type\" content=\"image\/jpeg\" \/>\n<meta name=\"author\" content=\"Camila Torres\" \/>\n<meta name=\"twitter:card\" content=\"summary_large_image\" \/>\n<meta name=\"twitter:label1\" content=\"Escrito por\" \/>\n\t<meta name=\"twitter:data1\" content=\"Camila Torres\" \/>\n\t<meta name=\"twitter:label2\" content=\"Tiempo de lectura\" \/>\n\t<meta name=\"twitter:data2\" content=\"2 minutos\" \/>\n<script type=\"application\/ld+json\" class=\"yoast-schema-graph\">{\"@context\":\"https:\/\/schema.org\",\"@graph\":[{\"@type\":\"Article\",\"@id\":\"https:\/\/www.diario22.ar\/notix2\/hiroshi-fujiwara-insinua-un-posible-relanzamiento-de-la-colaboracion-fragment-design-x-panasonic-lamdash-shaver\/#article\",\"isPartOf\":{\"@id\":\"https:\/\/www.diario22.ar\/notix2\/hiroshi-fujiwara-insinua-un-posible-relanzamiento-de-la-colaboracion-fragment-design-x-panasonic-lamdash-shaver\/\"},\"author\":{\"name\":\"Camila Torres\",\"@id\":\"https:\/\/www.diario22.ar\/notix2\/#\/schema\/person\/9266f03a2bd6dca79e788e180fb2deeb\"},\"headline\":\"\u00bfHiroshi Fujiwara insin\u00faa un posible relanzamiento de la colaboraci\u00f3n fragment design x Panasonic Lamdash Shaver?\",\"datePublished\":\"2026-03-09T14:35:45+00:00\",\"dateModified\":\"2026-03-09T14:35:46+00:00\",\"mainEntityOfPage\":{\"@id\":\"https:\/\/www.diario22.ar\/notix2\/hiroshi-fujiwara-insinua-un-posible-relanzamiento-de-la-colaboracion-fragment-design-x-panasonic-lamdash-shaver\/\"},\"wordCount\":453,\"commentCount\":0,\"publisher\":{\"@id\":\"https:\/\/www.diario22.ar\/notix2\/#organization\"},\"image\":{\"@id\":\"https:\/\/www.diario22.ar\/notix2\/hiroshi-fujiwara-insinua-un-posible-relanzamiento-de-la-colaboracion-fragment-design-x-panasonic-lamdash-shaver\/#primaryimage\"},\"thumbnailUrl\":\"https:\/\/www.diario22.ar\/notix2\/wp-content\/uploads\/2026\/03\/\u00bfHiroshi-Fujiwara-insinua-un-posible-relanzamiento-de-la-colaboracion-fragment.com2Fimage2F20262F032F092Fhiroshi-fujiwara-fragment-design-panasonic-la.jpeg\",\"keywords\":[\"colaboraci\u00f3n\",\"design\",\"Fragment\",\"Fujiwara\",\"Hiroshi\",\"insin\u00faa\",\"Lamdash\",\"Panasonic\",\"posible\",\"relanzamiento\",\"Shaver\"],\"articleSection\":[\"Estilo de vida\"],\"inLanguage\":\"es-AR\",\"potentialAction\":[{\"@type\":\"CommentAction\",\"name\":\"Comment\",\"target\":[\"https:\/\/www.diario22.ar\/notix2\/hiroshi-fujiwara-insinua-un-posible-relanzamiento-de-la-colaboracion-fragment-design-x-panasonic-lamdash-shaver\/#respond\"]}]},{\"@type\":\"WebPage\",\"@id\":\"https:\/\/www.diario22.ar\/notix2\/hiroshi-fujiwara-insinua-un-posible-relanzamiento-de-la-colaboracion-fragment-design-x-panasonic-lamdash-shaver\/\",\"url\":\"https:\/\/www.diario22.ar\/notix2\/hiroshi-fujiwara-insinua-un-posible-relanzamiento-de-la-colaboracion-fragment-design-x-panasonic-lamdash-shaver\/\",\"name\":\"\u00bfHiroshi Fujiwara insin\u00faa un posible relanzamiento de la colaboraci\u00f3n fragment design x Panasonic Lamdash Shaver? - diario22.ar\",\"isPartOf\":{\"@id\":\"https:\/\/www.diario22.ar\/notix2\/#website\"},\"primaryImageOfPage\":{\"@id\":\"https:\/\/www.diario22.ar\/notix2\/hiroshi-fujiwara-insinua-un-posible-relanzamiento-de-la-colaboracion-fragment-design-x-panasonic-lamdash-shaver\/#primaryimage\"},\"image\":{\"@id\":\"https:\/\/www.diario22.ar\/notix2\/hiroshi-fujiwara-insinua-un-posible-relanzamiento-de-la-colaboracion-fragment-design-x-panasonic-lamdash-shaver\/#primaryimage\"},\"thumbnailUrl\":\"https:\/\/www.diario22.ar\/notix2\/wp-content\/uploads\/2026\/03\/\u00bfHiroshi-Fujiwara-insinua-un-posible-relanzamiento-de-la-colaboracion-fragment.com2Fimage2F20262F032F092Fhiroshi-fujiwara-fragment-design-panasonic-la.jpeg\",\"datePublished\":\"2026-03-09T14:35:45+00:00\",\"dateModified\":\"2026-03-09T14:35:46+00:00\",\"breadcrumb\":{\"@id\":\"https:\/\/www.diario22.ar\/notix2\/hiroshi-fujiwara-insinua-un-posible-relanzamiento-de-la-colaboracion-fragment-design-x-panasonic-lamdash-shaver\/#breadcrumb\"},\"inLanguage\":\"es-AR\",\"potentialAction\":[{\"@type\":\"ReadAction\",\"target\":[\"https:\/\/www.diario22.ar\/notix2\/hiroshi-fujiwara-insinua-un-posible-relanzamiento-de-la-colaboracion-fragment-design-x-panasonic-lamdash-shaver\/\"]}]},{\"@type\":\"ImageObject\",\"inLanguage\":\"es-AR\",\"@id\":\"https:\/\/www.diario22.ar\/notix2\/hiroshi-fujiwara-insinua-un-posible-relanzamiento-de-la-colaboracion-fragment-design-x-panasonic-lamdash-shaver\/#primaryimage\",\"url\":\"https:\/\/www.diario22.ar\/notix2\/wp-content\/uploads\/2026\/03\/\u00bfHiroshi-Fujiwara-insinua-un-posible-relanzamiento-de-la-colaboracion-fragment.com2Fimage2F20262F032F092Fhiroshi-fujiwara-fragment-design-panasonic-la.jpeg\",\"contentUrl\":\"https:\/\/www.diario22.ar\/notix2\/wp-content\/uploads\/2026\/03\/\u00bfHiroshi-Fujiwara-insinua-un-posible-relanzamiento-de-la-colaboracion-fragment.com2Fimage2F20262F032F092Fhiroshi-fujiwara-fragment-design-panasonic-la.jpeg\",\"width\":1080,\"height\":540},{\"@type\":\"BreadcrumbList\",\"@id\":\"https:\/\/www.diario22.ar\/notix2\/hiroshi-fujiwara-insinua-un-posible-relanzamiento-de-la-colaboracion-fragment-design-x-panasonic-lamdash-shaver\/#breadcrumb\",\"itemListElement\":[{\"@type\":\"ListItem\",\"position\":1,\"name\":\"Home\",\"item\":\"https:\/\/www.diario22.ar\/notix2\/\"},{\"@type\":\"ListItem\",\"position\":2,\"name\":\"\u00bfHiroshi Fujiwara insin\u00faa un posible relanzamiento de la colaboraci\u00f3n fragment design x Panasonic Lamdash Shaver?\"}]},{\"@type\":\"WebSite\",\"@id\":\"https:\/\/www.diario22.ar\/notix2\/#website\",\"url\":\"https:\/\/www.diario22.ar\/notix2\/\",\"name\":\"diario22.ar\",\"description\":\"Vive hoy &amp; descubre lo que viene\",\"publisher\":{\"@id\":\"https:\/\/www.diario22.ar\/notix2\/#organization\"},\"potentialAction\":[{\"@type\":\"SearchAction\",\"target\":{\"@type\":\"EntryPoint\",\"urlTemplate\":\"https:\/\/www.diario22.ar\/notix2\/?s={search_term_string}\"},\"query-input\":{\"@type\":\"PropertyValueSpecification\",\"valueRequired\":true,\"valueName\":\"search_term_string\"}}],\"inLanguage\":\"es-AR\"},{\"@type\":\"Organization\",\"@id\":\"https:\/\/www.diario22.ar\/notix2\/#organization\",\"name\":\"diario22.ar\",\"url\":\"https:\/\/www.diario22.ar\/notix2\/\",\"logo\":{\"@type\":\"ImageObject\",\"inLanguage\":\"es-AR\",\"@id\":\"https:\/\/www.diario22.ar\/notix2\/#\/schema\/logo\/image\/\",\"url\":\"https:\/\/www.diario22.ar\/notix2\/wp-content\/uploads\/2025\/10\/cropped-Publish-1.png\",\"contentUrl\":\"https:\/\/www.diario22.ar\/notix2\/wp-content\/uploads\/2025\/10\/cropped-Publish-1.png\",\"width\":1560,\"height\":722,\"caption\":\"diario22.ar\"},\"image\":{\"@id\":\"https:\/\/www.diario22.ar\/notix2\/#\/schema\/logo\/image\/\"}},{\"@type\":\"Person\",\"@id\":\"https:\/\/www.diario22.ar\/notix2\/#\/schema\/person\/9266f03a2bd6dca79e788e180fb2deeb\",\"name\":\"Camila Torres\",\"image\":{\"@type\":\"ImageObject\",\"inLanguage\":\"es-AR\",\"@id\":\"https:\/\/www.diario22.ar\/notix2\/#\/schema\/person\/image\/\",\"url\":\"https:\/\/www.diario22.ar\/notix2\/wp-content\/uploads\/2025\/10\/diario22.ar-3-150x150.png\",\"contentUrl\":\"https:\/\/www.diario22.ar\/notix2\/wp-content\/uploads\/2025\/10\/diario22.ar-3-150x150.png\",\"caption\":\"Camila Torres\"},\"description\":\"Soy periodista y redactora en Diario22.ar, apasionada por las historias que conectan la actualidad con la gente. Me form\u00e9 en comunicaci\u00f3n social en Buenos Aires y desde entonces busco darle voz a lo cotidiano, con una mirada curiosa y humana. Creo que el periodismo no solo informa: tambi\u00e9n inspira y transforma.\",\"sameAs\":[\"https:\/\/www.diario22.ar\/notix2\"]}]}<\/script>\n<!-- \/ Yoast SEO plugin. -->","yoast_head_json":{"title":"\u00bfHiroshi Fujiwara insin\u00faa un posible relanzamiento de la colaboraci\u00f3n fragment design x Panasonic Lamdash Shaver? - diario22.ar","robots":{"index":"index","follow":"follow","max-snippet":"max-snippet:-1","max-image-preview":"max-image-preview:large","max-video-preview":"max-video-preview:-1"},"canonical":"https:\/\/www.diario22.ar\/notix2\/hiroshi-fujiwara-insinua-un-posible-relanzamiento-de-la-colaboracion-fragment-design-x-panasonic-lamdash-shaver\/","og_locale":"es_ES","og_type":"article","og_title":"\u00bfHiroshi Fujiwara insin\u00faa un posible relanzamiento de la colaboraci\u00f3n fragment design x Panasonic Lamdash Shaver? - diario22.ar","og_description":"La leyenda del streetwear Hiroshi Fujiwara acudi\u00f3 recientemente a su cuenta de Instagram personal para revelar una colaboraci\u00f3n inesperada entre","og_url":"https:\/\/www.diario22.ar\/notix2\/hiroshi-fujiwara-insinua-un-posible-relanzamiento-de-la-colaboracion-fragment-design-x-panasonic-lamdash-shaver\/","og_site_name":"diario22.ar","article_published_time":"2026-03-09T14:35:45+00:00","article_modified_time":"2026-03-09T14:35:46+00:00","og_image":[{"width":1080,"height":540,"url":"https:\/\/www.diario22.ar\/notix2\/wp-content\/uploads\/2026\/03\/\u00bfHiroshi-Fujiwara-insinua-un-posible-relanzamiento-de-la-colaboracion-fragment.com2Fimage2F20262F032F092Fhiroshi-fujiwara-fragment-design-panasonic-la.jpeg","type":"image\/jpeg"}],"author":"Camila Torres","twitter_card":"summary_large_image","twitter_misc":{"Escrito por":"Camila Torres","Tiempo de lectura":"2 minutos"},"schema":{"@context":"https:\/\/schema.org","@graph":[{"@type":"Article","@id":"https:\/\/www.diario22.ar\/notix2\/hiroshi-fujiwara-insinua-un-posible-relanzamiento-de-la-colaboracion-fragment-design-x-panasonic-lamdash-shaver\/#article","isPartOf":{"@id":"https:\/\/www.diario22.ar\/notix2\/hiroshi-fujiwara-insinua-un-posible-relanzamiento-de-la-colaboracion-fragment-design-x-panasonic-lamdash-shaver\/"},"author":{"name":"Camila Torres","@id":"https:\/\/www.diario22.ar\/notix2\/#\/schema\/person\/9266f03a2bd6dca79e788e180fb2deeb"},"headline":"\u00bfHiroshi Fujiwara insin\u00faa un posible relanzamiento de la colaboraci\u00f3n fragment design x Panasonic Lamdash Shaver?","datePublished":"2026-03-09T14:35:45+00:00","dateModified":"2026-03-09T14:35:46+00:00","mainEntityOfPage":{"@id":"https:\/\/www.diario22.ar\/notix2\/hiroshi-fujiwara-insinua-un-posible-relanzamiento-de-la-colaboracion-fragment-design-x-panasonic-lamdash-shaver\/"},"wordCount":453,"commentCount":0,"publisher":{"@id":"https:\/\/www.diario22.ar\/notix2\/#organization"},"image":{"@id":"https:\/\/www.diario22.ar\/notix2\/hiroshi-fujiwara-insinua-un-posible-relanzamiento-de-la-colaboracion-fragment-design-x-panasonic-lamdash-shaver\/#primaryimage"},"thumbnailUrl":"https:\/\/www.diario22.ar\/notix2\/wp-content\/uploads\/2026\/03\/\u00bfHiroshi-Fujiwara-insinua-un-posible-relanzamiento-de-la-colaboracion-fragment.com2Fimage2F20262F032F092Fhiroshi-fujiwara-fragment-design-panasonic-la.jpeg","keywords":["colaboraci\u00f3n","design","Fragment","Fujiwara","Hiroshi","insin\u00faa","Lamdash","Panasonic","posible","relanzamiento","Shaver"],"articleSection":["Estilo de vida"],"inLanguage":"es-AR","potentialAction":[{"@type":"CommentAction","name":"Comment","target":["https:\/\/www.diario22.ar\/notix2\/hiroshi-fujiwara-insinua-un-posible-relanzamiento-de-la-colaboracion-fragment-design-x-panasonic-lamdash-shaver\/#respond"]}]},{"@type":"WebPage","@id":"https:\/\/www.diario22.ar\/notix2\/hiroshi-fujiwara-insinua-un-posible-relanzamiento-de-la-colaboracion-fragment-design-x-panasonic-lamdash-shaver\/","url":"https:\/\/www.diario22.ar\/notix2\/hiroshi-fujiwara-insinua-un-posible-relanzamiento-de-la-colaboracion-fragment-design-x-panasonic-lamdash-shaver\/","name":"\u00bfHiroshi Fujiwara insin\u00faa un posible relanzamiento de la colaboraci\u00f3n fragment design x Panasonic Lamdash Shaver? - diario22.ar","isPartOf":{"@id":"https:\/\/www.diario22.ar\/notix2\/#website"},"primaryImageOfPage":{"@id":"https:\/\/www.diario22.ar\/notix2\/hiroshi-fujiwara-insinua-un-posible-relanzamiento-de-la-colaboracion-fragment-design-x-panasonic-lamdash-shaver\/#primaryimage"},"image":{"@id":"https:\/\/www.diario22.ar\/notix2\/hiroshi-fujiwara-insinua-un-posible-relanzamiento-de-la-colaboracion-fragment-design-x-panasonic-lamdash-shaver\/#primaryimage"},"thumbnailUrl":"https:\/\/www.diario22.ar\/notix2\/wp-content\/uploads\/2026\/03\/\u00bfHiroshi-Fujiwara-insinua-un-posible-relanzamiento-de-la-colaboracion-fragment.com2Fimage2F20262F032F092Fhiroshi-fujiwara-fragment-design-panasonic-la.jpeg","datePublished":"2026-03-09T14:35:45+00:00","dateModified":"2026-03-09T14:35:46+00:00","breadcrumb":{"@id":"https:\/\/www.diario22.ar\/notix2\/hiroshi-fujiwara-insinua-un-posible-relanzamiento-de-la-colaboracion-fragment-design-x-panasonic-lamdash-shaver\/#breadcrumb"},"inLanguage":"es-AR","potentialAction":[{"@type":"ReadAction","target":["https:\/\/www.diario22.ar\/notix2\/hiroshi-fujiwara-insinua-un-posible-relanzamiento-de-la-colaboracion-fragment-design-x-panasonic-lamdash-shaver\/"]}]},{"@type":"ImageObject","inLanguage":"es-AR","@id":"https:\/\/www.diario22.ar\/notix2\/hiroshi-fujiwara-insinua-un-posible-relanzamiento-de-la-colaboracion-fragment-design-x-panasonic-lamdash-shaver\/#primaryimage","url":"https:\/\/www.diario22.ar\/notix2\/wp-content\/uploads\/2026\/03\/\u00bfHiroshi-Fujiwara-insinua-un-posible-relanzamiento-de-la-colaboracion-fragment.com2Fimage2F20262F032F092Fhiroshi-fujiwara-fragment-design-panasonic-la.jpeg","contentUrl":"https:\/\/www.diario22.ar\/notix2\/wp-content\/uploads\/2026\/03\/\u00bfHiroshi-Fujiwara-insinua-un-posible-relanzamiento-de-la-colaboracion-fragment.com2Fimage2F20262F032F092Fhiroshi-fujiwara-fragment-design-panasonic-la.jpeg","width":1080,"height":540},{"@type":"BreadcrumbList","@id":"https:\/\/www.diario22.ar\/notix2\/hiroshi-fujiwara-insinua-un-posible-relanzamiento-de-la-colaboracion-fragment-design-x-panasonic-lamdash-shaver\/#breadcrumb","itemListElement":[{"@type":"ListItem","position":1,"name":"Home","item":"https:\/\/www.diario22.ar\/notix2\/"},{"@type":"ListItem","position":2,"name":"\u00bfHiroshi Fujiwara insin\u00faa un posible relanzamiento de la colaboraci\u00f3n fragment design x Panasonic Lamdash Shaver?"}]},{"@type":"WebSite","@id":"https:\/\/www.diario22.ar\/notix2\/#website","url":"https:\/\/www.diario22.ar\/notix2\/","name":"diario22.ar","description":"Vive hoy &amp; descubre lo que viene","publisher":{"@id":"https:\/\/www.diario22.ar\/notix2\/#organization"},"potentialAction":[{"@type":"SearchAction","target":{"@type":"EntryPoint","urlTemplate":"https:\/\/www.diario22.ar\/notix2\/?s={search_term_string}"},"query-input":{"@type":"PropertyValueSpecification","valueRequired":true,"valueName":"search_term_string"}}],"inLanguage":"es-AR"},{"@type":"Organization","@id":"https:\/\/www.diario22.ar\/notix2\/#organization","name":"diario22.ar","url":"https:\/\/www.diario22.ar\/notix2\/","logo":{"@type":"ImageObject","inLanguage":"es-AR","@id":"https:\/\/www.diario22.ar\/notix2\/#\/schema\/logo\/image\/","url":"https:\/\/www.diario22.ar\/notix2\/wp-content\/uploads\/2025\/10\/cropped-Publish-1.png","contentUrl":"https:\/\/www.diario22.ar\/notix2\/wp-content\/uploads\/2025\/10\/cropped-Publish-1.png","width":1560,"height":722,"caption":"diario22.ar"},"image":{"@id":"https:\/\/www.diario22.ar\/notix2\/#\/schema\/logo\/image\/"}},{"@type":"Person","@id":"https:\/\/www.diario22.ar\/notix2\/#\/schema\/person\/9266f03a2bd6dca79e788e180fb2deeb","name":"Camila Torres","image":{"@type":"ImageObject","inLanguage":"es-AR","@id":"https:\/\/www.diario22.ar\/notix2\/#\/schema\/person\/image\/","url":"https:\/\/www.diario22.ar\/notix2\/wp-content\/uploads\/2025\/10\/diario22.ar-3-150x150.png","contentUrl":"https:\/\/www.diario22.ar\/notix2\/wp-content\/uploads\/2025\/10\/diario22.ar-3-150x150.png","caption":"Camila Torres"},"description":"Soy periodista y redactora en Diario22.ar, apasionada por las historias que conectan la actualidad con la gente. Me form\u00e9 en comunicaci\u00f3n social en Buenos Aires y desde entonces busco darle voz a lo cotidiano, con una mirada curiosa y humana. Creo que el periodismo no solo informa: tambi\u00e9n inspira y transforma.","sameAs":["https:\/\/www.diario22.ar\/notix2"]}]}},"_links":{"self":[{"href":"https:\/\/www.diario22.ar\/notix2\/wp-json\/wp\/v2\/posts\/51470","targetHints":{"allow":["GET"]}}],"collection":[{"href":"https:\/\/www.diario22.ar\/notix2\/wp-json\/wp\/v2\/posts"}],"about":[{"href":"https:\/\/www.diario22.ar\/notix2\/wp-json\/wp\/v2\/types\/post"}],"author":[{"embeddable":true,"href":"https:\/\/www.diario22.ar\/notix2\/wp-json\/wp\/v2\/users\/1"}],"replies":[{"embeddable":true,"href":"https:\/\/www.diario22.ar\/notix2\/wp-json\/wp\/v2\/comments?post=51470"}],"version-history":[{"count":1,"href":"https:\/\/www.diario22.ar\/notix2\/wp-json\/wp\/v2\/posts\/51470\/revisions"}],"predecessor-version":[{"id":51472,"href":"https:\/\/www.diario22.ar\/notix2\/wp-json\/wp\/v2\/posts\/51470\/revisions\/51472"}],"wp:featuredmedia":[{"embeddable":true,"href":"https:\/\/www.diario22.ar\/notix2\/wp-json\/wp\/v2\/media\/51471"}],"wp:attachment":[{"href":"https:\/\/www.diario22.ar\/notix2\/wp-json\/wp\/v2\/media?parent=51470"}],"wp:term":[{"taxonomy":"category","embeddable":true,"href":"https:\/\/www.diario22.ar\/notix2\/wp-json\/wp\/v2\/categories?post=51470"},{"taxonomy":"post_tag","embeddable":true,"href":"https:\/\/www.diario22.ar\/notix2\/wp-json\/wp\/v2\/tags?post=51470"}],"curies":[{"name":"wp","href":"https:\/\/api.w.org\/{rel}","templated":true}]}}