{"id":51467,"date":"2026-03-09T07:35:09","date_gmt":"2026-03-09T10:35:09","guid":{"rendered":"https:\/\/www.diario22.ar\/notix2\/ifpi-nombra-a-drake-como-el-rapero-que-mas-vende-en-2025\/"},"modified":"2026-03-09T07:35:10","modified_gmt":"2026-03-09T10:35:10","slug":"ifpi-nombra-a-drake-como-el-rapero-que-mas-vende-en-2025","status":"publish","type":"post","link":"https:\/\/www.diario22.ar\/notix2\/ifpi-nombra-a-drake-como-el-rapero-que-mas-vende-en-2025\/","title":{"rendered":"IFPI nombra a Drake como el rapero que m\u00e1s vende en 2025"},"content":{"rendered":"<p>Drake ha sido oficialmente nombrado el rapero m\u00e1s vendido de 2025 por la Federaci\u00f3n Internacional de la Industria Fonogr\u00e1fica (IFPI), extendiendo su dominio a 11 a\u00f1os consecutivos. El artista canadiense de Toronto contin\u00faa afianzando su legado dentro de la industria musical, asegurando el tercer puesto en la clasificaci\u00f3n global, justo por detr\u00e1s de Taylor Swift y Stray Kids, mientras supera a contempor\u00e1neos del hip-hop entre los 20 primeros como Kendrick Lamar, Tyler, the Creator y Eminem.<\/p>\n<div>\n<div class=\"inner-container\">\n<div class=\"inner-content\">\n<div class=\"adunit-wrapper\">\n<div class=\"in-content-ad-outer\">\n<p><!-- Tag ID: HBENGLOB_ATF_INCONTENT --><\/p>\n<div class=\"adunit in-content lazy-load no-init\" data-freestar-ad=\"__300x250\" data-adunit=\"HBENGLOB_ATF_INCONTENT\" data-targeting='{\"HBSiteLoc\":[\"ros\",\"article\"],\"HBSiteCat\":[\"music\",\"drake\",\"ifpi\"],\"HBSitePage\":\"0\",\"HBSiteLang\":\"en\",\"country\":\"us\",\"region\":\"naam\",\"subRegion\":\"\",\"HBArticle\":6675617,\"HBBlacklist\":\"1\"}'><\/div>\n<\/p><\/div>\n<\/p><\/div>\n<\/p><\/div>\n<\/p><\/div>\n<\/div>\n<p>Este \u00faltimo logro global coincide con un hito digital hist\u00f3rico para el rapero. A principios de este mes, Drake bati\u00f3 r\u00e9cords en Spotify al convertirse en el primer artista en la historia de la plataforma en acumular 300 canciones con m\u00e1s de 100 millones de reproducciones. Seg\u00fan informes, el rapero m\u00e1s cercano tiene menos de la mitad de esa cifra. Tambi\u00e9n se convirti\u00f3 en el primer rapero en superar los 2.000 millones de reproducciones en Spotify en 2026.\n<\/p>\n<p>Los galardones acumulados est\u00e1n impulsando la expectaci\u00f3n por el noveno \u00e1lbum de estudio de Drake, <em>ICEMAN<\/em>. Aunque no se ha confirmado una fecha de lanzamiento oficial, la actividad reciente en redes sociales sugiere que el proyecto est\u00e1 pr\u00f3ximo. El artista public\u00f3 recientemente en su Historia de Instagram un video cr\u00edptico comentando sobre la temperatura helada, escribiendo: \u201cA punto de ocurrir.\u201d<\/p>\n","protected":false},"excerpt":{"rendered":"<p>Drake ha sido oficialmente nombrado el rapero m\u00e1s vendido de 2025 por la Federaci\u00f3n Internacional de la Industria Fonogr\u00e1fica (IFPI),<\/p>\n","protected":false},"author":1,"featured_media":51468,"comment_status":"open","ping_status":"open","sticky":false,"template":"","format":"standard","meta":{"footnotes":""},"categories":[5],"tags":[280,356,2576,79,2360,2577,888],"class_list":["post-51467","post","type-post","status-publish","format-standard","has-post-thumbnail","hentry","category-musica","tag-como","tag-drake","tag-ifpi","tag-mas","tag-nombra","tag-rapero","tag-vende","generate-columns","tablet-grid-50","mobile-grid-100","grid-parent","grid-50"],"yoast_head":"<!-- This site is optimized with the Yoast SEO plugin v26.1.1 - https:\/\/yoast.com\/wordpress\/plugins\/seo\/ -->\n<title>IFPI nombra a Drake como el rapero que m\u00e1s vende en 2025 - diario22.ar<\/title>\n<meta name=\"robots\" content=\"index, follow, max-snippet:-1, max-image-preview:large, max-video-preview:-1\" \/>\n<link rel=\"canonical\" href=\"https:\/\/www.diario22.ar\/notix2\/ifpi-nombra-a-drake-como-el-rapero-que-mas-vende-en-2025\/\" \/>\n<meta property=\"og:locale\" content=\"es_ES\" \/>\n<meta property=\"og:type\" content=\"article\" \/>\n<meta property=\"og:title\" content=\"IFPI nombra a Drake como el rapero que m\u00e1s vende en 2025 - diario22.ar\" \/>\n<meta property=\"og:description\" content=\"Drake ha sido oficialmente nombrado el rapero m\u00e1s vendido de 2025 por la Federaci\u00f3n Internacional de la Industria Fonogr\u00e1fica (IFPI),\" \/>\n<meta property=\"og:url\" content=\"https:\/\/www.diario22.ar\/notix2\/ifpi-nombra-a-drake-como-el-rapero-que-mas-vende-en-2025\/\" \/>\n<meta property=\"og:site_name\" content=\"diario22.ar\" \/>\n<meta property=\"article:published_time\" content=\"2026-03-09T10:35:09+00:00\" \/>\n<meta property=\"article:modified_time\" content=\"2026-03-09T10:35:10+00:00\" \/>\n<meta property=\"og:image\" content=\"https:\/\/www.diario22.ar\/notix2\/wp-content\/uploads\/2026\/03\/IFPI-nombra-a-Drake-como-el-rapero-que-mas-vende.jpg\" \/>\n\t<meta property=\"og:image:width\" content=\"1000\" \/>\n\t<meta property=\"og:image:height\" content=\"500\" \/>\n\t<meta property=\"og:image:type\" content=\"image\/jpeg\" \/>\n<meta name=\"author\" content=\"Camila Torres\" \/>\n<meta name=\"twitter:card\" content=\"summary_large_image\" \/>\n<meta name=\"twitter:label1\" content=\"Escrito por\" \/>\n\t<meta name=\"twitter:data1\" content=\"Camila Torres\" \/>\n\t<meta name=\"twitter:label2\" content=\"Tiempo de lectura\" \/>\n\t<meta name=\"twitter:data2\" content=\"1 minuto\" \/>\n<script type=\"application\/ld+json\" class=\"yoast-schema-graph\">{\"@context\":\"https:\/\/schema.org\",\"@graph\":[{\"@type\":\"Article\",\"@id\":\"https:\/\/www.diario22.ar\/notix2\/ifpi-nombra-a-drake-como-el-rapero-que-mas-vende-en-2025\/#article\",\"isPartOf\":{\"@id\":\"https:\/\/www.diario22.ar\/notix2\/ifpi-nombra-a-drake-como-el-rapero-que-mas-vende-en-2025\/\"},\"author\":{\"name\":\"Camila Torres\",\"@id\":\"https:\/\/www.diario22.ar\/notix2\/#\/schema\/person\/9266f03a2bd6dca79e788e180fb2deeb\"},\"headline\":\"IFPI nombra a Drake como el rapero que m\u00e1s vende en 2025\",\"datePublished\":\"2026-03-09T10:35:09+00:00\",\"dateModified\":\"2026-03-09T10:35:10+00:00\",\"mainEntityOfPage\":{\"@id\":\"https:\/\/www.diario22.ar\/notix2\/ifpi-nombra-a-drake-como-el-rapero-que-mas-vende-en-2025\/\"},\"wordCount\":237,\"commentCount\":0,\"publisher\":{\"@id\":\"https:\/\/www.diario22.ar\/notix2\/#organization\"},\"image\":{\"@id\":\"https:\/\/www.diario22.ar\/notix2\/ifpi-nombra-a-drake-como-el-rapero-que-mas-vende-en-2025\/#primaryimage\"},\"thumbnailUrl\":\"https:\/\/www.diario22.ar\/notix2\/wp-content\/uploads\/2026\/03\/IFPI-nombra-a-Drake-como-el-rapero-que-mas-vende.jpg\",\"keywords\":[\"C\u00f3mo\",\"Drake\",\"IFPI\",\"m\u00e1s\",\"nombra\",\"rapero\",\"vende\"],\"articleSection\":[\"M\u00fasica\"],\"inLanguage\":\"es-AR\",\"potentialAction\":[{\"@type\":\"CommentAction\",\"name\":\"Comment\",\"target\":[\"https:\/\/www.diario22.ar\/notix2\/ifpi-nombra-a-drake-como-el-rapero-que-mas-vende-en-2025\/#respond\"]}]},{\"@type\":\"WebPage\",\"@id\":\"https:\/\/www.diario22.ar\/notix2\/ifpi-nombra-a-drake-como-el-rapero-que-mas-vende-en-2025\/\",\"url\":\"https:\/\/www.diario22.ar\/notix2\/ifpi-nombra-a-drake-como-el-rapero-que-mas-vende-en-2025\/\",\"name\":\"IFPI nombra a Drake como el rapero que m\u00e1s vende en 2025 - diario22.ar\",\"isPartOf\":{\"@id\":\"https:\/\/www.diario22.ar\/notix2\/#website\"},\"primaryImageOfPage\":{\"@id\":\"https:\/\/www.diario22.ar\/notix2\/ifpi-nombra-a-drake-como-el-rapero-que-mas-vende-en-2025\/#primaryimage\"},\"image\":{\"@id\":\"https:\/\/www.diario22.ar\/notix2\/ifpi-nombra-a-drake-como-el-rapero-que-mas-vende-en-2025\/#primaryimage\"},\"thumbnailUrl\":\"https:\/\/www.diario22.ar\/notix2\/wp-content\/uploads\/2026\/03\/IFPI-nombra-a-Drake-como-el-rapero-que-mas-vende.jpg\",\"datePublished\":\"2026-03-09T10:35:09+00:00\",\"dateModified\":\"2026-03-09T10:35:10+00:00\",\"breadcrumb\":{\"@id\":\"https:\/\/www.diario22.ar\/notix2\/ifpi-nombra-a-drake-como-el-rapero-que-mas-vende-en-2025\/#breadcrumb\"},\"inLanguage\":\"es-AR\",\"potentialAction\":[{\"@type\":\"ReadAction\",\"target\":[\"https:\/\/www.diario22.ar\/notix2\/ifpi-nombra-a-drake-como-el-rapero-que-mas-vende-en-2025\/\"]}]},{\"@type\":\"ImageObject\",\"inLanguage\":\"es-AR\",\"@id\":\"https:\/\/www.diario22.ar\/notix2\/ifpi-nombra-a-drake-como-el-rapero-que-mas-vende-en-2025\/#primaryimage\",\"url\":\"https:\/\/www.diario22.ar\/notix2\/wp-content\/uploads\/2026\/03\/IFPI-nombra-a-Drake-como-el-rapero-que-mas-vende.jpg\",\"contentUrl\":\"https:\/\/www.diario22.ar\/notix2\/wp-content\/uploads\/2026\/03\/IFPI-nombra-a-Drake-como-el-rapero-que-mas-vende.jpg\",\"width\":1000,\"height\":500},{\"@type\":\"BreadcrumbList\",\"@id\":\"https:\/\/www.diario22.ar\/notix2\/ifpi-nombra-a-drake-como-el-rapero-que-mas-vende-en-2025\/#breadcrumb\",\"itemListElement\":[{\"@type\":\"ListItem\",\"position\":1,\"name\":\"Home\",\"item\":\"https:\/\/www.diario22.ar\/notix2\/\"},{\"@type\":\"ListItem\",\"position\":2,\"name\":\"IFPI nombra a Drake como el rapero que m\u00e1s vende en 2025\"}]},{\"@type\":\"WebSite\",\"@id\":\"https:\/\/www.diario22.ar\/notix2\/#website\",\"url\":\"https:\/\/www.diario22.ar\/notix2\/\",\"name\":\"diario22.ar\",\"description\":\"Vive hoy &amp; descubre lo que viene\",\"publisher\":{\"@id\":\"https:\/\/www.diario22.ar\/notix2\/#organization\"},\"potentialAction\":[{\"@type\":\"SearchAction\",\"target\":{\"@type\":\"EntryPoint\",\"urlTemplate\":\"https:\/\/www.diario22.ar\/notix2\/?s={search_term_string}\"},\"query-input\":{\"@type\":\"PropertyValueSpecification\",\"valueRequired\":true,\"valueName\":\"search_term_string\"}}],\"inLanguage\":\"es-AR\"},{\"@type\":\"Organization\",\"@id\":\"https:\/\/www.diario22.ar\/notix2\/#organization\",\"name\":\"diario22.ar\",\"url\":\"https:\/\/www.diario22.ar\/notix2\/\",\"logo\":{\"@type\":\"ImageObject\",\"inLanguage\":\"es-AR\",\"@id\":\"https:\/\/www.diario22.ar\/notix2\/#\/schema\/logo\/image\/\",\"url\":\"https:\/\/www.diario22.ar\/notix2\/wp-content\/uploads\/2025\/10\/cropped-Publish-1.png\",\"contentUrl\":\"https:\/\/www.diario22.ar\/notix2\/wp-content\/uploads\/2025\/10\/cropped-Publish-1.png\",\"width\":1560,\"height\":722,\"caption\":\"diario22.ar\"},\"image\":{\"@id\":\"https:\/\/www.diario22.ar\/notix2\/#\/schema\/logo\/image\/\"}},{\"@type\":\"Person\",\"@id\":\"https:\/\/www.diario22.ar\/notix2\/#\/schema\/person\/9266f03a2bd6dca79e788e180fb2deeb\",\"name\":\"Camila Torres\",\"image\":{\"@type\":\"ImageObject\",\"inLanguage\":\"es-AR\",\"@id\":\"https:\/\/www.diario22.ar\/notix2\/#\/schema\/person\/image\/\",\"url\":\"https:\/\/www.diario22.ar\/notix2\/wp-content\/uploads\/2025\/10\/diario22.ar-3-150x150.png\",\"contentUrl\":\"https:\/\/www.diario22.ar\/notix2\/wp-content\/uploads\/2025\/10\/diario22.ar-3-150x150.png\",\"caption\":\"Camila Torres\"},\"description\":\"Soy periodista y redactora en Diario22.ar, apasionada por las historias que conectan la actualidad con la gente. Me form\u00e9 en comunicaci\u00f3n social en Buenos Aires y desde entonces busco darle voz a lo cotidiano, con una mirada curiosa y humana. Creo que el periodismo no solo informa: tambi\u00e9n inspira y transforma.\",\"sameAs\":[\"https:\/\/www.diario22.ar\/notix2\"]}]}<\/script>\n<!-- \/ Yoast SEO plugin. -->","yoast_head_json":{"title":"IFPI nombra a Drake como el rapero que m\u00e1s vende en 2025 - diario22.ar","robots":{"index":"index","follow":"follow","max-snippet":"max-snippet:-1","max-image-preview":"max-image-preview:large","max-video-preview":"max-video-preview:-1"},"canonical":"https:\/\/www.diario22.ar\/notix2\/ifpi-nombra-a-drake-como-el-rapero-que-mas-vende-en-2025\/","og_locale":"es_ES","og_type":"article","og_title":"IFPI nombra a Drake como el rapero que m\u00e1s vende en 2025 - diario22.ar","og_description":"Drake ha sido oficialmente nombrado el rapero m\u00e1s vendido de 2025 por la Federaci\u00f3n Internacional de la Industria Fonogr\u00e1fica (IFPI),","og_url":"https:\/\/www.diario22.ar\/notix2\/ifpi-nombra-a-drake-como-el-rapero-que-mas-vende-en-2025\/","og_site_name":"diario22.ar","article_published_time":"2026-03-09T10:35:09+00:00","article_modified_time":"2026-03-09T10:35:10+00:00","og_image":[{"width":1000,"height":500,"url":"https:\/\/www.diario22.ar\/notix2\/wp-content\/uploads\/2026\/03\/IFPI-nombra-a-Drake-como-el-rapero-que-mas-vende.jpg","type":"image\/jpeg"}],"author":"Camila Torres","twitter_card":"summary_large_image","twitter_misc":{"Escrito por":"Camila Torres","Tiempo de lectura":"1 minuto"},"schema":{"@context":"https:\/\/schema.org","@graph":[{"@type":"Article","@id":"https:\/\/www.diario22.ar\/notix2\/ifpi-nombra-a-drake-como-el-rapero-que-mas-vende-en-2025\/#article","isPartOf":{"@id":"https:\/\/www.diario22.ar\/notix2\/ifpi-nombra-a-drake-como-el-rapero-que-mas-vende-en-2025\/"},"author":{"name":"Camila Torres","@id":"https:\/\/www.diario22.ar\/notix2\/#\/schema\/person\/9266f03a2bd6dca79e788e180fb2deeb"},"headline":"IFPI nombra a Drake como el rapero que m\u00e1s vende en 2025","datePublished":"2026-03-09T10:35:09+00:00","dateModified":"2026-03-09T10:35:10+00:00","mainEntityOfPage":{"@id":"https:\/\/www.diario22.ar\/notix2\/ifpi-nombra-a-drake-como-el-rapero-que-mas-vende-en-2025\/"},"wordCount":237,"commentCount":0,"publisher":{"@id":"https:\/\/www.diario22.ar\/notix2\/#organization"},"image":{"@id":"https:\/\/www.diario22.ar\/notix2\/ifpi-nombra-a-drake-como-el-rapero-que-mas-vende-en-2025\/#primaryimage"},"thumbnailUrl":"https:\/\/www.diario22.ar\/notix2\/wp-content\/uploads\/2026\/03\/IFPI-nombra-a-Drake-como-el-rapero-que-mas-vende.jpg","keywords":["C\u00f3mo","Drake","IFPI","m\u00e1s","nombra","rapero","vende"],"articleSection":["M\u00fasica"],"inLanguage":"es-AR","potentialAction":[{"@type":"CommentAction","name":"Comment","target":["https:\/\/www.diario22.ar\/notix2\/ifpi-nombra-a-drake-como-el-rapero-que-mas-vende-en-2025\/#respond"]}]},{"@type":"WebPage","@id":"https:\/\/www.diario22.ar\/notix2\/ifpi-nombra-a-drake-como-el-rapero-que-mas-vende-en-2025\/","url":"https:\/\/www.diario22.ar\/notix2\/ifpi-nombra-a-drake-como-el-rapero-que-mas-vende-en-2025\/","name":"IFPI nombra a Drake como el rapero que m\u00e1s vende en 2025 - diario22.ar","isPartOf":{"@id":"https:\/\/www.diario22.ar\/notix2\/#website"},"primaryImageOfPage":{"@id":"https:\/\/www.diario22.ar\/notix2\/ifpi-nombra-a-drake-como-el-rapero-que-mas-vende-en-2025\/#primaryimage"},"image":{"@id":"https:\/\/www.diario22.ar\/notix2\/ifpi-nombra-a-drake-como-el-rapero-que-mas-vende-en-2025\/#primaryimage"},"thumbnailUrl":"https:\/\/www.diario22.ar\/notix2\/wp-content\/uploads\/2026\/03\/IFPI-nombra-a-Drake-como-el-rapero-que-mas-vende.jpg","datePublished":"2026-03-09T10:35:09+00:00","dateModified":"2026-03-09T10:35:10+00:00","breadcrumb":{"@id":"https:\/\/www.diario22.ar\/notix2\/ifpi-nombra-a-drake-como-el-rapero-que-mas-vende-en-2025\/#breadcrumb"},"inLanguage":"es-AR","potentialAction":[{"@type":"ReadAction","target":["https:\/\/www.diario22.ar\/notix2\/ifpi-nombra-a-drake-como-el-rapero-que-mas-vende-en-2025\/"]}]},{"@type":"ImageObject","inLanguage":"es-AR","@id":"https:\/\/www.diario22.ar\/notix2\/ifpi-nombra-a-drake-como-el-rapero-que-mas-vende-en-2025\/#primaryimage","url":"https:\/\/www.diario22.ar\/notix2\/wp-content\/uploads\/2026\/03\/IFPI-nombra-a-Drake-como-el-rapero-que-mas-vende.jpg","contentUrl":"https:\/\/www.diario22.ar\/notix2\/wp-content\/uploads\/2026\/03\/IFPI-nombra-a-Drake-como-el-rapero-que-mas-vende.jpg","width":1000,"height":500},{"@type":"BreadcrumbList","@id":"https:\/\/www.diario22.ar\/notix2\/ifpi-nombra-a-drake-como-el-rapero-que-mas-vende-en-2025\/#breadcrumb","itemListElement":[{"@type":"ListItem","position":1,"name":"Home","item":"https:\/\/www.diario22.ar\/notix2\/"},{"@type":"ListItem","position":2,"name":"IFPI nombra a Drake como el rapero que m\u00e1s vende en 2025"}]},{"@type":"WebSite","@id":"https:\/\/www.diario22.ar\/notix2\/#website","url":"https:\/\/www.diario22.ar\/notix2\/","name":"diario22.ar","description":"Vive hoy &amp; descubre lo que viene","publisher":{"@id":"https:\/\/www.diario22.ar\/notix2\/#organization"},"potentialAction":[{"@type":"SearchAction","target":{"@type":"EntryPoint","urlTemplate":"https:\/\/www.diario22.ar\/notix2\/?s={search_term_string}"},"query-input":{"@type":"PropertyValueSpecification","valueRequired":true,"valueName":"search_term_string"}}],"inLanguage":"es-AR"},{"@type":"Organization","@id":"https:\/\/www.diario22.ar\/notix2\/#organization","name":"diario22.ar","url":"https:\/\/www.diario22.ar\/notix2\/","logo":{"@type":"ImageObject","inLanguage":"es-AR","@id":"https:\/\/www.diario22.ar\/notix2\/#\/schema\/logo\/image\/","url":"https:\/\/www.diario22.ar\/notix2\/wp-content\/uploads\/2025\/10\/cropped-Publish-1.png","contentUrl":"https:\/\/www.diario22.ar\/notix2\/wp-content\/uploads\/2025\/10\/cropped-Publish-1.png","width":1560,"height":722,"caption":"diario22.ar"},"image":{"@id":"https:\/\/www.diario22.ar\/notix2\/#\/schema\/logo\/image\/"}},{"@type":"Person","@id":"https:\/\/www.diario22.ar\/notix2\/#\/schema\/person\/9266f03a2bd6dca79e788e180fb2deeb","name":"Camila Torres","image":{"@type":"ImageObject","inLanguage":"es-AR","@id":"https:\/\/www.diario22.ar\/notix2\/#\/schema\/person\/image\/","url":"https:\/\/www.diario22.ar\/notix2\/wp-content\/uploads\/2025\/10\/diario22.ar-3-150x150.png","contentUrl":"https:\/\/www.diario22.ar\/notix2\/wp-content\/uploads\/2025\/10\/diario22.ar-3-150x150.png","caption":"Camila Torres"},"description":"Soy periodista y redactora en Diario22.ar, apasionada por las historias que conectan la actualidad con la gente. Me form\u00e9 en comunicaci\u00f3n social en Buenos Aires y desde entonces busco darle voz a lo cotidiano, con una mirada curiosa y humana. Creo que el periodismo no solo informa: tambi\u00e9n inspira y transforma.","sameAs":["https:\/\/www.diario22.ar\/notix2"]}]}},"_links":{"self":[{"href":"https:\/\/www.diario22.ar\/notix2\/wp-json\/wp\/v2\/posts\/51467","targetHints":{"allow":["GET"]}}],"collection":[{"href":"https:\/\/www.diario22.ar\/notix2\/wp-json\/wp\/v2\/posts"}],"about":[{"href":"https:\/\/www.diario22.ar\/notix2\/wp-json\/wp\/v2\/types\/post"}],"author":[{"embeddable":true,"href":"https:\/\/www.diario22.ar\/notix2\/wp-json\/wp\/v2\/users\/1"}],"replies":[{"embeddable":true,"href":"https:\/\/www.diario22.ar\/notix2\/wp-json\/wp\/v2\/comments?post=51467"}],"version-history":[{"count":1,"href":"https:\/\/www.diario22.ar\/notix2\/wp-json\/wp\/v2\/posts\/51467\/revisions"}],"predecessor-version":[{"id":51469,"href":"https:\/\/www.diario22.ar\/notix2\/wp-json\/wp\/v2\/posts\/51467\/revisions\/51469"}],"wp:featuredmedia":[{"embeddable":true,"href":"https:\/\/www.diario22.ar\/notix2\/wp-json\/wp\/v2\/media\/51468"}],"wp:attachment":[{"href":"https:\/\/www.diario22.ar\/notix2\/wp-json\/wp\/v2\/media?parent=51467"}],"wp:term":[{"taxonomy":"category","embeddable":true,"href":"https:\/\/www.diario22.ar\/notix2\/wp-json\/wp\/v2\/categories?post=51467"},{"taxonomy":"post_tag","embeddable":true,"href":"https:\/\/www.diario22.ar\/notix2\/wp-json\/wp\/v2\/tags?post=51467"}],"curies":[{"name":"wp","href":"https:\/\/api.w.org\/{rel}","templated":true}]}}