{"id":51458,"date":"2026-03-08T16:35:14","date_gmt":"2026-03-08T19:35:14","guid":{"rendered":"https:\/\/www.diario22.ar\/notix2\/dover-street-market-los-angeles-anuncia-la-exposicion-andy-warhola\/"},"modified":"2026-03-08T16:35:15","modified_gmt":"2026-03-08T19:35:15","slug":"dover-street-market-los-angeles-anuncia-la-exposicion-andy-warhola","status":"publish","type":"post","link":"https:\/\/www.diario22.ar\/notix2\/dover-street-market-los-angeles-anuncia-la-exposicion-andy-warhola\/","title":{"rendered":"Dover Street Market Los \u00c1ngeles anuncia la exposici\u00f3n &#8216;Andy WarhoLA&#8217;"},"content":{"rendered":"<p><strong>Resumen<\/strong><\/p>\n<ul>\n<li>Dover Street Market Los \u00c1ngeles organiza oficialmente una nueva exposici\u00f3n titulada \u201cAndy WarhoLA\u201d curada por Michael Dayton Hermann<\/li>\n<li>La muestra presenta fotograf\u00edas vintage originales de Andy Warhol junto a objetos de su colecci\u00f3n personal<\/li>\n<li>El evento se desarrollar\u00e1 durante Frieze Los \u00c1ngeles desde el 26 de febrero hasta el 12 de marzo<\/li>\n<\/ul>\n<p>Dover Street Market Los \u00c1ngeles y The Andy Warhol Foundation se asocian oficialmente para presentar la exposici\u00f3n \u201cAndy WarhoLA\u201d. Llega a tiempo para Frieze Los \u00c1ngeles, y la ocasi\u00f3n celebra la profunda fascinaci\u00f3n del ic\u00f3nico artista por el esp\u00edritu multifac\u00e9tico de la ciudad. La esperada muestra replantea la extensa metr\u00f3polis a trav\u00e9s del lente \u00fanico de Warhol, sirviendo como un cautivador testimonio visual del sistema cultural que \u00e9l mape\u00f3 de forma intuitiva.<\/p>\n<div>\n<div class=\"inner-container\">\n<div class=\"inner-content\">\n<div class=\"adunit-wrapper\">\n<div class=\"in-content-ad-outer\">\n<p><!-- Tag ID: HBENGLOB_ATF_INCONTENT --><\/p>\n<div class=\"adunit in-content lazy-load no-init\" data-freestar-ad=\"__300x250\" data-adunit=\"HBENGLOB_ATF_INCONTENT\" data-targeting='{\"HBSiteLoc\":[\"ros\",\"article\"],\"HBSiteCat\":[\"art\",\"andy-warhol\",\"dover-street-market\",\"dover-street-market-los-angeles\",\"dover-street-market-la\"],\"HBSitePage\":\"0\",\"HBSiteLang\":\"en\",\"country\":\"us\",\"region\":\"naam\",\"subRegion\":\"\",\"HBArticle\":6680717,\"HBBlacklist\":\"1\"}'><\/div>\n<\/p><\/div>\n<\/p><\/div>\n<\/p><\/div>\n<\/p><\/div>\n<\/div>\n<p>Curada por Michael Dayton Hermann, la exposici\u00f3n inmersiva combina fotograf\u00edas vintage originales de Warhol que documentan los momentos cotidianos, la arquitectura ic\u00f3nica y los bulevares ba\u00f1ados por el sol que dieron forma a la mitolog\u00eda de Los \u00c1ngeles. Anclada visualmente por un homenaje escult\u00f3rico a la legendaria <em>Brillo Box<\/em>, la instalaci\u00f3n fusiona de manera fluida la celebridad, el comercio y el lugar en un \u00fanico entorno lleno de objetos de deseo. M\u00e1s de 100 fotograf\u00edas de paisajes proyectadas, muchas de las cuales nunca se hab\u00edan publicado, invitan a los visitantes a explorar la ciudad tal como el artista la ve\u00eda.<\/p>\n<p>Tomando directamente de los archivos de la Fundaci\u00f3n Andy Warhol, el evento tambi\u00e9n ofrece un acceso \u00edntimo a la colecci\u00f3n personal del artista, que incluye libros, camisetas y fotograf\u00edas. Los beneficios obtenidos de la venta de estas obras financiar\u00e1n generosamente el fondo de dotaci\u00f3n de la Fundaci\u00f3n, que distribuye aproximadamente 18 millones de d\u00f3lares estadounidenses cada a\u00f1o para impulsar las artes visuales contempor\u00e1neas experimentales y poco reconocidas.<\/p>\n<p>La exposici\u00f3n Andy WarhoLA se celebra del 26 de febrero al 12 de marzo en Dover Street Market Los \u00c1ngeles.<\/p>\n<p><strong>Dover Street Market Los \u00c1ngeles<\/strong><br \/>\n608 Calle Imperial<br \/>\nLos \u00c1ngeles, California<\/p>\n","protected":false},"excerpt":{"rendered":"<p>Resumen Dover Street Market Los \u00c1ngeles organiza oficialmente una nueva exposici\u00f3n titulada \u201cAndy WarhoLA\u201d curada por Michael Dayton Hermann La<\/p>\n","protected":false},"author":1,"featured_media":51459,"comment_status":"open","ping_status":"open","sticky":false,"template":"","format":"standard","meta":{"footnotes":""},"categories":[8],"tags":[1909,2092,216,2565,1137,172,2566,1333,2567],"class_list":["post-51458","post","type-post","status-publish","format-standard","has-post-thumbnail","hentry","category-arte","tag-andy","tag-angeles","tag-anuncia","tag-dover","tag-exposicion","tag-los","tag-market","tag-street","tag-warhola","generate-columns","tablet-grid-50","mobile-grid-100","grid-parent","grid-50"],"yoast_head":"<!-- This site is optimized with the Yoast SEO plugin v26.1.1 - https:\/\/yoast.com\/wordpress\/plugins\/seo\/ -->\n<title>Dover Street Market Los \u00c1ngeles anuncia la exposici\u00f3n &#039;Andy WarhoLA&#039; - diario22.ar<\/title>\n<meta name=\"robots\" content=\"index, follow, max-snippet:-1, max-image-preview:large, max-video-preview:-1\" \/>\n<link rel=\"canonical\" href=\"https:\/\/www.diario22.ar\/notix2\/dover-street-market-los-angeles-anuncia-la-exposicion-andy-warhola\/\" \/>\n<meta property=\"og:locale\" content=\"es_ES\" \/>\n<meta property=\"og:type\" content=\"article\" \/>\n<meta property=\"og:title\" content=\"Dover Street Market Los \u00c1ngeles anuncia la exposici\u00f3n &#039;Andy WarhoLA&#039; - diario22.ar\" \/>\n<meta property=\"og:description\" content=\"Resumen Dover Street Market Los \u00c1ngeles organiza oficialmente una nueva exposici\u00f3n titulada \u201cAndy WarhoLA\u201d curada por Michael Dayton Hermann La\" \/>\n<meta property=\"og:url\" content=\"https:\/\/www.diario22.ar\/notix2\/dover-street-market-los-angeles-anuncia-la-exposicion-andy-warhola\/\" \/>\n<meta property=\"og:site_name\" content=\"diario22.ar\" \/>\n<meta property=\"article:published_time\" content=\"2026-03-08T19:35:14+00:00\" \/>\n<meta property=\"article:modified_time\" content=\"2026-03-08T19:35:15+00:00\" \/>\n<meta property=\"og:image\" content=\"https:\/\/www.diario22.ar\/notix2\/wp-content\/uploads\/2026\/03\/Dover-Street-Market-Los-Angeles-anuncia-la-exposicion-Andy-WarhoLA.com2Fimage2F20262F022F272FtwDover-Street-Market-dsm-Los-Angeles-andy-wa.jpeg\" \/>\n\t<meta property=\"og:image:width\" content=\"1000\" \/>\n\t<meta property=\"og:image:height\" content=\"500\" \/>\n\t<meta property=\"og:image:type\" content=\"image\/jpeg\" \/>\n<meta name=\"author\" content=\"Camila Torres\" \/>\n<meta name=\"twitter:card\" content=\"summary_large_image\" \/>\n<meta name=\"twitter:label1\" content=\"Escrito por\" \/>\n\t<meta name=\"twitter:data1\" content=\"Camila Torres\" \/>\n\t<meta name=\"twitter:label2\" content=\"Tiempo de lectura\" \/>\n\t<meta name=\"twitter:data2\" content=\"2 minutos\" \/>\n<script type=\"application\/ld+json\" class=\"yoast-schema-graph\">{\"@context\":\"https:\/\/schema.org\",\"@graph\":[{\"@type\":\"Article\",\"@id\":\"https:\/\/www.diario22.ar\/notix2\/dover-street-market-los-angeles-anuncia-la-exposicion-andy-warhola\/#article\",\"isPartOf\":{\"@id\":\"https:\/\/www.diario22.ar\/notix2\/dover-street-market-los-angeles-anuncia-la-exposicion-andy-warhola\/\"},\"author\":{\"name\":\"Camila Torres\",\"@id\":\"https:\/\/www.diario22.ar\/notix2\/#\/schema\/person\/9266f03a2bd6dca79e788e180fb2deeb\"},\"headline\":\"Dover Street Market Los \u00c1ngeles anuncia la exposici\u00f3n &#8216;Andy WarhoLA&#8217;\",\"datePublished\":\"2026-03-08T19:35:14+00:00\",\"dateModified\":\"2026-03-08T19:35:15+00:00\",\"mainEntityOfPage\":{\"@id\":\"https:\/\/www.diario22.ar\/notix2\/dover-street-market-los-angeles-anuncia-la-exposicion-andy-warhola\/\"},\"wordCount\":360,\"commentCount\":0,\"publisher\":{\"@id\":\"https:\/\/www.diario22.ar\/notix2\/#organization\"},\"image\":{\"@id\":\"https:\/\/www.diario22.ar\/notix2\/dover-street-market-los-angeles-anuncia-la-exposicion-andy-warhola\/#primaryimage\"},\"thumbnailUrl\":\"https:\/\/www.diario22.ar\/notix2\/wp-content\/uploads\/2026\/03\/Dover-Street-Market-Los-Angeles-anuncia-la-exposicion-Andy-WarhoLA.com2Fimage2F20262F022F272FtwDover-Street-Market-dsm-Los-Angeles-andy-wa.jpeg\",\"keywords\":[\"Andy\",\"\u00c1ngeles\",\"anuncia\",\"Dover\",\"exposici\u00f3n\",\"los\",\"Market\",\"Street\",\"WarhoLA\"],\"articleSection\":[\"Arte\"],\"inLanguage\":\"es-AR\",\"potentialAction\":[{\"@type\":\"CommentAction\",\"name\":\"Comment\",\"target\":[\"https:\/\/www.diario22.ar\/notix2\/dover-street-market-los-angeles-anuncia-la-exposicion-andy-warhola\/#respond\"]}]},{\"@type\":\"WebPage\",\"@id\":\"https:\/\/www.diario22.ar\/notix2\/dover-street-market-los-angeles-anuncia-la-exposicion-andy-warhola\/\",\"url\":\"https:\/\/www.diario22.ar\/notix2\/dover-street-market-los-angeles-anuncia-la-exposicion-andy-warhola\/\",\"name\":\"Dover Street Market Los \u00c1ngeles anuncia la exposici\u00f3n 'Andy WarhoLA' - diario22.ar\",\"isPartOf\":{\"@id\":\"https:\/\/www.diario22.ar\/notix2\/#website\"},\"primaryImageOfPage\":{\"@id\":\"https:\/\/www.diario22.ar\/notix2\/dover-street-market-los-angeles-anuncia-la-exposicion-andy-warhola\/#primaryimage\"},\"image\":{\"@id\":\"https:\/\/www.diario22.ar\/notix2\/dover-street-market-los-angeles-anuncia-la-exposicion-andy-warhola\/#primaryimage\"},\"thumbnailUrl\":\"https:\/\/www.diario22.ar\/notix2\/wp-content\/uploads\/2026\/03\/Dover-Street-Market-Los-Angeles-anuncia-la-exposicion-Andy-WarhoLA.com2Fimage2F20262F022F272FtwDover-Street-Market-dsm-Los-Angeles-andy-wa.jpeg\",\"datePublished\":\"2026-03-08T19:35:14+00:00\",\"dateModified\":\"2026-03-08T19:35:15+00:00\",\"breadcrumb\":{\"@id\":\"https:\/\/www.diario22.ar\/notix2\/dover-street-market-los-angeles-anuncia-la-exposicion-andy-warhola\/#breadcrumb\"},\"inLanguage\":\"es-AR\",\"potentialAction\":[{\"@type\":\"ReadAction\",\"target\":[\"https:\/\/www.diario22.ar\/notix2\/dover-street-market-los-angeles-anuncia-la-exposicion-andy-warhola\/\"]}]},{\"@type\":\"ImageObject\",\"inLanguage\":\"es-AR\",\"@id\":\"https:\/\/www.diario22.ar\/notix2\/dover-street-market-los-angeles-anuncia-la-exposicion-andy-warhola\/#primaryimage\",\"url\":\"https:\/\/www.diario22.ar\/notix2\/wp-content\/uploads\/2026\/03\/Dover-Street-Market-Los-Angeles-anuncia-la-exposicion-Andy-WarhoLA.com2Fimage2F20262F022F272FtwDover-Street-Market-dsm-Los-Angeles-andy-wa.jpeg\",\"contentUrl\":\"https:\/\/www.diario22.ar\/notix2\/wp-content\/uploads\/2026\/03\/Dover-Street-Market-Los-Angeles-anuncia-la-exposicion-Andy-WarhoLA.com2Fimage2F20262F022F272FtwDover-Street-Market-dsm-Los-Angeles-andy-wa.jpeg\",\"width\":1000,\"height\":500},{\"@type\":\"BreadcrumbList\",\"@id\":\"https:\/\/www.diario22.ar\/notix2\/dover-street-market-los-angeles-anuncia-la-exposicion-andy-warhola\/#breadcrumb\",\"itemListElement\":[{\"@type\":\"ListItem\",\"position\":1,\"name\":\"Home\",\"item\":\"https:\/\/www.diario22.ar\/notix2\/\"},{\"@type\":\"ListItem\",\"position\":2,\"name\":\"Dover Street Market Los \u00c1ngeles anuncia la exposici\u00f3n &#8216;Andy WarhoLA&#8217;\"}]},{\"@type\":\"WebSite\",\"@id\":\"https:\/\/www.diario22.ar\/notix2\/#website\",\"url\":\"https:\/\/www.diario22.ar\/notix2\/\",\"name\":\"diario22.ar\",\"description\":\"Vive hoy &amp; descubre lo que viene\",\"publisher\":{\"@id\":\"https:\/\/www.diario22.ar\/notix2\/#organization\"},\"potentialAction\":[{\"@type\":\"SearchAction\",\"target\":{\"@type\":\"EntryPoint\",\"urlTemplate\":\"https:\/\/www.diario22.ar\/notix2\/?s={search_term_string}\"},\"query-input\":{\"@type\":\"PropertyValueSpecification\",\"valueRequired\":true,\"valueName\":\"search_term_string\"}}],\"inLanguage\":\"es-AR\"},{\"@type\":\"Organization\",\"@id\":\"https:\/\/www.diario22.ar\/notix2\/#organization\",\"name\":\"diario22.ar\",\"url\":\"https:\/\/www.diario22.ar\/notix2\/\",\"logo\":{\"@type\":\"ImageObject\",\"inLanguage\":\"es-AR\",\"@id\":\"https:\/\/www.diario22.ar\/notix2\/#\/schema\/logo\/image\/\",\"url\":\"https:\/\/www.diario22.ar\/notix2\/wp-content\/uploads\/2025\/10\/cropped-Publish-1.png\",\"contentUrl\":\"https:\/\/www.diario22.ar\/notix2\/wp-content\/uploads\/2025\/10\/cropped-Publish-1.png\",\"width\":1560,\"height\":722,\"caption\":\"diario22.ar\"},\"image\":{\"@id\":\"https:\/\/www.diario22.ar\/notix2\/#\/schema\/logo\/image\/\"}},{\"@type\":\"Person\",\"@id\":\"https:\/\/www.diario22.ar\/notix2\/#\/schema\/person\/9266f03a2bd6dca79e788e180fb2deeb\",\"name\":\"Camila Torres\",\"image\":{\"@type\":\"ImageObject\",\"inLanguage\":\"es-AR\",\"@id\":\"https:\/\/www.diario22.ar\/notix2\/#\/schema\/person\/image\/\",\"url\":\"https:\/\/www.diario22.ar\/notix2\/wp-content\/uploads\/2025\/10\/diario22.ar-3-150x150.png\",\"contentUrl\":\"https:\/\/www.diario22.ar\/notix2\/wp-content\/uploads\/2025\/10\/diario22.ar-3-150x150.png\",\"caption\":\"Camila Torres\"},\"description\":\"Soy periodista y redactora en Diario22.ar, apasionada por las historias que conectan la actualidad con la gente. Me form\u00e9 en comunicaci\u00f3n social en Buenos Aires y desde entonces busco darle voz a lo cotidiano, con una mirada curiosa y humana. Creo que el periodismo no solo informa: tambi\u00e9n inspira y transforma.\",\"sameAs\":[\"https:\/\/www.diario22.ar\/notix2\"]}]}<\/script>\n<!-- \/ Yoast SEO plugin. -->","yoast_head_json":{"title":"Dover Street Market Los \u00c1ngeles anuncia la exposici\u00f3n 'Andy WarhoLA' - diario22.ar","robots":{"index":"index","follow":"follow","max-snippet":"max-snippet:-1","max-image-preview":"max-image-preview:large","max-video-preview":"max-video-preview:-1"},"canonical":"https:\/\/www.diario22.ar\/notix2\/dover-street-market-los-angeles-anuncia-la-exposicion-andy-warhola\/","og_locale":"es_ES","og_type":"article","og_title":"Dover Street Market Los \u00c1ngeles anuncia la exposici\u00f3n 'Andy WarhoLA' - diario22.ar","og_description":"Resumen Dover Street Market Los \u00c1ngeles organiza oficialmente una nueva exposici\u00f3n titulada \u201cAndy WarhoLA\u201d curada por Michael Dayton Hermann La","og_url":"https:\/\/www.diario22.ar\/notix2\/dover-street-market-los-angeles-anuncia-la-exposicion-andy-warhola\/","og_site_name":"diario22.ar","article_published_time":"2026-03-08T19:35:14+00:00","article_modified_time":"2026-03-08T19:35:15+00:00","og_image":[{"width":1000,"height":500,"url":"https:\/\/www.diario22.ar\/notix2\/wp-content\/uploads\/2026\/03\/Dover-Street-Market-Los-Angeles-anuncia-la-exposicion-Andy-WarhoLA.com2Fimage2F20262F022F272FtwDover-Street-Market-dsm-Los-Angeles-andy-wa.jpeg","type":"image\/jpeg"}],"author":"Camila Torres","twitter_card":"summary_large_image","twitter_misc":{"Escrito por":"Camila Torres","Tiempo de lectura":"2 minutos"},"schema":{"@context":"https:\/\/schema.org","@graph":[{"@type":"Article","@id":"https:\/\/www.diario22.ar\/notix2\/dover-street-market-los-angeles-anuncia-la-exposicion-andy-warhola\/#article","isPartOf":{"@id":"https:\/\/www.diario22.ar\/notix2\/dover-street-market-los-angeles-anuncia-la-exposicion-andy-warhola\/"},"author":{"name":"Camila Torres","@id":"https:\/\/www.diario22.ar\/notix2\/#\/schema\/person\/9266f03a2bd6dca79e788e180fb2deeb"},"headline":"Dover Street Market Los \u00c1ngeles anuncia la exposici\u00f3n &#8216;Andy WarhoLA&#8217;","datePublished":"2026-03-08T19:35:14+00:00","dateModified":"2026-03-08T19:35:15+00:00","mainEntityOfPage":{"@id":"https:\/\/www.diario22.ar\/notix2\/dover-street-market-los-angeles-anuncia-la-exposicion-andy-warhola\/"},"wordCount":360,"commentCount":0,"publisher":{"@id":"https:\/\/www.diario22.ar\/notix2\/#organization"},"image":{"@id":"https:\/\/www.diario22.ar\/notix2\/dover-street-market-los-angeles-anuncia-la-exposicion-andy-warhola\/#primaryimage"},"thumbnailUrl":"https:\/\/www.diario22.ar\/notix2\/wp-content\/uploads\/2026\/03\/Dover-Street-Market-Los-Angeles-anuncia-la-exposicion-Andy-WarhoLA.com2Fimage2F20262F022F272FtwDover-Street-Market-dsm-Los-Angeles-andy-wa.jpeg","keywords":["Andy","\u00c1ngeles","anuncia","Dover","exposici\u00f3n","los","Market","Street","WarhoLA"],"articleSection":["Arte"],"inLanguage":"es-AR","potentialAction":[{"@type":"CommentAction","name":"Comment","target":["https:\/\/www.diario22.ar\/notix2\/dover-street-market-los-angeles-anuncia-la-exposicion-andy-warhola\/#respond"]}]},{"@type":"WebPage","@id":"https:\/\/www.diario22.ar\/notix2\/dover-street-market-los-angeles-anuncia-la-exposicion-andy-warhola\/","url":"https:\/\/www.diario22.ar\/notix2\/dover-street-market-los-angeles-anuncia-la-exposicion-andy-warhola\/","name":"Dover Street Market Los \u00c1ngeles anuncia la exposici\u00f3n 'Andy WarhoLA' - diario22.ar","isPartOf":{"@id":"https:\/\/www.diario22.ar\/notix2\/#website"},"primaryImageOfPage":{"@id":"https:\/\/www.diario22.ar\/notix2\/dover-street-market-los-angeles-anuncia-la-exposicion-andy-warhola\/#primaryimage"},"image":{"@id":"https:\/\/www.diario22.ar\/notix2\/dover-street-market-los-angeles-anuncia-la-exposicion-andy-warhola\/#primaryimage"},"thumbnailUrl":"https:\/\/www.diario22.ar\/notix2\/wp-content\/uploads\/2026\/03\/Dover-Street-Market-Los-Angeles-anuncia-la-exposicion-Andy-WarhoLA.com2Fimage2F20262F022F272FtwDover-Street-Market-dsm-Los-Angeles-andy-wa.jpeg","datePublished":"2026-03-08T19:35:14+00:00","dateModified":"2026-03-08T19:35:15+00:00","breadcrumb":{"@id":"https:\/\/www.diario22.ar\/notix2\/dover-street-market-los-angeles-anuncia-la-exposicion-andy-warhola\/#breadcrumb"},"inLanguage":"es-AR","potentialAction":[{"@type":"ReadAction","target":["https:\/\/www.diario22.ar\/notix2\/dover-street-market-los-angeles-anuncia-la-exposicion-andy-warhola\/"]}]},{"@type":"ImageObject","inLanguage":"es-AR","@id":"https:\/\/www.diario22.ar\/notix2\/dover-street-market-los-angeles-anuncia-la-exposicion-andy-warhola\/#primaryimage","url":"https:\/\/www.diario22.ar\/notix2\/wp-content\/uploads\/2026\/03\/Dover-Street-Market-Los-Angeles-anuncia-la-exposicion-Andy-WarhoLA.com2Fimage2F20262F022F272FtwDover-Street-Market-dsm-Los-Angeles-andy-wa.jpeg","contentUrl":"https:\/\/www.diario22.ar\/notix2\/wp-content\/uploads\/2026\/03\/Dover-Street-Market-Los-Angeles-anuncia-la-exposicion-Andy-WarhoLA.com2Fimage2F20262F022F272FtwDover-Street-Market-dsm-Los-Angeles-andy-wa.jpeg","width":1000,"height":500},{"@type":"BreadcrumbList","@id":"https:\/\/www.diario22.ar\/notix2\/dover-street-market-los-angeles-anuncia-la-exposicion-andy-warhola\/#breadcrumb","itemListElement":[{"@type":"ListItem","position":1,"name":"Home","item":"https:\/\/www.diario22.ar\/notix2\/"},{"@type":"ListItem","position":2,"name":"Dover Street Market Los \u00c1ngeles anuncia la exposici\u00f3n &#8216;Andy WarhoLA&#8217;"}]},{"@type":"WebSite","@id":"https:\/\/www.diario22.ar\/notix2\/#website","url":"https:\/\/www.diario22.ar\/notix2\/","name":"diario22.ar","description":"Vive hoy &amp; descubre lo que viene","publisher":{"@id":"https:\/\/www.diario22.ar\/notix2\/#organization"},"potentialAction":[{"@type":"SearchAction","target":{"@type":"EntryPoint","urlTemplate":"https:\/\/www.diario22.ar\/notix2\/?s={search_term_string}"},"query-input":{"@type":"PropertyValueSpecification","valueRequired":true,"valueName":"search_term_string"}}],"inLanguage":"es-AR"},{"@type":"Organization","@id":"https:\/\/www.diario22.ar\/notix2\/#organization","name":"diario22.ar","url":"https:\/\/www.diario22.ar\/notix2\/","logo":{"@type":"ImageObject","inLanguage":"es-AR","@id":"https:\/\/www.diario22.ar\/notix2\/#\/schema\/logo\/image\/","url":"https:\/\/www.diario22.ar\/notix2\/wp-content\/uploads\/2025\/10\/cropped-Publish-1.png","contentUrl":"https:\/\/www.diario22.ar\/notix2\/wp-content\/uploads\/2025\/10\/cropped-Publish-1.png","width":1560,"height":722,"caption":"diario22.ar"},"image":{"@id":"https:\/\/www.diario22.ar\/notix2\/#\/schema\/logo\/image\/"}},{"@type":"Person","@id":"https:\/\/www.diario22.ar\/notix2\/#\/schema\/person\/9266f03a2bd6dca79e788e180fb2deeb","name":"Camila Torres","image":{"@type":"ImageObject","inLanguage":"es-AR","@id":"https:\/\/www.diario22.ar\/notix2\/#\/schema\/person\/image\/","url":"https:\/\/www.diario22.ar\/notix2\/wp-content\/uploads\/2025\/10\/diario22.ar-3-150x150.png","contentUrl":"https:\/\/www.diario22.ar\/notix2\/wp-content\/uploads\/2025\/10\/diario22.ar-3-150x150.png","caption":"Camila Torres"},"description":"Soy periodista y redactora en Diario22.ar, apasionada por las historias que conectan la actualidad con la gente. Me form\u00e9 en comunicaci\u00f3n social en Buenos Aires y desde entonces busco darle voz a lo cotidiano, con una mirada curiosa y humana. Creo que el periodismo no solo informa: tambi\u00e9n inspira y transforma.","sameAs":["https:\/\/www.diario22.ar\/notix2"]}]}},"_links":{"self":[{"href":"https:\/\/www.diario22.ar\/notix2\/wp-json\/wp\/v2\/posts\/51458","targetHints":{"allow":["GET"]}}],"collection":[{"href":"https:\/\/www.diario22.ar\/notix2\/wp-json\/wp\/v2\/posts"}],"about":[{"href":"https:\/\/www.diario22.ar\/notix2\/wp-json\/wp\/v2\/types\/post"}],"author":[{"embeddable":true,"href":"https:\/\/www.diario22.ar\/notix2\/wp-json\/wp\/v2\/users\/1"}],"replies":[{"embeddable":true,"href":"https:\/\/www.diario22.ar\/notix2\/wp-json\/wp\/v2\/comments?post=51458"}],"version-history":[{"count":1,"href":"https:\/\/www.diario22.ar\/notix2\/wp-json\/wp\/v2\/posts\/51458\/revisions"}],"predecessor-version":[{"id":51460,"href":"https:\/\/www.diario22.ar\/notix2\/wp-json\/wp\/v2\/posts\/51458\/revisions\/51460"}],"wp:featuredmedia":[{"embeddable":true,"href":"https:\/\/www.diario22.ar\/notix2\/wp-json\/wp\/v2\/media\/51459"}],"wp:attachment":[{"href":"https:\/\/www.diario22.ar\/notix2\/wp-json\/wp\/v2\/media?parent=51458"}],"wp:term":[{"taxonomy":"category","embeddable":true,"href":"https:\/\/www.diario22.ar\/notix2\/wp-json\/wp\/v2\/categories?post=51458"},{"taxonomy":"post_tag","embeddable":true,"href":"https:\/\/www.diario22.ar\/notix2\/wp-json\/wp\/v2\/tags?post=51458"}],"curies":[{"name":"wp","href":"https:\/\/api.w.org\/{rel}","templated":true}]}}