{"id":51455,"date":"2026-03-07T14:35:07","date_gmt":"2026-03-07T17:35:07","guid":{"rendered":"https:\/\/www.diario22.ar\/notix2\/nace-un-museo-dedicado-a-alberto-giacometti\/"},"modified":"2026-03-07T14:35:08","modified_gmt":"2026-03-07T17:35:08","slug":"nace-un-museo-dedicado-a-alberto-giacometti","status":"publish","type":"post","link":"https:\/\/www.diario22.ar\/notix2\/nace-un-museo-dedicado-a-alberto-giacometti\/","title":{"rendered":"Nace un museo dedicado a Alberto Giacometti"},"content":{"rendered":"<p>Un nuevo museo dedicado a la vida y al legado de Alberto Giacometti llega a Par\u00eds. Se espera que abra durante la segunda mitad de 2028, el Museo y Escuela Giacometti tomar\u00e1 posesi\u00f3n de la antigua Gare des Invalides, seg\u00fan la Fondation Alberto et Annette Giacometti, albergando la colecci\u00f3n m\u00e1s grande del mundo de obras del escultor suizo.<\/p>\n<div>\n<div class=\"inner-container\">\n<div class=\"inner-content\">\n<div class=\"adunit-wrapper\">\n<div class=\"in-content-ad-outer\">\n<p><!-- Tag ID: HBENGLOB_ATF_INCONTENT --><\/p>\n<div class=\"adunit in-content lazy-load no-init\" data-freestar-ad=\"__300x250\" data-adunit=\"HBENGLOB_ATF_INCONTENT\" data-targeting='{\"HBSiteLoc\":[\"ros\",\"article\"],\"HBSiteCat\":[\"art\",\"alberto-giacometti\"],\"HBSitePage\":\"0\",\"HBSiteLang\":\"en\",\"country\":\"us\",\"region\":\"naam\",\"subRegion\":\"\",\"HBArticle\":6682753,\"HBBlacklist\":\"1\"}'><\/div>\n<\/p><\/div>\n<\/p><\/div>\n<\/p><\/div>\n<\/p><\/div>\n<\/div>\n<p>Con unas 10.000 piezas, el museo alberga \u201cmiles de dibujos, m\u00e1s de 400 esculturas, 100 pinturas, toda una colecci\u00f3n de objetos decorativos art\u00edsticos, grabados, todo lo que hab\u00eda en el estudio, todos los archivos\u201d, explic\u00f3 Catherine Grenier, directora de la fundaci\u00f3n, a <em>The Art Newspaper<\/em>. La colecci\u00f3n tambi\u00e9n abarca distintas \u00e9pocas y contar\u00e1 con obras maestras desde las primeras hasta las \u00faltimas fases de Giacometti, muchas de las cuales nunca han sido expuestas.<\/p>\n<p>La futura instituci\u00f3n ampl\u00eda la presencia de la fundaci\u00f3n en Par\u00eds, en el distrito XIV. De sus 6.000 metros cuadrados, la mitad se destinar\u00e1 a exposiciones, abarcando instalaciones permanentes de las obras de Giacometti junto a piezas de diversos artistas modernos y contempor\u00e1neos. La otra mitad contar\u00e1 con una librer\u00eda, un restaurante, una cafeter\u00eda y un espacio educativo para clases de arte no universitarias. Tambi\u00e9n se mostrar\u00e1 una reconstrucci\u00f3n del taller del artista, donde vivi\u00f3 y trabaj\u00f3 desde 1926 hasta su muerte en 1966.<\/p>\n<p>Para obtener m\u00e1s informaci\u00f3n, visite el sitio web de la fundaci\u00f3n.<\/p>\n","protected":false},"excerpt":{"rendered":"<p>Un nuevo museo dedicado a la vida y al legado de Alberto Giacometti llega a Par\u00eds. Se espera que abra<\/p>\n","protected":false},"author":1,"featured_media":51456,"comment_status":"open","ping_status":"open","sticky":false,"template":"","format":"standard","meta":{"footnotes":""},"categories":[8],"tags":[2563,2562,2564,78,1408],"class_list":["post-51455","post","type-post","status-publish","format-standard","has-post-thumbnail","hentry","category-arte","tag-alberto","tag-dedicado","tag-giacometti","tag-museo","tag-nace","generate-columns","tablet-grid-50","mobile-grid-100","grid-parent","grid-50"],"yoast_head":"<!-- This site is optimized with the Yoast SEO plugin v26.1.1 - https:\/\/yoast.com\/wordpress\/plugins\/seo\/ -->\n<title>Nace un museo dedicado a Alberto Giacometti - diario22.ar<\/title>\n<meta name=\"robots\" content=\"index, follow, max-snippet:-1, max-image-preview:large, max-video-preview:-1\" \/>\n<link rel=\"canonical\" href=\"https:\/\/www.diario22.ar\/notix2\/nace-un-museo-dedicado-a-alberto-giacometti\/\" \/>\n<meta property=\"og:locale\" content=\"es_ES\" \/>\n<meta property=\"og:type\" content=\"article\" \/>\n<meta property=\"og:title\" content=\"Nace un museo dedicado a Alberto Giacometti - diario22.ar\" \/>\n<meta property=\"og:description\" content=\"Un nuevo museo dedicado a la vida y al legado de Alberto Giacometti llega a Par\u00eds. Se espera que abra\" \/>\n<meta property=\"og:url\" content=\"https:\/\/www.diario22.ar\/notix2\/nace-un-museo-dedicado-a-alberto-giacometti\/\" \/>\n<meta property=\"og:site_name\" content=\"diario22.ar\" \/>\n<meta property=\"article:published_time\" content=\"2026-03-07T17:35:07+00:00\" \/>\n<meta property=\"article:modified_time\" content=\"2026-03-07T17:35:08+00:00\" \/>\n<meta property=\"og:image\" content=\"https:\/\/www.diario22.ar\/notix2\/wp-content\/uploads\/2026\/03\/Nace-un-museo-dedicado-a-Alberto-Giacometti.jpg\" \/>\n\t<meta property=\"og:image:width\" content=\"1080\" \/>\n\t<meta property=\"og:image:height\" content=\"540\" \/>\n\t<meta property=\"og:image:type\" content=\"image\/jpeg\" \/>\n<meta name=\"author\" content=\"Camila Torres\" \/>\n<meta name=\"twitter:card\" content=\"summary_large_image\" \/>\n<meta name=\"twitter:label1\" content=\"Escrito por\" \/>\n\t<meta name=\"twitter:data1\" content=\"Camila Torres\" \/>\n\t<meta name=\"twitter:label2\" content=\"Tiempo de lectura\" \/>\n\t<meta name=\"twitter:data2\" content=\"1 minuto\" \/>\n<script type=\"application\/ld+json\" class=\"yoast-schema-graph\">{\"@context\":\"https:\/\/schema.org\",\"@graph\":[{\"@type\":\"Article\",\"@id\":\"https:\/\/www.diario22.ar\/notix2\/nace-un-museo-dedicado-a-alberto-giacometti\/#article\",\"isPartOf\":{\"@id\":\"https:\/\/www.diario22.ar\/notix2\/nace-un-museo-dedicado-a-alberto-giacometti\/\"},\"author\":{\"name\":\"Camila Torres\",\"@id\":\"https:\/\/www.diario22.ar\/notix2\/#\/schema\/person\/9266f03a2bd6dca79e788e180fb2deeb\"},\"headline\":\"Nace un museo dedicado a Alberto Giacometti\",\"datePublished\":\"2026-03-07T17:35:07+00:00\",\"dateModified\":\"2026-03-07T17:35:08+00:00\",\"mainEntityOfPage\":{\"@id\":\"https:\/\/www.diario22.ar\/notix2\/nace-un-museo-dedicado-a-alberto-giacometti\/\"},\"wordCount\":250,\"commentCount\":0,\"publisher\":{\"@id\":\"https:\/\/www.diario22.ar\/notix2\/#organization\"},\"image\":{\"@id\":\"https:\/\/www.diario22.ar\/notix2\/nace-un-museo-dedicado-a-alberto-giacometti\/#primaryimage\"},\"thumbnailUrl\":\"https:\/\/www.diario22.ar\/notix2\/wp-content\/uploads\/2026\/03\/Nace-un-museo-dedicado-a-Alberto-Giacometti.jpg\",\"keywords\":[\"Alberto\",\"dedicado\",\"Giacometti\",\"museo\",\"nace\"],\"articleSection\":[\"Arte\"],\"inLanguage\":\"es-AR\",\"potentialAction\":[{\"@type\":\"CommentAction\",\"name\":\"Comment\",\"target\":[\"https:\/\/www.diario22.ar\/notix2\/nace-un-museo-dedicado-a-alberto-giacometti\/#respond\"]}]},{\"@type\":\"WebPage\",\"@id\":\"https:\/\/www.diario22.ar\/notix2\/nace-un-museo-dedicado-a-alberto-giacometti\/\",\"url\":\"https:\/\/www.diario22.ar\/notix2\/nace-un-museo-dedicado-a-alberto-giacometti\/\",\"name\":\"Nace un museo dedicado a Alberto Giacometti - diario22.ar\",\"isPartOf\":{\"@id\":\"https:\/\/www.diario22.ar\/notix2\/#website\"},\"primaryImageOfPage\":{\"@id\":\"https:\/\/www.diario22.ar\/notix2\/nace-un-museo-dedicado-a-alberto-giacometti\/#primaryimage\"},\"image\":{\"@id\":\"https:\/\/www.diario22.ar\/notix2\/nace-un-museo-dedicado-a-alberto-giacometti\/#primaryimage\"},\"thumbnailUrl\":\"https:\/\/www.diario22.ar\/notix2\/wp-content\/uploads\/2026\/03\/Nace-un-museo-dedicado-a-Alberto-Giacometti.jpg\",\"datePublished\":\"2026-03-07T17:35:07+00:00\",\"dateModified\":\"2026-03-07T17:35:08+00:00\",\"breadcrumb\":{\"@id\":\"https:\/\/www.diario22.ar\/notix2\/nace-un-museo-dedicado-a-alberto-giacometti\/#breadcrumb\"},\"inLanguage\":\"es-AR\",\"potentialAction\":[{\"@type\":\"ReadAction\",\"target\":[\"https:\/\/www.diario22.ar\/notix2\/nace-un-museo-dedicado-a-alberto-giacometti\/\"]}]},{\"@type\":\"ImageObject\",\"inLanguage\":\"es-AR\",\"@id\":\"https:\/\/www.diario22.ar\/notix2\/nace-un-museo-dedicado-a-alberto-giacometti\/#primaryimage\",\"url\":\"https:\/\/www.diario22.ar\/notix2\/wp-content\/uploads\/2026\/03\/Nace-un-museo-dedicado-a-Alberto-Giacometti.jpg\",\"contentUrl\":\"https:\/\/www.diario22.ar\/notix2\/wp-content\/uploads\/2026\/03\/Nace-un-museo-dedicado-a-Alberto-Giacometti.jpg\",\"width\":1080,\"height\":540},{\"@type\":\"BreadcrumbList\",\"@id\":\"https:\/\/www.diario22.ar\/notix2\/nace-un-museo-dedicado-a-alberto-giacometti\/#breadcrumb\",\"itemListElement\":[{\"@type\":\"ListItem\",\"position\":1,\"name\":\"Home\",\"item\":\"https:\/\/www.diario22.ar\/notix2\/\"},{\"@type\":\"ListItem\",\"position\":2,\"name\":\"Nace un museo dedicado a Alberto Giacometti\"}]},{\"@type\":\"WebSite\",\"@id\":\"https:\/\/www.diario22.ar\/notix2\/#website\",\"url\":\"https:\/\/www.diario22.ar\/notix2\/\",\"name\":\"diario22.ar\",\"description\":\"Vive hoy &amp; descubre lo que viene\",\"publisher\":{\"@id\":\"https:\/\/www.diario22.ar\/notix2\/#organization\"},\"potentialAction\":[{\"@type\":\"SearchAction\",\"target\":{\"@type\":\"EntryPoint\",\"urlTemplate\":\"https:\/\/www.diario22.ar\/notix2\/?s={search_term_string}\"},\"query-input\":{\"@type\":\"PropertyValueSpecification\",\"valueRequired\":true,\"valueName\":\"search_term_string\"}}],\"inLanguage\":\"es-AR\"},{\"@type\":\"Organization\",\"@id\":\"https:\/\/www.diario22.ar\/notix2\/#organization\",\"name\":\"diario22.ar\",\"url\":\"https:\/\/www.diario22.ar\/notix2\/\",\"logo\":{\"@type\":\"ImageObject\",\"inLanguage\":\"es-AR\",\"@id\":\"https:\/\/www.diario22.ar\/notix2\/#\/schema\/logo\/image\/\",\"url\":\"https:\/\/www.diario22.ar\/notix2\/wp-content\/uploads\/2025\/10\/cropped-Publish-1.png\",\"contentUrl\":\"https:\/\/www.diario22.ar\/notix2\/wp-content\/uploads\/2025\/10\/cropped-Publish-1.png\",\"width\":1560,\"height\":722,\"caption\":\"diario22.ar\"},\"image\":{\"@id\":\"https:\/\/www.diario22.ar\/notix2\/#\/schema\/logo\/image\/\"}},{\"@type\":\"Person\",\"@id\":\"https:\/\/www.diario22.ar\/notix2\/#\/schema\/person\/9266f03a2bd6dca79e788e180fb2deeb\",\"name\":\"Camila Torres\",\"image\":{\"@type\":\"ImageObject\",\"inLanguage\":\"es-AR\",\"@id\":\"https:\/\/www.diario22.ar\/notix2\/#\/schema\/person\/image\/\",\"url\":\"https:\/\/www.diario22.ar\/notix2\/wp-content\/uploads\/2025\/10\/diario22.ar-3-150x150.png\",\"contentUrl\":\"https:\/\/www.diario22.ar\/notix2\/wp-content\/uploads\/2025\/10\/diario22.ar-3-150x150.png\",\"caption\":\"Camila Torres\"},\"description\":\"Soy periodista y redactora en Diario22.ar, apasionada por las historias que conectan la actualidad con la gente. Me form\u00e9 en comunicaci\u00f3n social en Buenos Aires y desde entonces busco darle voz a lo cotidiano, con una mirada curiosa y humana. Creo que el periodismo no solo informa: tambi\u00e9n inspira y transforma.\",\"sameAs\":[\"https:\/\/www.diario22.ar\/notix2\"]}]}<\/script>\n<!-- \/ Yoast SEO plugin. -->","yoast_head_json":{"title":"Nace un museo dedicado a Alberto Giacometti - diario22.ar","robots":{"index":"index","follow":"follow","max-snippet":"max-snippet:-1","max-image-preview":"max-image-preview:large","max-video-preview":"max-video-preview:-1"},"canonical":"https:\/\/www.diario22.ar\/notix2\/nace-un-museo-dedicado-a-alberto-giacometti\/","og_locale":"es_ES","og_type":"article","og_title":"Nace un museo dedicado a Alberto Giacometti - diario22.ar","og_description":"Un nuevo museo dedicado a la vida y al legado de Alberto Giacometti llega a Par\u00eds. Se espera que abra","og_url":"https:\/\/www.diario22.ar\/notix2\/nace-un-museo-dedicado-a-alberto-giacometti\/","og_site_name":"diario22.ar","article_published_time":"2026-03-07T17:35:07+00:00","article_modified_time":"2026-03-07T17:35:08+00:00","og_image":[{"width":1080,"height":540,"url":"https:\/\/www.diario22.ar\/notix2\/wp-content\/uploads\/2026\/03\/Nace-un-museo-dedicado-a-Alberto-Giacometti.jpg","type":"image\/jpeg"}],"author":"Camila Torres","twitter_card":"summary_large_image","twitter_misc":{"Escrito por":"Camila Torres","Tiempo de lectura":"1 minuto"},"schema":{"@context":"https:\/\/schema.org","@graph":[{"@type":"Article","@id":"https:\/\/www.diario22.ar\/notix2\/nace-un-museo-dedicado-a-alberto-giacometti\/#article","isPartOf":{"@id":"https:\/\/www.diario22.ar\/notix2\/nace-un-museo-dedicado-a-alberto-giacometti\/"},"author":{"name":"Camila Torres","@id":"https:\/\/www.diario22.ar\/notix2\/#\/schema\/person\/9266f03a2bd6dca79e788e180fb2deeb"},"headline":"Nace un museo dedicado a Alberto Giacometti","datePublished":"2026-03-07T17:35:07+00:00","dateModified":"2026-03-07T17:35:08+00:00","mainEntityOfPage":{"@id":"https:\/\/www.diario22.ar\/notix2\/nace-un-museo-dedicado-a-alberto-giacometti\/"},"wordCount":250,"commentCount":0,"publisher":{"@id":"https:\/\/www.diario22.ar\/notix2\/#organization"},"image":{"@id":"https:\/\/www.diario22.ar\/notix2\/nace-un-museo-dedicado-a-alberto-giacometti\/#primaryimage"},"thumbnailUrl":"https:\/\/www.diario22.ar\/notix2\/wp-content\/uploads\/2026\/03\/Nace-un-museo-dedicado-a-Alberto-Giacometti.jpg","keywords":["Alberto","dedicado","Giacometti","museo","nace"],"articleSection":["Arte"],"inLanguage":"es-AR","potentialAction":[{"@type":"CommentAction","name":"Comment","target":["https:\/\/www.diario22.ar\/notix2\/nace-un-museo-dedicado-a-alberto-giacometti\/#respond"]}]},{"@type":"WebPage","@id":"https:\/\/www.diario22.ar\/notix2\/nace-un-museo-dedicado-a-alberto-giacometti\/","url":"https:\/\/www.diario22.ar\/notix2\/nace-un-museo-dedicado-a-alberto-giacometti\/","name":"Nace un museo dedicado a Alberto Giacometti - diario22.ar","isPartOf":{"@id":"https:\/\/www.diario22.ar\/notix2\/#website"},"primaryImageOfPage":{"@id":"https:\/\/www.diario22.ar\/notix2\/nace-un-museo-dedicado-a-alberto-giacometti\/#primaryimage"},"image":{"@id":"https:\/\/www.diario22.ar\/notix2\/nace-un-museo-dedicado-a-alberto-giacometti\/#primaryimage"},"thumbnailUrl":"https:\/\/www.diario22.ar\/notix2\/wp-content\/uploads\/2026\/03\/Nace-un-museo-dedicado-a-Alberto-Giacometti.jpg","datePublished":"2026-03-07T17:35:07+00:00","dateModified":"2026-03-07T17:35:08+00:00","breadcrumb":{"@id":"https:\/\/www.diario22.ar\/notix2\/nace-un-museo-dedicado-a-alberto-giacometti\/#breadcrumb"},"inLanguage":"es-AR","potentialAction":[{"@type":"ReadAction","target":["https:\/\/www.diario22.ar\/notix2\/nace-un-museo-dedicado-a-alberto-giacometti\/"]}]},{"@type":"ImageObject","inLanguage":"es-AR","@id":"https:\/\/www.diario22.ar\/notix2\/nace-un-museo-dedicado-a-alberto-giacometti\/#primaryimage","url":"https:\/\/www.diario22.ar\/notix2\/wp-content\/uploads\/2026\/03\/Nace-un-museo-dedicado-a-Alberto-Giacometti.jpg","contentUrl":"https:\/\/www.diario22.ar\/notix2\/wp-content\/uploads\/2026\/03\/Nace-un-museo-dedicado-a-Alberto-Giacometti.jpg","width":1080,"height":540},{"@type":"BreadcrumbList","@id":"https:\/\/www.diario22.ar\/notix2\/nace-un-museo-dedicado-a-alberto-giacometti\/#breadcrumb","itemListElement":[{"@type":"ListItem","position":1,"name":"Home","item":"https:\/\/www.diario22.ar\/notix2\/"},{"@type":"ListItem","position":2,"name":"Nace un museo dedicado a Alberto Giacometti"}]},{"@type":"WebSite","@id":"https:\/\/www.diario22.ar\/notix2\/#website","url":"https:\/\/www.diario22.ar\/notix2\/","name":"diario22.ar","description":"Vive hoy &amp; descubre lo que viene","publisher":{"@id":"https:\/\/www.diario22.ar\/notix2\/#organization"},"potentialAction":[{"@type":"SearchAction","target":{"@type":"EntryPoint","urlTemplate":"https:\/\/www.diario22.ar\/notix2\/?s={search_term_string}"},"query-input":{"@type":"PropertyValueSpecification","valueRequired":true,"valueName":"search_term_string"}}],"inLanguage":"es-AR"},{"@type":"Organization","@id":"https:\/\/www.diario22.ar\/notix2\/#organization","name":"diario22.ar","url":"https:\/\/www.diario22.ar\/notix2\/","logo":{"@type":"ImageObject","inLanguage":"es-AR","@id":"https:\/\/www.diario22.ar\/notix2\/#\/schema\/logo\/image\/","url":"https:\/\/www.diario22.ar\/notix2\/wp-content\/uploads\/2025\/10\/cropped-Publish-1.png","contentUrl":"https:\/\/www.diario22.ar\/notix2\/wp-content\/uploads\/2025\/10\/cropped-Publish-1.png","width":1560,"height":722,"caption":"diario22.ar"},"image":{"@id":"https:\/\/www.diario22.ar\/notix2\/#\/schema\/logo\/image\/"}},{"@type":"Person","@id":"https:\/\/www.diario22.ar\/notix2\/#\/schema\/person\/9266f03a2bd6dca79e788e180fb2deeb","name":"Camila Torres","image":{"@type":"ImageObject","inLanguage":"es-AR","@id":"https:\/\/www.diario22.ar\/notix2\/#\/schema\/person\/image\/","url":"https:\/\/www.diario22.ar\/notix2\/wp-content\/uploads\/2025\/10\/diario22.ar-3-150x150.png","contentUrl":"https:\/\/www.diario22.ar\/notix2\/wp-content\/uploads\/2025\/10\/diario22.ar-3-150x150.png","caption":"Camila Torres"},"description":"Soy periodista y redactora en Diario22.ar, apasionada por las historias que conectan la actualidad con la gente. Me form\u00e9 en comunicaci\u00f3n social en Buenos Aires y desde entonces busco darle voz a lo cotidiano, con una mirada curiosa y humana. Creo que el periodismo no solo informa: tambi\u00e9n inspira y transforma.","sameAs":["https:\/\/www.diario22.ar\/notix2"]}]}},"_links":{"self":[{"href":"https:\/\/www.diario22.ar\/notix2\/wp-json\/wp\/v2\/posts\/51455","targetHints":{"allow":["GET"]}}],"collection":[{"href":"https:\/\/www.diario22.ar\/notix2\/wp-json\/wp\/v2\/posts"}],"about":[{"href":"https:\/\/www.diario22.ar\/notix2\/wp-json\/wp\/v2\/types\/post"}],"author":[{"embeddable":true,"href":"https:\/\/www.diario22.ar\/notix2\/wp-json\/wp\/v2\/users\/1"}],"replies":[{"embeddable":true,"href":"https:\/\/www.diario22.ar\/notix2\/wp-json\/wp\/v2\/comments?post=51455"}],"version-history":[{"count":1,"href":"https:\/\/www.diario22.ar\/notix2\/wp-json\/wp\/v2\/posts\/51455\/revisions"}],"predecessor-version":[{"id":51457,"href":"https:\/\/www.diario22.ar\/notix2\/wp-json\/wp\/v2\/posts\/51455\/revisions\/51457"}],"wp:featuredmedia":[{"embeddable":true,"href":"https:\/\/www.diario22.ar\/notix2\/wp-json\/wp\/v2\/media\/51456"}],"wp:attachment":[{"href":"https:\/\/www.diario22.ar\/notix2\/wp-json\/wp\/v2\/media?parent=51455"}],"wp:term":[{"taxonomy":"category","embeddable":true,"href":"https:\/\/www.diario22.ar\/notix2\/wp-json\/wp\/v2\/categories?post=51455"},{"taxonomy":"post_tag","embeddable":true,"href":"https:\/\/www.diario22.ar\/notix2\/wp-json\/wp\/v2\/tags?post=51455"}],"curies":[{"name":"wp","href":"https:\/\/api.w.org\/{rel}","templated":true}]}}