{"id":51452,"date":"2026-03-07T10:34:59","date_gmt":"2026-03-07T13:34:59","guid":{"rendered":"https:\/\/www.diario22.ar\/notix2\/exterior-rustico-interior-radical-la-granja-invertida-de-bard-yersin-arquitectos\/"},"modified":"2026-03-07T10:34:59","modified_gmt":"2026-03-07T13:34:59","slug":"exterior-rustico-interior-radical-la-granja-invertida-de-bard-yersin-arquitectos","status":"publish","type":"post","link":"https:\/\/www.diario22.ar\/notix2\/exterior-rustico-interior-radical-la-granja-invertida-de-bard-yersin-arquitectos\/","title":{"rendered":"Exterior r\u00fastico, interior radical: la granja invertida de Bard Yersin Arquitectos"},"content":{"rendered":"<p>Dise\u00f1ado por Bard Yersin Architectes, The Inverted Farm es una notable transformaci\u00f3n residencial de una tradicional finca agr\u00edcola en el campo suizo. El proyecto revitaliza una granja hist\u00f3rica y su granero adyacente al reimaginar la relaci\u00f3n entre el entorno construido y el paisaje circundante. En lugar de una renovaci\u00f3n convencional, los arquitectos emplearon un enfoque quir\u00fargico para conservar el car\u00e1cter rural de la mamposter\u00eda original mientras introduc\u00edan un espacio de vida sofisticado y contempor\u00e1neo que enfatiza la apertura y la luminosidad.<\/p>\n<div>\n<div class=\"inner-container\">\n<div class=\"inner-content\">\n<div class=\"adunit-wrapper\">\n<div class=\"in-content-ad-outer\">\n<p><!-- Tag ID: HBENGLOB_ATF_INCONTENT --><\/p>\n<div class=\"adunit in-content lazy-load no-init\" data-freestar-ad=\"__300x250\" data-adunit=\"HBENGLOB_ATF_INCONTENT\" data-targeting='{\"HBSiteLoc\":[\"ros\",\"article\"],\"HBSiteCat\":[\"design\",\"architectures\",\"bard-yersin-architectes\"],\"HBSitePage\":\"0\",\"HBSiteLang\":\"en\",\"country\":\"us\",\"region\":\"naam\",\"subRegion\":\"\",\"HBArticle\":6681887,\"HBBlacklist\":\"1\"}'><\/div>\n<\/p><\/div>\n<\/p><\/div>\n<\/p><\/div>\n<\/p><\/div>\n<\/div>\n<p>La caracter\u00edstica m\u00e1s distintiva del dise\u00f1o es su organizaci\u00f3n interna, que justifica su nombre. Los arquitectos vaciaron el centro de la antigua granja para crear un atrio monumental de triple altura que funge como el coraz\u00f3n de la vivienda. Este amplio vac\u00edo central queda enmarcado por una estructura de madera meticulosa que rinde homenaje al entramado tradicional de los graneros, pero con una ejecuci\u00f3n moderna y minimalista. Grandes aberturas estrat\u00e9gicamente situadas en las paredes de piedra originales se combinan con una gran cantidad de acristalamientos interiores, permitiendo que la luz penetre profundamente en el plano y creando conexiones visuales dram\u00e1ticas entre los diferentes niveles de la casa.\n<\/p>\n<p>La sostenibilidad y la honestidad material son centrales en la identidad del proyecto. La renovaci\u00f3n prioriza el uso de materiales de origen local, haciendo especial hincapi\u00e9 en el contraste entre la textura cruda de la piedra existente y la calidez de las nuevas piezas en abeto y alerce. Al conservar el volumen externo de la granja original, el proyecto respeta el patrimonio local y la escala del pueblo vecino. El resultado es una vivienda que funciona como un santuario privado, ofreciendo una fusi\u00f3n fluida entre la carga hist\u00f3rica y la volumetr\u00eda moderna y di\u00e1fana que redefine la tipolog\u00eda de la casa rural suiza.<\/p>\n","protected":false},"excerpt":{"rendered":"<p>Dise\u00f1ado por Bard Yersin Architectes, The Inverted Farm es una notable transformaci\u00f3n residencial de una tradicional finca agr\u00edcola en el<\/p>\n","protected":false},"author":1,"featured_media":51453,"comment_status":"open","ping_status":"open","sticky":false,"template":"","format":"standard","meta":{"footnotes":""},"categories":[10],"tags":[2561,2559,2555,2557,2120,2558,1387,2556,2560],"class_list":["post-51452","post","type-post","status-publish","format-standard","has-post-thumbnail","hentry","category-tendencias","tag-arquitectos","tag-bard","tag-exterior","tag-granja","tag-interior","tag-invertida","tag-radical","tag-rustico","tag-yersin","generate-columns","tablet-grid-50","mobile-grid-100","grid-parent","grid-50"],"yoast_head":"<!-- This site is optimized with the Yoast SEO plugin v26.1.1 - https:\/\/yoast.com\/wordpress\/plugins\/seo\/ -->\n<title>Exterior r\u00fastico, interior radical: la granja invertida de Bard Yersin Arquitectos - diario22.ar<\/title>\n<meta name=\"robots\" content=\"index, follow, max-snippet:-1, max-image-preview:large, max-video-preview:-1\" \/>\n<link rel=\"canonical\" href=\"https:\/\/www.diario22.ar\/notix2\/exterior-rustico-interior-radical-la-granja-invertida-de-bard-yersin-arquitectos\/\" \/>\n<meta property=\"og:locale\" content=\"es_ES\" \/>\n<meta property=\"og:type\" content=\"article\" \/>\n<meta property=\"og:title\" content=\"Exterior r\u00fastico, interior radical: la granja invertida de Bard Yersin Arquitectos - diario22.ar\" \/>\n<meta property=\"og:description\" content=\"Dise\u00f1ado por Bard Yersin Architectes, The Inverted Farm es una notable transformaci\u00f3n residencial de una tradicional finca agr\u00edcola en el\" \/>\n<meta property=\"og:url\" content=\"https:\/\/www.diario22.ar\/notix2\/exterior-rustico-interior-radical-la-granja-invertida-de-bard-yersin-arquitectos\/\" \/>\n<meta property=\"og:site_name\" content=\"diario22.ar\" \/>\n<meta property=\"article:published_time\" content=\"2026-03-07T13:34:59+00:00\" \/>\n<meta property=\"og:image\" content=\"https:\/\/www.diario22.ar\/notix2\/wp-content\/uploads\/2026\/03\/Exterior-rustico-interior-radical-la-granja-invertida-de-Bard-Yersin.com2Fimage2F20262F032F022Ftwbard-yersin-architectes-the-inverted-farm-v.jpeg\" \/>\n\t<meta property=\"og:image:width\" content=\"1000\" \/>\n\t<meta property=\"og:image:height\" content=\"500\" \/>\n\t<meta property=\"og:image:type\" content=\"image\/jpeg\" \/>\n<meta name=\"author\" content=\"Camila Torres\" \/>\n<meta name=\"twitter:card\" content=\"summary_large_image\" \/>\n<meta name=\"twitter:label1\" content=\"Escrito por\" \/>\n\t<meta name=\"twitter:data1\" content=\"Camila Torres\" \/>\n\t<meta name=\"twitter:label2\" content=\"Tiempo de lectura\" \/>\n\t<meta name=\"twitter:data2\" content=\"2 minutos\" \/>\n<script type=\"application\/ld+json\" class=\"yoast-schema-graph\">{\"@context\":\"https:\/\/schema.org\",\"@graph\":[{\"@type\":\"Article\",\"@id\":\"https:\/\/www.diario22.ar\/notix2\/exterior-rustico-interior-radical-la-granja-invertida-de-bard-yersin-arquitectos\/#article\",\"isPartOf\":{\"@id\":\"https:\/\/www.diario22.ar\/notix2\/exterior-rustico-interior-radical-la-granja-invertida-de-bard-yersin-arquitectos\/\"},\"author\":{\"name\":\"Camila Torres\",\"@id\":\"https:\/\/www.diario22.ar\/notix2\/#\/schema\/person\/9266f03a2bd6dca79e788e180fb2deeb\"},\"headline\":\"Exterior r\u00fastico, interior radical: la granja invertida de Bard Yersin Arquitectos\",\"datePublished\":\"2026-03-07T13:34:59+00:00\",\"mainEntityOfPage\":{\"@id\":\"https:\/\/www.diario22.ar\/notix2\/exterior-rustico-interior-radical-la-granja-invertida-de-bard-yersin-arquitectos\/\"},\"wordCount\":329,\"commentCount\":0,\"publisher\":{\"@id\":\"https:\/\/www.diario22.ar\/notix2\/#organization\"},\"image\":{\"@id\":\"https:\/\/www.diario22.ar\/notix2\/exterior-rustico-interior-radical-la-granja-invertida-de-bard-yersin-arquitectos\/#primaryimage\"},\"thumbnailUrl\":\"https:\/\/www.diario22.ar\/notix2\/wp-content\/uploads\/2026\/03\/Exterior-rustico-interior-radical-la-granja-invertida-de-Bard-Yersin.com2Fimage2F20262F032F022Ftwbard-yersin-architectes-the-inverted-farm-v.jpeg\",\"keywords\":[\"Arquitectos\",\"Bard\",\"Exterior\",\"granja\",\"Interior\",\"invertida\",\"radical\",\"r\u00fastico\",\"Yersin\"],\"articleSection\":[\"Tendencias\"],\"inLanguage\":\"es-AR\",\"potentialAction\":[{\"@type\":\"CommentAction\",\"name\":\"Comment\",\"target\":[\"https:\/\/www.diario22.ar\/notix2\/exterior-rustico-interior-radical-la-granja-invertida-de-bard-yersin-arquitectos\/#respond\"]}]},{\"@type\":\"WebPage\",\"@id\":\"https:\/\/www.diario22.ar\/notix2\/exterior-rustico-interior-radical-la-granja-invertida-de-bard-yersin-arquitectos\/\",\"url\":\"https:\/\/www.diario22.ar\/notix2\/exterior-rustico-interior-radical-la-granja-invertida-de-bard-yersin-arquitectos\/\",\"name\":\"Exterior r\u00fastico, interior radical: la granja invertida de Bard Yersin Arquitectos - diario22.ar\",\"isPartOf\":{\"@id\":\"https:\/\/www.diario22.ar\/notix2\/#website\"},\"primaryImageOfPage\":{\"@id\":\"https:\/\/www.diario22.ar\/notix2\/exterior-rustico-interior-radical-la-granja-invertida-de-bard-yersin-arquitectos\/#primaryimage\"},\"image\":{\"@id\":\"https:\/\/www.diario22.ar\/notix2\/exterior-rustico-interior-radical-la-granja-invertida-de-bard-yersin-arquitectos\/#primaryimage\"},\"thumbnailUrl\":\"https:\/\/www.diario22.ar\/notix2\/wp-content\/uploads\/2026\/03\/Exterior-rustico-interior-radical-la-granja-invertida-de-Bard-Yersin.com2Fimage2F20262F032F022Ftwbard-yersin-architectes-the-inverted-farm-v.jpeg\",\"datePublished\":\"2026-03-07T13:34:59+00:00\",\"breadcrumb\":{\"@id\":\"https:\/\/www.diario22.ar\/notix2\/exterior-rustico-interior-radical-la-granja-invertida-de-bard-yersin-arquitectos\/#breadcrumb\"},\"inLanguage\":\"es-AR\",\"potentialAction\":[{\"@type\":\"ReadAction\",\"target\":[\"https:\/\/www.diario22.ar\/notix2\/exterior-rustico-interior-radical-la-granja-invertida-de-bard-yersin-arquitectos\/\"]}]},{\"@type\":\"ImageObject\",\"inLanguage\":\"es-AR\",\"@id\":\"https:\/\/www.diario22.ar\/notix2\/exterior-rustico-interior-radical-la-granja-invertida-de-bard-yersin-arquitectos\/#primaryimage\",\"url\":\"https:\/\/www.diario22.ar\/notix2\/wp-content\/uploads\/2026\/03\/Exterior-rustico-interior-radical-la-granja-invertida-de-Bard-Yersin.com2Fimage2F20262F032F022Ftwbard-yersin-architectes-the-inverted-farm-v.jpeg\",\"contentUrl\":\"https:\/\/www.diario22.ar\/notix2\/wp-content\/uploads\/2026\/03\/Exterior-rustico-interior-radical-la-granja-invertida-de-Bard-Yersin.com2Fimage2F20262F032F022Ftwbard-yersin-architectes-the-inverted-farm-v.jpeg\",\"width\":1000,\"height\":500},{\"@type\":\"BreadcrumbList\",\"@id\":\"https:\/\/www.diario22.ar\/notix2\/exterior-rustico-interior-radical-la-granja-invertida-de-bard-yersin-arquitectos\/#breadcrumb\",\"itemListElement\":[{\"@type\":\"ListItem\",\"position\":1,\"name\":\"Home\",\"item\":\"https:\/\/www.diario22.ar\/notix2\/\"},{\"@type\":\"ListItem\",\"position\":2,\"name\":\"Exterior r\u00fastico, interior radical: la granja invertida de Bard Yersin Arquitectos\"}]},{\"@type\":\"WebSite\",\"@id\":\"https:\/\/www.diario22.ar\/notix2\/#website\",\"url\":\"https:\/\/www.diario22.ar\/notix2\/\",\"name\":\"diario22.ar\",\"description\":\"Vive hoy &amp; descubre lo que viene\",\"publisher\":{\"@id\":\"https:\/\/www.diario22.ar\/notix2\/#organization\"},\"potentialAction\":[{\"@type\":\"SearchAction\",\"target\":{\"@type\":\"EntryPoint\",\"urlTemplate\":\"https:\/\/www.diario22.ar\/notix2\/?s={search_term_string}\"},\"query-input\":{\"@type\":\"PropertyValueSpecification\",\"valueRequired\":true,\"valueName\":\"search_term_string\"}}],\"inLanguage\":\"es-AR\"},{\"@type\":\"Organization\",\"@id\":\"https:\/\/www.diario22.ar\/notix2\/#organization\",\"name\":\"diario22.ar\",\"url\":\"https:\/\/www.diario22.ar\/notix2\/\",\"logo\":{\"@type\":\"ImageObject\",\"inLanguage\":\"es-AR\",\"@id\":\"https:\/\/www.diario22.ar\/notix2\/#\/schema\/logo\/image\/\",\"url\":\"https:\/\/www.diario22.ar\/notix2\/wp-content\/uploads\/2025\/10\/cropped-Publish-1.png\",\"contentUrl\":\"https:\/\/www.diario22.ar\/notix2\/wp-content\/uploads\/2025\/10\/cropped-Publish-1.png\",\"width\":1560,\"height\":722,\"caption\":\"diario22.ar\"},\"image\":{\"@id\":\"https:\/\/www.diario22.ar\/notix2\/#\/schema\/logo\/image\/\"}},{\"@type\":\"Person\",\"@id\":\"https:\/\/www.diario22.ar\/notix2\/#\/schema\/person\/9266f03a2bd6dca79e788e180fb2deeb\",\"name\":\"Camila Torres\",\"image\":{\"@type\":\"ImageObject\",\"inLanguage\":\"es-AR\",\"@id\":\"https:\/\/www.diario22.ar\/notix2\/#\/schema\/person\/image\/\",\"url\":\"https:\/\/www.diario22.ar\/notix2\/wp-content\/uploads\/2025\/10\/diario22.ar-3-150x150.png\",\"contentUrl\":\"https:\/\/www.diario22.ar\/notix2\/wp-content\/uploads\/2025\/10\/diario22.ar-3-150x150.png\",\"caption\":\"Camila Torres\"},\"description\":\"Soy periodista y redactora en Diario22.ar, apasionada por las historias que conectan la actualidad con la gente. Me form\u00e9 en comunicaci\u00f3n social en Buenos Aires y desde entonces busco darle voz a lo cotidiano, con una mirada curiosa y humana. Creo que el periodismo no solo informa: tambi\u00e9n inspira y transforma.\",\"sameAs\":[\"https:\/\/www.diario22.ar\/notix2\"]}]}<\/script>\n<!-- \/ Yoast SEO plugin. -->","yoast_head_json":{"title":"Exterior r\u00fastico, interior radical: la granja invertida de Bard Yersin Arquitectos - diario22.ar","robots":{"index":"index","follow":"follow","max-snippet":"max-snippet:-1","max-image-preview":"max-image-preview:large","max-video-preview":"max-video-preview:-1"},"canonical":"https:\/\/www.diario22.ar\/notix2\/exterior-rustico-interior-radical-la-granja-invertida-de-bard-yersin-arquitectos\/","og_locale":"es_ES","og_type":"article","og_title":"Exterior r\u00fastico, interior radical: la granja invertida de Bard Yersin Arquitectos - diario22.ar","og_description":"Dise\u00f1ado por Bard Yersin Architectes, The Inverted Farm es una notable transformaci\u00f3n residencial de una tradicional finca agr\u00edcola en el","og_url":"https:\/\/www.diario22.ar\/notix2\/exterior-rustico-interior-radical-la-granja-invertida-de-bard-yersin-arquitectos\/","og_site_name":"diario22.ar","article_published_time":"2026-03-07T13:34:59+00:00","og_image":[{"width":1000,"height":500,"url":"https:\/\/www.diario22.ar\/notix2\/wp-content\/uploads\/2026\/03\/Exterior-rustico-interior-radical-la-granja-invertida-de-Bard-Yersin.com2Fimage2F20262F032F022Ftwbard-yersin-architectes-the-inverted-farm-v.jpeg","type":"image\/jpeg"}],"author":"Camila Torres","twitter_card":"summary_large_image","twitter_misc":{"Escrito por":"Camila Torres","Tiempo de lectura":"2 minutos"},"schema":{"@context":"https:\/\/schema.org","@graph":[{"@type":"Article","@id":"https:\/\/www.diario22.ar\/notix2\/exterior-rustico-interior-radical-la-granja-invertida-de-bard-yersin-arquitectos\/#article","isPartOf":{"@id":"https:\/\/www.diario22.ar\/notix2\/exterior-rustico-interior-radical-la-granja-invertida-de-bard-yersin-arquitectos\/"},"author":{"name":"Camila Torres","@id":"https:\/\/www.diario22.ar\/notix2\/#\/schema\/person\/9266f03a2bd6dca79e788e180fb2deeb"},"headline":"Exterior r\u00fastico, interior radical: la granja invertida de Bard Yersin Arquitectos","datePublished":"2026-03-07T13:34:59+00:00","mainEntityOfPage":{"@id":"https:\/\/www.diario22.ar\/notix2\/exterior-rustico-interior-radical-la-granja-invertida-de-bard-yersin-arquitectos\/"},"wordCount":329,"commentCount":0,"publisher":{"@id":"https:\/\/www.diario22.ar\/notix2\/#organization"},"image":{"@id":"https:\/\/www.diario22.ar\/notix2\/exterior-rustico-interior-radical-la-granja-invertida-de-bard-yersin-arquitectos\/#primaryimage"},"thumbnailUrl":"https:\/\/www.diario22.ar\/notix2\/wp-content\/uploads\/2026\/03\/Exterior-rustico-interior-radical-la-granja-invertida-de-Bard-Yersin.com2Fimage2F20262F032F022Ftwbard-yersin-architectes-the-inverted-farm-v.jpeg","keywords":["Arquitectos","Bard","Exterior","granja","Interior","invertida","radical","r\u00fastico","Yersin"],"articleSection":["Tendencias"],"inLanguage":"es-AR","potentialAction":[{"@type":"CommentAction","name":"Comment","target":["https:\/\/www.diario22.ar\/notix2\/exterior-rustico-interior-radical-la-granja-invertida-de-bard-yersin-arquitectos\/#respond"]}]},{"@type":"WebPage","@id":"https:\/\/www.diario22.ar\/notix2\/exterior-rustico-interior-radical-la-granja-invertida-de-bard-yersin-arquitectos\/","url":"https:\/\/www.diario22.ar\/notix2\/exterior-rustico-interior-radical-la-granja-invertida-de-bard-yersin-arquitectos\/","name":"Exterior r\u00fastico, interior radical: la granja invertida de Bard Yersin Arquitectos - diario22.ar","isPartOf":{"@id":"https:\/\/www.diario22.ar\/notix2\/#website"},"primaryImageOfPage":{"@id":"https:\/\/www.diario22.ar\/notix2\/exterior-rustico-interior-radical-la-granja-invertida-de-bard-yersin-arquitectos\/#primaryimage"},"image":{"@id":"https:\/\/www.diario22.ar\/notix2\/exterior-rustico-interior-radical-la-granja-invertida-de-bard-yersin-arquitectos\/#primaryimage"},"thumbnailUrl":"https:\/\/www.diario22.ar\/notix2\/wp-content\/uploads\/2026\/03\/Exterior-rustico-interior-radical-la-granja-invertida-de-Bard-Yersin.com2Fimage2F20262F032F022Ftwbard-yersin-architectes-the-inverted-farm-v.jpeg","datePublished":"2026-03-07T13:34:59+00:00","breadcrumb":{"@id":"https:\/\/www.diario22.ar\/notix2\/exterior-rustico-interior-radical-la-granja-invertida-de-bard-yersin-arquitectos\/#breadcrumb"},"inLanguage":"es-AR","potentialAction":[{"@type":"ReadAction","target":["https:\/\/www.diario22.ar\/notix2\/exterior-rustico-interior-radical-la-granja-invertida-de-bard-yersin-arquitectos\/"]}]},{"@type":"ImageObject","inLanguage":"es-AR","@id":"https:\/\/www.diario22.ar\/notix2\/exterior-rustico-interior-radical-la-granja-invertida-de-bard-yersin-arquitectos\/#primaryimage","url":"https:\/\/www.diario22.ar\/notix2\/wp-content\/uploads\/2026\/03\/Exterior-rustico-interior-radical-la-granja-invertida-de-Bard-Yersin.com2Fimage2F20262F032F022Ftwbard-yersin-architectes-the-inverted-farm-v.jpeg","contentUrl":"https:\/\/www.diario22.ar\/notix2\/wp-content\/uploads\/2026\/03\/Exterior-rustico-interior-radical-la-granja-invertida-de-Bard-Yersin.com2Fimage2F20262F032F022Ftwbard-yersin-architectes-the-inverted-farm-v.jpeg","width":1000,"height":500},{"@type":"BreadcrumbList","@id":"https:\/\/www.diario22.ar\/notix2\/exterior-rustico-interior-radical-la-granja-invertida-de-bard-yersin-arquitectos\/#breadcrumb","itemListElement":[{"@type":"ListItem","position":1,"name":"Home","item":"https:\/\/www.diario22.ar\/notix2\/"},{"@type":"ListItem","position":2,"name":"Exterior r\u00fastico, interior radical: la granja invertida de Bard Yersin Arquitectos"}]},{"@type":"WebSite","@id":"https:\/\/www.diario22.ar\/notix2\/#website","url":"https:\/\/www.diario22.ar\/notix2\/","name":"diario22.ar","description":"Vive hoy &amp; descubre lo que viene","publisher":{"@id":"https:\/\/www.diario22.ar\/notix2\/#organization"},"potentialAction":[{"@type":"SearchAction","target":{"@type":"EntryPoint","urlTemplate":"https:\/\/www.diario22.ar\/notix2\/?s={search_term_string}"},"query-input":{"@type":"PropertyValueSpecification","valueRequired":true,"valueName":"search_term_string"}}],"inLanguage":"es-AR"},{"@type":"Organization","@id":"https:\/\/www.diario22.ar\/notix2\/#organization","name":"diario22.ar","url":"https:\/\/www.diario22.ar\/notix2\/","logo":{"@type":"ImageObject","inLanguage":"es-AR","@id":"https:\/\/www.diario22.ar\/notix2\/#\/schema\/logo\/image\/","url":"https:\/\/www.diario22.ar\/notix2\/wp-content\/uploads\/2025\/10\/cropped-Publish-1.png","contentUrl":"https:\/\/www.diario22.ar\/notix2\/wp-content\/uploads\/2025\/10\/cropped-Publish-1.png","width":1560,"height":722,"caption":"diario22.ar"},"image":{"@id":"https:\/\/www.diario22.ar\/notix2\/#\/schema\/logo\/image\/"}},{"@type":"Person","@id":"https:\/\/www.diario22.ar\/notix2\/#\/schema\/person\/9266f03a2bd6dca79e788e180fb2deeb","name":"Camila Torres","image":{"@type":"ImageObject","inLanguage":"es-AR","@id":"https:\/\/www.diario22.ar\/notix2\/#\/schema\/person\/image\/","url":"https:\/\/www.diario22.ar\/notix2\/wp-content\/uploads\/2025\/10\/diario22.ar-3-150x150.png","contentUrl":"https:\/\/www.diario22.ar\/notix2\/wp-content\/uploads\/2025\/10\/diario22.ar-3-150x150.png","caption":"Camila Torres"},"description":"Soy periodista y redactora en Diario22.ar, apasionada por las historias que conectan la actualidad con la gente. Me form\u00e9 en comunicaci\u00f3n social en Buenos Aires y desde entonces busco darle voz a lo cotidiano, con una mirada curiosa y humana. Creo que el periodismo no solo informa: tambi\u00e9n inspira y transforma.","sameAs":["https:\/\/www.diario22.ar\/notix2"]}]}},"_links":{"self":[{"href":"https:\/\/www.diario22.ar\/notix2\/wp-json\/wp\/v2\/posts\/51452","targetHints":{"allow":["GET"]}}],"collection":[{"href":"https:\/\/www.diario22.ar\/notix2\/wp-json\/wp\/v2\/posts"}],"about":[{"href":"https:\/\/www.diario22.ar\/notix2\/wp-json\/wp\/v2\/types\/post"}],"author":[{"embeddable":true,"href":"https:\/\/www.diario22.ar\/notix2\/wp-json\/wp\/v2\/users\/1"}],"replies":[{"embeddable":true,"href":"https:\/\/www.diario22.ar\/notix2\/wp-json\/wp\/v2\/comments?post=51452"}],"version-history":[{"count":1,"href":"https:\/\/www.diario22.ar\/notix2\/wp-json\/wp\/v2\/posts\/51452\/revisions"}],"predecessor-version":[{"id":51454,"href":"https:\/\/www.diario22.ar\/notix2\/wp-json\/wp\/v2\/posts\/51452\/revisions\/51454"}],"wp:featuredmedia":[{"embeddable":true,"href":"https:\/\/www.diario22.ar\/notix2\/wp-json\/wp\/v2\/media\/51453"}],"wp:attachment":[{"href":"https:\/\/www.diario22.ar\/notix2\/wp-json\/wp\/v2\/media?parent=51452"}],"wp:term":[{"taxonomy":"category","embeddable":true,"href":"https:\/\/www.diario22.ar\/notix2\/wp-json\/wp\/v2\/categories?post=51452"},{"taxonomy":"post_tag","embeddable":true,"href":"https:\/\/www.diario22.ar\/notix2\/wp-json\/wp\/v2\/tags?post=51452"}],"curies":[{"name":"wp","href":"https:\/\/api.w.org\/{rel}","templated":true}]}}