{"id":51446,"date":"2026-03-06T09:35:11","date_gmt":"2026-03-06T12:35:11","guid":{"rendered":"https:\/\/www.diario22.ar\/notix2\/la-ultima-pieza-de-la-torre-central-de-la-sagrada-familia-de-gaudi-ya-esta-instalada\/"},"modified":"2026-03-06T09:35:12","modified_gmt":"2026-03-06T12:35:12","slug":"la-ultima-pieza-de-la-torre-central-de-la-sagrada-familia-de-gaudi-ya-esta-instalada","status":"publish","type":"post","link":"https:\/\/www.diario22.ar\/notix2\/la-ultima-pieza-de-la-torre-central-de-la-sagrada-familia-de-gaudi-ya-esta-instalada\/","title":{"rendered":"La \u00faltima pieza de la torre central de la Sagrada Familia de Gaud\u00ed ya est\u00e1 instalada"},"content":{"rendered":"<p>A 144 a\u00f1os de que comenzaron las obras, la pieza final de la torre central de la ic\u00f3nica Sagrada Familia, de Antoni Gaud\u00ed, ha sido colocada oficialmente en Barcelona.<\/p>\n<div>\n<div class=\"inner-container\">\n<div class=\"inner-content\">\n<div class=\"adunit-wrapper\">\n<div class=\"in-content-ad-outer\">\n<p><!-- Tag ID: HBENGLOB_ATF_INCONTENT --><\/p>\n<div class=\"adunit in-content lazy-load no-init\" data-freestar-ad=\"__300x250\" data-adunit=\"HBENGLOB_ATF_INCONTENT\" data-targeting='{\"HBSiteLoc\":[\"ros\",\"article\"],\"HBSiteCat\":[\"design\",\"barcelona\",\"antoni-gaudi\",\"unesco\",\"sagrada-familia\"],\"HBSitePage\":\"0\",\"HBSiteLang\":\"en\",\"country\":\"us\",\"region\":\"naam\",\"subRegion\":\"\",\"HBArticle\":6681439,\"HBBlacklist\":\"1\"}'><\/div>\n<\/p><\/div>\n<\/p><\/div>\n<\/p><\/div>\n<\/p><\/div>\n<\/div>\n<p>Marcando un hito hist\u00f3rico para una de las obras m\u00e1s ic\u00f3nicas y todav\u00eda inacabadas de la historia de la arquitectura, la secci\u00f3n superior de una cruz de acero y vidrio de 17 metros de altura, de cuatro caras, fue izada recientemente en su posici\u00f3n. La instalaci\u00f3n precisa completa oficialmente la torre central dedicada a Jesucristo, elevando la magn\u00edfica estructura a su altura m\u00e1xima absoluta de 172,5 metros. Con esta nueva elevaci\u00f3n alcanzada, la Sagrada Familia supera oficialmente a la catedral de Ulm para convertirse en la iglesia m\u00e1s alta del mundo.<\/p>\n<p>La instalaci\u00f3n confirma la esperada etapa final de la construcci\u00f3n del edificio principal, que est\u00e1 prevista para su finalizaci\u00f3n total en 2026 para conmemorar el centenario de la muerte de Antoni Gaud\u00ed. Mientras la estructura central se acerca por fin a su tan esperada conclusi\u00f3n, se prev\u00e9 que el trabajo en la intrincada Fachada de la Gloria contin\u00fae durante otra d\u00e9cada. Este logro hist\u00f3rico coincide de manera natural con el hecho de que Barcelona sea, en 2026, la Capital Mundial de la Arquitectura de la UNESCO.<\/p>\n<p>Se prev\u00e9 que una ceremonia oficial para conmemorar la finalizaci\u00f3n de la torre central tenga lugar el 10 de junio en Barcelona.<\/p>\n","protected":false},"excerpt":{"rendered":"<p>A 144 a\u00f1os de que comenzaron las obras, la pieza final de la torre central de la ic\u00f3nica Sagrada Familia,<\/p>\n","protected":false},"author":1,"featured_media":51447,"comment_status":"open","ping_status":"open","sticky":false,"template":"","format":"standard","meta":{"footnotes":""},"categories":[10],"tags":[2476,112,1873,2494,2548,2545,2547,2546,1037],"class_list":["post-51446","post","type-post","status-publish","format-standard","has-post-thumbnail","hentry","category-tendencias","tag-central","tag-esta","tag-familia","tag-gaudi","tag-instalada","tag-pieza","tag-sagrada","tag-torre","tag-ultima","generate-columns","tablet-grid-50","mobile-grid-100","grid-parent","grid-50"],"yoast_head":"<!-- This site is optimized with the Yoast SEO plugin v26.1.1 - https:\/\/yoast.com\/wordpress\/plugins\/seo\/ -->\n<title>La \u00faltima pieza de la torre central de la Sagrada Familia de Gaud\u00ed ya est\u00e1 instalada - diario22.ar<\/title>\n<meta name=\"robots\" content=\"index, follow, max-snippet:-1, max-image-preview:large, max-video-preview:-1\" \/>\n<link rel=\"canonical\" href=\"https:\/\/www.diario22.ar\/notix2\/la-ultima-pieza-de-la-torre-central-de-la-sagrada-familia-de-gaudi-ya-esta-instalada\/\" \/>\n<meta property=\"og:locale\" content=\"es_ES\" \/>\n<meta property=\"og:type\" content=\"article\" \/>\n<meta property=\"og:title\" content=\"La \u00faltima pieza de la torre central de la Sagrada Familia de Gaud\u00ed ya est\u00e1 instalada - diario22.ar\" \/>\n<meta property=\"og:description\" content=\"A 144 a\u00f1os de que comenzaron las obras, la pieza final de la torre central de la ic\u00f3nica Sagrada Familia,\" \/>\n<meta property=\"og:url\" content=\"https:\/\/www.diario22.ar\/notix2\/la-ultima-pieza-de-la-torre-central-de-la-sagrada-familia-de-gaudi-ya-esta-instalada\/\" \/>\n<meta property=\"og:site_name\" content=\"diario22.ar\" \/>\n<meta property=\"article:published_time\" content=\"2026-03-06T12:35:11+00:00\" \/>\n<meta property=\"article:modified_time\" content=\"2026-03-06T12:35:12+00:00\" \/>\n<meta property=\"og:image\" content=\"https:\/\/www.diario22.ar\/notix2\/wp-content\/uploads\/2026\/03\/La-ultima-pieza-de-la-torre-central-de-la-Sagrada.com2Fimage2F20262F032F022Fantoni-gaudis-sagrada-familia-central-tower-f.jpeg\" \/>\n\t<meta property=\"og:image:width\" content=\"1080\" \/>\n\t<meta property=\"og:image:height\" content=\"540\" \/>\n\t<meta property=\"og:image:type\" content=\"image\/jpeg\" \/>\n<meta name=\"author\" content=\"Camila Torres\" \/>\n<meta name=\"twitter:card\" content=\"summary_large_image\" \/>\n<meta name=\"twitter:label1\" content=\"Escrito por\" \/>\n\t<meta name=\"twitter:data1\" content=\"Camila Torres\" \/>\n\t<meta name=\"twitter:label2\" content=\"Tiempo de lectura\" \/>\n\t<meta name=\"twitter:data2\" content=\"1 minuto\" \/>\n<script type=\"application\/ld+json\" class=\"yoast-schema-graph\">{\"@context\":\"https:\/\/schema.org\",\"@graph\":[{\"@type\":\"Article\",\"@id\":\"https:\/\/www.diario22.ar\/notix2\/la-ultima-pieza-de-la-torre-central-de-la-sagrada-familia-de-gaudi-ya-esta-instalada\/#article\",\"isPartOf\":{\"@id\":\"https:\/\/www.diario22.ar\/notix2\/la-ultima-pieza-de-la-torre-central-de-la-sagrada-familia-de-gaudi-ya-esta-instalada\/\"},\"author\":{\"name\":\"Camila Torres\",\"@id\":\"https:\/\/www.diario22.ar\/notix2\/#\/schema\/person\/9266f03a2bd6dca79e788e180fb2deeb\"},\"headline\":\"La \u00faltima pieza de la torre central de la Sagrada Familia de Gaud\u00ed ya est\u00e1 instalada\",\"datePublished\":\"2026-03-06T12:35:11+00:00\",\"dateModified\":\"2026-03-06T12:35:12+00:00\",\"mainEntityOfPage\":{\"@id\":\"https:\/\/www.diario22.ar\/notix2\/la-ultima-pieza-de-la-torre-central-de-la-sagrada-familia-de-gaudi-ya-esta-instalada\/\"},\"wordCount\":259,\"commentCount\":0,\"publisher\":{\"@id\":\"https:\/\/www.diario22.ar\/notix2\/#organization\"},\"image\":{\"@id\":\"https:\/\/www.diario22.ar\/notix2\/la-ultima-pieza-de-la-torre-central-de-la-sagrada-familia-de-gaudi-ya-esta-instalada\/#primaryimage\"},\"thumbnailUrl\":\"https:\/\/www.diario22.ar\/notix2\/wp-content\/uploads\/2026\/03\/La-ultima-pieza-de-la-torre-central-de-la-Sagrada.com2Fimage2F20262F032F022Fantoni-gaudis-sagrada-familia-central-tower-f.jpeg\",\"keywords\":[\"Central\",\"est\u00e1\",\"familia\",\"Gaud\u00ed\",\"instalada\",\"pieza\",\"Sagrada\",\"torre\",\"\u00daltima\"],\"articleSection\":[\"Tendencias\"],\"inLanguage\":\"es-AR\",\"potentialAction\":[{\"@type\":\"CommentAction\",\"name\":\"Comment\",\"target\":[\"https:\/\/www.diario22.ar\/notix2\/la-ultima-pieza-de-la-torre-central-de-la-sagrada-familia-de-gaudi-ya-esta-instalada\/#respond\"]}]},{\"@type\":\"WebPage\",\"@id\":\"https:\/\/www.diario22.ar\/notix2\/la-ultima-pieza-de-la-torre-central-de-la-sagrada-familia-de-gaudi-ya-esta-instalada\/\",\"url\":\"https:\/\/www.diario22.ar\/notix2\/la-ultima-pieza-de-la-torre-central-de-la-sagrada-familia-de-gaudi-ya-esta-instalada\/\",\"name\":\"La \u00faltima pieza de la torre central de la Sagrada Familia de Gaud\u00ed ya est\u00e1 instalada - diario22.ar\",\"isPartOf\":{\"@id\":\"https:\/\/www.diario22.ar\/notix2\/#website\"},\"primaryImageOfPage\":{\"@id\":\"https:\/\/www.diario22.ar\/notix2\/la-ultima-pieza-de-la-torre-central-de-la-sagrada-familia-de-gaudi-ya-esta-instalada\/#primaryimage\"},\"image\":{\"@id\":\"https:\/\/www.diario22.ar\/notix2\/la-ultima-pieza-de-la-torre-central-de-la-sagrada-familia-de-gaudi-ya-esta-instalada\/#primaryimage\"},\"thumbnailUrl\":\"https:\/\/www.diario22.ar\/notix2\/wp-content\/uploads\/2026\/03\/La-ultima-pieza-de-la-torre-central-de-la-Sagrada.com2Fimage2F20262F032F022Fantoni-gaudis-sagrada-familia-central-tower-f.jpeg\",\"datePublished\":\"2026-03-06T12:35:11+00:00\",\"dateModified\":\"2026-03-06T12:35:12+00:00\",\"breadcrumb\":{\"@id\":\"https:\/\/www.diario22.ar\/notix2\/la-ultima-pieza-de-la-torre-central-de-la-sagrada-familia-de-gaudi-ya-esta-instalada\/#breadcrumb\"},\"inLanguage\":\"es-AR\",\"potentialAction\":[{\"@type\":\"ReadAction\",\"target\":[\"https:\/\/www.diario22.ar\/notix2\/la-ultima-pieza-de-la-torre-central-de-la-sagrada-familia-de-gaudi-ya-esta-instalada\/\"]}]},{\"@type\":\"ImageObject\",\"inLanguage\":\"es-AR\",\"@id\":\"https:\/\/www.diario22.ar\/notix2\/la-ultima-pieza-de-la-torre-central-de-la-sagrada-familia-de-gaudi-ya-esta-instalada\/#primaryimage\",\"url\":\"https:\/\/www.diario22.ar\/notix2\/wp-content\/uploads\/2026\/03\/La-ultima-pieza-de-la-torre-central-de-la-Sagrada.com2Fimage2F20262F032F022Fantoni-gaudis-sagrada-familia-central-tower-f.jpeg\",\"contentUrl\":\"https:\/\/www.diario22.ar\/notix2\/wp-content\/uploads\/2026\/03\/La-ultima-pieza-de-la-torre-central-de-la-Sagrada.com2Fimage2F20262F032F022Fantoni-gaudis-sagrada-familia-central-tower-f.jpeg\",\"width\":1080,\"height\":540},{\"@type\":\"BreadcrumbList\",\"@id\":\"https:\/\/www.diario22.ar\/notix2\/la-ultima-pieza-de-la-torre-central-de-la-sagrada-familia-de-gaudi-ya-esta-instalada\/#breadcrumb\",\"itemListElement\":[{\"@type\":\"ListItem\",\"position\":1,\"name\":\"Home\",\"item\":\"https:\/\/www.diario22.ar\/notix2\/\"},{\"@type\":\"ListItem\",\"position\":2,\"name\":\"La \u00faltima pieza de la torre central de la Sagrada Familia de Gaud\u00ed ya est\u00e1 instalada\"}]},{\"@type\":\"WebSite\",\"@id\":\"https:\/\/www.diario22.ar\/notix2\/#website\",\"url\":\"https:\/\/www.diario22.ar\/notix2\/\",\"name\":\"diario22.ar\",\"description\":\"Vive hoy &amp; descubre lo que viene\",\"publisher\":{\"@id\":\"https:\/\/www.diario22.ar\/notix2\/#organization\"},\"potentialAction\":[{\"@type\":\"SearchAction\",\"target\":{\"@type\":\"EntryPoint\",\"urlTemplate\":\"https:\/\/www.diario22.ar\/notix2\/?s={search_term_string}\"},\"query-input\":{\"@type\":\"PropertyValueSpecification\",\"valueRequired\":true,\"valueName\":\"search_term_string\"}}],\"inLanguage\":\"es-AR\"},{\"@type\":\"Organization\",\"@id\":\"https:\/\/www.diario22.ar\/notix2\/#organization\",\"name\":\"diario22.ar\",\"url\":\"https:\/\/www.diario22.ar\/notix2\/\",\"logo\":{\"@type\":\"ImageObject\",\"inLanguage\":\"es-AR\",\"@id\":\"https:\/\/www.diario22.ar\/notix2\/#\/schema\/logo\/image\/\",\"url\":\"https:\/\/www.diario22.ar\/notix2\/wp-content\/uploads\/2025\/10\/cropped-Publish-1.png\",\"contentUrl\":\"https:\/\/www.diario22.ar\/notix2\/wp-content\/uploads\/2025\/10\/cropped-Publish-1.png\",\"width\":1560,\"height\":722,\"caption\":\"diario22.ar\"},\"image\":{\"@id\":\"https:\/\/www.diario22.ar\/notix2\/#\/schema\/logo\/image\/\"}},{\"@type\":\"Person\",\"@id\":\"https:\/\/www.diario22.ar\/notix2\/#\/schema\/person\/9266f03a2bd6dca79e788e180fb2deeb\",\"name\":\"Camila Torres\",\"image\":{\"@type\":\"ImageObject\",\"inLanguage\":\"es-AR\",\"@id\":\"https:\/\/www.diario22.ar\/notix2\/#\/schema\/person\/image\/\",\"url\":\"https:\/\/www.diario22.ar\/notix2\/wp-content\/uploads\/2025\/10\/diario22.ar-3-150x150.png\",\"contentUrl\":\"https:\/\/www.diario22.ar\/notix2\/wp-content\/uploads\/2025\/10\/diario22.ar-3-150x150.png\",\"caption\":\"Camila Torres\"},\"description\":\"Soy periodista y redactora en Diario22.ar, apasionada por las historias que conectan la actualidad con la gente. Me form\u00e9 en comunicaci\u00f3n social en Buenos Aires y desde entonces busco darle voz a lo cotidiano, con una mirada curiosa y humana. Creo que el periodismo no solo informa: tambi\u00e9n inspira y transforma.\",\"sameAs\":[\"https:\/\/www.diario22.ar\/notix2\"]}]}<\/script>\n<!-- \/ Yoast SEO plugin. -->","yoast_head_json":{"title":"La \u00faltima pieza de la torre central de la Sagrada Familia de Gaud\u00ed ya est\u00e1 instalada - diario22.ar","robots":{"index":"index","follow":"follow","max-snippet":"max-snippet:-1","max-image-preview":"max-image-preview:large","max-video-preview":"max-video-preview:-1"},"canonical":"https:\/\/www.diario22.ar\/notix2\/la-ultima-pieza-de-la-torre-central-de-la-sagrada-familia-de-gaudi-ya-esta-instalada\/","og_locale":"es_ES","og_type":"article","og_title":"La \u00faltima pieza de la torre central de la Sagrada Familia de Gaud\u00ed ya est\u00e1 instalada - diario22.ar","og_description":"A 144 a\u00f1os de que comenzaron las obras, la pieza final de la torre central de la ic\u00f3nica Sagrada Familia,","og_url":"https:\/\/www.diario22.ar\/notix2\/la-ultima-pieza-de-la-torre-central-de-la-sagrada-familia-de-gaudi-ya-esta-instalada\/","og_site_name":"diario22.ar","article_published_time":"2026-03-06T12:35:11+00:00","article_modified_time":"2026-03-06T12:35:12+00:00","og_image":[{"width":1080,"height":540,"url":"https:\/\/www.diario22.ar\/notix2\/wp-content\/uploads\/2026\/03\/La-ultima-pieza-de-la-torre-central-de-la-Sagrada.com2Fimage2F20262F032F022Fantoni-gaudis-sagrada-familia-central-tower-f.jpeg","type":"image\/jpeg"}],"author":"Camila Torres","twitter_card":"summary_large_image","twitter_misc":{"Escrito por":"Camila Torres","Tiempo de lectura":"1 minuto"},"schema":{"@context":"https:\/\/schema.org","@graph":[{"@type":"Article","@id":"https:\/\/www.diario22.ar\/notix2\/la-ultima-pieza-de-la-torre-central-de-la-sagrada-familia-de-gaudi-ya-esta-instalada\/#article","isPartOf":{"@id":"https:\/\/www.diario22.ar\/notix2\/la-ultima-pieza-de-la-torre-central-de-la-sagrada-familia-de-gaudi-ya-esta-instalada\/"},"author":{"name":"Camila Torres","@id":"https:\/\/www.diario22.ar\/notix2\/#\/schema\/person\/9266f03a2bd6dca79e788e180fb2deeb"},"headline":"La \u00faltima pieza de la torre central de la Sagrada Familia de Gaud\u00ed ya est\u00e1 instalada","datePublished":"2026-03-06T12:35:11+00:00","dateModified":"2026-03-06T12:35:12+00:00","mainEntityOfPage":{"@id":"https:\/\/www.diario22.ar\/notix2\/la-ultima-pieza-de-la-torre-central-de-la-sagrada-familia-de-gaudi-ya-esta-instalada\/"},"wordCount":259,"commentCount":0,"publisher":{"@id":"https:\/\/www.diario22.ar\/notix2\/#organization"},"image":{"@id":"https:\/\/www.diario22.ar\/notix2\/la-ultima-pieza-de-la-torre-central-de-la-sagrada-familia-de-gaudi-ya-esta-instalada\/#primaryimage"},"thumbnailUrl":"https:\/\/www.diario22.ar\/notix2\/wp-content\/uploads\/2026\/03\/La-ultima-pieza-de-la-torre-central-de-la-Sagrada.com2Fimage2F20262F032F022Fantoni-gaudis-sagrada-familia-central-tower-f.jpeg","keywords":["Central","est\u00e1","familia","Gaud\u00ed","instalada","pieza","Sagrada","torre","\u00daltima"],"articleSection":["Tendencias"],"inLanguage":"es-AR","potentialAction":[{"@type":"CommentAction","name":"Comment","target":["https:\/\/www.diario22.ar\/notix2\/la-ultima-pieza-de-la-torre-central-de-la-sagrada-familia-de-gaudi-ya-esta-instalada\/#respond"]}]},{"@type":"WebPage","@id":"https:\/\/www.diario22.ar\/notix2\/la-ultima-pieza-de-la-torre-central-de-la-sagrada-familia-de-gaudi-ya-esta-instalada\/","url":"https:\/\/www.diario22.ar\/notix2\/la-ultima-pieza-de-la-torre-central-de-la-sagrada-familia-de-gaudi-ya-esta-instalada\/","name":"La \u00faltima pieza de la torre central de la Sagrada Familia de Gaud\u00ed ya est\u00e1 instalada - diario22.ar","isPartOf":{"@id":"https:\/\/www.diario22.ar\/notix2\/#website"},"primaryImageOfPage":{"@id":"https:\/\/www.diario22.ar\/notix2\/la-ultima-pieza-de-la-torre-central-de-la-sagrada-familia-de-gaudi-ya-esta-instalada\/#primaryimage"},"image":{"@id":"https:\/\/www.diario22.ar\/notix2\/la-ultima-pieza-de-la-torre-central-de-la-sagrada-familia-de-gaudi-ya-esta-instalada\/#primaryimage"},"thumbnailUrl":"https:\/\/www.diario22.ar\/notix2\/wp-content\/uploads\/2026\/03\/La-ultima-pieza-de-la-torre-central-de-la-Sagrada.com2Fimage2F20262F032F022Fantoni-gaudis-sagrada-familia-central-tower-f.jpeg","datePublished":"2026-03-06T12:35:11+00:00","dateModified":"2026-03-06T12:35:12+00:00","breadcrumb":{"@id":"https:\/\/www.diario22.ar\/notix2\/la-ultima-pieza-de-la-torre-central-de-la-sagrada-familia-de-gaudi-ya-esta-instalada\/#breadcrumb"},"inLanguage":"es-AR","potentialAction":[{"@type":"ReadAction","target":["https:\/\/www.diario22.ar\/notix2\/la-ultima-pieza-de-la-torre-central-de-la-sagrada-familia-de-gaudi-ya-esta-instalada\/"]}]},{"@type":"ImageObject","inLanguage":"es-AR","@id":"https:\/\/www.diario22.ar\/notix2\/la-ultima-pieza-de-la-torre-central-de-la-sagrada-familia-de-gaudi-ya-esta-instalada\/#primaryimage","url":"https:\/\/www.diario22.ar\/notix2\/wp-content\/uploads\/2026\/03\/La-ultima-pieza-de-la-torre-central-de-la-Sagrada.com2Fimage2F20262F032F022Fantoni-gaudis-sagrada-familia-central-tower-f.jpeg","contentUrl":"https:\/\/www.diario22.ar\/notix2\/wp-content\/uploads\/2026\/03\/La-ultima-pieza-de-la-torre-central-de-la-Sagrada.com2Fimage2F20262F032F022Fantoni-gaudis-sagrada-familia-central-tower-f.jpeg","width":1080,"height":540},{"@type":"BreadcrumbList","@id":"https:\/\/www.diario22.ar\/notix2\/la-ultima-pieza-de-la-torre-central-de-la-sagrada-familia-de-gaudi-ya-esta-instalada\/#breadcrumb","itemListElement":[{"@type":"ListItem","position":1,"name":"Home","item":"https:\/\/www.diario22.ar\/notix2\/"},{"@type":"ListItem","position":2,"name":"La \u00faltima pieza de la torre central de la Sagrada Familia de Gaud\u00ed ya est\u00e1 instalada"}]},{"@type":"WebSite","@id":"https:\/\/www.diario22.ar\/notix2\/#website","url":"https:\/\/www.diario22.ar\/notix2\/","name":"diario22.ar","description":"Vive hoy &amp; descubre lo que viene","publisher":{"@id":"https:\/\/www.diario22.ar\/notix2\/#organization"},"potentialAction":[{"@type":"SearchAction","target":{"@type":"EntryPoint","urlTemplate":"https:\/\/www.diario22.ar\/notix2\/?s={search_term_string}"},"query-input":{"@type":"PropertyValueSpecification","valueRequired":true,"valueName":"search_term_string"}}],"inLanguage":"es-AR"},{"@type":"Organization","@id":"https:\/\/www.diario22.ar\/notix2\/#organization","name":"diario22.ar","url":"https:\/\/www.diario22.ar\/notix2\/","logo":{"@type":"ImageObject","inLanguage":"es-AR","@id":"https:\/\/www.diario22.ar\/notix2\/#\/schema\/logo\/image\/","url":"https:\/\/www.diario22.ar\/notix2\/wp-content\/uploads\/2025\/10\/cropped-Publish-1.png","contentUrl":"https:\/\/www.diario22.ar\/notix2\/wp-content\/uploads\/2025\/10\/cropped-Publish-1.png","width":1560,"height":722,"caption":"diario22.ar"},"image":{"@id":"https:\/\/www.diario22.ar\/notix2\/#\/schema\/logo\/image\/"}},{"@type":"Person","@id":"https:\/\/www.diario22.ar\/notix2\/#\/schema\/person\/9266f03a2bd6dca79e788e180fb2deeb","name":"Camila Torres","image":{"@type":"ImageObject","inLanguage":"es-AR","@id":"https:\/\/www.diario22.ar\/notix2\/#\/schema\/person\/image\/","url":"https:\/\/www.diario22.ar\/notix2\/wp-content\/uploads\/2025\/10\/diario22.ar-3-150x150.png","contentUrl":"https:\/\/www.diario22.ar\/notix2\/wp-content\/uploads\/2025\/10\/diario22.ar-3-150x150.png","caption":"Camila Torres"},"description":"Soy periodista y redactora en Diario22.ar, apasionada por las historias que conectan la actualidad con la gente. Me form\u00e9 en comunicaci\u00f3n social en Buenos Aires y desde entonces busco darle voz a lo cotidiano, con una mirada curiosa y humana. Creo que el periodismo no solo informa: tambi\u00e9n inspira y transforma.","sameAs":["https:\/\/www.diario22.ar\/notix2"]}]}},"_links":{"self":[{"href":"https:\/\/www.diario22.ar\/notix2\/wp-json\/wp\/v2\/posts\/51446","targetHints":{"allow":["GET"]}}],"collection":[{"href":"https:\/\/www.diario22.ar\/notix2\/wp-json\/wp\/v2\/posts"}],"about":[{"href":"https:\/\/www.diario22.ar\/notix2\/wp-json\/wp\/v2\/types\/post"}],"author":[{"embeddable":true,"href":"https:\/\/www.diario22.ar\/notix2\/wp-json\/wp\/v2\/users\/1"}],"replies":[{"embeddable":true,"href":"https:\/\/www.diario22.ar\/notix2\/wp-json\/wp\/v2\/comments?post=51446"}],"version-history":[{"count":1,"href":"https:\/\/www.diario22.ar\/notix2\/wp-json\/wp\/v2\/posts\/51446\/revisions"}],"predecessor-version":[{"id":51448,"href":"https:\/\/www.diario22.ar\/notix2\/wp-json\/wp\/v2\/posts\/51446\/revisions\/51448"}],"wp:featuredmedia":[{"embeddable":true,"href":"https:\/\/www.diario22.ar\/notix2\/wp-json\/wp\/v2\/media\/51447"}],"wp:attachment":[{"href":"https:\/\/www.diario22.ar\/notix2\/wp-json\/wp\/v2\/media?parent=51446"}],"wp:term":[{"taxonomy":"category","embeddable":true,"href":"https:\/\/www.diario22.ar\/notix2\/wp-json\/wp\/v2\/categories?post=51446"},{"taxonomy":"post_tag","embeddable":true,"href":"https:\/\/www.diario22.ar\/notix2\/wp-json\/wp\/v2\/tags?post=51446"}],"curies":[{"name":"wp","href":"https:\/\/api.w.org\/{rel}","templated":true}]}}