{"id":51443,"date":"2026-03-06T05:34:56","date_gmt":"2026-03-06T08:34:56","guid":{"rendered":"https:\/\/www.diario22.ar\/notix2\/baby-keem-triunfa-a-lo-grande-con-su-nuevo-album-caino\/"},"modified":"2026-03-06T05:34:56","modified_gmt":"2026-03-06T08:34:56","slug":"baby-keem-triunfa-a-lo-grande-con-su-nuevo-album-caino","status":"publish","type":"post","link":"https:\/\/www.diario22.ar\/notix2\/baby-keem-triunfa-a-lo-grande-con-su-nuevo-album-caino\/","title":{"rendered":"Baby Keem triunfa a lo grande con su nuevo \u00e1lbum &#8216;Ca$ino&#8217;"},"content":{"rendered":"<p>Baby Keem regresa con su segundo \u00e1lbum de estudio <em>Ca$ino<\/em>, poniendo fin oficialmente a la sequ\u00eda de cinco a\u00f1os tras <em>The Melodic Blue<\/em> de 2021.<\/p>\n<div>\n<div class=\"inner-container\">\n<div class=\"inner-content\">\n<div class=\"adunit-wrapper\">\n<div class=\"in-content-ad-outer\">\n<p><!-- Tag ID: HBENGLOB_ATF_INCONTENT --><\/p>\n<div class=\"adunit in-content lazy-load no-init\" data-freestar-ad=\"__300x250\" data-adunit=\"HBENGLOB_ATF_INCONTENT\" data-targeting='{\"HBSiteLoc\":[\"ros\",\"article\"],\"HBSiteCat\":[\"music\",\"albums\",\"album-streams\",\"baby-keem\"],\"HBSitePage\":\"0\",\"HBSiteLang\":\"en\",\"country\":\"us\",\"region\":\"naam\",\"subRegion\":\"\",\"HBArticle\":6675642,\"HBBlacklist\":\"1\"}'><\/div>\n<\/p><\/div>\n<\/p><\/div>\n<\/p><\/div>\n<\/p><\/div>\n<\/div>\n<p>Con una duraci\u00f3n de menos de 40 minutos, <em>Ca$ino<\/em> propone una experiencia de escucha cuidadosamente curada. El proyecto de 12 temas presume colaboraciones selectas pero contundentes, destacando la aparici\u00f3n de Kendrick Lamar, primo de Keem y colaborador habitual, en las canciones \u201cGood Flirts,\u201d que tambi\u00e9n incluye a Momo Boyd, y \u201cHouse Money.\u201d Aportaciones vocales adicionales provienen de la leyenda del hip-hop de la Bah\u00eda Too $hort en \u201cSex Appeal\u201d y Che Ecru en \u201cTubi.\u201d<\/p>\n<p>Accompanying the musical drop, Keem ha apostado por completo por una est\u00e9tica vintage de Las Vegas, actualizando su identidad visual para coincidir con el t\u00edtulo del proyecto. La portada del \u00e1lbum contrasta este tono maduro con un toque muy personal, al emplear una fotograf\u00eda de la infancia del artista que destaca una visible pegatina de advertencia parental. El lanzamiento se apoya adem\u00e1s en una breve serie documental titulada <em>Booman<\/em>, que ofrece una mirada vulnerable e introspectiva sobre la crianza de Keem y cuenta con comentarios de miembros de su familia, incluido Dot.\n<\/p>\n<p>Escucha <em>Ca$ino<\/em> de Baby Keem en Spotify y Apple Music.\n<\/p>\n<p><iframe style=\"border-radius: 12px;\" src=\"https:\/\/open.spotify.com\/embed\/album\/21xGzx6HTydCnvfZTvLf6b?utm_source=generator\" width=\"100%\" height=\"352\" frameborder=\"0\" allowfullscreen=\"allowfullscreen\" data-testid=\"embed-iframe\"><\/iframe><br \/>\n<iframe style=\"width: 100%; max-width: 660px; overflow: hidden; border-radius: 10px;\" src=\"https:\/\/embed.music.apple.com\/us\/album\/ca%24ino\/1878399948\" height=\"450\" frameborder=\"0\" sandbox=\"allow-forms allow-popups allow-same-origin allow-scripts allow-storage-access-by-user-activation allow-top-navigation-by-user-activation\"><\/iframe><\/p>\n","protected":false},"excerpt":{"rendered":"<p>Baby Keem regresa con su segundo \u00e1lbum de estudio Ca$ino, poniendo fin oficialmente a la sequ\u00eda de cinco a\u00f1os tras<\/p>\n","protected":false},"author":1,"featured_media":51444,"comment_status":"open","ping_status":"open","sticky":false,"template":"","format":"standard","meta":{"footnotes":""},"categories":[5],"tags":[625,2542,2544,49,80,2543,485,705],"class_list":["post-51443","post","type-post","status-publish","format-standard","has-post-thumbnail","hentry","category-musica","tag-album","tag-baby","tag-caino","tag-con","tag-grande","tag-keem","tag-nuevo","tag-triunfa","generate-columns","tablet-grid-50","mobile-grid-100","grid-parent","grid-50"],"yoast_head":"<!-- This site is optimized with the Yoast SEO plugin v26.1.1 - https:\/\/yoast.com\/wordpress\/plugins\/seo\/ -->\n<title>Baby Keem triunfa a lo grande con su nuevo \u00e1lbum &#039;Ca$ino&#039; - diario22.ar<\/title>\n<meta name=\"robots\" content=\"index, follow, max-snippet:-1, max-image-preview:large, max-video-preview:-1\" \/>\n<link rel=\"canonical\" href=\"https:\/\/www.diario22.ar\/notix2\/baby-keem-triunfa-a-lo-grande-con-su-nuevo-album-caino\/\" \/>\n<meta property=\"og:locale\" content=\"es_ES\" \/>\n<meta property=\"og:type\" content=\"article\" \/>\n<meta property=\"og:title\" content=\"Baby Keem triunfa a lo grande con su nuevo \u00e1lbum &#039;Ca$ino&#039; - diario22.ar\" \/>\n<meta property=\"og:description\" content=\"Baby Keem regresa con su segundo \u00e1lbum de estudio Ca$ino, poniendo fin oficialmente a la sequ\u00eda de cinco a\u00f1os tras\" \/>\n<meta property=\"og:url\" content=\"https:\/\/www.diario22.ar\/notix2\/baby-keem-triunfa-a-lo-grande-con-su-nuevo-album-caino\/\" \/>\n<meta property=\"og:site_name\" content=\"diario22.ar\" \/>\n<meta property=\"article:published_time\" content=\"2026-03-06T08:34:56+00:00\" \/>\n<meta property=\"og:image\" content=\"https:\/\/www.diario22.ar\/notix2\/wp-content\/uploads\/2026\/03\/Baby-Keem-triunfa-a-lo-grande-con-su-nuevo-album.jpg\" \/>\n\t<meta property=\"og:image:width\" content=\"1000\" \/>\n\t<meta property=\"og:image:height\" content=\"500\" \/>\n\t<meta property=\"og:image:type\" content=\"image\/jpeg\" \/>\n<meta name=\"author\" content=\"Camila Torres\" \/>\n<meta name=\"twitter:card\" content=\"summary_large_image\" \/>\n<meta name=\"twitter:label1\" content=\"Escrito por\" \/>\n\t<meta name=\"twitter:data1\" content=\"Camila Torres\" \/>\n\t<meta name=\"twitter:label2\" content=\"Tiempo de lectura\" \/>\n\t<meta name=\"twitter:data2\" content=\"1 minuto\" \/>\n<script type=\"application\/ld+json\" class=\"yoast-schema-graph\">{\"@context\":\"https:\/\/schema.org\",\"@graph\":[{\"@type\":\"Article\",\"@id\":\"https:\/\/www.diario22.ar\/notix2\/baby-keem-triunfa-a-lo-grande-con-su-nuevo-album-caino\/#article\",\"isPartOf\":{\"@id\":\"https:\/\/www.diario22.ar\/notix2\/baby-keem-triunfa-a-lo-grande-con-su-nuevo-album-caino\/\"},\"author\":{\"name\":\"Camila Torres\",\"@id\":\"https:\/\/www.diario22.ar\/notix2\/#\/schema\/person\/9266f03a2bd6dca79e788e180fb2deeb\"},\"headline\":\"Baby Keem triunfa a lo grande con su nuevo \u00e1lbum &#8216;Ca$ino&#8217;\",\"datePublished\":\"2026-03-06T08:34:56+00:00\",\"mainEntityOfPage\":{\"@id\":\"https:\/\/www.diario22.ar\/notix2\/baby-keem-triunfa-a-lo-grande-con-su-nuevo-album-caino\/\"},\"wordCount\":223,\"commentCount\":0,\"publisher\":{\"@id\":\"https:\/\/www.diario22.ar\/notix2\/#organization\"},\"image\":{\"@id\":\"https:\/\/www.diario22.ar\/notix2\/baby-keem-triunfa-a-lo-grande-con-su-nuevo-album-caino\/#primaryimage\"},\"thumbnailUrl\":\"https:\/\/www.diario22.ar\/notix2\/wp-content\/uploads\/2026\/03\/Baby-Keem-triunfa-a-lo-grande-con-su-nuevo-album.jpg\",\"keywords\":[\"\u00e1lbum\",\"Baby\",\"Caino\",\"con\",\"grande\",\"Keem\",\"nuevo\",\"triunfa\"],\"articleSection\":[\"M\u00fasica\"],\"inLanguage\":\"es-AR\",\"potentialAction\":[{\"@type\":\"CommentAction\",\"name\":\"Comment\",\"target\":[\"https:\/\/www.diario22.ar\/notix2\/baby-keem-triunfa-a-lo-grande-con-su-nuevo-album-caino\/#respond\"]}]},{\"@type\":\"WebPage\",\"@id\":\"https:\/\/www.diario22.ar\/notix2\/baby-keem-triunfa-a-lo-grande-con-su-nuevo-album-caino\/\",\"url\":\"https:\/\/www.diario22.ar\/notix2\/baby-keem-triunfa-a-lo-grande-con-su-nuevo-album-caino\/\",\"name\":\"Baby Keem triunfa a lo grande con su nuevo \u00e1lbum 'Ca$ino' - diario22.ar\",\"isPartOf\":{\"@id\":\"https:\/\/www.diario22.ar\/notix2\/#website\"},\"primaryImageOfPage\":{\"@id\":\"https:\/\/www.diario22.ar\/notix2\/baby-keem-triunfa-a-lo-grande-con-su-nuevo-album-caino\/#primaryimage\"},\"image\":{\"@id\":\"https:\/\/www.diario22.ar\/notix2\/baby-keem-triunfa-a-lo-grande-con-su-nuevo-album-caino\/#primaryimage\"},\"thumbnailUrl\":\"https:\/\/www.diario22.ar\/notix2\/wp-content\/uploads\/2026\/03\/Baby-Keem-triunfa-a-lo-grande-con-su-nuevo-album.jpg\",\"datePublished\":\"2026-03-06T08:34:56+00:00\",\"breadcrumb\":{\"@id\":\"https:\/\/www.diario22.ar\/notix2\/baby-keem-triunfa-a-lo-grande-con-su-nuevo-album-caino\/#breadcrumb\"},\"inLanguage\":\"es-AR\",\"potentialAction\":[{\"@type\":\"ReadAction\",\"target\":[\"https:\/\/www.diario22.ar\/notix2\/baby-keem-triunfa-a-lo-grande-con-su-nuevo-album-caino\/\"]}]},{\"@type\":\"ImageObject\",\"inLanguage\":\"es-AR\",\"@id\":\"https:\/\/www.diario22.ar\/notix2\/baby-keem-triunfa-a-lo-grande-con-su-nuevo-album-caino\/#primaryimage\",\"url\":\"https:\/\/www.diario22.ar\/notix2\/wp-content\/uploads\/2026\/03\/Baby-Keem-triunfa-a-lo-grande-con-su-nuevo-album.jpg\",\"contentUrl\":\"https:\/\/www.diario22.ar\/notix2\/wp-content\/uploads\/2026\/03\/Baby-Keem-triunfa-a-lo-grande-con-su-nuevo-album.jpg\",\"width\":1000,\"height\":500},{\"@type\":\"BreadcrumbList\",\"@id\":\"https:\/\/www.diario22.ar\/notix2\/baby-keem-triunfa-a-lo-grande-con-su-nuevo-album-caino\/#breadcrumb\",\"itemListElement\":[{\"@type\":\"ListItem\",\"position\":1,\"name\":\"Home\",\"item\":\"https:\/\/www.diario22.ar\/notix2\/\"},{\"@type\":\"ListItem\",\"position\":2,\"name\":\"Baby Keem triunfa a lo grande con su nuevo \u00e1lbum &#8216;Ca$ino&#8217;\"}]},{\"@type\":\"WebSite\",\"@id\":\"https:\/\/www.diario22.ar\/notix2\/#website\",\"url\":\"https:\/\/www.diario22.ar\/notix2\/\",\"name\":\"diario22.ar\",\"description\":\"Vive hoy &amp; descubre lo que viene\",\"publisher\":{\"@id\":\"https:\/\/www.diario22.ar\/notix2\/#organization\"},\"potentialAction\":[{\"@type\":\"SearchAction\",\"target\":{\"@type\":\"EntryPoint\",\"urlTemplate\":\"https:\/\/www.diario22.ar\/notix2\/?s={search_term_string}\"},\"query-input\":{\"@type\":\"PropertyValueSpecification\",\"valueRequired\":true,\"valueName\":\"search_term_string\"}}],\"inLanguage\":\"es-AR\"},{\"@type\":\"Organization\",\"@id\":\"https:\/\/www.diario22.ar\/notix2\/#organization\",\"name\":\"diario22.ar\",\"url\":\"https:\/\/www.diario22.ar\/notix2\/\",\"logo\":{\"@type\":\"ImageObject\",\"inLanguage\":\"es-AR\",\"@id\":\"https:\/\/www.diario22.ar\/notix2\/#\/schema\/logo\/image\/\",\"url\":\"https:\/\/www.diario22.ar\/notix2\/wp-content\/uploads\/2025\/10\/cropped-Publish-1.png\",\"contentUrl\":\"https:\/\/www.diario22.ar\/notix2\/wp-content\/uploads\/2025\/10\/cropped-Publish-1.png\",\"width\":1560,\"height\":722,\"caption\":\"diario22.ar\"},\"image\":{\"@id\":\"https:\/\/www.diario22.ar\/notix2\/#\/schema\/logo\/image\/\"}},{\"@type\":\"Person\",\"@id\":\"https:\/\/www.diario22.ar\/notix2\/#\/schema\/person\/9266f03a2bd6dca79e788e180fb2deeb\",\"name\":\"Camila Torres\",\"image\":{\"@type\":\"ImageObject\",\"inLanguage\":\"es-AR\",\"@id\":\"https:\/\/www.diario22.ar\/notix2\/#\/schema\/person\/image\/\",\"url\":\"https:\/\/www.diario22.ar\/notix2\/wp-content\/uploads\/2025\/10\/diario22.ar-3-150x150.png\",\"contentUrl\":\"https:\/\/www.diario22.ar\/notix2\/wp-content\/uploads\/2025\/10\/diario22.ar-3-150x150.png\",\"caption\":\"Camila Torres\"},\"description\":\"Soy periodista y redactora en Diario22.ar, apasionada por las historias que conectan la actualidad con la gente. Me form\u00e9 en comunicaci\u00f3n social en Buenos Aires y desde entonces busco darle voz a lo cotidiano, con una mirada curiosa y humana. Creo que el periodismo no solo informa: tambi\u00e9n inspira y transforma.\",\"sameAs\":[\"https:\/\/www.diario22.ar\/notix2\"]}]}<\/script>\n<!-- \/ Yoast SEO plugin. -->","yoast_head_json":{"title":"Baby Keem triunfa a lo grande con su nuevo \u00e1lbum 'Ca$ino' - diario22.ar","robots":{"index":"index","follow":"follow","max-snippet":"max-snippet:-1","max-image-preview":"max-image-preview:large","max-video-preview":"max-video-preview:-1"},"canonical":"https:\/\/www.diario22.ar\/notix2\/baby-keem-triunfa-a-lo-grande-con-su-nuevo-album-caino\/","og_locale":"es_ES","og_type":"article","og_title":"Baby Keem triunfa a lo grande con su nuevo \u00e1lbum 'Ca$ino' - diario22.ar","og_description":"Baby Keem regresa con su segundo \u00e1lbum de estudio Ca$ino, poniendo fin oficialmente a la sequ\u00eda de cinco a\u00f1os tras","og_url":"https:\/\/www.diario22.ar\/notix2\/baby-keem-triunfa-a-lo-grande-con-su-nuevo-album-caino\/","og_site_name":"diario22.ar","article_published_time":"2026-03-06T08:34:56+00:00","og_image":[{"width":1000,"height":500,"url":"https:\/\/www.diario22.ar\/notix2\/wp-content\/uploads\/2026\/03\/Baby-Keem-triunfa-a-lo-grande-con-su-nuevo-album.jpg","type":"image\/jpeg"}],"author":"Camila Torres","twitter_card":"summary_large_image","twitter_misc":{"Escrito por":"Camila Torres","Tiempo de lectura":"1 minuto"},"schema":{"@context":"https:\/\/schema.org","@graph":[{"@type":"Article","@id":"https:\/\/www.diario22.ar\/notix2\/baby-keem-triunfa-a-lo-grande-con-su-nuevo-album-caino\/#article","isPartOf":{"@id":"https:\/\/www.diario22.ar\/notix2\/baby-keem-triunfa-a-lo-grande-con-su-nuevo-album-caino\/"},"author":{"name":"Camila Torres","@id":"https:\/\/www.diario22.ar\/notix2\/#\/schema\/person\/9266f03a2bd6dca79e788e180fb2deeb"},"headline":"Baby Keem triunfa a lo grande con su nuevo \u00e1lbum &#8216;Ca$ino&#8217;","datePublished":"2026-03-06T08:34:56+00:00","mainEntityOfPage":{"@id":"https:\/\/www.diario22.ar\/notix2\/baby-keem-triunfa-a-lo-grande-con-su-nuevo-album-caino\/"},"wordCount":223,"commentCount":0,"publisher":{"@id":"https:\/\/www.diario22.ar\/notix2\/#organization"},"image":{"@id":"https:\/\/www.diario22.ar\/notix2\/baby-keem-triunfa-a-lo-grande-con-su-nuevo-album-caino\/#primaryimage"},"thumbnailUrl":"https:\/\/www.diario22.ar\/notix2\/wp-content\/uploads\/2026\/03\/Baby-Keem-triunfa-a-lo-grande-con-su-nuevo-album.jpg","keywords":["\u00e1lbum","Baby","Caino","con","grande","Keem","nuevo","triunfa"],"articleSection":["M\u00fasica"],"inLanguage":"es-AR","potentialAction":[{"@type":"CommentAction","name":"Comment","target":["https:\/\/www.diario22.ar\/notix2\/baby-keem-triunfa-a-lo-grande-con-su-nuevo-album-caino\/#respond"]}]},{"@type":"WebPage","@id":"https:\/\/www.diario22.ar\/notix2\/baby-keem-triunfa-a-lo-grande-con-su-nuevo-album-caino\/","url":"https:\/\/www.diario22.ar\/notix2\/baby-keem-triunfa-a-lo-grande-con-su-nuevo-album-caino\/","name":"Baby Keem triunfa a lo grande con su nuevo \u00e1lbum 'Ca$ino' - diario22.ar","isPartOf":{"@id":"https:\/\/www.diario22.ar\/notix2\/#website"},"primaryImageOfPage":{"@id":"https:\/\/www.diario22.ar\/notix2\/baby-keem-triunfa-a-lo-grande-con-su-nuevo-album-caino\/#primaryimage"},"image":{"@id":"https:\/\/www.diario22.ar\/notix2\/baby-keem-triunfa-a-lo-grande-con-su-nuevo-album-caino\/#primaryimage"},"thumbnailUrl":"https:\/\/www.diario22.ar\/notix2\/wp-content\/uploads\/2026\/03\/Baby-Keem-triunfa-a-lo-grande-con-su-nuevo-album.jpg","datePublished":"2026-03-06T08:34:56+00:00","breadcrumb":{"@id":"https:\/\/www.diario22.ar\/notix2\/baby-keem-triunfa-a-lo-grande-con-su-nuevo-album-caino\/#breadcrumb"},"inLanguage":"es-AR","potentialAction":[{"@type":"ReadAction","target":["https:\/\/www.diario22.ar\/notix2\/baby-keem-triunfa-a-lo-grande-con-su-nuevo-album-caino\/"]}]},{"@type":"ImageObject","inLanguage":"es-AR","@id":"https:\/\/www.diario22.ar\/notix2\/baby-keem-triunfa-a-lo-grande-con-su-nuevo-album-caino\/#primaryimage","url":"https:\/\/www.diario22.ar\/notix2\/wp-content\/uploads\/2026\/03\/Baby-Keem-triunfa-a-lo-grande-con-su-nuevo-album.jpg","contentUrl":"https:\/\/www.diario22.ar\/notix2\/wp-content\/uploads\/2026\/03\/Baby-Keem-triunfa-a-lo-grande-con-su-nuevo-album.jpg","width":1000,"height":500},{"@type":"BreadcrumbList","@id":"https:\/\/www.diario22.ar\/notix2\/baby-keem-triunfa-a-lo-grande-con-su-nuevo-album-caino\/#breadcrumb","itemListElement":[{"@type":"ListItem","position":1,"name":"Home","item":"https:\/\/www.diario22.ar\/notix2\/"},{"@type":"ListItem","position":2,"name":"Baby Keem triunfa a lo grande con su nuevo \u00e1lbum &#8216;Ca$ino&#8217;"}]},{"@type":"WebSite","@id":"https:\/\/www.diario22.ar\/notix2\/#website","url":"https:\/\/www.diario22.ar\/notix2\/","name":"diario22.ar","description":"Vive hoy &amp; descubre lo que viene","publisher":{"@id":"https:\/\/www.diario22.ar\/notix2\/#organization"},"potentialAction":[{"@type":"SearchAction","target":{"@type":"EntryPoint","urlTemplate":"https:\/\/www.diario22.ar\/notix2\/?s={search_term_string}"},"query-input":{"@type":"PropertyValueSpecification","valueRequired":true,"valueName":"search_term_string"}}],"inLanguage":"es-AR"},{"@type":"Organization","@id":"https:\/\/www.diario22.ar\/notix2\/#organization","name":"diario22.ar","url":"https:\/\/www.diario22.ar\/notix2\/","logo":{"@type":"ImageObject","inLanguage":"es-AR","@id":"https:\/\/www.diario22.ar\/notix2\/#\/schema\/logo\/image\/","url":"https:\/\/www.diario22.ar\/notix2\/wp-content\/uploads\/2025\/10\/cropped-Publish-1.png","contentUrl":"https:\/\/www.diario22.ar\/notix2\/wp-content\/uploads\/2025\/10\/cropped-Publish-1.png","width":1560,"height":722,"caption":"diario22.ar"},"image":{"@id":"https:\/\/www.diario22.ar\/notix2\/#\/schema\/logo\/image\/"}},{"@type":"Person","@id":"https:\/\/www.diario22.ar\/notix2\/#\/schema\/person\/9266f03a2bd6dca79e788e180fb2deeb","name":"Camila Torres","image":{"@type":"ImageObject","inLanguage":"es-AR","@id":"https:\/\/www.diario22.ar\/notix2\/#\/schema\/person\/image\/","url":"https:\/\/www.diario22.ar\/notix2\/wp-content\/uploads\/2025\/10\/diario22.ar-3-150x150.png","contentUrl":"https:\/\/www.diario22.ar\/notix2\/wp-content\/uploads\/2025\/10\/diario22.ar-3-150x150.png","caption":"Camila Torres"},"description":"Soy periodista y redactora en Diario22.ar, apasionada por las historias que conectan la actualidad con la gente. Me form\u00e9 en comunicaci\u00f3n social en Buenos Aires y desde entonces busco darle voz a lo cotidiano, con una mirada curiosa y humana. Creo que el periodismo no solo informa: tambi\u00e9n inspira y transforma.","sameAs":["https:\/\/www.diario22.ar\/notix2"]}]}},"_links":{"self":[{"href":"https:\/\/www.diario22.ar\/notix2\/wp-json\/wp\/v2\/posts\/51443","targetHints":{"allow":["GET"]}}],"collection":[{"href":"https:\/\/www.diario22.ar\/notix2\/wp-json\/wp\/v2\/posts"}],"about":[{"href":"https:\/\/www.diario22.ar\/notix2\/wp-json\/wp\/v2\/types\/post"}],"author":[{"embeddable":true,"href":"https:\/\/www.diario22.ar\/notix2\/wp-json\/wp\/v2\/users\/1"}],"replies":[{"embeddable":true,"href":"https:\/\/www.diario22.ar\/notix2\/wp-json\/wp\/v2\/comments?post=51443"}],"version-history":[{"count":1,"href":"https:\/\/www.diario22.ar\/notix2\/wp-json\/wp\/v2\/posts\/51443\/revisions"}],"predecessor-version":[{"id":51445,"href":"https:\/\/www.diario22.ar\/notix2\/wp-json\/wp\/v2\/posts\/51443\/revisions\/51445"}],"wp:featuredmedia":[{"embeddable":true,"href":"https:\/\/www.diario22.ar\/notix2\/wp-json\/wp\/v2\/media\/51444"}],"wp:attachment":[{"href":"https:\/\/www.diario22.ar\/notix2\/wp-json\/wp\/v2\/media?parent=51443"}],"wp:term":[{"taxonomy":"category","embeddable":true,"href":"https:\/\/www.diario22.ar\/notix2\/wp-json\/wp\/v2\/categories?post=51443"},{"taxonomy":"post_tag","embeddable":true,"href":"https:\/\/www.diario22.ar\/notix2\/wp-json\/wp\/v2\/tags?post=51443"}],"curies":[{"name":"wp","href":"https:\/\/api.w.org\/{rel}","templated":true}]}}