{"id":51140,"date":"2026-01-28T06:35:28","date_gmt":"2026-01-28T09:35:28","guid":{"rendered":"https:\/\/www.diario22.ar\/notix2\/la-casa-de-la-infancia-de-david-bowie-lista-para-restauracion-historica\/"},"modified":"2026-01-28T06:35:30","modified_gmt":"2026-01-28T09:35:30","slug":"la-casa-de-la-infancia-de-david-bowie-lista-para-restauracion-historica","status":"publish","type":"post","link":"https:\/\/www.diario22.ar\/notix2\/la-casa-de-la-infancia-de-david-bowie-lista-para-restauracion-historica\/","title":{"rendered":"La casa de la infancia de David Bowie, lista para restauraci\u00f3n hist\u00f3rica"},"content":{"rendered":"<ul>\n<li>\n<p data-path-to-node=\"0,0,0\">Heritage of London Trust anunci\u00f3 que la casa de la infancia de David Bowie en Bromley ser\u00e1 restaurada por completo para recuperar su aspecto de la d\u00e9cada de 1960 y estar\u00e1 abierta al p\u00fablico a finales de 2027<\/p>\n<div>\n<div class=\"inner-container\">\n<div class=\"inner-content\">\n<div class=\"adunit-wrapper\">\n<div class=\"in-content-ad-outer\">\n<p><!-- Tag ID: HBENGLOB_ATF_INCONTENT --><\/p>\n<div class=\"adunit in-content lazy-load no-init\" data-freestar-ad=\"__300x250\" data-adunit=\"HBENGLOB_ATF_INCONTENT\" data-targeting='{\"HBSiteLoc\":[\"ros\",\"article\"],\"HBSiteCat\":[\"music\",\"uk\",\"david-bowie\"],\"HBSitePage\":\"0\",\"HBSiteLang\":\"en\",\"country\":\"us\",\"region\":\"naam\",\"subRegion\":\"\",\"HBArticle\":6651208,\"HBBlacklist\":\"1\"}'><\/div>\n<\/p><\/div>\n<\/p><\/div>\n<\/p><\/div>\n<\/p><\/div>\n<\/div>\n<\/li>\n<li>\n<p data-path-to-node=\"0,1,0\">El proyecto se centra en el periodo de 1955 a 1967, cuando un joven David Jones viv\u00eda en la modesta casita, destacando especialmente la peque\u00f1a habitaci\u00f3n donde comenz\u00f3 su carrera musical<\/p>\n<\/li>\n<li>\n<p data-path-to-node=\"0,2,0\">M\u00e1s all\u00e1 de su funci\u00f3n como museo, el lugar buscar\u00e1 rendir homenaje al legado de Bowie mediante talleres creativos para la juventud local, respaldados por una subvenci\u00f3n inicial de 500,000 libras esterlinas y una nueva campa\u00f1a p\u00fablica de captaci\u00f3n de fondos<\/p>\n<\/li>\n<\/ul>\n<p>El 8 de enero de 2026\u2014en lo que habr\u00eda sido el 79.\u00ba cumplea\u00f1os de David Bowie\u2014el Heritage of London Trust anunci\u00f3 un proyecto hist\u00f3rico para restaurar la residencia de la infancia del artista en 4 Plaistow Grove, Bromley. Ocupada por la familia Jones desde 1955 hasta 1967, esta modesta casa de dos plantas y dos habitaciones, que sirvi\u00f3 como incubadora creativa, fue el espacio donde el joven David Jones dio paso al legendario David Bowie.<\/p>\n<p>Se prev\u00e9 que est\u00e9 abierta al p\u00fablico a finales de 2027; la restauraci\u00f3n estar\u00e1 a cargo de Geoffrey Marsh, co-curador de la aclamada exposici\u00f3n \u201cDavid Bowie Is\u201d. Bas\u00e1ndose en una exhaustiva labor de archivo, el proyecto pretende recrear con exactitud el interior de mediados del siglo XX tal y como era durante los a\u00f1os formativos de Bowie. El coraz\u00f3n de la experiencia para el visitante ser\u00e1 su dormitorio, de aproximadamente 2,7 m por 3,0 m, el propio espacio donde despeg\u00f3 sus primeras ambiciones musicales.<\/p>\n<p>M\u00e1s all\u00e1 de su funci\u00f3n muse\u00edstica, el sitio est\u00e1 concebido como un legado vivo. Inspirado en el Beckenham Arts Lab de 1969 de Bowie, el hogar acoger\u00e1 talleres a trav\u00e9s del programa \u201cProud Places\u201d, que ofrecer\u00e1 a los j\u00f3venes locales una \u201cbase s\u00f3lida\u201d para desarrollar habilidades en las artes y la comunicaci\u00f3n. El proyecto recibi\u00f3 desde el inicio una subvenci\u00f3n de 500,000 libras esterlinas por parte de la Jones Day Foundation, y se ha lanzado una campa\u00f1a p\u00fablica de recaudaci\u00f3n de fondos m\u00e1s amplia este mes para garantizar que la casa siga siendo un faro para futuras generaciones de creadores.<\/p>\n","protected":false},"excerpt":{"rendered":"<p>Heritage of London Trust anunci\u00f3 que la casa de la infancia de David Bowie en Bromley ser\u00e1 restaurada por completo<\/p>\n","protected":false},"author":1,"featured_media":51141,"comment_status":"open","ping_status":"open","sticky":false,"template":"","format":"standard","meta":{"footnotes":""},"categories":[5],"tags":[2085,397,278,1437,2084,1821,104,2086],"class_list":["post-51140","post","type-post","status-publish","format-standard","has-post-thumbnail","hentry","category-musica","tag-bowie","tag-casa","tag-david","tag-historica","tag-infancia","tag-lista","tag-para","tag-restauracion","generate-columns","tablet-grid-50","mobile-grid-100","grid-parent","grid-50"],"yoast_head":"<!-- This site is optimized with the Yoast SEO plugin v26.1.1 - https:\/\/yoast.com\/wordpress\/plugins\/seo\/ -->\n<title>La casa de la infancia de David Bowie, lista para restauraci\u00f3n hist\u00f3rica - diario22.ar<\/title>\n<meta name=\"robots\" content=\"index, follow, max-snippet:-1, max-image-preview:large, max-video-preview:-1\" \/>\n<link rel=\"canonical\" href=\"https:\/\/www.diario22.ar\/notix2\/la-casa-de-la-infancia-de-david-bowie-lista-para-restauracion-historica\/\" \/>\n<meta property=\"og:locale\" content=\"es_ES\" \/>\n<meta property=\"og:type\" content=\"article\" \/>\n<meta property=\"og:title\" content=\"La casa de la infancia de David Bowie, lista para restauraci\u00f3n hist\u00f3rica - diario22.ar\" \/>\n<meta property=\"og:description\" content=\"Heritage of London Trust anunci\u00f3 que la casa de la infancia de David Bowie en Bromley ser\u00e1 restaurada por completo\" \/>\n<meta property=\"og:url\" content=\"https:\/\/www.diario22.ar\/notix2\/la-casa-de-la-infancia-de-david-bowie-lista-para-restauracion-historica\/\" \/>\n<meta property=\"og:site_name\" content=\"diario22.ar\" \/>\n<meta property=\"article:published_time\" content=\"2026-01-28T09:35:28+00:00\" \/>\n<meta property=\"article:modified_time\" content=\"2026-01-28T09:35:30+00:00\" \/>\n<meta property=\"og:image\" content=\"https:\/\/www.diario22.ar\/notix2\/wp-content\/uploads\/2026\/01\/La-casa-de-la-infancia-de-David-Bowie-lista-para.com2Fimage2F20262F012F082Fdavid-bowie-bromley-london-childhood-home-set.jpeg\" \/>\n\t<meta property=\"og:image:width\" content=\"1080\" \/>\n\t<meta property=\"og:image:height\" content=\"540\" \/>\n\t<meta property=\"og:image:type\" content=\"image\/jpeg\" \/>\n<meta name=\"author\" content=\"Camila Torres\" \/>\n<meta name=\"twitter:card\" content=\"summary_large_image\" \/>\n<meta name=\"twitter:label1\" content=\"Escrito por\" \/>\n\t<meta name=\"twitter:data1\" content=\"Camila Torres\" \/>\n\t<meta name=\"twitter:label2\" content=\"Tiempo de lectura\" \/>\n\t<meta name=\"twitter:data2\" content=\"2 minutos\" \/>\n<script type=\"application\/ld+json\" class=\"yoast-schema-graph\">{\"@context\":\"https:\/\/schema.org\",\"@graph\":[{\"@type\":\"Article\",\"@id\":\"https:\/\/www.diario22.ar\/notix2\/la-casa-de-la-infancia-de-david-bowie-lista-para-restauracion-historica\/#article\",\"isPartOf\":{\"@id\":\"https:\/\/www.diario22.ar\/notix2\/la-casa-de-la-infancia-de-david-bowie-lista-para-restauracion-historica\/\"},\"author\":{\"name\":\"Camila Torres\",\"@id\":\"https:\/\/www.diario22.ar\/notix2\/#\/schema\/person\/9266f03a2bd6dca79e788e180fb2deeb\"},\"headline\":\"La casa de la infancia de David Bowie, lista para restauraci\u00f3n hist\u00f3rica\",\"datePublished\":\"2026-01-28T09:35:28+00:00\",\"dateModified\":\"2026-01-28T09:35:30+00:00\",\"mainEntityOfPage\":{\"@id\":\"https:\/\/www.diario22.ar\/notix2\/la-casa-de-la-infancia-de-david-bowie-lista-para-restauracion-historica\/\"},\"wordCount\":401,\"commentCount\":0,\"publisher\":{\"@id\":\"https:\/\/www.diario22.ar\/notix2\/#organization\"},\"image\":{\"@id\":\"https:\/\/www.diario22.ar\/notix2\/la-casa-de-la-infancia-de-david-bowie-lista-para-restauracion-historica\/#primaryimage\"},\"thumbnailUrl\":\"https:\/\/www.diario22.ar\/notix2\/wp-content\/uploads\/2026\/01\/La-casa-de-la-infancia-de-David-Bowie-lista-para.com2Fimage2F20262F012F082Fdavid-bowie-bromley-london-childhood-home-set.jpeg\",\"keywords\":[\"Bowie\",\"casa\",\"David\",\"hist\u00f3rica\",\"infancia\",\"lista\",\"para\",\"restauraci\u00f3n\"],\"articleSection\":[\"M\u00fasica\"],\"inLanguage\":\"es-AR\",\"potentialAction\":[{\"@type\":\"CommentAction\",\"name\":\"Comment\",\"target\":[\"https:\/\/www.diario22.ar\/notix2\/la-casa-de-la-infancia-de-david-bowie-lista-para-restauracion-historica\/#respond\"]}]},{\"@type\":\"WebPage\",\"@id\":\"https:\/\/www.diario22.ar\/notix2\/la-casa-de-la-infancia-de-david-bowie-lista-para-restauracion-historica\/\",\"url\":\"https:\/\/www.diario22.ar\/notix2\/la-casa-de-la-infancia-de-david-bowie-lista-para-restauracion-historica\/\",\"name\":\"La casa de la infancia de David Bowie, lista para restauraci\u00f3n hist\u00f3rica - diario22.ar\",\"isPartOf\":{\"@id\":\"https:\/\/www.diario22.ar\/notix2\/#website\"},\"primaryImageOfPage\":{\"@id\":\"https:\/\/www.diario22.ar\/notix2\/la-casa-de-la-infancia-de-david-bowie-lista-para-restauracion-historica\/#primaryimage\"},\"image\":{\"@id\":\"https:\/\/www.diario22.ar\/notix2\/la-casa-de-la-infancia-de-david-bowie-lista-para-restauracion-historica\/#primaryimage\"},\"thumbnailUrl\":\"https:\/\/www.diario22.ar\/notix2\/wp-content\/uploads\/2026\/01\/La-casa-de-la-infancia-de-David-Bowie-lista-para.com2Fimage2F20262F012F082Fdavid-bowie-bromley-london-childhood-home-set.jpeg\",\"datePublished\":\"2026-01-28T09:35:28+00:00\",\"dateModified\":\"2026-01-28T09:35:30+00:00\",\"breadcrumb\":{\"@id\":\"https:\/\/www.diario22.ar\/notix2\/la-casa-de-la-infancia-de-david-bowie-lista-para-restauracion-historica\/#breadcrumb\"},\"inLanguage\":\"es-AR\",\"potentialAction\":[{\"@type\":\"ReadAction\",\"target\":[\"https:\/\/www.diario22.ar\/notix2\/la-casa-de-la-infancia-de-david-bowie-lista-para-restauracion-historica\/\"]}]},{\"@type\":\"ImageObject\",\"inLanguage\":\"es-AR\",\"@id\":\"https:\/\/www.diario22.ar\/notix2\/la-casa-de-la-infancia-de-david-bowie-lista-para-restauracion-historica\/#primaryimage\",\"url\":\"https:\/\/www.diario22.ar\/notix2\/wp-content\/uploads\/2026\/01\/La-casa-de-la-infancia-de-David-Bowie-lista-para.com2Fimage2F20262F012F082Fdavid-bowie-bromley-london-childhood-home-set.jpeg\",\"contentUrl\":\"https:\/\/www.diario22.ar\/notix2\/wp-content\/uploads\/2026\/01\/La-casa-de-la-infancia-de-David-Bowie-lista-para.com2Fimage2F20262F012F082Fdavid-bowie-bromley-london-childhood-home-set.jpeg\",\"width\":1080,\"height\":540},{\"@type\":\"BreadcrumbList\",\"@id\":\"https:\/\/www.diario22.ar\/notix2\/la-casa-de-la-infancia-de-david-bowie-lista-para-restauracion-historica\/#breadcrumb\",\"itemListElement\":[{\"@type\":\"ListItem\",\"position\":1,\"name\":\"Home\",\"item\":\"https:\/\/www.diario22.ar\/notix2\/\"},{\"@type\":\"ListItem\",\"position\":2,\"name\":\"La casa de la infancia de David Bowie, lista para restauraci\u00f3n hist\u00f3rica\"}]},{\"@type\":\"WebSite\",\"@id\":\"https:\/\/www.diario22.ar\/notix2\/#website\",\"url\":\"https:\/\/www.diario22.ar\/notix2\/\",\"name\":\"diario22.ar\",\"description\":\"Vive hoy &amp; descubre lo que viene\",\"publisher\":{\"@id\":\"https:\/\/www.diario22.ar\/notix2\/#organization\"},\"potentialAction\":[{\"@type\":\"SearchAction\",\"target\":{\"@type\":\"EntryPoint\",\"urlTemplate\":\"https:\/\/www.diario22.ar\/notix2\/?s={search_term_string}\"},\"query-input\":{\"@type\":\"PropertyValueSpecification\",\"valueRequired\":true,\"valueName\":\"search_term_string\"}}],\"inLanguage\":\"es-AR\"},{\"@type\":\"Organization\",\"@id\":\"https:\/\/www.diario22.ar\/notix2\/#organization\",\"name\":\"diario22.ar\",\"url\":\"https:\/\/www.diario22.ar\/notix2\/\",\"logo\":{\"@type\":\"ImageObject\",\"inLanguage\":\"es-AR\",\"@id\":\"https:\/\/www.diario22.ar\/notix2\/#\/schema\/logo\/image\/\",\"url\":\"https:\/\/www.diario22.ar\/notix2\/wp-content\/uploads\/2025\/10\/cropped-Publish-1.png\",\"contentUrl\":\"https:\/\/www.diario22.ar\/notix2\/wp-content\/uploads\/2025\/10\/cropped-Publish-1.png\",\"width\":1560,\"height\":722,\"caption\":\"diario22.ar\"},\"image\":{\"@id\":\"https:\/\/www.diario22.ar\/notix2\/#\/schema\/logo\/image\/\"}},{\"@type\":\"Person\",\"@id\":\"https:\/\/www.diario22.ar\/notix2\/#\/schema\/person\/9266f03a2bd6dca79e788e180fb2deeb\",\"name\":\"Camila Torres\",\"image\":{\"@type\":\"ImageObject\",\"inLanguage\":\"es-AR\",\"@id\":\"https:\/\/www.diario22.ar\/notix2\/#\/schema\/person\/image\/\",\"url\":\"https:\/\/www.diario22.ar\/notix2\/wp-content\/uploads\/2025\/10\/diario22.ar-3-150x150.png\",\"contentUrl\":\"https:\/\/www.diario22.ar\/notix2\/wp-content\/uploads\/2025\/10\/diario22.ar-3-150x150.png\",\"caption\":\"Camila Torres\"},\"description\":\"Soy periodista y redactora en Diario22.ar, apasionada por las historias que conectan la actualidad con la gente. Me form\u00e9 en comunicaci\u00f3n social en Buenos Aires y desde entonces busco darle voz a lo cotidiano, con una mirada curiosa y humana. Creo que el periodismo no solo informa: tambi\u00e9n inspira y transforma.\",\"sameAs\":[\"https:\/\/www.diario22.ar\/notix2\"]}]}<\/script>\n<!-- \/ Yoast SEO plugin. -->","yoast_head_json":{"title":"La casa de la infancia de David Bowie, lista para restauraci\u00f3n hist\u00f3rica - diario22.ar","robots":{"index":"index","follow":"follow","max-snippet":"max-snippet:-1","max-image-preview":"max-image-preview:large","max-video-preview":"max-video-preview:-1"},"canonical":"https:\/\/www.diario22.ar\/notix2\/la-casa-de-la-infancia-de-david-bowie-lista-para-restauracion-historica\/","og_locale":"es_ES","og_type":"article","og_title":"La casa de la infancia de David Bowie, lista para restauraci\u00f3n hist\u00f3rica - diario22.ar","og_description":"Heritage of London Trust anunci\u00f3 que la casa de la infancia de David Bowie en Bromley ser\u00e1 restaurada por completo","og_url":"https:\/\/www.diario22.ar\/notix2\/la-casa-de-la-infancia-de-david-bowie-lista-para-restauracion-historica\/","og_site_name":"diario22.ar","article_published_time":"2026-01-28T09:35:28+00:00","article_modified_time":"2026-01-28T09:35:30+00:00","og_image":[{"width":1080,"height":540,"url":"https:\/\/www.diario22.ar\/notix2\/wp-content\/uploads\/2026\/01\/La-casa-de-la-infancia-de-David-Bowie-lista-para.com2Fimage2F20262F012F082Fdavid-bowie-bromley-london-childhood-home-set.jpeg","type":"image\/jpeg"}],"author":"Camila Torres","twitter_card":"summary_large_image","twitter_misc":{"Escrito por":"Camila Torres","Tiempo de lectura":"2 minutos"},"schema":{"@context":"https:\/\/schema.org","@graph":[{"@type":"Article","@id":"https:\/\/www.diario22.ar\/notix2\/la-casa-de-la-infancia-de-david-bowie-lista-para-restauracion-historica\/#article","isPartOf":{"@id":"https:\/\/www.diario22.ar\/notix2\/la-casa-de-la-infancia-de-david-bowie-lista-para-restauracion-historica\/"},"author":{"name":"Camila Torres","@id":"https:\/\/www.diario22.ar\/notix2\/#\/schema\/person\/9266f03a2bd6dca79e788e180fb2deeb"},"headline":"La casa de la infancia de David Bowie, lista para restauraci\u00f3n hist\u00f3rica","datePublished":"2026-01-28T09:35:28+00:00","dateModified":"2026-01-28T09:35:30+00:00","mainEntityOfPage":{"@id":"https:\/\/www.diario22.ar\/notix2\/la-casa-de-la-infancia-de-david-bowie-lista-para-restauracion-historica\/"},"wordCount":401,"commentCount":0,"publisher":{"@id":"https:\/\/www.diario22.ar\/notix2\/#organization"},"image":{"@id":"https:\/\/www.diario22.ar\/notix2\/la-casa-de-la-infancia-de-david-bowie-lista-para-restauracion-historica\/#primaryimage"},"thumbnailUrl":"https:\/\/www.diario22.ar\/notix2\/wp-content\/uploads\/2026\/01\/La-casa-de-la-infancia-de-David-Bowie-lista-para.com2Fimage2F20262F012F082Fdavid-bowie-bromley-london-childhood-home-set.jpeg","keywords":["Bowie","casa","David","hist\u00f3rica","infancia","lista","para","restauraci\u00f3n"],"articleSection":["M\u00fasica"],"inLanguage":"es-AR","potentialAction":[{"@type":"CommentAction","name":"Comment","target":["https:\/\/www.diario22.ar\/notix2\/la-casa-de-la-infancia-de-david-bowie-lista-para-restauracion-historica\/#respond"]}]},{"@type":"WebPage","@id":"https:\/\/www.diario22.ar\/notix2\/la-casa-de-la-infancia-de-david-bowie-lista-para-restauracion-historica\/","url":"https:\/\/www.diario22.ar\/notix2\/la-casa-de-la-infancia-de-david-bowie-lista-para-restauracion-historica\/","name":"La casa de la infancia de David Bowie, lista para restauraci\u00f3n hist\u00f3rica - diario22.ar","isPartOf":{"@id":"https:\/\/www.diario22.ar\/notix2\/#website"},"primaryImageOfPage":{"@id":"https:\/\/www.diario22.ar\/notix2\/la-casa-de-la-infancia-de-david-bowie-lista-para-restauracion-historica\/#primaryimage"},"image":{"@id":"https:\/\/www.diario22.ar\/notix2\/la-casa-de-la-infancia-de-david-bowie-lista-para-restauracion-historica\/#primaryimage"},"thumbnailUrl":"https:\/\/www.diario22.ar\/notix2\/wp-content\/uploads\/2026\/01\/La-casa-de-la-infancia-de-David-Bowie-lista-para.com2Fimage2F20262F012F082Fdavid-bowie-bromley-london-childhood-home-set.jpeg","datePublished":"2026-01-28T09:35:28+00:00","dateModified":"2026-01-28T09:35:30+00:00","breadcrumb":{"@id":"https:\/\/www.diario22.ar\/notix2\/la-casa-de-la-infancia-de-david-bowie-lista-para-restauracion-historica\/#breadcrumb"},"inLanguage":"es-AR","potentialAction":[{"@type":"ReadAction","target":["https:\/\/www.diario22.ar\/notix2\/la-casa-de-la-infancia-de-david-bowie-lista-para-restauracion-historica\/"]}]},{"@type":"ImageObject","inLanguage":"es-AR","@id":"https:\/\/www.diario22.ar\/notix2\/la-casa-de-la-infancia-de-david-bowie-lista-para-restauracion-historica\/#primaryimage","url":"https:\/\/www.diario22.ar\/notix2\/wp-content\/uploads\/2026\/01\/La-casa-de-la-infancia-de-David-Bowie-lista-para.com2Fimage2F20262F012F082Fdavid-bowie-bromley-london-childhood-home-set.jpeg","contentUrl":"https:\/\/www.diario22.ar\/notix2\/wp-content\/uploads\/2026\/01\/La-casa-de-la-infancia-de-David-Bowie-lista-para.com2Fimage2F20262F012F082Fdavid-bowie-bromley-london-childhood-home-set.jpeg","width":1080,"height":540},{"@type":"BreadcrumbList","@id":"https:\/\/www.diario22.ar\/notix2\/la-casa-de-la-infancia-de-david-bowie-lista-para-restauracion-historica\/#breadcrumb","itemListElement":[{"@type":"ListItem","position":1,"name":"Home","item":"https:\/\/www.diario22.ar\/notix2\/"},{"@type":"ListItem","position":2,"name":"La casa de la infancia de David Bowie, lista para restauraci\u00f3n hist\u00f3rica"}]},{"@type":"WebSite","@id":"https:\/\/www.diario22.ar\/notix2\/#website","url":"https:\/\/www.diario22.ar\/notix2\/","name":"diario22.ar","description":"Vive hoy &amp; descubre lo que viene","publisher":{"@id":"https:\/\/www.diario22.ar\/notix2\/#organization"},"potentialAction":[{"@type":"SearchAction","target":{"@type":"EntryPoint","urlTemplate":"https:\/\/www.diario22.ar\/notix2\/?s={search_term_string}"},"query-input":{"@type":"PropertyValueSpecification","valueRequired":true,"valueName":"search_term_string"}}],"inLanguage":"es-AR"},{"@type":"Organization","@id":"https:\/\/www.diario22.ar\/notix2\/#organization","name":"diario22.ar","url":"https:\/\/www.diario22.ar\/notix2\/","logo":{"@type":"ImageObject","inLanguage":"es-AR","@id":"https:\/\/www.diario22.ar\/notix2\/#\/schema\/logo\/image\/","url":"https:\/\/www.diario22.ar\/notix2\/wp-content\/uploads\/2025\/10\/cropped-Publish-1.png","contentUrl":"https:\/\/www.diario22.ar\/notix2\/wp-content\/uploads\/2025\/10\/cropped-Publish-1.png","width":1560,"height":722,"caption":"diario22.ar"},"image":{"@id":"https:\/\/www.diario22.ar\/notix2\/#\/schema\/logo\/image\/"}},{"@type":"Person","@id":"https:\/\/www.diario22.ar\/notix2\/#\/schema\/person\/9266f03a2bd6dca79e788e180fb2deeb","name":"Camila Torres","image":{"@type":"ImageObject","inLanguage":"es-AR","@id":"https:\/\/www.diario22.ar\/notix2\/#\/schema\/person\/image\/","url":"https:\/\/www.diario22.ar\/notix2\/wp-content\/uploads\/2025\/10\/diario22.ar-3-150x150.png","contentUrl":"https:\/\/www.diario22.ar\/notix2\/wp-content\/uploads\/2025\/10\/diario22.ar-3-150x150.png","caption":"Camila Torres"},"description":"Soy periodista y redactora en Diario22.ar, apasionada por las historias que conectan la actualidad con la gente. Me form\u00e9 en comunicaci\u00f3n social en Buenos Aires y desde entonces busco darle voz a lo cotidiano, con una mirada curiosa y humana. Creo que el periodismo no solo informa: tambi\u00e9n inspira y transforma.","sameAs":["https:\/\/www.diario22.ar\/notix2"]}]}},"_links":{"self":[{"href":"https:\/\/www.diario22.ar\/notix2\/wp-json\/wp\/v2\/posts\/51140","targetHints":{"allow":["GET"]}}],"collection":[{"href":"https:\/\/www.diario22.ar\/notix2\/wp-json\/wp\/v2\/posts"}],"about":[{"href":"https:\/\/www.diario22.ar\/notix2\/wp-json\/wp\/v2\/types\/post"}],"author":[{"embeddable":true,"href":"https:\/\/www.diario22.ar\/notix2\/wp-json\/wp\/v2\/users\/1"}],"replies":[{"embeddable":true,"href":"https:\/\/www.diario22.ar\/notix2\/wp-json\/wp\/v2\/comments?post=51140"}],"version-history":[{"count":1,"href":"https:\/\/www.diario22.ar\/notix2\/wp-json\/wp\/v2\/posts\/51140\/revisions"}],"predecessor-version":[{"id":51142,"href":"https:\/\/www.diario22.ar\/notix2\/wp-json\/wp\/v2\/posts\/51140\/revisions\/51142"}],"wp:featuredmedia":[{"embeddable":true,"href":"https:\/\/www.diario22.ar\/notix2\/wp-json\/wp\/v2\/media\/51141"}],"wp:attachment":[{"href":"https:\/\/www.diario22.ar\/notix2\/wp-json\/wp\/v2\/media?parent=51140"}],"wp:term":[{"taxonomy":"category","embeddable":true,"href":"https:\/\/www.diario22.ar\/notix2\/wp-json\/wp\/v2\/categories?post=51140"},{"taxonomy":"post_tag","embeddable":true,"href":"https:\/\/www.diario22.ar\/notix2\/wp-json\/wp\/v2\/tags?post=51140"}],"curies":[{"name":"wp","href":"https:\/\/api.w.org\/{rel}","templated":true}]}}