{"id":51128,"date":"2026-01-26T15:35:07","date_gmt":"2026-01-26T18:35:07","guid":{"rendered":"https:\/\/www.diario22.ar\/notix2\/el-equipo-audi-revolut-f1-presenta-oficialmente-su-identidad-visual-para-su-temporada-de-debut\/"},"modified":"2026-01-26T15:35:08","modified_gmt":"2026-01-26T18:35:08","slug":"el-equipo-audi-revolut-f1-presenta-oficialmente-su-identidad-visual-para-su-temporada-de-debut","status":"publish","type":"post","link":"https:\/\/www.diario22.ar\/notix2\/el-equipo-audi-revolut-f1-presenta-oficialmente-su-identidad-visual-para-su-temporada-de-debut\/","title":{"rendered":"El equipo Audi Revolut F1 presenta oficialmente su identidad visual para su temporada de debut"},"content":{"rendered":"<p>Tras nuevos avances presentados a principios de este mes, el Audi Revolut F1 Team ha presentado oficialmente su identidad visual completa, desvelando su primera librea oficial \u00edntegra y ofreciendo a los aficionados una mirada m\u00e1s cercana a la mercanc\u00eda del equipo, un momento que el equipo describe como fruto de \u00aba\u00f1os de una meticulosa preparaci\u00f3n\u00bb y que marca \u00abuna nueva era en el Campeonato Mundial de F\u00f3rmula 1 de la FIA\u00bb.<\/p>\n<p>Los nuevos contendientes est\u00e1n listos para unirse a la parrilla de la carrera por primera vez en marzo, cuando inicie la nueva temporada de F\u00f3rmula 1 con el Gran Premio de Australia en Melbourne. Antes de eso, sin embargo, el equipo eligi\u00f3 un entorno m\u00e1s cercano a casa, pero con menos sol, de Berl\u00edn para ense\u00f1ar al mundo qu\u00e9 esperar, convirtiendo el recinto Kraftwerk de la ciudad en una experiencia inolvidable para su equipo y un grupo selecto de afortunados aficionados.<\/p>\n<div>\n<div class=\"inner-container\">\n<div class=\"inner-content\">\n<div class=\"adunit-wrapper\">\n<div class=\"in-content-ad-outer\">\n<p><!-- Tag ID: HBENGLOB_ATF_INCONTENT --><\/p>\n<div class=\"adunit in-content lazy-load no-init\" data-freestar-ad=\"__300x250\" data-adunit=\"HBENGLOB_ATF_INCONTENT\" data-targeting='{\"HBSiteLoc\":[\"ros\",\"article\"],\"HBSiteCat\":[\"automotive\",\"audi\",\"f1\",\"berlin\",\"formula-1\",\"formula-one\",\"grand-prix\",\"kraftwerk-berlin\",\"nico-hulkenberg\",\"revolut\",\"audi-revolut-f1-team\",\"gabriel-bortoleto\",\"lifestyle\"],\"HBSitePage\":\"0\",\"HBSiteLang\":\"en\",\"country\":\"us\",\"region\":\"naam\",\"subRegion\":\"\",\"HBArticle\":6662000,\"HBBlacklist\":\"1\"}'><\/div>\n<\/p><\/div>\n<\/p><\/div>\n<\/p><\/div>\n<\/p><\/div>\n<\/div>\n<p><iframe title=\"Audi Revolut F1 Team live from Berlin 2026 | To start something. Stop at Nothing\" width=\"1200\" height=\"675\" src=\"https:\/\/www.youtube.com\/embed\/4PU8FyfCYxk?feature=oembed\" frameborder=\"0\" allow=\"accelerometer; autoplay; clipboard-write; encrypted-media; gyroscope; picture-in-picture; web-share\" referrerpolicy=\"strict-origin-when-cross-origin\" allowfullscreen><\/iframe>\n<\/p>\n<p>Entre los momentos destacados se encuentra el nuevo coche del equipo, el R26, con su elegante silueta plateada y un acabado \u00abTitanium\u00bb acentuado por elementos en \u00abLava Red\u00bb a lo largo de toda la carrocer\u00eda; un dise\u00f1o de librea que el equipo define como una \u00abaplicaci\u00f3n directa\u00bb de la nueva filosof\u00eda de dise\u00f1o de Audi, descrita en t\u00e9rminos como \u00abclara\u00bb, \u00abinteligente\u00bb y \u00abemocional\u00bb. Y, seg\u00fan su \u00faltimo comunicado de prensa, es una est\u00e9tica con la que deber\u00edamos acostumbrarnos, porque los colores que adornan el nuevo coche del equipo tambi\u00e9n se ver\u00e1n en todo su ecosistema; desde el pit hasta el paddock, y desde la ropa del equipo hasta el dise\u00f1o de su autocar, est\u00e1 claro que el Audi Revolut F1 Team ha puesto mucho trabajo y dedicaci\u00f3n en su reci\u00e9n creada identidad visual.\n<\/p>\n<p>El CEO de Audi, Gernot D\u00f6llner, calific\u00f3 el lanzamiento como una \u00abdeclaraci\u00f3n p\u00fablica de una nueva era\u00bb, a\u00f1adiendo que la marca est\u00e1 \u00abaqu\u00ed no solo para competir, sino para definir el futuro\u00bb del deporte.\n<\/p>\n<p>Y, subrayando a\u00fan m\u00e1s este compromiso, Antoine Le Nel de Revolut describi\u00f3 el lanzamiento del Audi Revolut F1 Team como un \u00abmomento hist\u00f3rico que anticipa una temporada de cambios que promete ser enorme para el deporte\u00bb.<\/p>\n<p>Consulta las \u00faltimas fotos oficiales del Audi Revolut F1 Team en la galer\u00eda de arriba, que incluyen el coche R26, cascos, retratos de los pilotos y la mercanc\u00eda oficial del equipo.<\/p>\n<p><script async src=\"\/\/www.instagram.com\/embed.js\"><\/script><\/p>\n","protected":false},"excerpt":{"rendered":"<p>Tras nuevos avances presentados a principios de este mes, el Audi Revolut F1 Team ha presentado oficialmente su identidad visual<\/p>\n","protected":false},"author":1,"featured_media":51129,"comment_status":"open","ping_status":"open","sticky":false,"template":"","format":"standard","meta":{"footnotes":""},"categories":[7],"tags":[2072,2076,117,2074,1875,104,123,2073,105,2075],"class_list":["post-51128","post","type-post","status-publish","format-standard","has-post-thumbnail","hentry","category-estilo-de-vida","tag-audi","tag-debut","tag-equipo","tag-identidad","tag-oficialmente","tag-para","tag-presenta","tag-revolut","tag-temporada","tag-visual","generate-columns","tablet-grid-50","mobile-grid-100","grid-parent","grid-50"],"yoast_head":"<!-- This site is optimized with the Yoast SEO plugin v26.1.1 - https:\/\/yoast.com\/wordpress\/plugins\/seo\/ -->\n<title>El equipo Audi Revolut F1 presenta oficialmente su identidad visual para su temporada de debut - diario22.ar<\/title>\n<meta name=\"robots\" content=\"index, follow, max-snippet:-1, max-image-preview:large, max-video-preview:-1\" \/>\n<link rel=\"canonical\" href=\"https:\/\/www.diario22.ar\/notix2\/el-equipo-audi-revolut-f1-presenta-oficialmente-su-identidad-visual-para-su-temporada-de-debut\/\" \/>\n<meta property=\"og:locale\" content=\"es_ES\" \/>\n<meta property=\"og:type\" content=\"article\" \/>\n<meta property=\"og:title\" content=\"El equipo Audi Revolut F1 presenta oficialmente su identidad visual para su temporada de debut - diario22.ar\" \/>\n<meta property=\"og:description\" content=\"Tras nuevos avances presentados a principios de este mes, el Audi Revolut F1 Team ha presentado oficialmente su identidad visual\" \/>\n<meta property=\"og:url\" content=\"https:\/\/www.diario22.ar\/notix2\/el-equipo-audi-revolut-f1-presenta-oficialmente-su-identidad-visual-para-su-temporada-de-debut\/\" \/>\n<meta property=\"og:site_name\" content=\"diario22.ar\" \/>\n<meta property=\"article:published_time\" content=\"2026-01-26T18:35:07+00:00\" \/>\n<meta property=\"article:modified_time\" content=\"2026-01-26T18:35:08+00:00\" \/>\n<meta property=\"og:image\" content=\"https:\/\/www.diario22.ar\/notix2\/wp-content\/uploads\/2026\/01\/El-equipo-Audi-Revolut-F1-presenta-oficialmente-su-identidad-visual.com2Fimage2F20262F012F262Fofficial-imagery-audi-revolut-f1-team-formula.jpeg\" \/>\n\t<meta property=\"og:image:width\" content=\"1024\" \/>\n\t<meta property=\"og:image:height\" content=\"512\" \/>\n\t<meta property=\"og:image:type\" content=\"image\/jpeg\" \/>\n<meta name=\"author\" content=\"Camila Torres\" \/>\n<meta name=\"twitter:card\" content=\"summary_large_image\" \/>\n<meta name=\"twitter:label1\" content=\"Escrito por\" \/>\n\t<meta name=\"twitter:data1\" content=\"Camila Torres\" \/>\n\t<meta name=\"twitter:label2\" content=\"Tiempo de lectura\" \/>\n\t<meta name=\"twitter:data2\" content=\"2 minutos\" \/>\n<script type=\"application\/ld+json\" class=\"yoast-schema-graph\">{\"@context\":\"https:\/\/schema.org\",\"@graph\":[{\"@type\":\"Article\",\"@id\":\"https:\/\/www.diario22.ar\/notix2\/el-equipo-audi-revolut-f1-presenta-oficialmente-su-identidad-visual-para-su-temporada-de-debut\/#article\",\"isPartOf\":{\"@id\":\"https:\/\/www.diario22.ar\/notix2\/el-equipo-audi-revolut-f1-presenta-oficialmente-su-identidad-visual-para-su-temporada-de-debut\/\"},\"author\":{\"name\":\"Camila Torres\",\"@id\":\"https:\/\/www.diario22.ar\/notix2\/#\/schema\/person\/9266f03a2bd6dca79e788e180fb2deeb\"},\"headline\":\"El equipo Audi Revolut F1 presenta oficialmente su identidad visual para su temporada de debut\",\"datePublished\":\"2026-01-26T18:35:07+00:00\",\"dateModified\":\"2026-01-26T18:35:08+00:00\",\"mainEntityOfPage\":{\"@id\":\"https:\/\/www.diario22.ar\/notix2\/el-equipo-audi-revolut-f1-presenta-oficialmente-su-identidad-visual-para-su-temporada-de-debut\/\"},\"wordCount\":442,\"commentCount\":0,\"publisher\":{\"@id\":\"https:\/\/www.diario22.ar\/notix2\/#organization\"},\"image\":{\"@id\":\"https:\/\/www.diario22.ar\/notix2\/el-equipo-audi-revolut-f1-presenta-oficialmente-su-identidad-visual-para-su-temporada-de-debut\/#primaryimage\"},\"thumbnailUrl\":\"https:\/\/www.diario22.ar\/notix2\/wp-content\/uploads\/2026\/01\/El-equipo-Audi-Revolut-F1-presenta-oficialmente-su-identidad-visual.com2Fimage2F20262F012F262Fofficial-imagery-audi-revolut-f1-team-formula.jpeg\",\"keywords\":[\"Audi\",\"debut\",\"equipo\",\"identidad\",\"oficialmente\",\"para\",\"Presenta\",\"Revolut\",\"temporada\",\"visual\"],\"articleSection\":[\"Estilo de vida\"],\"inLanguage\":\"es-AR\",\"potentialAction\":[{\"@type\":\"CommentAction\",\"name\":\"Comment\",\"target\":[\"https:\/\/www.diario22.ar\/notix2\/el-equipo-audi-revolut-f1-presenta-oficialmente-su-identidad-visual-para-su-temporada-de-debut\/#respond\"]}]},{\"@type\":\"WebPage\",\"@id\":\"https:\/\/www.diario22.ar\/notix2\/el-equipo-audi-revolut-f1-presenta-oficialmente-su-identidad-visual-para-su-temporada-de-debut\/\",\"url\":\"https:\/\/www.diario22.ar\/notix2\/el-equipo-audi-revolut-f1-presenta-oficialmente-su-identidad-visual-para-su-temporada-de-debut\/\",\"name\":\"El equipo Audi Revolut F1 presenta oficialmente su identidad visual para su temporada de debut - diario22.ar\",\"isPartOf\":{\"@id\":\"https:\/\/www.diario22.ar\/notix2\/#website\"},\"primaryImageOfPage\":{\"@id\":\"https:\/\/www.diario22.ar\/notix2\/el-equipo-audi-revolut-f1-presenta-oficialmente-su-identidad-visual-para-su-temporada-de-debut\/#primaryimage\"},\"image\":{\"@id\":\"https:\/\/www.diario22.ar\/notix2\/el-equipo-audi-revolut-f1-presenta-oficialmente-su-identidad-visual-para-su-temporada-de-debut\/#primaryimage\"},\"thumbnailUrl\":\"https:\/\/www.diario22.ar\/notix2\/wp-content\/uploads\/2026\/01\/El-equipo-Audi-Revolut-F1-presenta-oficialmente-su-identidad-visual.com2Fimage2F20262F012F262Fofficial-imagery-audi-revolut-f1-team-formula.jpeg\",\"datePublished\":\"2026-01-26T18:35:07+00:00\",\"dateModified\":\"2026-01-26T18:35:08+00:00\",\"breadcrumb\":{\"@id\":\"https:\/\/www.diario22.ar\/notix2\/el-equipo-audi-revolut-f1-presenta-oficialmente-su-identidad-visual-para-su-temporada-de-debut\/#breadcrumb\"},\"inLanguage\":\"es-AR\",\"potentialAction\":[{\"@type\":\"ReadAction\",\"target\":[\"https:\/\/www.diario22.ar\/notix2\/el-equipo-audi-revolut-f1-presenta-oficialmente-su-identidad-visual-para-su-temporada-de-debut\/\"]}]},{\"@type\":\"ImageObject\",\"inLanguage\":\"es-AR\",\"@id\":\"https:\/\/www.diario22.ar\/notix2\/el-equipo-audi-revolut-f1-presenta-oficialmente-su-identidad-visual-para-su-temporada-de-debut\/#primaryimage\",\"url\":\"https:\/\/www.diario22.ar\/notix2\/wp-content\/uploads\/2026\/01\/El-equipo-Audi-Revolut-F1-presenta-oficialmente-su-identidad-visual.com2Fimage2F20262F012F262Fofficial-imagery-audi-revolut-f1-team-formula.jpeg\",\"contentUrl\":\"https:\/\/www.diario22.ar\/notix2\/wp-content\/uploads\/2026\/01\/El-equipo-Audi-Revolut-F1-presenta-oficialmente-su-identidad-visual.com2Fimage2F20262F012F262Fofficial-imagery-audi-revolut-f1-team-formula.jpeg\",\"width\":1024,\"height\":512},{\"@type\":\"BreadcrumbList\",\"@id\":\"https:\/\/www.diario22.ar\/notix2\/el-equipo-audi-revolut-f1-presenta-oficialmente-su-identidad-visual-para-su-temporada-de-debut\/#breadcrumb\",\"itemListElement\":[{\"@type\":\"ListItem\",\"position\":1,\"name\":\"Home\",\"item\":\"https:\/\/www.diario22.ar\/notix2\/\"},{\"@type\":\"ListItem\",\"position\":2,\"name\":\"El equipo Audi Revolut F1 presenta oficialmente su identidad visual para su temporada de debut\"}]},{\"@type\":\"WebSite\",\"@id\":\"https:\/\/www.diario22.ar\/notix2\/#website\",\"url\":\"https:\/\/www.diario22.ar\/notix2\/\",\"name\":\"diario22.ar\",\"description\":\"Vive hoy &amp; descubre lo que viene\",\"publisher\":{\"@id\":\"https:\/\/www.diario22.ar\/notix2\/#organization\"},\"potentialAction\":[{\"@type\":\"SearchAction\",\"target\":{\"@type\":\"EntryPoint\",\"urlTemplate\":\"https:\/\/www.diario22.ar\/notix2\/?s={search_term_string}\"},\"query-input\":{\"@type\":\"PropertyValueSpecification\",\"valueRequired\":true,\"valueName\":\"search_term_string\"}}],\"inLanguage\":\"es-AR\"},{\"@type\":\"Organization\",\"@id\":\"https:\/\/www.diario22.ar\/notix2\/#organization\",\"name\":\"diario22.ar\",\"url\":\"https:\/\/www.diario22.ar\/notix2\/\",\"logo\":{\"@type\":\"ImageObject\",\"inLanguage\":\"es-AR\",\"@id\":\"https:\/\/www.diario22.ar\/notix2\/#\/schema\/logo\/image\/\",\"url\":\"https:\/\/www.diario22.ar\/notix2\/wp-content\/uploads\/2025\/10\/cropped-Publish-1.png\",\"contentUrl\":\"https:\/\/www.diario22.ar\/notix2\/wp-content\/uploads\/2025\/10\/cropped-Publish-1.png\",\"width\":1560,\"height\":722,\"caption\":\"diario22.ar\"},\"image\":{\"@id\":\"https:\/\/www.diario22.ar\/notix2\/#\/schema\/logo\/image\/\"}},{\"@type\":\"Person\",\"@id\":\"https:\/\/www.diario22.ar\/notix2\/#\/schema\/person\/9266f03a2bd6dca79e788e180fb2deeb\",\"name\":\"Camila Torres\",\"image\":{\"@type\":\"ImageObject\",\"inLanguage\":\"es-AR\",\"@id\":\"https:\/\/www.diario22.ar\/notix2\/#\/schema\/person\/image\/\",\"url\":\"https:\/\/www.diario22.ar\/notix2\/wp-content\/uploads\/2025\/10\/diario22.ar-3-150x150.png\",\"contentUrl\":\"https:\/\/www.diario22.ar\/notix2\/wp-content\/uploads\/2025\/10\/diario22.ar-3-150x150.png\",\"caption\":\"Camila Torres\"},\"description\":\"Soy periodista y redactora en Diario22.ar, apasionada por las historias que conectan la actualidad con la gente. Me form\u00e9 en comunicaci\u00f3n social en Buenos Aires y desde entonces busco darle voz a lo cotidiano, con una mirada curiosa y humana. Creo que el periodismo no solo informa: tambi\u00e9n inspira y transforma.\",\"sameAs\":[\"https:\/\/www.diario22.ar\/notix2\"]}]}<\/script>\n<!-- \/ Yoast SEO plugin. -->","yoast_head_json":{"title":"El equipo Audi Revolut F1 presenta oficialmente su identidad visual para su temporada de debut - diario22.ar","robots":{"index":"index","follow":"follow","max-snippet":"max-snippet:-1","max-image-preview":"max-image-preview:large","max-video-preview":"max-video-preview:-1"},"canonical":"https:\/\/www.diario22.ar\/notix2\/el-equipo-audi-revolut-f1-presenta-oficialmente-su-identidad-visual-para-su-temporada-de-debut\/","og_locale":"es_ES","og_type":"article","og_title":"El equipo Audi Revolut F1 presenta oficialmente su identidad visual para su temporada de debut - diario22.ar","og_description":"Tras nuevos avances presentados a principios de este mes, el Audi Revolut F1 Team ha presentado oficialmente su identidad visual","og_url":"https:\/\/www.diario22.ar\/notix2\/el-equipo-audi-revolut-f1-presenta-oficialmente-su-identidad-visual-para-su-temporada-de-debut\/","og_site_name":"diario22.ar","article_published_time":"2026-01-26T18:35:07+00:00","article_modified_time":"2026-01-26T18:35:08+00:00","og_image":[{"width":1024,"height":512,"url":"https:\/\/www.diario22.ar\/notix2\/wp-content\/uploads\/2026\/01\/El-equipo-Audi-Revolut-F1-presenta-oficialmente-su-identidad-visual.com2Fimage2F20262F012F262Fofficial-imagery-audi-revolut-f1-team-formula.jpeg","type":"image\/jpeg"}],"author":"Camila Torres","twitter_card":"summary_large_image","twitter_misc":{"Escrito por":"Camila Torres","Tiempo de lectura":"2 minutos"},"schema":{"@context":"https:\/\/schema.org","@graph":[{"@type":"Article","@id":"https:\/\/www.diario22.ar\/notix2\/el-equipo-audi-revolut-f1-presenta-oficialmente-su-identidad-visual-para-su-temporada-de-debut\/#article","isPartOf":{"@id":"https:\/\/www.diario22.ar\/notix2\/el-equipo-audi-revolut-f1-presenta-oficialmente-su-identidad-visual-para-su-temporada-de-debut\/"},"author":{"name":"Camila Torres","@id":"https:\/\/www.diario22.ar\/notix2\/#\/schema\/person\/9266f03a2bd6dca79e788e180fb2deeb"},"headline":"El equipo Audi Revolut F1 presenta oficialmente su identidad visual para su temporada de debut","datePublished":"2026-01-26T18:35:07+00:00","dateModified":"2026-01-26T18:35:08+00:00","mainEntityOfPage":{"@id":"https:\/\/www.diario22.ar\/notix2\/el-equipo-audi-revolut-f1-presenta-oficialmente-su-identidad-visual-para-su-temporada-de-debut\/"},"wordCount":442,"commentCount":0,"publisher":{"@id":"https:\/\/www.diario22.ar\/notix2\/#organization"},"image":{"@id":"https:\/\/www.diario22.ar\/notix2\/el-equipo-audi-revolut-f1-presenta-oficialmente-su-identidad-visual-para-su-temporada-de-debut\/#primaryimage"},"thumbnailUrl":"https:\/\/www.diario22.ar\/notix2\/wp-content\/uploads\/2026\/01\/El-equipo-Audi-Revolut-F1-presenta-oficialmente-su-identidad-visual.com2Fimage2F20262F012F262Fofficial-imagery-audi-revolut-f1-team-formula.jpeg","keywords":["Audi","debut","equipo","identidad","oficialmente","para","Presenta","Revolut","temporada","visual"],"articleSection":["Estilo de vida"],"inLanguage":"es-AR","potentialAction":[{"@type":"CommentAction","name":"Comment","target":["https:\/\/www.diario22.ar\/notix2\/el-equipo-audi-revolut-f1-presenta-oficialmente-su-identidad-visual-para-su-temporada-de-debut\/#respond"]}]},{"@type":"WebPage","@id":"https:\/\/www.diario22.ar\/notix2\/el-equipo-audi-revolut-f1-presenta-oficialmente-su-identidad-visual-para-su-temporada-de-debut\/","url":"https:\/\/www.diario22.ar\/notix2\/el-equipo-audi-revolut-f1-presenta-oficialmente-su-identidad-visual-para-su-temporada-de-debut\/","name":"El equipo Audi Revolut F1 presenta oficialmente su identidad visual para su temporada de debut - diario22.ar","isPartOf":{"@id":"https:\/\/www.diario22.ar\/notix2\/#website"},"primaryImageOfPage":{"@id":"https:\/\/www.diario22.ar\/notix2\/el-equipo-audi-revolut-f1-presenta-oficialmente-su-identidad-visual-para-su-temporada-de-debut\/#primaryimage"},"image":{"@id":"https:\/\/www.diario22.ar\/notix2\/el-equipo-audi-revolut-f1-presenta-oficialmente-su-identidad-visual-para-su-temporada-de-debut\/#primaryimage"},"thumbnailUrl":"https:\/\/www.diario22.ar\/notix2\/wp-content\/uploads\/2026\/01\/El-equipo-Audi-Revolut-F1-presenta-oficialmente-su-identidad-visual.com2Fimage2F20262F012F262Fofficial-imagery-audi-revolut-f1-team-formula.jpeg","datePublished":"2026-01-26T18:35:07+00:00","dateModified":"2026-01-26T18:35:08+00:00","breadcrumb":{"@id":"https:\/\/www.diario22.ar\/notix2\/el-equipo-audi-revolut-f1-presenta-oficialmente-su-identidad-visual-para-su-temporada-de-debut\/#breadcrumb"},"inLanguage":"es-AR","potentialAction":[{"@type":"ReadAction","target":["https:\/\/www.diario22.ar\/notix2\/el-equipo-audi-revolut-f1-presenta-oficialmente-su-identidad-visual-para-su-temporada-de-debut\/"]}]},{"@type":"ImageObject","inLanguage":"es-AR","@id":"https:\/\/www.diario22.ar\/notix2\/el-equipo-audi-revolut-f1-presenta-oficialmente-su-identidad-visual-para-su-temporada-de-debut\/#primaryimage","url":"https:\/\/www.diario22.ar\/notix2\/wp-content\/uploads\/2026\/01\/El-equipo-Audi-Revolut-F1-presenta-oficialmente-su-identidad-visual.com2Fimage2F20262F012F262Fofficial-imagery-audi-revolut-f1-team-formula.jpeg","contentUrl":"https:\/\/www.diario22.ar\/notix2\/wp-content\/uploads\/2026\/01\/El-equipo-Audi-Revolut-F1-presenta-oficialmente-su-identidad-visual.com2Fimage2F20262F012F262Fofficial-imagery-audi-revolut-f1-team-formula.jpeg","width":1024,"height":512},{"@type":"BreadcrumbList","@id":"https:\/\/www.diario22.ar\/notix2\/el-equipo-audi-revolut-f1-presenta-oficialmente-su-identidad-visual-para-su-temporada-de-debut\/#breadcrumb","itemListElement":[{"@type":"ListItem","position":1,"name":"Home","item":"https:\/\/www.diario22.ar\/notix2\/"},{"@type":"ListItem","position":2,"name":"El equipo Audi Revolut F1 presenta oficialmente su identidad visual para su temporada de debut"}]},{"@type":"WebSite","@id":"https:\/\/www.diario22.ar\/notix2\/#website","url":"https:\/\/www.diario22.ar\/notix2\/","name":"diario22.ar","description":"Vive hoy &amp; descubre lo que viene","publisher":{"@id":"https:\/\/www.diario22.ar\/notix2\/#organization"},"potentialAction":[{"@type":"SearchAction","target":{"@type":"EntryPoint","urlTemplate":"https:\/\/www.diario22.ar\/notix2\/?s={search_term_string}"},"query-input":{"@type":"PropertyValueSpecification","valueRequired":true,"valueName":"search_term_string"}}],"inLanguage":"es-AR"},{"@type":"Organization","@id":"https:\/\/www.diario22.ar\/notix2\/#organization","name":"diario22.ar","url":"https:\/\/www.diario22.ar\/notix2\/","logo":{"@type":"ImageObject","inLanguage":"es-AR","@id":"https:\/\/www.diario22.ar\/notix2\/#\/schema\/logo\/image\/","url":"https:\/\/www.diario22.ar\/notix2\/wp-content\/uploads\/2025\/10\/cropped-Publish-1.png","contentUrl":"https:\/\/www.diario22.ar\/notix2\/wp-content\/uploads\/2025\/10\/cropped-Publish-1.png","width":1560,"height":722,"caption":"diario22.ar"},"image":{"@id":"https:\/\/www.diario22.ar\/notix2\/#\/schema\/logo\/image\/"}},{"@type":"Person","@id":"https:\/\/www.diario22.ar\/notix2\/#\/schema\/person\/9266f03a2bd6dca79e788e180fb2deeb","name":"Camila Torres","image":{"@type":"ImageObject","inLanguage":"es-AR","@id":"https:\/\/www.diario22.ar\/notix2\/#\/schema\/person\/image\/","url":"https:\/\/www.diario22.ar\/notix2\/wp-content\/uploads\/2025\/10\/diario22.ar-3-150x150.png","contentUrl":"https:\/\/www.diario22.ar\/notix2\/wp-content\/uploads\/2025\/10\/diario22.ar-3-150x150.png","caption":"Camila Torres"},"description":"Soy periodista y redactora en Diario22.ar, apasionada por las historias que conectan la actualidad con la gente. Me form\u00e9 en comunicaci\u00f3n social en Buenos Aires y desde entonces busco darle voz a lo cotidiano, con una mirada curiosa y humana. Creo que el periodismo no solo informa: tambi\u00e9n inspira y transforma.","sameAs":["https:\/\/www.diario22.ar\/notix2"]}]}},"_links":{"self":[{"href":"https:\/\/www.diario22.ar\/notix2\/wp-json\/wp\/v2\/posts\/51128","targetHints":{"allow":["GET"]}}],"collection":[{"href":"https:\/\/www.diario22.ar\/notix2\/wp-json\/wp\/v2\/posts"}],"about":[{"href":"https:\/\/www.diario22.ar\/notix2\/wp-json\/wp\/v2\/types\/post"}],"author":[{"embeddable":true,"href":"https:\/\/www.diario22.ar\/notix2\/wp-json\/wp\/v2\/users\/1"}],"replies":[{"embeddable":true,"href":"https:\/\/www.diario22.ar\/notix2\/wp-json\/wp\/v2\/comments?post=51128"}],"version-history":[{"count":1,"href":"https:\/\/www.diario22.ar\/notix2\/wp-json\/wp\/v2\/posts\/51128\/revisions"}],"predecessor-version":[{"id":51130,"href":"https:\/\/www.diario22.ar\/notix2\/wp-json\/wp\/v2\/posts\/51128\/revisions\/51130"}],"wp:featuredmedia":[{"embeddable":true,"href":"https:\/\/www.diario22.ar\/notix2\/wp-json\/wp\/v2\/media\/51129"}],"wp:attachment":[{"href":"https:\/\/www.diario22.ar\/notix2\/wp-json\/wp\/v2\/media?parent=51128"}],"wp:term":[{"taxonomy":"category","embeddable":true,"href":"https:\/\/www.diario22.ar\/notix2\/wp-json\/wp\/v2\/categories?post=51128"},{"taxonomy":"post_tag","embeddable":true,"href":"https:\/\/www.diario22.ar\/notix2\/wp-json\/wp\/v2\/tags?post=51128"}],"curies":[{"name":"wp","href":"https:\/\/api.w.org\/{rel}","templated":true}]}}