{"id":51125,"date":"2026-01-25T22:35:07","date_gmt":"2026-01-26T01:35:07","guid":{"rendered":"https:\/\/www.diario22.ar\/notix2\/barbour-y-feng-chen-wang-celebran-el-ano-del-caballo-con-una-nueva-coleccion-capsula-colaborativa\/"},"modified":"2026-01-25T22:35:08","modified_gmt":"2026-01-26T01:35:08","slug":"barbour-y-feng-chen-wang-celebran-el-ano-del-caballo-con-una-nueva-coleccion-capsula-colaborativa","status":"publish","type":"post","link":"https:\/\/www.diario22.ar\/notix2\/barbour-y-feng-chen-wang-celebran-el-ano-del-caballo-con-una-nueva-coleccion-capsula-colaborativa\/","title":{"rendered":"Barbour y Feng Chen Wang celebran el A\u00f1o del Caballo con una nueva colecci\u00f3n c\u00e1psula colaborativa"},"content":{"rendered":"<p>Barbour se ha unido al dise\u00f1ador londinense Feng Chen Wang para una colecci\u00f3n c\u00e1psula que celebra el A\u00f1o Nuevo Lunar y el A\u00f1o del Caballo. Esta colaboraci\u00f3n reimagina las siluetas hist\u00f3ricas de Barbour a trav\u00e9s del prisma de la mitolog\u00eda cl\u00e1sica y del lenguaje de dise\u00f1o cargado emocionalmente de Wang.<\/p>\n<div>\n<div class=\"inner-container\">\n<div class=\"inner-content\">\n<div class=\"adunit-wrapper\">\n<div class=\"in-content-ad-outer\">\n<p><!-- Tag ID: HBENGLOB_ATF_INCONTENT --><\/p>\n<div class=\"adunit in-content lazy-load no-init\" data-freestar-ad=\"__300x250\" data-adunit=\"HBENGLOB_ATF_INCONTENT\" data-targeting='{\"HBSiteLoc\":[\"ros\",\"article\"],\"HBSiteCat\":[\"fashion\",\"barbour\",\"collaborations\",\"collaboration\",\"feng-chen-wang\"],\"HBSitePage\":\"0\",\"HBSiteLang\":\"en\",\"country\":\"us\",\"region\":\"naam\",\"subRegion\":\"\",\"HBArticle\":6652800,\"HBBlacklist\":\"1\"}'><\/div>\n<\/p><\/div>\n<\/p><\/div>\n<\/p><\/div>\n<\/p><\/div>\n<\/div>\n<p>Las piezas centrales de la c\u00e1psula incluyen una versi\u00f3n reinventada de la Porter Waxed Jacket y de la Fendale Quilted Jacket, esta \u00faltima disponible en los colores \u201cRustic\u201d y \u201cOlive\u201d. Ambos dise\u00f1os cuentan con un bordado intrincado del Dragon Horse (Long Ma) \u2014una bestia m\u00edstica de la literatura cl\u00e1sica china que simboliza la valent\u00eda y la libertad. La colecci\u00f3n se complementa con camisas de cuadros tipo gingham, camisetas gr\u00e1ficas y gorras deportivas, todas en una paleta de acentos en rojo y dorado para evocar la buena fortuna y el crecimiento.<\/p>\n<p>Para Wang, el proyecto tiene un significado profundamente personal, basado en su \u00e9poca de estudiante en Londres cuando las chaquetas enceradas de Barbour se convirtieron en un s\u00edmbolo definitorio de su experiencia brit\u00e1nica. \u00abEl dise\u00f1o fusiona el misticismo del campo brit\u00e1nico con la riqueza de la mitolog\u00eda oriental\u00bb, se\u00f1al\u00f3 Wang.<\/p>\n<p>Con precios que oscilan entre 85 USD y 780 USD, la colecci\u00f3n Feng Chen Wang x Barbour ya est\u00e1 disponible en la tienda web oficial de Barbour.<\/p>\n","protected":false},"excerpt":{"rendered":"<p>Barbour se ha unido al dise\u00f1ador londinense Feng Chen Wang para una colecci\u00f3n c\u00e1psula que celebra el A\u00f1o Nuevo Lunar<\/p>\n","protected":false},"author":1,"featured_media":51126,"comment_status":"open","ping_status":"open","sticky":false,"template":"","format":"standard","meta":{"footnotes":""},"categories":[9],"tags":[1406,2065,2070,2071,2069,2067,1079,179,49,144,2066,120,58,2068],"class_list":["post-51125","post","type-post","status-publish","format-standard","has-post-thumbnail","hentry","category-moda","tag-ano","tag-barbour","tag-caballo","tag-capsula","tag-celebran","tag-chen","tag-colaborativa","tag-coleccion","tag-con","tag-del","tag-feng","tag-nueva","tag-una","tag-wang","generate-columns","tablet-grid-50","mobile-grid-100","grid-parent","grid-50"],"yoast_head":"<!-- This site is optimized with the Yoast SEO plugin v26.1.1 - https:\/\/yoast.com\/wordpress\/plugins\/seo\/ -->\n<title>Barbour y Feng Chen Wang celebran el A\u00f1o del Caballo con una nueva colecci\u00f3n c\u00e1psula colaborativa - diario22.ar<\/title>\n<meta name=\"robots\" content=\"index, follow, max-snippet:-1, max-image-preview:large, max-video-preview:-1\" \/>\n<link rel=\"canonical\" href=\"https:\/\/www.diario22.ar\/notix2\/barbour-y-feng-chen-wang-celebran-el-ano-del-caballo-con-una-nueva-coleccion-capsula-colaborativa\/\" \/>\n<meta property=\"og:locale\" content=\"es_ES\" \/>\n<meta property=\"og:type\" content=\"article\" \/>\n<meta property=\"og:title\" content=\"Barbour y Feng Chen Wang celebran el A\u00f1o del Caballo con una nueva colecci\u00f3n c\u00e1psula colaborativa - diario22.ar\" \/>\n<meta property=\"og:description\" content=\"Barbour se ha unido al dise\u00f1ador londinense Feng Chen Wang para una colecci\u00f3n c\u00e1psula que celebra el A\u00f1o Nuevo Lunar\" \/>\n<meta property=\"og:url\" content=\"https:\/\/www.diario22.ar\/notix2\/barbour-y-feng-chen-wang-celebran-el-ano-del-caballo-con-una-nueva-coleccion-capsula-colaborativa\/\" \/>\n<meta property=\"og:site_name\" content=\"diario22.ar\" \/>\n<meta property=\"article:published_time\" content=\"2026-01-26T01:35:07+00:00\" \/>\n<meta property=\"article:modified_time\" content=\"2026-01-26T01:35:08+00:00\" \/>\n<meta property=\"og:image\" content=\"https:\/\/www.diario22.ar\/notix2\/wp-content\/uploads\/2026\/01\/Barbour-y-Feng-Chen-Wang-celebran-el-Ano-del-Caballo.com2Fimage2F20262F012F122Ffeng-chen-wang-barbour-collaboration-collecti.jpeg\" \/>\n\t<meta property=\"og:image:width\" content=\"1000\" \/>\n\t<meta property=\"og:image:height\" content=\"500\" \/>\n\t<meta property=\"og:image:type\" content=\"image\/jpeg\" \/>\n<meta name=\"author\" content=\"Camila Torres\" \/>\n<meta name=\"twitter:card\" content=\"summary_large_image\" \/>\n<meta name=\"twitter:label1\" content=\"Escrito por\" \/>\n\t<meta name=\"twitter:data1\" content=\"Camila Torres\" \/>\n\t<meta name=\"twitter:label2\" content=\"Tiempo de lectura\" \/>\n\t<meta name=\"twitter:data2\" content=\"1 minuto\" \/>\n<script type=\"application\/ld+json\" class=\"yoast-schema-graph\">{\"@context\":\"https:\/\/schema.org\",\"@graph\":[{\"@type\":\"Article\",\"@id\":\"https:\/\/www.diario22.ar\/notix2\/barbour-y-feng-chen-wang-celebran-el-ano-del-caballo-con-una-nueva-coleccion-capsula-colaborativa\/#article\",\"isPartOf\":{\"@id\":\"https:\/\/www.diario22.ar\/notix2\/barbour-y-feng-chen-wang-celebran-el-ano-del-caballo-con-una-nueva-coleccion-capsula-colaborativa\/\"},\"author\":{\"name\":\"Camila Torres\",\"@id\":\"https:\/\/www.diario22.ar\/notix2\/#\/schema\/person\/9266f03a2bd6dca79e788e180fb2deeb\"},\"headline\":\"Barbour y Feng Chen Wang celebran el A\u00f1o del Caballo con una nueva colecci\u00f3n c\u00e1psula colaborativa\",\"datePublished\":\"2026-01-26T01:35:07+00:00\",\"dateModified\":\"2026-01-26T01:35:08+00:00\",\"mainEntityOfPage\":{\"@id\":\"https:\/\/www.diario22.ar\/notix2\/barbour-y-feng-chen-wang-celebran-el-ano-del-caballo-con-una-nueva-coleccion-capsula-colaborativa\/\"},\"wordCount\":260,\"commentCount\":0,\"publisher\":{\"@id\":\"https:\/\/www.diario22.ar\/notix2\/#organization\"},\"image\":{\"@id\":\"https:\/\/www.diario22.ar\/notix2\/barbour-y-feng-chen-wang-celebran-el-ano-del-caballo-con-una-nueva-coleccion-capsula-colaborativa\/#primaryimage\"},\"thumbnailUrl\":\"https:\/\/www.diario22.ar\/notix2\/wp-content\/uploads\/2026\/01\/Barbour-y-Feng-Chen-Wang-celebran-el-Ano-del-Caballo.com2Fimage2F20262F012F122Ffeng-chen-wang-barbour-collaboration-collecti.jpeg\",\"keywords\":[\"a\u00f1o\",\"Barbour\",\"Caballo\",\"c\u00e1psula\",\"celebran\",\"Chen\",\"colaborativa\",\"colecci\u00f3n\",\"con\",\"del\",\"Feng\",\"nueva\",\"una\",\"Wang\"],\"articleSection\":[\"Moda\"],\"inLanguage\":\"es-AR\",\"potentialAction\":[{\"@type\":\"CommentAction\",\"name\":\"Comment\",\"target\":[\"https:\/\/www.diario22.ar\/notix2\/barbour-y-feng-chen-wang-celebran-el-ano-del-caballo-con-una-nueva-coleccion-capsula-colaborativa\/#respond\"]}]},{\"@type\":\"WebPage\",\"@id\":\"https:\/\/www.diario22.ar\/notix2\/barbour-y-feng-chen-wang-celebran-el-ano-del-caballo-con-una-nueva-coleccion-capsula-colaborativa\/\",\"url\":\"https:\/\/www.diario22.ar\/notix2\/barbour-y-feng-chen-wang-celebran-el-ano-del-caballo-con-una-nueva-coleccion-capsula-colaborativa\/\",\"name\":\"Barbour y Feng Chen Wang celebran el A\u00f1o del Caballo con una nueva colecci\u00f3n c\u00e1psula colaborativa - diario22.ar\",\"isPartOf\":{\"@id\":\"https:\/\/www.diario22.ar\/notix2\/#website\"},\"primaryImageOfPage\":{\"@id\":\"https:\/\/www.diario22.ar\/notix2\/barbour-y-feng-chen-wang-celebran-el-ano-del-caballo-con-una-nueva-coleccion-capsula-colaborativa\/#primaryimage\"},\"image\":{\"@id\":\"https:\/\/www.diario22.ar\/notix2\/barbour-y-feng-chen-wang-celebran-el-ano-del-caballo-con-una-nueva-coleccion-capsula-colaborativa\/#primaryimage\"},\"thumbnailUrl\":\"https:\/\/www.diario22.ar\/notix2\/wp-content\/uploads\/2026\/01\/Barbour-y-Feng-Chen-Wang-celebran-el-Ano-del-Caballo.com2Fimage2F20262F012F122Ffeng-chen-wang-barbour-collaboration-collecti.jpeg\",\"datePublished\":\"2026-01-26T01:35:07+00:00\",\"dateModified\":\"2026-01-26T01:35:08+00:00\",\"breadcrumb\":{\"@id\":\"https:\/\/www.diario22.ar\/notix2\/barbour-y-feng-chen-wang-celebran-el-ano-del-caballo-con-una-nueva-coleccion-capsula-colaborativa\/#breadcrumb\"},\"inLanguage\":\"es-AR\",\"potentialAction\":[{\"@type\":\"ReadAction\",\"target\":[\"https:\/\/www.diario22.ar\/notix2\/barbour-y-feng-chen-wang-celebran-el-ano-del-caballo-con-una-nueva-coleccion-capsula-colaborativa\/\"]}]},{\"@type\":\"ImageObject\",\"inLanguage\":\"es-AR\",\"@id\":\"https:\/\/www.diario22.ar\/notix2\/barbour-y-feng-chen-wang-celebran-el-ano-del-caballo-con-una-nueva-coleccion-capsula-colaborativa\/#primaryimage\",\"url\":\"https:\/\/www.diario22.ar\/notix2\/wp-content\/uploads\/2026\/01\/Barbour-y-Feng-Chen-Wang-celebran-el-Ano-del-Caballo.com2Fimage2F20262F012F122Ffeng-chen-wang-barbour-collaboration-collecti.jpeg\",\"contentUrl\":\"https:\/\/www.diario22.ar\/notix2\/wp-content\/uploads\/2026\/01\/Barbour-y-Feng-Chen-Wang-celebran-el-Ano-del-Caballo.com2Fimage2F20262F012F122Ffeng-chen-wang-barbour-collaboration-collecti.jpeg\",\"width\":1000,\"height\":500},{\"@type\":\"BreadcrumbList\",\"@id\":\"https:\/\/www.diario22.ar\/notix2\/barbour-y-feng-chen-wang-celebran-el-ano-del-caballo-con-una-nueva-coleccion-capsula-colaborativa\/#breadcrumb\",\"itemListElement\":[{\"@type\":\"ListItem\",\"position\":1,\"name\":\"Home\",\"item\":\"https:\/\/www.diario22.ar\/notix2\/\"},{\"@type\":\"ListItem\",\"position\":2,\"name\":\"Barbour y Feng Chen Wang celebran el A\u00f1o del Caballo con una nueva colecci\u00f3n c\u00e1psula colaborativa\"}]},{\"@type\":\"WebSite\",\"@id\":\"https:\/\/www.diario22.ar\/notix2\/#website\",\"url\":\"https:\/\/www.diario22.ar\/notix2\/\",\"name\":\"diario22.ar\",\"description\":\"Vive hoy &amp; descubre lo que viene\",\"publisher\":{\"@id\":\"https:\/\/www.diario22.ar\/notix2\/#organization\"},\"potentialAction\":[{\"@type\":\"SearchAction\",\"target\":{\"@type\":\"EntryPoint\",\"urlTemplate\":\"https:\/\/www.diario22.ar\/notix2\/?s={search_term_string}\"},\"query-input\":{\"@type\":\"PropertyValueSpecification\",\"valueRequired\":true,\"valueName\":\"search_term_string\"}}],\"inLanguage\":\"es-AR\"},{\"@type\":\"Organization\",\"@id\":\"https:\/\/www.diario22.ar\/notix2\/#organization\",\"name\":\"diario22.ar\",\"url\":\"https:\/\/www.diario22.ar\/notix2\/\",\"logo\":{\"@type\":\"ImageObject\",\"inLanguage\":\"es-AR\",\"@id\":\"https:\/\/www.diario22.ar\/notix2\/#\/schema\/logo\/image\/\",\"url\":\"https:\/\/www.diario22.ar\/notix2\/wp-content\/uploads\/2025\/10\/cropped-Publish-1.png\",\"contentUrl\":\"https:\/\/www.diario22.ar\/notix2\/wp-content\/uploads\/2025\/10\/cropped-Publish-1.png\",\"width\":1560,\"height\":722,\"caption\":\"diario22.ar\"},\"image\":{\"@id\":\"https:\/\/www.diario22.ar\/notix2\/#\/schema\/logo\/image\/\"}},{\"@type\":\"Person\",\"@id\":\"https:\/\/www.diario22.ar\/notix2\/#\/schema\/person\/9266f03a2bd6dca79e788e180fb2deeb\",\"name\":\"Camila Torres\",\"image\":{\"@type\":\"ImageObject\",\"inLanguage\":\"es-AR\",\"@id\":\"https:\/\/www.diario22.ar\/notix2\/#\/schema\/person\/image\/\",\"url\":\"https:\/\/www.diario22.ar\/notix2\/wp-content\/uploads\/2025\/10\/diario22.ar-3-150x150.png\",\"contentUrl\":\"https:\/\/www.diario22.ar\/notix2\/wp-content\/uploads\/2025\/10\/diario22.ar-3-150x150.png\",\"caption\":\"Camila Torres\"},\"description\":\"Soy periodista y redactora en Diario22.ar, apasionada por las historias que conectan la actualidad con la gente. Me form\u00e9 en comunicaci\u00f3n social en Buenos Aires y desde entonces busco darle voz a lo cotidiano, con una mirada curiosa y humana. Creo que el periodismo no solo informa: tambi\u00e9n inspira y transforma.\",\"sameAs\":[\"https:\/\/www.diario22.ar\/notix2\"]}]}<\/script>\n<!-- \/ Yoast SEO plugin. -->","yoast_head_json":{"title":"Barbour y Feng Chen Wang celebran el A\u00f1o del Caballo con una nueva colecci\u00f3n c\u00e1psula colaborativa - diario22.ar","robots":{"index":"index","follow":"follow","max-snippet":"max-snippet:-1","max-image-preview":"max-image-preview:large","max-video-preview":"max-video-preview:-1"},"canonical":"https:\/\/www.diario22.ar\/notix2\/barbour-y-feng-chen-wang-celebran-el-ano-del-caballo-con-una-nueva-coleccion-capsula-colaborativa\/","og_locale":"es_ES","og_type":"article","og_title":"Barbour y Feng Chen Wang celebran el A\u00f1o del Caballo con una nueva colecci\u00f3n c\u00e1psula colaborativa - diario22.ar","og_description":"Barbour se ha unido al dise\u00f1ador londinense Feng Chen Wang para una colecci\u00f3n c\u00e1psula que celebra el A\u00f1o Nuevo Lunar","og_url":"https:\/\/www.diario22.ar\/notix2\/barbour-y-feng-chen-wang-celebran-el-ano-del-caballo-con-una-nueva-coleccion-capsula-colaborativa\/","og_site_name":"diario22.ar","article_published_time":"2026-01-26T01:35:07+00:00","article_modified_time":"2026-01-26T01:35:08+00:00","og_image":[{"width":1000,"height":500,"url":"https:\/\/www.diario22.ar\/notix2\/wp-content\/uploads\/2026\/01\/Barbour-y-Feng-Chen-Wang-celebran-el-Ano-del-Caballo.com2Fimage2F20262F012F122Ffeng-chen-wang-barbour-collaboration-collecti.jpeg","type":"image\/jpeg"}],"author":"Camila Torres","twitter_card":"summary_large_image","twitter_misc":{"Escrito por":"Camila Torres","Tiempo de lectura":"1 minuto"},"schema":{"@context":"https:\/\/schema.org","@graph":[{"@type":"Article","@id":"https:\/\/www.diario22.ar\/notix2\/barbour-y-feng-chen-wang-celebran-el-ano-del-caballo-con-una-nueva-coleccion-capsula-colaborativa\/#article","isPartOf":{"@id":"https:\/\/www.diario22.ar\/notix2\/barbour-y-feng-chen-wang-celebran-el-ano-del-caballo-con-una-nueva-coleccion-capsula-colaborativa\/"},"author":{"name":"Camila Torres","@id":"https:\/\/www.diario22.ar\/notix2\/#\/schema\/person\/9266f03a2bd6dca79e788e180fb2deeb"},"headline":"Barbour y Feng Chen Wang celebran el A\u00f1o del Caballo con una nueva colecci\u00f3n c\u00e1psula colaborativa","datePublished":"2026-01-26T01:35:07+00:00","dateModified":"2026-01-26T01:35:08+00:00","mainEntityOfPage":{"@id":"https:\/\/www.diario22.ar\/notix2\/barbour-y-feng-chen-wang-celebran-el-ano-del-caballo-con-una-nueva-coleccion-capsula-colaborativa\/"},"wordCount":260,"commentCount":0,"publisher":{"@id":"https:\/\/www.diario22.ar\/notix2\/#organization"},"image":{"@id":"https:\/\/www.diario22.ar\/notix2\/barbour-y-feng-chen-wang-celebran-el-ano-del-caballo-con-una-nueva-coleccion-capsula-colaborativa\/#primaryimage"},"thumbnailUrl":"https:\/\/www.diario22.ar\/notix2\/wp-content\/uploads\/2026\/01\/Barbour-y-Feng-Chen-Wang-celebran-el-Ano-del-Caballo.com2Fimage2F20262F012F122Ffeng-chen-wang-barbour-collaboration-collecti.jpeg","keywords":["a\u00f1o","Barbour","Caballo","c\u00e1psula","celebran","Chen","colaborativa","colecci\u00f3n","con","del","Feng","nueva","una","Wang"],"articleSection":["Moda"],"inLanguage":"es-AR","potentialAction":[{"@type":"CommentAction","name":"Comment","target":["https:\/\/www.diario22.ar\/notix2\/barbour-y-feng-chen-wang-celebran-el-ano-del-caballo-con-una-nueva-coleccion-capsula-colaborativa\/#respond"]}]},{"@type":"WebPage","@id":"https:\/\/www.diario22.ar\/notix2\/barbour-y-feng-chen-wang-celebran-el-ano-del-caballo-con-una-nueva-coleccion-capsula-colaborativa\/","url":"https:\/\/www.diario22.ar\/notix2\/barbour-y-feng-chen-wang-celebran-el-ano-del-caballo-con-una-nueva-coleccion-capsula-colaborativa\/","name":"Barbour y Feng Chen Wang celebran el A\u00f1o del Caballo con una nueva colecci\u00f3n c\u00e1psula colaborativa - diario22.ar","isPartOf":{"@id":"https:\/\/www.diario22.ar\/notix2\/#website"},"primaryImageOfPage":{"@id":"https:\/\/www.diario22.ar\/notix2\/barbour-y-feng-chen-wang-celebran-el-ano-del-caballo-con-una-nueva-coleccion-capsula-colaborativa\/#primaryimage"},"image":{"@id":"https:\/\/www.diario22.ar\/notix2\/barbour-y-feng-chen-wang-celebran-el-ano-del-caballo-con-una-nueva-coleccion-capsula-colaborativa\/#primaryimage"},"thumbnailUrl":"https:\/\/www.diario22.ar\/notix2\/wp-content\/uploads\/2026\/01\/Barbour-y-Feng-Chen-Wang-celebran-el-Ano-del-Caballo.com2Fimage2F20262F012F122Ffeng-chen-wang-barbour-collaboration-collecti.jpeg","datePublished":"2026-01-26T01:35:07+00:00","dateModified":"2026-01-26T01:35:08+00:00","breadcrumb":{"@id":"https:\/\/www.diario22.ar\/notix2\/barbour-y-feng-chen-wang-celebran-el-ano-del-caballo-con-una-nueva-coleccion-capsula-colaborativa\/#breadcrumb"},"inLanguage":"es-AR","potentialAction":[{"@type":"ReadAction","target":["https:\/\/www.diario22.ar\/notix2\/barbour-y-feng-chen-wang-celebran-el-ano-del-caballo-con-una-nueva-coleccion-capsula-colaborativa\/"]}]},{"@type":"ImageObject","inLanguage":"es-AR","@id":"https:\/\/www.diario22.ar\/notix2\/barbour-y-feng-chen-wang-celebran-el-ano-del-caballo-con-una-nueva-coleccion-capsula-colaborativa\/#primaryimage","url":"https:\/\/www.diario22.ar\/notix2\/wp-content\/uploads\/2026\/01\/Barbour-y-Feng-Chen-Wang-celebran-el-Ano-del-Caballo.com2Fimage2F20262F012F122Ffeng-chen-wang-barbour-collaboration-collecti.jpeg","contentUrl":"https:\/\/www.diario22.ar\/notix2\/wp-content\/uploads\/2026\/01\/Barbour-y-Feng-Chen-Wang-celebran-el-Ano-del-Caballo.com2Fimage2F20262F012F122Ffeng-chen-wang-barbour-collaboration-collecti.jpeg","width":1000,"height":500},{"@type":"BreadcrumbList","@id":"https:\/\/www.diario22.ar\/notix2\/barbour-y-feng-chen-wang-celebran-el-ano-del-caballo-con-una-nueva-coleccion-capsula-colaborativa\/#breadcrumb","itemListElement":[{"@type":"ListItem","position":1,"name":"Home","item":"https:\/\/www.diario22.ar\/notix2\/"},{"@type":"ListItem","position":2,"name":"Barbour y Feng Chen Wang celebran el A\u00f1o del Caballo con una nueva colecci\u00f3n c\u00e1psula colaborativa"}]},{"@type":"WebSite","@id":"https:\/\/www.diario22.ar\/notix2\/#website","url":"https:\/\/www.diario22.ar\/notix2\/","name":"diario22.ar","description":"Vive hoy &amp; descubre lo que viene","publisher":{"@id":"https:\/\/www.diario22.ar\/notix2\/#organization"},"potentialAction":[{"@type":"SearchAction","target":{"@type":"EntryPoint","urlTemplate":"https:\/\/www.diario22.ar\/notix2\/?s={search_term_string}"},"query-input":{"@type":"PropertyValueSpecification","valueRequired":true,"valueName":"search_term_string"}}],"inLanguage":"es-AR"},{"@type":"Organization","@id":"https:\/\/www.diario22.ar\/notix2\/#organization","name":"diario22.ar","url":"https:\/\/www.diario22.ar\/notix2\/","logo":{"@type":"ImageObject","inLanguage":"es-AR","@id":"https:\/\/www.diario22.ar\/notix2\/#\/schema\/logo\/image\/","url":"https:\/\/www.diario22.ar\/notix2\/wp-content\/uploads\/2025\/10\/cropped-Publish-1.png","contentUrl":"https:\/\/www.diario22.ar\/notix2\/wp-content\/uploads\/2025\/10\/cropped-Publish-1.png","width":1560,"height":722,"caption":"diario22.ar"},"image":{"@id":"https:\/\/www.diario22.ar\/notix2\/#\/schema\/logo\/image\/"}},{"@type":"Person","@id":"https:\/\/www.diario22.ar\/notix2\/#\/schema\/person\/9266f03a2bd6dca79e788e180fb2deeb","name":"Camila Torres","image":{"@type":"ImageObject","inLanguage":"es-AR","@id":"https:\/\/www.diario22.ar\/notix2\/#\/schema\/person\/image\/","url":"https:\/\/www.diario22.ar\/notix2\/wp-content\/uploads\/2025\/10\/diario22.ar-3-150x150.png","contentUrl":"https:\/\/www.diario22.ar\/notix2\/wp-content\/uploads\/2025\/10\/diario22.ar-3-150x150.png","caption":"Camila Torres"},"description":"Soy periodista y redactora en Diario22.ar, apasionada por las historias que conectan la actualidad con la gente. Me form\u00e9 en comunicaci\u00f3n social en Buenos Aires y desde entonces busco darle voz a lo cotidiano, con una mirada curiosa y humana. Creo que el periodismo no solo informa: tambi\u00e9n inspira y transforma.","sameAs":["https:\/\/www.diario22.ar\/notix2"]}]}},"_links":{"self":[{"href":"https:\/\/www.diario22.ar\/notix2\/wp-json\/wp\/v2\/posts\/51125","targetHints":{"allow":["GET"]}}],"collection":[{"href":"https:\/\/www.diario22.ar\/notix2\/wp-json\/wp\/v2\/posts"}],"about":[{"href":"https:\/\/www.diario22.ar\/notix2\/wp-json\/wp\/v2\/types\/post"}],"author":[{"embeddable":true,"href":"https:\/\/www.diario22.ar\/notix2\/wp-json\/wp\/v2\/users\/1"}],"replies":[{"embeddable":true,"href":"https:\/\/www.diario22.ar\/notix2\/wp-json\/wp\/v2\/comments?post=51125"}],"version-history":[{"count":1,"href":"https:\/\/www.diario22.ar\/notix2\/wp-json\/wp\/v2\/posts\/51125\/revisions"}],"predecessor-version":[{"id":51127,"href":"https:\/\/www.diario22.ar\/notix2\/wp-json\/wp\/v2\/posts\/51125\/revisions\/51127"}],"wp:featuredmedia":[{"embeddable":true,"href":"https:\/\/www.diario22.ar\/notix2\/wp-json\/wp\/v2\/media\/51126"}],"wp:attachment":[{"href":"https:\/\/www.diario22.ar\/notix2\/wp-json\/wp\/v2\/media?parent=51125"}],"wp:term":[{"taxonomy":"category","embeddable":true,"href":"https:\/\/www.diario22.ar\/notix2\/wp-json\/wp\/v2\/categories?post=51125"},{"taxonomy":"post_tag","embeddable":true,"href":"https:\/\/www.diario22.ar\/notix2\/wp-json\/wp\/v2\/tags?post=51125"}],"curies":[{"name":"wp","href":"https:\/\/api.w.org\/{rel}","templated":true}]}}