{"id":51122,"date":"2026-01-25T10:34:59","date_gmt":"2026-01-25T13:34:59","guid":{"rendered":"https:\/\/www.diario22.ar\/notix2\/mario-paroli-transforma-el-iconico-boligrafo-bic-cristal-en-iluminacion-para-seletti\/"},"modified":"2026-01-25T10:35:00","modified_gmt":"2026-01-25T13:35:00","slug":"mario-paroli-transforma-el-iconico-boligrafo-bic-cristal-en-iluminacion-para-seletti","status":"publish","type":"post","link":"https:\/\/www.diario22.ar\/notix2\/mario-paroli-transforma-el-iconico-boligrafo-bic-cristal-en-iluminacion-para-seletti\/","title":{"rendered":"Mario Paroli transforma el ic\u00f3nico bol\u00edgrafo BIC Cristal en iluminaci\u00f3n para Seletti"},"content":{"rendered":"<p>La BIC Lamp, dise\u00f1ada por Mario Paroli para la marca italiana Seletti, transforma uno de los instrumentos de escritura m\u00e1s reconocibles del mundo en una luminaria sorprendente.<\/p>\n<div>\n<div class=\"inner-container\">\n<div class=\"inner-content\">\n<div class=\"adunit-wrapper\">\n<div class=\"in-content-ad-outer\">\n<p><!-- Tag ID: HBENGLOB_ATF_INCONTENT --><\/p>\n<div class=\"adunit in-content lazy-load no-init\" data-freestar-ad=\"__300x250\" data-adunit=\"HBENGLOB_ATF_INCONTENT\" data-targeting='{\"HBSiteLoc\":[\"ros\",\"article\"],\"HBSiteCat\":[\"design\",\"bic\",\"seletti\",\"maisonobjet\",\"lightings\",\"mario-paroli\"],\"HBSitePage\":\"0\",\"HBSiteLang\":\"en\",\"country\":\"us\",\"region\":\"naam\",\"subRegion\":\"\",\"HBArticle\":6657370,\"HBBlacklist\":\"0\"}'><\/div>\n<\/p><\/div>\n<\/p><\/div>\n<\/p><\/div>\n<\/p><\/div>\n<\/div>\n<p>Presentada en la feria Maison&amp;Objet 2026 de Par\u00eds, la colecci\u00f3n reproduce fielmente el ic\u00f3nico bol\u00edgrafo BIC Cristal a una escala ampliada de 12:1. El proyecto celebra el 75.\u00ba aniversario del BIC Cristal, rindiendo homenaje a los or\u00edgenes parisinos de la empresa fundada por Marcel Bich.<\/p>\n<p>La BIC Lamp, dise\u00f1ada por Mario Paroli para la marca italiana Seletti, transforma uno de los instrumentos de escritura m\u00e1s reconocibles del mundo en una luminaria sorprendente.<\/p>\n<p>Fabricada con materiales cuidadosamente seleccionados para evocar la apariencia y la sensaci\u00f3n del bol\u00edgrafo, la l\u00e1mpara integra tecnolog\u00eda LED moderna para garantizar una iluminaci\u00f3n eficiente. Su forma alargada y sus detalles transparentes destacan el enfoque l\u00fadico de Seletti hacia un dise\u00f1o impulsado por la memoria, convirtiendo un objeto utilitario en una fuente de luz funcional con resonancia cultural.<\/p>\n<p>La colecci\u00f3n se caracteriza por una sensibilidad pop que reinterpretar la funci\u00f3n cotidiana mediante proporciones poco convencionales. Disponible en los tres colores de tinta ic\u00f3nicos \u2014negro, azul y rojo\u2014, la l\u00e1mpara se ofrece en tres versiones vers\u00e1tiles: de pie, colgante y de pared. Los materiales se eligieron espec\u00edficamente para evocar la est\u00e9tica del bol\u00edgrafo original, y cada pieza est\u00e1 equipada con tecnolog\u00eda LED moderna para iluminar un dise\u00f1o impulsado por la memoria.<\/p>\n<p>Como parte de la instalaci\u00f3n m\u00e1s amplia de Seletti en Maison&amp;Objet, que incluye los conceptos Seletti Papeterie y Seletti Market, la BIC Lamp funciona como un s\u00edmbolo central del experimento creativo de la marca. Para m\u00e1s detalles, visita el sitio web de Seletti.<\/p>\n","protected":false},"excerpt":{"rendered":"<p>La BIC Lamp, dise\u00f1ada por Mario Paroli para la marca italiana Seletti, transforma uno de los instrumentos de escritura m\u00e1s<\/p>\n","protected":false},"author":1,"featured_media":51123,"comment_status":"open","ping_status":"open","sticky":false,"template":"","format":"standard","meta":{"footnotes":""},"categories":[10],"tags":[2062,294,2063,2061,1128,2059,104,2060,2064,826],"class_list":["post-51122","post","type-post","status-publish","format-standard","has-post-thumbnail","hentry","category-tendencias","tag-bic","tag-boligrafo","tag-cristal","tag-iconico","tag-iluminacion","tag-mario","tag-para","tag-paroli","tag-seletti","tag-transforma","generate-columns","tablet-grid-50","mobile-grid-100","grid-parent","grid-50"],"yoast_head":"<!-- This site is optimized with the Yoast SEO plugin v26.1.1 - https:\/\/yoast.com\/wordpress\/plugins\/seo\/ -->\n<title>Mario Paroli transforma el ic\u00f3nico bol\u00edgrafo BIC Cristal en iluminaci\u00f3n para Seletti - diario22.ar<\/title>\n<meta name=\"robots\" content=\"index, follow, max-snippet:-1, max-image-preview:large, max-video-preview:-1\" \/>\n<link rel=\"canonical\" href=\"https:\/\/www.diario22.ar\/notix2\/mario-paroli-transforma-el-iconico-boligrafo-bic-cristal-en-iluminacion-para-seletti\/\" \/>\n<meta property=\"og:locale\" content=\"es_ES\" \/>\n<meta property=\"og:type\" content=\"article\" \/>\n<meta property=\"og:title\" content=\"Mario Paroli transforma el ic\u00f3nico bol\u00edgrafo BIC Cristal en iluminaci\u00f3n para Seletti - diario22.ar\" \/>\n<meta property=\"og:description\" content=\"La BIC Lamp, dise\u00f1ada por Mario Paroli para la marca italiana Seletti, transforma uno de los instrumentos de escritura m\u00e1s\" \/>\n<meta property=\"og:url\" content=\"https:\/\/www.diario22.ar\/notix2\/mario-paroli-transforma-el-iconico-boligrafo-bic-cristal-en-iluminacion-para-seletti\/\" \/>\n<meta property=\"og:site_name\" content=\"diario22.ar\" \/>\n<meta property=\"article:published_time\" content=\"2026-01-25T13:34:59+00:00\" \/>\n<meta property=\"article:modified_time\" content=\"2026-01-25T13:35:00+00:00\" \/>\n<meta property=\"og:image\" content=\"https:\/\/www.diario22.ar\/notix2\/wp-content\/uploads\/2026\/01\/Mario-Paroli-transforma-el-iconico-boligrafo-BIC-Cristal-en-iluminacion.com2Fimage2F20262F012F202Ftw-seletti-mario-paroli-bic-crystal-lamp-mais.jpeg\" \/>\n\t<meta property=\"og:image:width\" content=\"1000\" \/>\n\t<meta property=\"og:image:height\" content=\"500\" \/>\n\t<meta property=\"og:image:type\" content=\"image\/jpeg\" \/>\n<meta name=\"author\" content=\"Camila Torres\" \/>\n<meta name=\"twitter:card\" content=\"summary_large_image\" \/>\n<meta name=\"twitter:label1\" content=\"Escrito por\" \/>\n\t<meta name=\"twitter:data1\" content=\"Camila Torres\" \/>\n\t<meta name=\"twitter:label2\" content=\"Tiempo de lectura\" \/>\n\t<meta name=\"twitter:data2\" content=\"2 minutos\" \/>\n<script type=\"application\/ld+json\" class=\"yoast-schema-graph\">{\"@context\":\"https:\/\/schema.org\",\"@graph\":[{\"@type\":\"Article\",\"@id\":\"https:\/\/www.diario22.ar\/notix2\/mario-paroli-transforma-el-iconico-boligrafo-bic-cristal-en-iluminacion-para-seletti\/#article\",\"isPartOf\":{\"@id\":\"https:\/\/www.diario22.ar\/notix2\/mario-paroli-transforma-el-iconico-boligrafo-bic-cristal-en-iluminacion-para-seletti\/\"},\"author\":{\"name\":\"Camila Torres\",\"@id\":\"https:\/\/www.diario22.ar\/notix2\/#\/schema\/person\/9266f03a2bd6dca79e788e180fb2deeb\"},\"headline\":\"Mario Paroli transforma el ic\u00f3nico bol\u00edgrafo BIC Cristal en iluminaci\u00f3n para Seletti\",\"datePublished\":\"2026-01-25T13:34:59+00:00\",\"dateModified\":\"2026-01-25T13:35:00+00:00\",\"mainEntityOfPage\":{\"@id\":\"https:\/\/www.diario22.ar\/notix2\/mario-paroli-transforma-el-iconico-boligrafo-bic-cristal-en-iluminacion-para-seletti\/\"},\"wordCount\":318,\"commentCount\":0,\"publisher\":{\"@id\":\"https:\/\/www.diario22.ar\/notix2\/#organization\"},\"image\":{\"@id\":\"https:\/\/www.diario22.ar\/notix2\/mario-paroli-transforma-el-iconico-boligrafo-bic-cristal-en-iluminacion-para-seletti\/#primaryimage\"},\"thumbnailUrl\":\"https:\/\/www.diario22.ar\/notix2\/wp-content\/uploads\/2026\/01\/Mario-Paroli-transforma-el-iconico-boligrafo-BIC-Cristal-en-iluminacion.com2Fimage2F20262F012F202Ftw-seletti-mario-paroli-bic-crystal-lamp-mais.jpeg\",\"keywords\":[\"BIC\",\"bol\u00edgrafo\",\"Cristal\",\"ic\u00f3nico\",\"iluminaci\u00f3n\",\"Mario\",\"para\",\"Paroli\",\"Seletti\",\"transforma\"],\"articleSection\":[\"Tendencias\"],\"inLanguage\":\"es-AR\",\"potentialAction\":[{\"@type\":\"CommentAction\",\"name\":\"Comment\",\"target\":[\"https:\/\/www.diario22.ar\/notix2\/mario-paroli-transforma-el-iconico-boligrafo-bic-cristal-en-iluminacion-para-seletti\/#respond\"]}]},{\"@type\":\"WebPage\",\"@id\":\"https:\/\/www.diario22.ar\/notix2\/mario-paroli-transforma-el-iconico-boligrafo-bic-cristal-en-iluminacion-para-seletti\/\",\"url\":\"https:\/\/www.diario22.ar\/notix2\/mario-paroli-transforma-el-iconico-boligrafo-bic-cristal-en-iluminacion-para-seletti\/\",\"name\":\"Mario Paroli transforma el ic\u00f3nico bol\u00edgrafo BIC Cristal en iluminaci\u00f3n para Seletti - diario22.ar\",\"isPartOf\":{\"@id\":\"https:\/\/www.diario22.ar\/notix2\/#website\"},\"primaryImageOfPage\":{\"@id\":\"https:\/\/www.diario22.ar\/notix2\/mario-paroli-transforma-el-iconico-boligrafo-bic-cristal-en-iluminacion-para-seletti\/#primaryimage\"},\"image\":{\"@id\":\"https:\/\/www.diario22.ar\/notix2\/mario-paroli-transforma-el-iconico-boligrafo-bic-cristal-en-iluminacion-para-seletti\/#primaryimage\"},\"thumbnailUrl\":\"https:\/\/www.diario22.ar\/notix2\/wp-content\/uploads\/2026\/01\/Mario-Paroli-transforma-el-iconico-boligrafo-BIC-Cristal-en-iluminacion.com2Fimage2F20262F012F202Ftw-seletti-mario-paroli-bic-crystal-lamp-mais.jpeg\",\"datePublished\":\"2026-01-25T13:34:59+00:00\",\"dateModified\":\"2026-01-25T13:35:00+00:00\",\"breadcrumb\":{\"@id\":\"https:\/\/www.diario22.ar\/notix2\/mario-paroli-transforma-el-iconico-boligrafo-bic-cristal-en-iluminacion-para-seletti\/#breadcrumb\"},\"inLanguage\":\"es-AR\",\"potentialAction\":[{\"@type\":\"ReadAction\",\"target\":[\"https:\/\/www.diario22.ar\/notix2\/mario-paroli-transforma-el-iconico-boligrafo-bic-cristal-en-iluminacion-para-seletti\/\"]}]},{\"@type\":\"ImageObject\",\"inLanguage\":\"es-AR\",\"@id\":\"https:\/\/www.diario22.ar\/notix2\/mario-paroli-transforma-el-iconico-boligrafo-bic-cristal-en-iluminacion-para-seletti\/#primaryimage\",\"url\":\"https:\/\/www.diario22.ar\/notix2\/wp-content\/uploads\/2026\/01\/Mario-Paroli-transforma-el-iconico-boligrafo-BIC-Cristal-en-iluminacion.com2Fimage2F20262F012F202Ftw-seletti-mario-paroli-bic-crystal-lamp-mais.jpeg\",\"contentUrl\":\"https:\/\/www.diario22.ar\/notix2\/wp-content\/uploads\/2026\/01\/Mario-Paroli-transforma-el-iconico-boligrafo-BIC-Cristal-en-iluminacion.com2Fimage2F20262F012F202Ftw-seletti-mario-paroli-bic-crystal-lamp-mais.jpeg\",\"width\":1000,\"height\":500},{\"@type\":\"BreadcrumbList\",\"@id\":\"https:\/\/www.diario22.ar\/notix2\/mario-paroli-transforma-el-iconico-boligrafo-bic-cristal-en-iluminacion-para-seletti\/#breadcrumb\",\"itemListElement\":[{\"@type\":\"ListItem\",\"position\":1,\"name\":\"Home\",\"item\":\"https:\/\/www.diario22.ar\/notix2\/\"},{\"@type\":\"ListItem\",\"position\":2,\"name\":\"Mario Paroli transforma el ic\u00f3nico bol\u00edgrafo BIC Cristal en iluminaci\u00f3n para Seletti\"}]},{\"@type\":\"WebSite\",\"@id\":\"https:\/\/www.diario22.ar\/notix2\/#website\",\"url\":\"https:\/\/www.diario22.ar\/notix2\/\",\"name\":\"diario22.ar\",\"description\":\"Vive hoy &amp; descubre lo que viene\",\"publisher\":{\"@id\":\"https:\/\/www.diario22.ar\/notix2\/#organization\"},\"potentialAction\":[{\"@type\":\"SearchAction\",\"target\":{\"@type\":\"EntryPoint\",\"urlTemplate\":\"https:\/\/www.diario22.ar\/notix2\/?s={search_term_string}\"},\"query-input\":{\"@type\":\"PropertyValueSpecification\",\"valueRequired\":true,\"valueName\":\"search_term_string\"}}],\"inLanguage\":\"es-AR\"},{\"@type\":\"Organization\",\"@id\":\"https:\/\/www.diario22.ar\/notix2\/#organization\",\"name\":\"diario22.ar\",\"url\":\"https:\/\/www.diario22.ar\/notix2\/\",\"logo\":{\"@type\":\"ImageObject\",\"inLanguage\":\"es-AR\",\"@id\":\"https:\/\/www.diario22.ar\/notix2\/#\/schema\/logo\/image\/\",\"url\":\"https:\/\/www.diario22.ar\/notix2\/wp-content\/uploads\/2025\/10\/cropped-Publish-1.png\",\"contentUrl\":\"https:\/\/www.diario22.ar\/notix2\/wp-content\/uploads\/2025\/10\/cropped-Publish-1.png\",\"width\":1560,\"height\":722,\"caption\":\"diario22.ar\"},\"image\":{\"@id\":\"https:\/\/www.diario22.ar\/notix2\/#\/schema\/logo\/image\/\"}},{\"@type\":\"Person\",\"@id\":\"https:\/\/www.diario22.ar\/notix2\/#\/schema\/person\/9266f03a2bd6dca79e788e180fb2deeb\",\"name\":\"Camila Torres\",\"image\":{\"@type\":\"ImageObject\",\"inLanguage\":\"es-AR\",\"@id\":\"https:\/\/www.diario22.ar\/notix2\/#\/schema\/person\/image\/\",\"url\":\"https:\/\/www.diario22.ar\/notix2\/wp-content\/uploads\/2025\/10\/diario22.ar-3-150x150.png\",\"contentUrl\":\"https:\/\/www.diario22.ar\/notix2\/wp-content\/uploads\/2025\/10\/diario22.ar-3-150x150.png\",\"caption\":\"Camila Torres\"},\"description\":\"Soy periodista y redactora en Diario22.ar, apasionada por las historias que conectan la actualidad con la gente. Me form\u00e9 en comunicaci\u00f3n social en Buenos Aires y desde entonces busco darle voz a lo cotidiano, con una mirada curiosa y humana. Creo que el periodismo no solo informa: tambi\u00e9n inspira y transforma.\",\"sameAs\":[\"https:\/\/www.diario22.ar\/notix2\"]}]}<\/script>\n<!-- \/ Yoast SEO plugin. -->","yoast_head_json":{"title":"Mario Paroli transforma el ic\u00f3nico bol\u00edgrafo BIC Cristal en iluminaci\u00f3n para Seletti - diario22.ar","robots":{"index":"index","follow":"follow","max-snippet":"max-snippet:-1","max-image-preview":"max-image-preview:large","max-video-preview":"max-video-preview:-1"},"canonical":"https:\/\/www.diario22.ar\/notix2\/mario-paroli-transforma-el-iconico-boligrafo-bic-cristal-en-iluminacion-para-seletti\/","og_locale":"es_ES","og_type":"article","og_title":"Mario Paroli transforma el ic\u00f3nico bol\u00edgrafo BIC Cristal en iluminaci\u00f3n para Seletti - diario22.ar","og_description":"La BIC Lamp, dise\u00f1ada por Mario Paroli para la marca italiana Seletti, transforma uno de los instrumentos de escritura m\u00e1s","og_url":"https:\/\/www.diario22.ar\/notix2\/mario-paroli-transforma-el-iconico-boligrafo-bic-cristal-en-iluminacion-para-seletti\/","og_site_name":"diario22.ar","article_published_time":"2026-01-25T13:34:59+00:00","article_modified_time":"2026-01-25T13:35:00+00:00","og_image":[{"width":1000,"height":500,"url":"https:\/\/www.diario22.ar\/notix2\/wp-content\/uploads\/2026\/01\/Mario-Paroli-transforma-el-iconico-boligrafo-BIC-Cristal-en-iluminacion.com2Fimage2F20262F012F202Ftw-seletti-mario-paroli-bic-crystal-lamp-mais.jpeg","type":"image\/jpeg"}],"author":"Camila Torres","twitter_card":"summary_large_image","twitter_misc":{"Escrito por":"Camila Torres","Tiempo de lectura":"2 minutos"},"schema":{"@context":"https:\/\/schema.org","@graph":[{"@type":"Article","@id":"https:\/\/www.diario22.ar\/notix2\/mario-paroli-transforma-el-iconico-boligrafo-bic-cristal-en-iluminacion-para-seletti\/#article","isPartOf":{"@id":"https:\/\/www.diario22.ar\/notix2\/mario-paroli-transforma-el-iconico-boligrafo-bic-cristal-en-iluminacion-para-seletti\/"},"author":{"name":"Camila Torres","@id":"https:\/\/www.diario22.ar\/notix2\/#\/schema\/person\/9266f03a2bd6dca79e788e180fb2deeb"},"headline":"Mario Paroli transforma el ic\u00f3nico bol\u00edgrafo BIC Cristal en iluminaci\u00f3n para Seletti","datePublished":"2026-01-25T13:34:59+00:00","dateModified":"2026-01-25T13:35:00+00:00","mainEntityOfPage":{"@id":"https:\/\/www.diario22.ar\/notix2\/mario-paroli-transforma-el-iconico-boligrafo-bic-cristal-en-iluminacion-para-seletti\/"},"wordCount":318,"commentCount":0,"publisher":{"@id":"https:\/\/www.diario22.ar\/notix2\/#organization"},"image":{"@id":"https:\/\/www.diario22.ar\/notix2\/mario-paroli-transforma-el-iconico-boligrafo-bic-cristal-en-iluminacion-para-seletti\/#primaryimage"},"thumbnailUrl":"https:\/\/www.diario22.ar\/notix2\/wp-content\/uploads\/2026\/01\/Mario-Paroli-transforma-el-iconico-boligrafo-BIC-Cristal-en-iluminacion.com2Fimage2F20262F012F202Ftw-seletti-mario-paroli-bic-crystal-lamp-mais.jpeg","keywords":["BIC","bol\u00edgrafo","Cristal","ic\u00f3nico","iluminaci\u00f3n","Mario","para","Paroli","Seletti","transforma"],"articleSection":["Tendencias"],"inLanguage":"es-AR","potentialAction":[{"@type":"CommentAction","name":"Comment","target":["https:\/\/www.diario22.ar\/notix2\/mario-paroli-transforma-el-iconico-boligrafo-bic-cristal-en-iluminacion-para-seletti\/#respond"]}]},{"@type":"WebPage","@id":"https:\/\/www.diario22.ar\/notix2\/mario-paroli-transforma-el-iconico-boligrafo-bic-cristal-en-iluminacion-para-seletti\/","url":"https:\/\/www.diario22.ar\/notix2\/mario-paroli-transforma-el-iconico-boligrafo-bic-cristal-en-iluminacion-para-seletti\/","name":"Mario Paroli transforma el ic\u00f3nico bol\u00edgrafo BIC Cristal en iluminaci\u00f3n para Seletti - diario22.ar","isPartOf":{"@id":"https:\/\/www.diario22.ar\/notix2\/#website"},"primaryImageOfPage":{"@id":"https:\/\/www.diario22.ar\/notix2\/mario-paroli-transforma-el-iconico-boligrafo-bic-cristal-en-iluminacion-para-seletti\/#primaryimage"},"image":{"@id":"https:\/\/www.diario22.ar\/notix2\/mario-paroli-transforma-el-iconico-boligrafo-bic-cristal-en-iluminacion-para-seletti\/#primaryimage"},"thumbnailUrl":"https:\/\/www.diario22.ar\/notix2\/wp-content\/uploads\/2026\/01\/Mario-Paroli-transforma-el-iconico-boligrafo-BIC-Cristal-en-iluminacion.com2Fimage2F20262F012F202Ftw-seletti-mario-paroli-bic-crystal-lamp-mais.jpeg","datePublished":"2026-01-25T13:34:59+00:00","dateModified":"2026-01-25T13:35:00+00:00","breadcrumb":{"@id":"https:\/\/www.diario22.ar\/notix2\/mario-paroli-transforma-el-iconico-boligrafo-bic-cristal-en-iluminacion-para-seletti\/#breadcrumb"},"inLanguage":"es-AR","potentialAction":[{"@type":"ReadAction","target":["https:\/\/www.diario22.ar\/notix2\/mario-paroli-transforma-el-iconico-boligrafo-bic-cristal-en-iluminacion-para-seletti\/"]}]},{"@type":"ImageObject","inLanguage":"es-AR","@id":"https:\/\/www.diario22.ar\/notix2\/mario-paroli-transforma-el-iconico-boligrafo-bic-cristal-en-iluminacion-para-seletti\/#primaryimage","url":"https:\/\/www.diario22.ar\/notix2\/wp-content\/uploads\/2026\/01\/Mario-Paroli-transforma-el-iconico-boligrafo-BIC-Cristal-en-iluminacion.com2Fimage2F20262F012F202Ftw-seletti-mario-paroli-bic-crystal-lamp-mais.jpeg","contentUrl":"https:\/\/www.diario22.ar\/notix2\/wp-content\/uploads\/2026\/01\/Mario-Paroli-transforma-el-iconico-boligrafo-BIC-Cristal-en-iluminacion.com2Fimage2F20262F012F202Ftw-seletti-mario-paroli-bic-crystal-lamp-mais.jpeg","width":1000,"height":500},{"@type":"BreadcrumbList","@id":"https:\/\/www.diario22.ar\/notix2\/mario-paroli-transforma-el-iconico-boligrafo-bic-cristal-en-iluminacion-para-seletti\/#breadcrumb","itemListElement":[{"@type":"ListItem","position":1,"name":"Home","item":"https:\/\/www.diario22.ar\/notix2\/"},{"@type":"ListItem","position":2,"name":"Mario Paroli transforma el ic\u00f3nico bol\u00edgrafo BIC Cristal en iluminaci\u00f3n para Seletti"}]},{"@type":"WebSite","@id":"https:\/\/www.diario22.ar\/notix2\/#website","url":"https:\/\/www.diario22.ar\/notix2\/","name":"diario22.ar","description":"Vive hoy &amp; descubre lo que viene","publisher":{"@id":"https:\/\/www.diario22.ar\/notix2\/#organization"},"potentialAction":[{"@type":"SearchAction","target":{"@type":"EntryPoint","urlTemplate":"https:\/\/www.diario22.ar\/notix2\/?s={search_term_string}"},"query-input":{"@type":"PropertyValueSpecification","valueRequired":true,"valueName":"search_term_string"}}],"inLanguage":"es-AR"},{"@type":"Organization","@id":"https:\/\/www.diario22.ar\/notix2\/#organization","name":"diario22.ar","url":"https:\/\/www.diario22.ar\/notix2\/","logo":{"@type":"ImageObject","inLanguage":"es-AR","@id":"https:\/\/www.diario22.ar\/notix2\/#\/schema\/logo\/image\/","url":"https:\/\/www.diario22.ar\/notix2\/wp-content\/uploads\/2025\/10\/cropped-Publish-1.png","contentUrl":"https:\/\/www.diario22.ar\/notix2\/wp-content\/uploads\/2025\/10\/cropped-Publish-1.png","width":1560,"height":722,"caption":"diario22.ar"},"image":{"@id":"https:\/\/www.diario22.ar\/notix2\/#\/schema\/logo\/image\/"}},{"@type":"Person","@id":"https:\/\/www.diario22.ar\/notix2\/#\/schema\/person\/9266f03a2bd6dca79e788e180fb2deeb","name":"Camila Torres","image":{"@type":"ImageObject","inLanguage":"es-AR","@id":"https:\/\/www.diario22.ar\/notix2\/#\/schema\/person\/image\/","url":"https:\/\/www.diario22.ar\/notix2\/wp-content\/uploads\/2025\/10\/diario22.ar-3-150x150.png","contentUrl":"https:\/\/www.diario22.ar\/notix2\/wp-content\/uploads\/2025\/10\/diario22.ar-3-150x150.png","caption":"Camila Torres"},"description":"Soy periodista y redactora en Diario22.ar, apasionada por las historias que conectan la actualidad con la gente. Me form\u00e9 en comunicaci\u00f3n social en Buenos Aires y desde entonces busco darle voz a lo cotidiano, con una mirada curiosa y humana. Creo que el periodismo no solo informa: tambi\u00e9n inspira y transforma.","sameAs":["https:\/\/www.diario22.ar\/notix2"]}]}},"_links":{"self":[{"href":"https:\/\/www.diario22.ar\/notix2\/wp-json\/wp\/v2\/posts\/51122","targetHints":{"allow":["GET"]}}],"collection":[{"href":"https:\/\/www.diario22.ar\/notix2\/wp-json\/wp\/v2\/posts"}],"about":[{"href":"https:\/\/www.diario22.ar\/notix2\/wp-json\/wp\/v2\/types\/post"}],"author":[{"embeddable":true,"href":"https:\/\/www.diario22.ar\/notix2\/wp-json\/wp\/v2\/users\/1"}],"replies":[{"embeddable":true,"href":"https:\/\/www.diario22.ar\/notix2\/wp-json\/wp\/v2\/comments?post=51122"}],"version-history":[{"count":1,"href":"https:\/\/www.diario22.ar\/notix2\/wp-json\/wp\/v2\/posts\/51122\/revisions"}],"predecessor-version":[{"id":51124,"href":"https:\/\/www.diario22.ar\/notix2\/wp-json\/wp\/v2\/posts\/51122\/revisions\/51124"}],"wp:featuredmedia":[{"embeddable":true,"href":"https:\/\/www.diario22.ar\/notix2\/wp-json\/wp\/v2\/media\/51123"}],"wp:attachment":[{"href":"https:\/\/www.diario22.ar\/notix2\/wp-json\/wp\/v2\/media?parent=51122"}],"wp:term":[{"taxonomy":"category","embeddable":true,"href":"https:\/\/www.diario22.ar\/notix2\/wp-json\/wp\/v2\/categories?post=51122"},{"taxonomy":"post_tag","embeddable":true,"href":"https:\/\/www.diario22.ar\/notix2\/wp-json\/wp\/v2\/tags?post=51122"}],"curies":[{"name":"wp","href":"https:\/\/api.w.org\/{rel}","templated":true}]}}