{"id":51110,"date":"2026-01-24T09:35:18","date_gmt":"2026-01-24T12:35:18","guid":{"rendered":"https:\/\/www.diario22.ar\/notix2\/brompton-presenta-la-electric-t-line-su-e-bike-plegable-mas-ligera-de-la-historia\/"},"modified":"2026-01-24T09:35:19","modified_gmt":"2026-01-24T12:35:19","slug":"brompton-presenta-la-electric-t-line-su-e-bike-plegable-mas-ligera-de-la-historia","status":"publish","type":"post","link":"https:\/\/www.diario22.ar\/notix2\/brompton-presenta-la-electric-t-line-su-e-bike-plegable-mas-ligera-de-la-historia\/","title":{"rendered":"Brompton Presenta la &#8216;Electric T Line&#8217;, su e-bike plegable m\u00e1s ligera de la historia"},"content":{"rendered":"<p class=\"p3\">Brompton ha presentado la pr\u00f3xima generaci\u00f3n de su gama Brompton Electric y ha lanzado su bicicleta el\u00e9ctrica plegable m\u00e1s ligera de la historia: la \u00abElectric T Line\u00bb.<\/p>\n<p class=\"p3\">La nueva Electric T Line incorpora un cuadro de titanio ligero y extremadamente resistente, que marca la primera vez que la marca brit\u00e1nica electrifica su l\u00ednea de titanio, y solo pesa 31 libras (aprox. 14 kg) con la bater\u00eda, o alrededor de 24 libras (\u2248 11 kg) sin ella; para referencia, esto la sit\u00faa m\u00e1s cerca del peso de una bicicleta de uso diario convencional que de la mayor\u00eda de los modelos el\u00e9ctricos, mientras sigue ofreciendo soporte motorizado para la movilidad diaria en la ciudad.<\/p>\n<div>\n<div class=\"inner-container\">\n<div class=\"inner-content\">\n<div class=\"adunit-wrapper\">\n<div class=\"in-content-ad-outer\">\n<p><!-- Tag ID: HBENGLOB_ATF_INCONTENT --><\/p>\n<div class=\"adunit in-content lazy-load no-init\" data-freestar-ad=\"__300x250\" data-adunit=\"HBENGLOB_ATF_INCONTENT\" data-targeting='{\"HBSiteLoc\":[\"ros\",\"article\"],\"HBSiteCat\":[\"design\",\"bikes\",\"brompton\",\"e-bike\"],\"HBSitePage\":\"0\",\"HBSiteLang\":\"en\",\"country\":\"us\",\"region\":\"naam\",\"subRegion\":\"\",\"HBArticle\":6657553,\"HBBlacklist\":\"1\"}'><\/div>\n<\/p><\/div>\n<\/p><\/div>\n<\/p><\/div>\n<\/p><\/div>\n<\/div>\n<p class=\"p3\">Construida a mano en Londres, la nueva gama est\u00e1 impulsada por el sistema propietario e-Motiq de la marca y est\u00e1 dise\u00f1ada para hacer que la conducci\u00f3n el\u00e9ctrica se sienta m\u00e1s ligera, m\u00e1s inteligente y m\u00e1s intuitiva; y, por primera vez para usuarios el\u00e9ctricos, como una evoluci\u00f3n natural desde el ciclismo accionado por pedales. Junto a la reci\u00e9n anunciada Electric T Line, Brompton tambi\u00e9n est\u00e1 llevando el sistema e-Motiq a sus modelos C Line y P Line, impulsados por una fuerte acogida de la G Line Electric de ruedas m\u00e1s grandes lanzada el a\u00f1o pasado.\n<\/p>\n<p class=\"p3\">En su n\u00facleo, el sistema e-Motiq se basa en un motor en el buje trasero, un sensor de par y una bater\u00eda extra\u00edble que trabajan juntos para amplificar el pedaleo del ciclista en lugar de reemplazarlo. La idea es que cuanto m\u00e1s pedaleas, m\u00e1s apoyo recibes; as\u00ed, si subes cuestas, enfrentas vientos en contra y tr\u00e1fico con paradas y arranques, todo resultar\u00e1 notablemente m\u00e1s f\u00e1cil, manteniendo la experiencia de conducir la bicicleta.\n<\/p>\n<p class=\"p3\">La Electric T Line presenta un motor en buje trasero de 250 W y una bater\u00eda extra\u00edble de 345 Wh, que ofrece hasta 90 kil\u00f3metros de autonom\u00eda (aprox. 56 millas) con una carga completa. Tambi\u00e9n introduce un par de modos nuevos: Start Assist, que proporciona un impulso de potencia al partir desde los cruces, y Walk Assist, que suministra a la bicicleta la potencia justa para moverse a hasta 6 km\/h cuando se camina empuj\u00e1ndola, una funci\u00f3n que podr\u00eda ser \u00fatil al subir cuestas empinadas, por ejemplo.\n<\/p>\n<p class=\"p3\">Tambi\u00e9n cuenta con un nuevo control montado en el manillar que muestra datos de conducci\u00f3n en tiempo real y se integra con la Brompton Electric App (disponible para iOS y Android) y puede rastrear la autonom\u00eda, adaptar los niveles de asistencia con el tiempo y recibir actualizaciones por aire. Curiosamente, despu\u00e9s de las primeras 100 kil\u00f3metros de uso, el sistema empieza a adaptar las predicciones a los h\u00e1bitos de conducci\u00f3n individuales, proporcionando una lectura m\u00e1s exacta de la vida de la bater\u00eda d\u00eda a d\u00eda.\n<\/p>\n<p class=\"p3\">A pesar de la tecnolog\u00eda a\u00f1adida, la \u00faltima bicicleta de Brompton no ha sacrificado lo que la marca es m\u00e1s conocida: la portabilidad. La Electric T Line, al igual que toda la gama el\u00e9ctrica de la marca, se pliega en menos de 20 segundos, convirti\u00e9ndose en un paquete compacto dise\u00f1ado para desplazamientos multimodales y para vivir en espacios reducidos.\n<\/p>\n<p class=\"p3\">La Brompton Electric T Line ya est\u00e1 disponible en el Reino Unido a trav\u00e9s del sitio web de la marca, con un precio de salida de 5.799 libras esterlinas. Su lanzamiento en Estados Unidos est\u00e1 previsto para el 27 de enero; permanece atento a Hypebeast para las \u00faltimas noticias de disponibilidad.<\/p>\n","protected":false},"excerpt":{"rendered":"<p>Brompton ha presentado la pr\u00f3xima generaci\u00f3n de su gama Brompton Electric y ha lanzado su bicicleta el\u00e9ctrica plegable m\u00e1s ligera<\/p>\n","protected":false},"author":1,"featured_media":51111,"comment_status":"open","ping_status":"open","sticky":false,"template":"","format":"standard","meta":{"footnotes":""},"categories":[10],"tags":[2043,2046,2044,52,2048,2045,79,2047,123],"class_list":["post-51110","post","type-post","status-publish","format-standard","has-post-thumbnail","hentry","category-tendencias","tag-brompton","tag-ebike","tag-electric","tag-historia","tag-ligera","tag-line","tag-mas","tag-plegable","tag-presenta","generate-columns","tablet-grid-50","mobile-grid-100","grid-parent","grid-50"],"yoast_head":"<!-- This site is optimized with the Yoast SEO plugin v26.1.1 - https:\/\/yoast.com\/wordpress\/plugins\/seo\/ -->\n<title>Brompton Presenta la &#039;Electric T Line&#039;, su e-bike plegable m\u00e1s ligera de la historia - diario22.ar<\/title>\n<meta name=\"robots\" content=\"index, follow, max-snippet:-1, max-image-preview:large, max-video-preview:-1\" \/>\n<link rel=\"canonical\" href=\"https:\/\/www.diario22.ar\/notix2\/brompton-presenta-la-electric-t-line-su-e-bike-plegable-mas-ligera-de-la-historia\/\" \/>\n<meta property=\"og:locale\" content=\"es_ES\" \/>\n<meta property=\"og:type\" content=\"article\" \/>\n<meta property=\"og:title\" content=\"Brompton Presenta la &#039;Electric T Line&#039;, su e-bike plegable m\u00e1s ligera de la historia - diario22.ar\" \/>\n<meta property=\"og:description\" content=\"Brompton ha presentado la pr\u00f3xima generaci\u00f3n de su gama Brompton Electric y ha lanzado su bicicleta el\u00e9ctrica plegable m\u00e1s ligera\" \/>\n<meta property=\"og:url\" content=\"https:\/\/www.diario22.ar\/notix2\/brompton-presenta-la-electric-t-line-su-e-bike-plegable-mas-ligera-de-la-historia\/\" \/>\n<meta property=\"og:site_name\" content=\"diario22.ar\" \/>\n<meta property=\"article:published_time\" content=\"2026-01-24T12:35:18+00:00\" \/>\n<meta property=\"article:modified_time\" content=\"2026-01-24T12:35:19+00:00\" \/>\n<meta property=\"og:image\" content=\"https:\/\/www.diario22.ar\/notix2\/wp-content\/uploads\/2026\/01\/Brompton-Presenta-la-Electric-T-Line-su-e-bike-plegable-mas.com2Fimage2F20262F012F202Fbrompton-unveils-electric-t-line-lightest-eve.jpeg\" \/>\n\t<meta property=\"og:image:width\" content=\"1024\" \/>\n\t<meta property=\"og:image:height\" content=\"512\" \/>\n\t<meta property=\"og:image:type\" content=\"image\/jpeg\" \/>\n<meta name=\"author\" content=\"Camila Torres\" \/>\n<meta name=\"twitter:card\" content=\"summary_large_image\" \/>\n<meta name=\"twitter:label1\" content=\"Escrito por\" \/>\n\t<meta name=\"twitter:data1\" content=\"Camila Torres\" \/>\n\t<meta name=\"twitter:label2\" content=\"Tiempo de lectura\" \/>\n\t<meta name=\"twitter:data2\" content=\"3 minutos\" \/>\n<script type=\"application\/ld+json\" class=\"yoast-schema-graph\">{\"@context\":\"https:\/\/schema.org\",\"@graph\":[{\"@type\":\"Article\",\"@id\":\"https:\/\/www.diario22.ar\/notix2\/brompton-presenta-la-electric-t-line-su-e-bike-plegable-mas-ligera-de-la-historia\/#article\",\"isPartOf\":{\"@id\":\"https:\/\/www.diario22.ar\/notix2\/brompton-presenta-la-electric-t-line-su-e-bike-plegable-mas-ligera-de-la-historia\/\"},\"author\":{\"name\":\"Camila Torres\",\"@id\":\"https:\/\/www.diario22.ar\/notix2\/#\/schema\/person\/9266f03a2bd6dca79e788e180fb2deeb\"},\"headline\":\"Brompton Presenta la &#8216;Electric T Line&#8217;, su e-bike plegable m\u00e1s ligera de la historia\",\"datePublished\":\"2026-01-24T12:35:18+00:00\",\"dateModified\":\"2026-01-24T12:35:19+00:00\",\"mainEntityOfPage\":{\"@id\":\"https:\/\/www.diario22.ar\/notix2\/brompton-presenta-la-electric-t-line-su-e-bike-plegable-mas-ligera-de-la-historia\/\"},\"wordCount\":619,\"commentCount\":0,\"publisher\":{\"@id\":\"https:\/\/www.diario22.ar\/notix2\/#organization\"},\"image\":{\"@id\":\"https:\/\/www.diario22.ar\/notix2\/brompton-presenta-la-electric-t-line-su-e-bike-plegable-mas-ligera-de-la-historia\/#primaryimage\"},\"thumbnailUrl\":\"https:\/\/www.diario22.ar\/notix2\/wp-content\/uploads\/2026\/01\/Brompton-Presenta-la-Electric-T-Line-su-e-bike-plegable-mas.com2Fimage2F20262F012F202Fbrompton-unveils-electric-t-line-lightest-eve.jpeg\",\"keywords\":[\"Brompton\",\"ebike\",\"Electric\",\"historia\",\"ligera\",\"Line\",\"m\u00e1s\",\"plegable\",\"Presenta\"],\"articleSection\":[\"Tendencias\"],\"inLanguage\":\"es-AR\",\"potentialAction\":[{\"@type\":\"CommentAction\",\"name\":\"Comment\",\"target\":[\"https:\/\/www.diario22.ar\/notix2\/brompton-presenta-la-electric-t-line-su-e-bike-plegable-mas-ligera-de-la-historia\/#respond\"]}]},{\"@type\":\"WebPage\",\"@id\":\"https:\/\/www.diario22.ar\/notix2\/brompton-presenta-la-electric-t-line-su-e-bike-plegable-mas-ligera-de-la-historia\/\",\"url\":\"https:\/\/www.diario22.ar\/notix2\/brompton-presenta-la-electric-t-line-su-e-bike-plegable-mas-ligera-de-la-historia\/\",\"name\":\"Brompton Presenta la 'Electric T Line', su e-bike plegable m\u00e1s ligera de la historia - diario22.ar\",\"isPartOf\":{\"@id\":\"https:\/\/www.diario22.ar\/notix2\/#website\"},\"primaryImageOfPage\":{\"@id\":\"https:\/\/www.diario22.ar\/notix2\/brompton-presenta-la-electric-t-line-su-e-bike-plegable-mas-ligera-de-la-historia\/#primaryimage\"},\"image\":{\"@id\":\"https:\/\/www.diario22.ar\/notix2\/brompton-presenta-la-electric-t-line-su-e-bike-plegable-mas-ligera-de-la-historia\/#primaryimage\"},\"thumbnailUrl\":\"https:\/\/www.diario22.ar\/notix2\/wp-content\/uploads\/2026\/01\/Brompton-Presenta-la-Electric-T-Line-su-e-bike-plegable-mas.com2Fimage2F20262F012F202Fbrompton-unveils-electric-t-line-lightest-eve.jpeg\",\"datePublished\":\"2026-01-24T12:35:18+00:00\",\"dateModified\":\"2026-01-24T12:35:19+00:00\",\"breadcrumb\":{\"@id\":\"https:\/\/www.diario22.ar\/notix2\/brompton-presenta-la-electric-t-line-su-e-bike-plegable-mas-ligera-de-la-historia\/#breadcrumb\"},\"inLanguage\":\"es-AR\",\"potentialAction\":[{\"@type\":\"ReadAction\",\"target\":[\"https:\/\/www.diario22.ar\/notix2\/brompton-presenta-la-electric-t-line-su-e-bike-plegable-mas-ligera-de-la-historia\/\"]}]},{\"@type\":\"ImageObject\",\"inLanguage\":\"es-AR\",\"@id\":\"https:\/\/www.diario22.ar\/notix2\/brompton-presenta-la-electric-t-line-su-e-bike-plegable-mas-ligera-de-la-historia\/#primaryimage\",\"url\":\"https:\/\/www.diario22.ar\/notix2\/wp-content\/uploads\/2026\/01\/Brompton-Presenta-la-Electric-T-Line-su-e-bike-plegable-mas.com2Fimage2F20262F012F202Fbrompton-unveils-electric-t-line-lightest-eve.jpeg\",\"contentUrl\":\"https:\/\/www.diario22.ar\/notix2\/wp-content\/uploads\/2026\/01\/Brompton-Presenta-la-Electric-T-Line-su-e-bike-plegable-mas.com2Fimage2F20262F012F202Fbrompton-unveils-electric-t-line-lightest-eve.jpeg\",\"width\":1024,\"height\":512},{\"@type\":\"BreadcrumbList\",\"@id\":\"https:\/\/www.diario22.ar\/notix2\/brompton-presenta-la-electric-t-line-su-e-bike-plegable-mas-ligera-de-la-historia\/#breadcrumb\",\"itemListElement\":[{\"@type\":\"ListItem\",\"position\":1,\"name\":\"Home\",\"item\":\"https:\/\/www.diario22.ar\/notix2\/\"},{\"@type\":\"ListItem\",\"position\":2,\"name\":\"Brompton Presenta la &#8216;Electric T Line&#8217;, su e-bike plegable m\u00e1s ligera de la historia\"}]},{\"@type\":\"WebSite\",\"@id\":\"https:\/\/www.diario22.ar\/notix2\/#website\",\"url\":\"https:\/\/www.diario22.ar\/notix2\/\",\"name\":\"diario22.ar\",\"description\":\"Vive hoy &amp; descubre lo que viene\",\"publisher\":{\"@id\":\"https:\/\/www.diario22.ar\/notix2\/#organization\"},\"potentialAction\":[{\"@type\":\"SearchAction\",\"target\":{\"@type\":\"EntryPoint\",\"urlTemplate\":\"https:\/\/www.diario22.ar\/notix2\/?s={search_term_string}\"},\"query-input\":{\"@type\":\"PropertyValueSpecification\",\"valueRequired\":true,\"valueName\":\"search_term_string\"}}],\"inLanguage\":\"es-AR\"},{\"@type\":\"Organization\",\"@id\":\"https:\/\/www.diario22.ar\/notix2\/#organization\",\"name\":\"diario22.ar\",\"url\":\"https:\/\/www.diario22.ar\/notix2\/\",\"logo\":{\"@type\":\"ImageObject\",\"inLanguage\":\"es-AR\",\"@id\":\"https:\/\/www.diario22.ar\/notix2\/#\/schema\/logo\/image\/\",\"url\":\"https:\/\/www.diario22.ar\/notix2\/wp-content\/uploads\/2025\/10\/cropped-Publish-1.png\",\"contentUrl\":\"https:\/\/www.diario22.ar\/notix2\/wp-content\/uploads\/2025\/10\/cropped-Publish-1.png\",\"width\":1560,\"height\":722,\"caption\":\"diario22.ar\"},\"image\":{\"@id\":\"https:\/\/www.diario22.ar\/notix2\/#\/schema\/logo\/image\/\"}},{\"@type\":\"Person\",\"@id\":\"https:\/\/www.diario22.ar\/notix2\/#\/schema\/person\/9266f03a2bd6dca79e788e180fb2deeb\",\"name\":\"Camila Torres\",\"image\":{\"@type\":\"ImageObject\",\"inLanguage\":\"es-AR\",\"@id\":\"https:\/\/www.diario22.ar\/notix2\/#\/schema\/person\/image\/\",\"url\":\"https:\/\/www.diario22.ar\/notix2\/wp-content\/uploads\/2025\/10\/diario22.ar-3-150x150.png\",\"contentUrl\":\"https:\/\/www.diario22.ar\/notix2\/wp-content\/uploads\/2025\/10\/diario22.ar-3-150x150.png\",\"caption\":\"Camila Torres\"},\"description\":\"Soy periodista y redactora en Diario22.ar, apasionada por las historias que conectan la actualidad con la gente. Me form\u00e9 en comunicaci\u00f3n social en Buenos Aires y desde entonces busco darle voz a lo cotidiano, con una mirada curiosa y humana. Creo que el periodismo no solo informa: tambi\u00e9n inspira y transforma.\",\"sameAs\":[\"https:\/\/www.diario22.ar\/notix2\"]}]}<\/script>\n<!-- \/ Yoast SEO plugin. -->","yoast_head_json":{"title":"Brompton Presenta la 'Electric T Line', su e-bike plegable m\u00e1s ligera de la historia - diario22.ar","robots":{"index":"index","follow":"follow","max-snippet":"max-snippet:-1","max-image-preview":"max-image-preview:large","max-video-preview":"max-video-preview:-1"},"canonical":"https:\/\/www.diario22.ar\/notix2\/brompton-presenta-la-electric-t-line-su-e-bike-plegable-mas-ligera-de-la-historia\/","og_locale":"es_ES","og_type":"article","og_title":"Brompton Presenta la 'Electric T Line', su e-bike plegable m\u00e1s ligera de la historia - diario22.ar","og_description":"Brompton ha presentado la pr\u00f3xima generaci\u00f3n de su gama Brompton Electric y ha lanzado su bicicleta el\u00e9ctrica plegable m\u00e1s ligera","og_url":"https:\/\/www.diario22.ar\/notix2\/brompton-presenta-la-electric-t-line-su-e-bike-plegable-mas-ligera-de-la-historia\/","og_site_name":"diario22.ar","article_published_time":"2026-01-24T12:35:18+00:00","article_modified_time":"2026-01-24T12:35:19+00:00","og_image":[{"width":1024,"height":512,"url":"https:\/\/www.diario22.ar\/notix2\/wp-content\/uploads\/2026\/01\/Brompton-Presenta-la-Electric-T-Line-su-e-bike-plegable-mas.com2Fimage2F20262F012F202Fbrompton-unveils-electric-t-line-lightest-eve.jpeg","type":"image\/jpeg"}],"author":"Camila Torres","twitter_card":"summary_large_image","twitter_misc":{"Escrito por":"Camila Torres","Tiempo de lectura":"3 minutos"},"schema":{"@context":"https:\/\/schema.org","@graph":[{"@type":"Article","@id":"https:\/\/www.diario22.ar\/notix2\/brompton-presenta-la-electric-t-line-su-e-bike-plegable-mas-ligera-de-la-historia\/#article","isPartOf":{"@id":"https:\/\/www.diario22.ar\/notix2\/brompton-presenta-la-electric-t-line-su-e-bike-plegable-mas-ligera-de-la-historia\/"},"author":{"name":"Camila Torres","@id":"https:\/\/www.diario22.ar\/notix2\/#\/schema\/person\/9266f03a2bd6dca79e788e180fb2deeb"},"headline":"Brompton Presenta la &#8216;Electric T Line&#8217;, su e-bike plegable m\u00e1s ligera de la historia","datePublished":"2026-01-24T12:35:18+00:00","dateModified":"2026-01-24T12:35:19+00:00","mainEntityOfPage":{"@id":"https:\/\/www.diario22.ar\/notix2\/brompton-presenta-la-electric-t-line-su-e-bike-plegable-mas-ligera-de-la-historia\/"},"wordCount":619,"commentCount":0,"publisher":{"@id":"https:\/\/www.diario22.ar\/notix2\/#organization"},"image":{"@id":"https:\/\/www.diario22.ar\/notix2\/brompton-presenta-la-electric-t-line-su-e-bike-plegable-mas-ligera-de-la-historia\/#primaryimage"},"thumbnailUrl":"https:\/\/www.diario22.ar\/notix2\/wp-content\/uploads\/2026\/01\/Brompton-Presenta-la-Electric-T-Line-su-e-bike-plegable-mas.com2Fimage2F20262F012F202Fbrompton-unveils-electric-t-line-lightest-eve.jpeg","keywords":["Brompton","ebike","Electric","historia","ligera","Line","m\u00e1s","plegable","Presenta"],"articleSection":["Tendencias"],"inLanguage":"es-AR","potentialAction":[{"@type":"CommentAction","name":"Comment","target":["https:\/\/www.diario22.ar\/notix2\/brompton-presenta-la-electric-t-line-su-e-bike-plegable-mas-ligera-de-la-historia\/#respond"]}]},{"@type":"WebPage","@id":"https:\/\/www.diario22.ar\/notix2\/brompton-presenta-la-electric-t-line-su-e-bike-plegable-mas-ligera-de-la-historia\/","url":"https:\/\/www.diario22.ar\/notix2\/brompton-presenta-la-electric-t-line-su-e-bike-plegable-mas-ligera-de-la-historia\/","name":"Brompton Presenta la 'Electric T Line', su e-bike plegable m\u00e1s ligera de la historia - diario22.ar","isPartOf":{"@id":"https:\/\/www.diario22.ar\/notix2\/#website"},"primaryImageOfPage":{"@id":"https:\/\/www.diario22.ar\/notix2\/brompton-presenta-la-electric-t-line-su-e-bike-plegable-mas-ligera-de-la-historia\/#primaryimage"},"image":{"@id":"https:\/\/www.diario22.ar\/notix2\/brompton-presenta-la-electric-t-line-su-e-bike-plegable-mas-ligera-de-la-historia\/#primaryimage"},"thumbnailUrl":"https:\/\/www.diario22.ar\/notix2\/wp-content\/uploads\/2026\/01\/Brompton-Presenta-la-Electric-T-Line-su-e-bike-plegable-mas.com2Fimage2F20262F012F202Fbrompton-unveils-electric-t-line-lightest-eve.jpeg","datePublished":"2026-01-24T12:35:18+00:00","dateModified":"2026-01-24T12:35:19+00:00","breadcrumb":{"@id":"https:\/\/www.diario22.ar\/notix2\/brompton-presenta-la-electric-t-line-su-e-bike-plegable-mas-ligera-de-la-historia\/#breadcrumb"},"inLanguage":"es-AR","potentialAction":[{"@type":"ReadAction","target":["https:\/\/www.diario22.ar\/notix2\/brompton-presenta-la-electric-t-line-su-e-bike-plegable-mas-ligera-de-la-historia\/"]}]},{"@type":"ImageObject","inLanguage":"es-AR","@id":"https:\/\/www.diario22.ar\/notix2\/brompton-presenta-la-electric-t-line-su-e-bike-plegable-mas-ligera-de-la-historia\/#primaryimage","url":"https:\/\/www.diario22.ar\/notix2\/wp-content\/uploads\/2026\/01\/Brompton-Presenta-la-Electric-T-Line-su-e-bike-plegable-mas.com2Fimage2F20262F012F202Fbrompton-unveils-electric-t-line-lightest-eve.jpeg","contentUrl":"https:\/\/www.diario22.ar\/notix2\/wp-content\/uploads\/2026\/01\/Brompton-Presenta-la-Electric-T-Line-su-e-bike-plegable-mas.com2Fimage2F20262F012F202Fbrompton-unveils-electric-t-line-lightest-eve.jpeg","width":1024,"height":512},{"@type":"BreadcrumbList","@id":"https:\/\/www.diario22.ar\/notix2\/brompton-presenta-la-electric-t-line-su-e-bike-plegable-mas-ligera-de-la-historia\/#breadcrumb","itemListElement":[{"@type":"ListItem","position":1,"name":"Home","item":"https:\/\/www.diario22.ar\/notix2\/"},{"@type":"ListItem","position":2,"name":"Brompton Presenta la &#8216;Electric T Line&#8217;, su e-bike plegable m\u00e1s ligera de la historia"}]},{"@type":"WebSite","@id":"https:\/\/www.diario22.ar\/notix2\/#website","url":"https:\/\/www.diario22.ar\/notix2\/","name":"diario22.ar","description":"Vive hoy &amp; descubre lo que viene","publisher":{"@id":"https:\/\/www.diario22.ar\/notix2\/#organization"},"potentialAction":[{"@type":"SearchAction","target":{"@type":"EntryPoint","urlTemplate":"https:\/\/www.diario22.ar\/notix2\/?s={search_term_string}"},"query-input":{"@type":"PropertyValueSpecification","valueRequired":true,"valueName":"search_term_string"}}],"inLanguage":"es-AR"},{"@type":"Organization","@id":"https:\/\/www.diario22.ar\/notix2\/#organization","name":"diario22.ar","url":"https:\/\/www.diario22.ar\/notix2\/","logo":{"@type":"ImageObject","inLanguage":"es-AR","@id":"https:\/\/www.diario22.ar\/notix2\/#\/schema\/logo\/image\/","url":"https:\/\/www.diario22.ar\/notix2\/wp-content\/uploads\/2025\/10\/cropped-Publish-1.png","contentUrl":"https:\/\/www.diario22.ar\/notix2\/wp-content\/uploads\/2025\/10\/cropped-Publish-1.png","width":1560,"height":722,"caption":"diario22.ar"},"image":{"@id":"https:\/\/www.diario22.ar\/notix2\/#\/schema\/logo\/image\/"}},{"@type":"Person","@id":"https:\/\/www.diario22.ar\/notix2\/#\/schema\/person\/9266f03a2bd6dca79e788e180fb2deeb","name":"Camila Torres","image":{"@type":"ImageObject","inLanguage":"es-AR","@id":"https:\/\/www.diario22.ar\/notix2\/#\/schema\/person\/image\/","url":"https:\/\/www.diario22.ar\/notix2\/wp-content\/uploads\/2025\/10\/diario22.ar-3-150x150.png","contentUrl":"https:\/\/www.diario22.ar\/notix2\/wp-content\/uploads\/2025\/10\/diario22.ar-3-150x150.png","caption":"Camila Torres"},"description":"Soy periodista y redactora en Diario22.ar, apasionada por las historias que conectan la actualidad con la gente. Me form\u00e9 en comunicaci\u00f3n social en Buenos Aires y desde entonces busco darle voz a lo cotidiano, con una mirada curiosa y humana. Creo que el periodismo no solo informa: tambi\u00e9n inspira y transforma.","sameAs":["https:\/\/www.diario22.ar\/notix2"]}]}},"_links":{"self":[{"href":"https:\/\/www.diario22.ar\/notix2\/wp-json\/wp\/v2\/posts\/51110","targetHints":{"allow":["GET"]}}],"collection":[{"href":"https:\/\/www.diario22.ar\/notix2\/wp-json\/wp\/v2\/posts"}],"about":[{"href":"https:\/\/www.diario22.ar\/notix2\/wp-json\/wp\/v2\/types\/post"}],"author":[{"embeddable":true,"href":"https:\/\/www.diario22.ar\/notix2\/wp-json\/wp\/v2\/users\/1"}],"replies":[{"embeddable":true,"href":"https:\/\/www.diario22.ar\/notix2\/wp-json\/wp\/v2\/comments?post=51110"}],"version-history":[{"count":1,"href":"https:\/\/www.diario22.ar\/notix2\/wp-json\/wp\/v2\/posts\/51110\/revisions"}],"predecessor-version":[{"id":51112,"href":"https:\/\/www.diario22.ar\/notix2\/wp-json\/wp\/v2\/posts\/51110\/revisions\/51112"}],"wp:featuredmedia":[{"embeddable":true,"href":"https:\/\/www.diario22.ar\/notix2\/wp-json\/wp\/v2\/media\/51111"}],"wp:attachment":[{"href":"https:\/\/www.diario22.ar\/notix2\/wp-json\/wp\/v2\/media?parent=51110"}],"wp:term":[{"taxonomy":"category","embeddable":true,"href":"https:\/\/www.diario22.ar\/notix2\/wp-json\/wp\/v2\/categories?post=51110"},{"taxonomy":"post_tag","embeddable":true,"href":"https:\/\/www.diario22.ar\/notix2\/wp-json\/wp\/v2\/tags?post=51110"}],"curies":[{"name":"wp","href":"https:\/\/api.w.org\/{rel}","templated":true}]}}