{"id":51101,"date":"2026-01-22T10:35:32","date_gmt":"2026-01-22T13:35:32","guid":{"rendered":"https:\/\/www.diario22.ar\/notix2\/abu-dhabi-inaugura-el-esperado-museo-de-historia-natural\/"},"modified":"2026-01-22T10:35:33","modified_gmt":"2026-01-22T13:35:33","slug":"abu-dhabi-inaugura-el-esperado-museo-de-historia-natural","status":"publish","type":"post","link":"https:\/\/www.diario22.ar\/notix2\/abu-dhabi-inaugura-el-esperado-museo-de-historia-natural\/","title":{"rendered":"Abu Dhabi inaugura el esperado Museo de Historia Natural"},"content":{"rendered":"<p>El Museo de Historia Natural de Abu Dabi ya ha empezado a recibir a los visitantes en su instituci\u00f3n de 35.000 m\u00b2.<\/p>\n<p>Situado en el Distrito Cultural de Saadiyat, este museo de renombre mundial se suma a una serie de nuevos centros culturales que abren sus puertas en la zona, entre ellos teamLab Phenomena y el Zayed National Museum, que inaugur\u00f3 este mes, junto al inminente Guggenheim Abu Dabi.<\/p>\n<div>\n<div class=\"inner-container\">\n<div class=\"inner-content\">\n<div class=\"adunit-wrapper\">\n<div class=\"in-content-ad-outer\">\n<p><!-- Tag ID: HBENGLOB_ATF_INCONTENT_ADV --><\/p>\n<div class=\"adunit in-content lazy-load no-init\" data-freestar-ad=\"__300x250\" data-adunit=\"HBENGLOB_ATF_INCONTENT_ADV\" data-targeting='{\"HBSiteLoc\":[\"ros\",\"article\",\"advertorial\"],\"HBSiteCat\":[\"art\",\"sales\",\"abu-dhabi\",\"mecanoo\",\"natural-history-museum-abu-dhabi\"],\"HBSitePage\":\"0\",\"HBSiteLang\":\"en\",\"country\":\"us\",\"region\":\"naam\",\"subRegion\":\"\",\"HBArticle\":6633879,\"HBBlacklist\":\"1\"}'><\/div>\n<\/p><\/div>\n<\/p><\/div>\n<\/p><\/div>\n<\/p><\/div>\n<\/div>\n<p>Dise\u00f1ado por la firma de arquitectura Mecanoo, el nuevo edificio se erige como un hito llamativo, con una silueta angular y plantas colgantes que imitan una formaci\u00f3n rocosa natural. En el interior, el impresionante dise\u00f1o del museo contin\u00faa en seis salas permanentes que muestran la historia de la Tierra de 13.800 millones de a\u00f1os mediante amplias vitrinas.<\/p>\n<p>El cl\u00edmax de la oferta del museo es el famoso ejemplar de Tyrannosaurus Rex, conocido como Stan, que va acompa\u00f1ado de otro esqueleto, marcando la primera vez que dos Tyrannosaurus Rex f\u00f3siles se exhiben juntos. Adem\u00e1s de estas piezas, el museo presenta una serie de reliquias descubiertas localmente, como la extinta especie de elefante Stegotetrabelodon Emiratus, con el fin de resaltar el patrimonio de la regi\u00f3n.<\/p>\n<p>Con la esperanza de inspirar a la pr\u00f3xima generaci\u00f3n de historiadores, bi\u00f3logos y paleont\u00f3logos, un teatro interactivo en el museo complementa las galer\u00edas permanentes, albergando proyecciones de pel\u00edculas educativas. Tambi\u00e9n se han programado exposiciones temporales para el pr\u00f3ximo a\u00f1o, siendo las dos primeras \u2013 <em>March of the Triceratops<\/em> y <em>61st Wildlife Photographer of the Year<\/em> \u2013, las cuales se unen para celebrar la gran inauguraci\u00f3n del museo.<\/p>\n<p>Para saber m\u00e1s sobre el Museo de Historia Natural de Abu Dabi, aseg\u00farate de visitar ya el sitio web dedicado.<\/p>\n<p><strong>Museo de Historia Natural de Abu Dabi<\/strong><br \/>\nCalle Jacques Chirac<br \/>\nIsla de Al Saadiyat, Abu Dabi<\/p>\n","protected":false},"excerpt":{"rendered":"<p>El Museo de Historia Natural de Abu Dabi ya ha empezado a recibir a los visitantes en su instituci\u00f3n de<\/p>\n","protected":false},"author":1,"featured_media":51102,"comment_status":"open","ping_status":"open","sticky":false,"template":"","format":"standard","meta":{"footnotes":""},"categories":[8],"tags":[688,689,1367,52,75,78,2035],"class_list":["post-51101","post","type-post","status-publish","format-standard","has-post-thumbnail","hentry","category-arte","tag-abu","tag-dhabi","tag-esperado","tag-historia","tag-inaugura","tag-museo","tag-natural","generate-columns","tablet-grid-50","mobile-grid-100","grid-parent","grid-50"],"yoast_head":"<!-- This site is optimized with the Yoast SEO plugin v26.1.1 - https:\/\/yoast.com\/wordpress\/plugins\/seo\/ -->\n<title>Abu Dhabi inaugura el esperado Museo de Historia Natural - diario22.ar<\/title>\n<meta name=\"robots\" content=\"index, follow, max-snippet:-1, max-image-preview:large, max-video-preview:-1\" \/>\n<link rel=\"canonical\" href=\"https:\/\/www.diario22.ar\/notix2\/abu-dhabi-inaugura-el-esperado-museo-de-historia-natural\/\" \/>\n<meta property=\"og:locale\" content=\"es_ES\" \/>\n<meta property=\"og:type\" content=\"article\" \/>\n<meta property=\"og:title\" content=\"Abu Dhabi inaugura el esperado Museo de Historia Natural - diario22.ar\" \/>\n<meta property=\"og:description\" content=\"El Museo de Historia Natural de Abu Dabi ya ha empezado a recibir a los visitantes en su instituci\u00f3n de\" \/>\n<meta property=\"og:url\" content=\"https:\/\/www.diario22.ar\/notix2\/abu-dhabi-inaugura-el-esperado-museo-de-historia-natural\/\" \/>\n<meta property=\"og:site_name\" content=\"diario22.ar\" \/>\n<meta property=\"article:published_time\" content=\"2026-01-22T13:35:32+00:00\" \/>\n<meta property=\"article:modified_time\" content=\"2026-01-22T13:35:33+00:00\" \/>\n<meta property=\"og:image\" content=\"https:\/\/www.diario22.ar\/notix2\/wp-content\/uploads\/2026\/01\/Abu-Dhabi-inaugura-el-esperado-Museo-de-Historia-Natural.com2Fimage2F20252F122F012Fabu-dhabi-opens-highly-anticipated-natural-hi.jpeg\" \/>\n\t<meta property=\"og:image:width\" content=\"1000\" \/>\n\t<meta property=\"og:image:height\" content=\"500\" \/>\n\t<meta property=\"og:image:type\" content=\"image\/jpeg\" \/>\n<meta name=\"author\" content=\"Camila Torres\" \/>\n<meta name=\"twitter:card\" content=\"summary_large_image\" \/>\n<meta name=\"twitter:label1\" content=\"Escrito por\" \/>\n\t<meta name=\"twitter:data1\" content=\"Camila Torres\" \/>\n\t<meta name=\"twitter:label2\" content=\"Tiempo de lectura\" \/>\n\t<meta name=\"twitter:data2\" content=\"2 minutos\" \/>\n<script type=\"application\/ld+json\" class=\"yoast-schema-graph\">{\"@context\":\"https:\/\/schema.org\",\"@graph\":[{\"@type\":\"Article\",\"@id\":\"https:\/\/www.diario22.ar\/notix2\/abu-dhabi-inaugura-el-esperado-museo-de-historia-natural\/#article\",\"isPartOf\":{\"@id\":\"https:\/\/www.diario22.ar\/notix2\/abu-dhabi-inaugura-el-esperado-museo-de-historia-natural\/\"},\"author\":{\"name\":\"Camila Torres\",\"@id\":\"https:\/\/www.diario22.ar\/notix2\/#\/schema\/person\/9266f03a2bd6dca79e788e180fb2deeb\"},\"headline\":\"Abu Dhabi inaugura el esperado Museo de Historia Natural\",\"datePublished\":\"2026-01-22T13:35:32+00:00\",\"dateModified\":\"2026-01-22T13:35:33+00:00\",\"mainEntityOfPage\":{\"@id\":\"https:\/\/www.diario22.ar\/notix2\/abu-dhabi-inaugura-el-esperado-museo-de-historia-natural\/\"},\"wordCount\":323,\"commentCount\":0,\"publisher\":{\"@id\":\"https:\/\/www.diario22.ar\/notix2\/#organization\"},\"image\":{\"@id\":\"https:\/\/www.diario22.ar\/notix2\/abu-dhabi-inaugura-el-esperado-museo-de-historia-natural\/#primaryimage\"},\"thumbnailUrl\":\"https:\/\/www.diario22.ar\/notix2\/wp-content\/uploads\/2026\/01\/Abu-Dhabi-inaugura-el-esperado-Museo-de-Historia-Natural.com2Fimage2F20252F122F012Fabu-dhabi-opens-highly-anticipated-natural-hi.jpeg\",\"keywords\":[\"Abu\",\"Dhabi\",\"esperado\",\"historia\",\"inaugura\",\"museo\",\"Natural\"],\"articleSection\":[\"Arte\"],\"inLanguage\":\"es-AR\",\"potentialAction\":[{\"@type\":\"CommentAction\",\"name\":\"Comment\",\"target\":[\"https:\/\/www.diario22.ar\/notix2\/abu-dhabi-inaugura-el-esperado-museo-de-historia-natural\/#respond\"]}]},{\"@type\":\"WebPage\",\"@id\":\"https:\/\/www.diario22.ar\/notix2\/abu-dhabi-inaugura-el-esperado-museo-de-historia-natural\/\",\"url\":\"https:\/\/www.diario22.ar\/notix2\/abu-dhabi-inaugura-el-esperado-museo-de-historia-natural\/\",\"name\":\"Abu Dhabi inaugura el esperado Museo de Historia Natural - diario22.ar\",\"isPartOf\":{\"@id\":\"https:\/\/www.diario22.ar\/notix2\/#website\"},\"primaryImageOfPage\":{\"@id\":\"https:\/\/www.diario22.ar\/notix2\/abu-dhabi-inaugura-el-esperado-museo-de-historia-natural\/#primaryimage\"},\"image\":{\"@id\":\"https:\/\/www.diario22.ar\/notix2\/abu-dhabi-inaugura-el-esperado-museo-de-historia-natural\/#primaryimage\"},\"thumbnailUrl\":\"https:\/\/www.diario22.ar\/notix2\/wp-content\/uploads\/2026\/01\/Abu-Dhabi-inaugura-el-esperado-Museo-de-Historia-Natural.com2Fimage2F20252F122F012Fabu-dhabi-opens-highly-anticipated-natural-hi.jpeg\",\"datePublished\":\"2026-01-22T13:35:32+00:00\",\"dateModified\":\"2026-01-22T13:35:33+00:00\",\"breadcrumb\":{\"@id\":\"https:\/\/www.diario22.ar\/notix2\/abu-dhabi-inaugura-el-esperado-museo-de-historia-natural\/#breadcrumb\"},\"inLanguage\":\"es-AR\",\"potentialAction\":[{\"@type\":\"ReadAction\",\"target\":[\"https:\/\/www.diario22.ar\/notix2\/abu-dhabi-inaugura-el-esperado-museo-de-historia-natural\/\"]}]},{\"@type\":\"ImageObject\",\"inLanguage\":\"es-AR\",\"@id\":\"https:\/\/www.diario22.ar\/notix2\/abu-dhabi-inaugura-el-esperado-museo-de-historia-natural\/#primaryimage\",\"url\":\"https:\/\/www.diario22.ar\/notix2\/wp-content\/uploads\/2026\/01\/Abu-Dhabi-inaugura-el-esperado-Museo-de-Historia-Natural.com2Fimage2F20252F122F012Fabu-dhabi-opens-highly-anticipated-natural-hi.jpeg\",\"contentUrl\":\"https:\/\/www.diario22.ar\/notix2\/wp-content\/uploads\/2026\/01\/Abu-Dhabi-inaugura-el-esperado-Museo-de-Historia-Natural.com2Fimage2F20252F122F012Fabu-dhabi-opens-highly-anticipated-natural-hi.jpeg\",\"width\":1000,\"height\":500},{\"@type\":\"BreadcrumbList\",\"@id\":\"https:\/\/www.diario22.ar\/notix2\/abu-dhabi-inaugura-el-esperado-museo-de-historia-natural\/#breadcrumb\",\"itemListElement\":[{\"@type\":\"ListItem\",\"position\":1,\"name\":\"Home\",\"item\":\"https:\/\/www.diario22.ar\/notix2\/\"},{\"@type\":\"ListItem\",\"position\":2,\"name\":\"Abu Dhabi inaugura el esperado Museo de Historia Natural\"}]},{\"@type\":\"WebSite\",\"@id\":\"https:\/\/www.diario22.ar\/notix2\/#website\",\"url\":\"https:\/\/www.diario22.ar\/notix2\/\",\"name\":\"diario22.ar\",\"description\":\"Vive hoy &amp; descubre lo que viene\",\"publisher\":{\"@id\":\"https:\/\/www.diario22.ar\/notix2\/#organization\"},\"potentialAction\":[{\"@type\":\"SearchAction\",\"target\":{\"@type\":\"EntryPoint\",\"urlTemplate\":\"https:\/\/www.diario22.ar\/notix2\/?s={search_term_string}\"},\"query-input\":{\"@type\":\"PropertyValueSpecification\",\"valueRequired\":true,\"valueName\":\"search_term_string\"}}],\"inLanguage\":\"es-AR\"},{\"@type\":\"Organization\",\"@id\":\"https:\/\/www.diario22.ar\/notix2\/#organization\",\"name\":\"diario22.ar\",\"url\":\"https:\/\/www.diario22.ar\/notix2\/\",\"logo\":{\"@type\":\"ImageObject\",\"inLanguage\":\"es-AR\",\"@id\":\"https:\/\/www.diario22.ar\/notix2\/#\/schema\/logo\/image\/\",\"url\":\"https:\/\/www.diario22.ar\/notix2\/wp-content\/uploads\/2025\/10\/cropped-Publish-1.png\",\"contentUrl\":\"https:\/\/www.diario22.ar\/notix2\/wp-content\/uploads\/2025\/10\/cropped-Publish-1.png\",\"width\":1560,\"height\":722,\"caption\":\"diario22.ar\"},\"image\":{\"@id\":\"https:\/\/www.diario22.ar\/notix2\/#\/schema\/logo\/image\/\"}},{\"@type\":\"Person\",\"@id\":\"https:\/\/www.diario22.ar\/notix2\/#\/schema\/person\/9266f03a2bd6dca79e788e180fb2deeb\",\"name\":\"Camila Torres\",\"image\":{\"@type\":\"ImageObject\",\"inLanguage\":\"es-AR\",\"@id\":\"https:\/\/www.diario22.ar\/notix2\/#\/schema\/person\/image\/\",\"url\":\"https:\/\/www.diario22.ar\/notix2\/wp-content\/uploads\/2025\/10\/diario22.ar-3-150x150.png\",\"contentUrl\":\"https:\/\/www.diario22.ar\/notix2\/wp-content\/uploads\/2025\/10\/diario22.ar-3-150x150.png\",\"caption\":\"Camila Torres\"},\"description\":\"Soy periodista y redactora en Diario22.ar, apasionada por las historias que conectan la actualidad con la gente. Me form\u00e9 en comunicaci\u00f3n social en Buenos Aires y desde entonces busco darle voz a lo cotidiano, con una mirada curiosa y humana. Creo que el periodismo no solo informa: tambi\u00e9n inspira y transforma.\",\"sameAs\":[\"https:\/\/www.diario22.ar\/notix2\"]}]}<\/script>\n<!-- \/ Yoast SEO plugin. -->","yoast_head_json":{"title":"Abu Dhabi inaugura el esperado Museo de Historia Natural - diario22.ar","robots":{"index":"index","follow":"follow","max-snippet":"max-snippet:-1","max-image-preview":"max-image-preview:large","max-video-preview":"max-video-preview:-1"},"canonical":"https:\/\/www.diario22.ar\/notix2\/abu-dhabi-inaugura-el-esperado-museo-de-historia-natural\/","og_locale":"es_ES","og_type":"article","og_title":"Abu Dhabi inaugura el esperado Museo de Historia Natural - diario22.ar","og_description":"El Museo de Historia Natural de Abu Dabi ya ha empezado a recibir a los visitantes en su instituci\u00f3n de","og_url":"https:\/\/www.diario22.ar\/notix2\/abu-dhabi-inaugura-el-esperado-museo-de-historia-natural\/","og_site_name":"diario22.ar","article_published_time":"2026-01-22T13:35:32+00:00","article_modified_time":"2026-01-22T13:35:33+00:00","og_image":[{"width":1000,"height":500,"url":"https:\/\/www.diario22.ar\/notix2\/wp-content\/uploads\/2026\/01\/Abu-Dhabi-inaugura-el-esperado-Museo-de-Historia-Natural.com2Fimage2F20252F122F012Fabu-dhabi-opens-highly-anticipated-natural-hi.jpeg","type":"image\/jpeg"}],"author":"Camila Torres","twitter_card":"summary_large_image","twitter_misc":{"Escrito por":"Camila Torres","Tiempo de lectura":"2 minutos"},"schema":{"@context":"https:\/\/schema.org","@graph":[{"@type":"Article","@id":"https:\/\/www.diario22.ar\/notix2\/abu-dhabi-inaugura-el-esperado-museo-de-historia-natural\/#article","isPartOf":{"@id":"https:\/\/www.diario22.ar\/notix2\/abu-dhabi-inaugura-el-esperado-museo-de-historia-natural\/"},"author":{"name":"Camila Torres","@id":"https:\/\/www.diario22.ar\/notix2\/#\/schema\/person\/9266f03a2bd6dca79e788e180fb2deeb"},"headline":"Abu Dhabi inaugura el esperado Museo de Historia Natural","datePublished":"2026-01-22T13:35:32+00:00","dateModified":"2026-01-22T13:35:33+00:00","mainEntityOfPage":{"@id":"https:\/\/www.diario22.ar\/notix2\/abu-dhabi-inaugura-el-esperado-museo-de-historia-natural\/"},"wordCount":323,"commentCount":0,"publisher":{"@id":"https:\/\/www.diario22.ar\/notix2\/#organization"},"image":{"@id":"https:\/\/www.diario22.ar\/notix2\/abu-dhabi-inaugura-el-esperado-museo-de-historia-natural\/#primaryimage"},"thumbnailUrl":"https:\/\/www.diario22.ar\/notix2\/wp-content\/uploads\/2026\/01\/Abu-Dhabi-inaugura-el-esperado-Museo-de-Historia-Natural.com2Fimage2F20252F122F012Fabu-dhabi-opens-highly-anticipated-natural-hi.jpeg","keywords":["Abu","Dhabi","esperado","historia","inaugura","museo","Natural"],"articleSection":["Arte"],"inLanguage":"es-AR","potentialAction":[{"@type":"CommentAction","name":"Comment","target":["https:\/\/www.diario22.ar\/notix2\/abu-dhabi-inaugura-el-esperado-museo-de-historia-natural\/#respond"]}]},{"@type":"WebPage","@id":"https:\/\/www.diario22.ar\/notix2\/abu-dhabi-inaugura-el-esperado-museo-de-historia-natural\/","url":"https:\/\/www.diario22.ar\/notix2\/abu-dhabi-inaugura-el-esperado-museo-de-historia-natural\/","name":"Abu Dhabi inaugura el esperado Museo de Historia Natural - diario22.ar","isPartOf":{"@id":"https:\/\/www.diario22.ar\/notix2\/#website"},"primaryImageOfPage":{"@id":"https:\/\/www.diario22.ar\/notix2\/abu-dhabi-inaugura-el-esperado-museo-de-historia-natural\/#primaryimage"},"image":{"@id":"https:\/\/www.diario22.ar\/notix2\/abu-dhabi-inaugura-el-esperado-museo-de-historia-natural\/#primaryimage"},"thumbnailUrl":"https:\/\/www.diario22.ar\/notix2\/wp-content\/uploads\/2026\/01\/Abu-Dhabi-inaugura-el-esperado-Museo-de-Historia-Natural.com2Fimage2F20252F122F012Fabu-dhabi-opens-highly-anticipated-natural-hi.jpeg","datePublished":"2026-01-22T13:35:32+00:00","dateModified":"2026-01-22T13:35:33+00:00","breadcrumb":{"@id":"https:\/\/www.diario22.ar\/notix2\/abu-dhabi-inaugura-el-esperado-museo-de-historia-natural\/#breadcrumb"},"inLanguage":"es-AR","potentialAction":[{"@type":"ReadAction","target":["https:\/\/www.diario22.ar\/notix2\/abu-dhabi-inaugura-el-esperado-museo-de-historia-natural\/"]}]},{"@type":"ImageObject","inLanguage":"es-AR","@id":"https:\/\/www.diario22.ar\/notix2\/abu-dhabi-inaugura-el-esperado-museo-de-historia-natural\/#primaryimage","url":"https:\/\/www.diario22.ar\/notix2\/wp-content\/uploads\/2026\/01\/Abu-Dhabi-inaugura-el-esperado-Museo-de-Historia-Natural.com2Fimage2F20252F122F012Fabu-dhabi-opens-highly-anticipated-natural-hi.jpeg","contentUrl":"https:\/\/www.diario22.ar\/notix2\/wp-content\/uploads\/2026\/01\/Abu-Dhabi-inaugura-el-esperado-Museo-de-Historia-Natural.com2Fimage2F20252F122F012Fabu-dhabi-opens-highly-anticipated-natural-hi.jpeg","width":1000,"height":500},{"@type":"BreadcrumbList","@id":"https:\/\/www.diario22.ar\/notix2\/abu-dhabi-inaugura-el-esperado-museo-de-historia-natural\/#breadcrumb","itemListElement":[{"@type":"ListItem","position":1,"name":"Home","item":"https:\/\/www.diario22.ar\/notix2\/"},{"@type":"ListItem","position":2,"name":"Abu Dhabi inaugura el esperado Museo de Historia Natural"}]},{"@type":"WebSite","@id":"https:\/\/www.diario22.ar\/notix2\/#website","url":"https:\/\/www.diario22.ar\/notix2\/","name":"diario22.ar","description":"Vive hoy &amp; descubre lo que viene","publisher":{"@id":"https:\/\/www.diario22.ar\/notix2\/#organization"},"potentialAction":[{"@type":"SearchAction","target":{"@type":"EntryPoint","urlTemplate":"https:\/\/www.diario22.ar\/notix2\/?s={search_term_string}"},"query-input":{"@type":"PropertyValueSpecification","valueRequired":true,"valueName":"search_term_string"}}],"inLanguage":"es-AR"},{"@type":"Organization","@id":"https:\/\/www.diario22.ar\/notix2\/#organization","name":"diario22.ar","url":"https:\/\/www.diario22.ar\/notix2\/","logo":{"@type":"ImageObject","inLanguage":"es-AR","@id":"https:\/\/www.diario22.ar\/notix2\/#\/schema\/logo\/image\/","url":"https:\/\/www.diario22.ar\/notix2\/wp-content\/uploads\/2025\/10\/cropped-Publish-1.png","contentUrl":"https:\/\/www.diario22.ar\/notix2\/wp-content\/uploads\/2025\/10\/cropped-Publish-1.png","width":1560,"height":722,"caption":"diario22.ar"},"image":{"@id":"https:\/\/www.diario22.ar\/notix2\/#\/schema\/logo\/image\/"}},{"@type":"Person","@id":"https:\/\/www.diario22.ar\/notix2\/#\/schema\/person\/9266f03a2bd6dca79e788e180fb2deeb","name":"Camila Torres","image":{"@type":"ImageObject","inLanguage":"es-AR","@id":"https:\/\/www.diario22.ar\/notix2\/#\/schema\/person\/image\/","url":"https:\/\/www.diario22.ar\/notix2\/wp-content\/uploads\/2025\/10\/diario22.ar-3-150x150.png","contentUrl":"https:\/\/www.diario22.ar\/notix2\/wp-content\/uploads\/2025\/10\/diario22.ar-3-150x150.png","caption":"Camila Torres"},"description":"Soy periodista y redactora en Diario22.ar, apasionada por las historias que conectan la actualidad con la gente. Me form\u00e9 en comunicaci\u00f3n social en Buenos Aires y desde entonces busco darle voz a lo cotidiano, con una mirada curiosa y humana. Creo que el periodismo no solo informa: tambi\u00e9n inspira y transforma.","sameAs":["https:\/\/www.diario22.ar\/notix2"]}]}},"_links":{"self":[{"href":"https:\/\/www.diario22.ar\/notix2\/wp-json\/wp\/v2\/posts\/51101","targetHints":{"allow":["GET"]}}],"collection":[{"href":"https:\/\/www.diario22.ar\/notix2\/wp-json\/wp\/v2\/posts"}],"about":[{"href":"https:\/\/www.diario22.ar\/notix2\/wp-json\/wp\/v2\/types\/post"}],"author":[{"embeddable":true,"href":"https:\/\/www.diario22.ar\/notix2\/wp-json\/wp\/v2\/users\/1"}],"replies":[{"embeddable":true,"href":"https:\/\/www.diario22.ar\/notix2\/wp-json\/wp\/v2\/comments?post=51101"}],"version-history":[{"count":1,"href":"https:\/\/www.diario22.ar\/notix2\/wp-json\/wp\/v2\/posts\/51101\/revisions"}],"predecessor-version":[{"id":51103,"href":"https:\/\/www.diario22.ar\/notix2\/wp-json\/wp\/v2\/posts\/51101\/revisions\/51103"}],"wp:featuredmedia":[{"embeddable":true,"href":"https:\/\/www.diario22.ar\/notix2\/wp-json\/wp\/v2\/media\/51102"}],"wp:attachment":[{"href":"https:\/\/www.diario22.ar\/notix2\/wp-json\/wp\/v2\/media?parent=51101"}],"wp:term":[{"taxonomy":"category","embeddable":true,"href":"https:\/\/www.diario22.ar\/notix2\/wp-json\/wp\/v2\/categories?post=51101"},{"taxonomy":"post_tag","embeddable":true,"href":"https:\/\/www.diario22.ar\/notix2\/wp-json\/wp\/v2\/tags?post=51101"}],"curies":[{"name":"wp","href":"https:\/\/api.w.org\/{rel}","templated":true}]}}