{"id":51098,"date":"2026-01-22T07:34:54","date_gmt":"2026-01-22T10:34:54","guid":{"rendered":"https:\/\/www.diario22.ar\/notix2\/houseplant-de-seth-rogen-y-apple-tv-presentan-una-silla-de-director-de-edicion-limitada-continental-studios\/"},"modified":"2026-01-22T07:34:55","modified_gmt":"2026-01-22T10:34:55","slug":"houseplant-de-seth-rogen-y-apple-tv-presentan-una-silla-de-director-de-edicion-limitada-continental-studios","status":"publish","type":"post","link":"https:\/\/www.diario22.ar\/notix2\/houseplant-de-seth-rogen-y-apple-tv-presentan-una-silla-de-director-de-edicion-limitada-continental-studios\/","title":{"rendered":"Houseplant de Seth Rogen y Apple TV+ presentan una silla de director de edici\u00f3n limitada \u00abContinental Studios\u00bb"},"content":{"rendered":"<p>Con la serie The Studio de Apple TV+ de Seth Rogen y Evan Goldberg que arras\u00f3 en los Globos de Oro 2026, la propia marca Houseplant de la pareja lleva la historia de Hollywood a casa con su nueva Continental Studios Director\u2019s Chair. Limitada a una edici\u00f3n estrictamente numerada, esta pieza de mobiliario de edici\u00f3n especial est\u00e1 inspirada en la propia serie y fusiona la afici\u00f3n de la marca por la est\u00e9tica de mediados del siglo con un gui\u00f1o funcional a las ra\u00edces de la industria cinematogr\u00e1fica de sus fundadores.<\/p>\n<div>\n<div class=\"inner-container\">\n<div class=\"inner-content\">\n<div class=\"adunit-wrapper\">\n<div class=\"in-content-ad-outer\">\n<p><!-- Tag ID: HBENGLOB_ATF_INCONTENT --><\/p>\n<div class=\"adunit in-content lazy-load no-init\" data-freestar-ad=\"__300x250\" data-adunit=\"HBENGLOB_ATF_INCONTENT\" data-targeting='{\"HBSiteLoc\":[\"ros\",\"article\"],\"HBSiteCat\":[\"design\",\"collaboration\",\"apple-tv\",\"seth-rogen\",\"houseplant\"],\"HBSitePage\":\"0\",\"HBSiteLang\":\"en\",\"country\":\"us\",\"region\":\"naam\",\"subRegion\":\"\",\"HBArticle\":6653161,\"HBBlacklist\":\"1\"}'><\/div>\n<\/p><\/div>\n<\/p><\/div>\n<\/p><\/div>\n<\/p><\/div>\n<\/div>\n<p>Constru\u00edda con madera de teca obtenida de forma sostenible, la silla cuenta con un asiento y respaldo de lona duradera soportados por una estructura de aluminio elegante. Su rasgo m\u00e1s destacado es su modularidad; los reposabrazos est\u00e1n equipados con un sistema de carril integrado que permite intercambiar o desplazar el portavasos y el cenicero hacia cualquiera de los dos lados, para atender tanto a usuarios zurdos como diestros.\n<\/p>\n<p>Cada silla se remata con una placa \u00fanica de \u201cContinental Studios\u201d, numerada de forma individual para resaltar la exclusividad de la producci\u00f3n limitada a 150 unidades. El lanzamiento se inscribe en el esfuerzo m\u00e1s amplio de Houseplant por ampliar su presencia en art\u00edculos de lujo para el hogar, continuando la misi\u00f3n de la marca de convertir los accesorios para fumar en elementos decorativos de plena legitimidad.\n<\/p>\n<p>Echa un vistazo a la pieza anterior. La Continental Studios Director\u2019s Chair tiene un precio de 349 USD (d\u00f3lares estadounidenses) y est\u00e1 disponible para precompra ahora a trav\u00e9s de la tienda en l\u00ednea de Houseplant, con env\u00edo previsto para comenzar en febrero.<\/p>\n","protected":false},"excerpt":{"rendered":"<p>Con la serie The Studio de Apple TV+ de Seth Rogen y Evan Goldberg que arras\u00f3 en los Globos de<\/p>\n","protected":false},"author":1,"featured_media":51099,"comment_status":"open","ping_status":"open","sticky":false,"template":"","format":"standard","meta":{"footnotes":""},"categories":[10],"tags":[611,2033,2032,106,2029,107,100,2031,2030,160,2034,58],"class_list":["post-51098","post","type-post","status-publish","format-standard","has-post-thumbnail","hentry","category-tendencias","tag-apple","tag-continental","tag-director","tag-edicion","tag-houseplant","tag-limitada","tag-presentan","tag-rogen","tag-seth","tag-silla","tag-studios","tag-una","generate-columns","tablet-grid-50","mobile-grid-100","grid-parent","grid-50"],"yoast_head":"<!-- This site is optimized with the Yoast SEO plugin v26.1.1 - https:\/\/yoast.com\/wordpress\/plugins\/seo\/ -->\n<title>Houseplant de Seth Rogen y Apple TV+ presentan una silla de director de edici\u00f3n limitada \u00abContinental Studios\u00bb - diario22.ar<\/title>\n<meta name=\"robots\" content=\"index, follow, max-snippet:-1, max-image-preview:large, max-video-preview:-1\" \/>\n<link rel=\"canonical\" href=\"https:\/\/www.diario22.ar\/notix2\/houseplant-de-seth-rogen-y-apple-tv-presentan-una-silla-de-director-de-edicion-limitada-continental-studios\/\" \/>\n<meta property=\"og:locale\" content=\"es_ES\" \/>\n<meta property=\"og:type\" content=\"article\" \/>\n<meta property=\"og:title\" content=\"Houseplant de Seth Rogen y Apple TV+ presentan una silla de director de edici\u00f3n limitada \u00abContinental Studios\u00bb - diario22.ar\" \/>\n<meta property=\"og:description\" content=\"Con la serie The Studio de Apple TV+ de Seth Rogen y Evan Goldberg que arras\u00f3 en los Globos de\" \/>\n<meta property=\"og:url\" content=\"https:\/\/www.diario22.ar\/notix2\/houseplant-de-seth-rogen-y-apple-tv-presentan-una-silla-de-director-de-edicion-limitada-continental-studios\/\" \/>\n<meta property=\"og:site_name\" content=\"diario22.ar\" \/>\n<meta property=\"article:published_time\" content=\"2026-01-22T10:34:54+00:00\" \/>\n<meta property=\"article:modified_time\" content=\"2026-01-22T10:34:55+00:00\" \/>\n<meta property=\"og:image\" content=\"https:\/\/www.diario22.ar\/notix2\/wp-content\/uploads\/2026\/01\/Houseplant-de-Seth-Rogen-y-Apple-TV-presentan-una-silla.com2Fimage2F20262F012F132FApple-TV-plus-seth-rogen-Houseplant-Directors.jpeg\" \/>\n\t<meta property=\"og:image:width\" content=\"1000\" \/>\n\t<meta property=\"og:image:height\" content=\"500\" \/>\n\t<meta property=\"og:image:type\" content=\"image\/jpeg\" \/>\n<meta name=\"author\" content=\"Camila Torres\" \/>\n<meta name=\"twitter:card\" content=\"summary_large_image\" \/>\n<meta name=\"twitter:label1\" content=\"Escrito por\" \/>\n\t<meta name=\"twitter:data1\" content=\"Camila Torres\" \/>\n\t<meta name=\"twitter:label2\" content=\"Tiempo de lectura\" \/>\n\t<meta name=\"twitter:data2\" content=\"1 minuto\" \/>\n<script type=\"application\/ld+json\" class=\"yoast-schema-graph\">{\"@context\":\"https:\/\/schema.org\",\"@graph\":[{\"@type\":\"Article\",\"@id\":\"https:\/\/www.diario22.ar\/notix2\/houseplant-de-seth-rogen-y-apple-tv-presentan-una-silla-de-director-de-edicion-limitada-continental-studios\/#article\",\"isPartOf\":{\"@id\":\"https:\/\/www.diario22.ar\/notix2\/houseplant-de-seth-rogen-y-apple-tv-presentan-una-silla-de-director-de-edicion-limitada-continental-studios\/\"},\"author\":{\"name\":\"Camila Torres\",\"@id\":\"https:\/\/www.diario22.ar\/notix2\/#\/schema\/person\/9266f03a2bd6dca79e788e180fb2deeb\"},\"headline\":\"Houseplant de Seth Rogen y Apple TV+ presentan una silla de director de edici\u00f3n limitada \u00abContinental Studios\u00bb\",\"datePublished\":\"2026-01-22T10:34:54+00:00\",\"dateModified\":\"2026-01-22T10:34:55+00:00\",\"mainEntityOfPage\":{\"@id\":\"https:\/\/www.diario22.ar\/notix2\/houseplant-de-seth-rogen-y-apple-tv-presentan-una-silla-de-director-de-edicion-limitada-continental-studios\/\"},\"wordCount\":301,\"commentCount\":0,\"publisher\":{\"@id\":\"https:\/\/www.diario22.ar\/notix2\/#organization\"},\"image\":{\"@id\":\"https:\/\/www.diario22.ar\/notix2\/houseplant-de-seth-rogen-y-apple-tv-presentan-una-silla-de-director-de-edicion-limitada-continental-studios\/#primaryimage\"},\"thumbnailUrl\":\"https:\/\/www.diario22.ar\/notix2\/wp-content\/uploads\/2026\/01\/Houseplant-de-Seth-Rogen-y-Apple-TV-presentan-una-silla.com2Fimage2F20262F012F132FApple-TV-plus-seth-rogen-Houseplant-Directors.jpeg\",\"keywords\":[\"Apple\",\"Continental\",\"director\",\"edici\u00f3n\",\"Houseplant\",\"limitada\",\"presentan\",\"Rogen\",\"Seth\",\"silla\",\"Studios\",\"una\"],\"articleSection\":[\"Tendencias\"],\"inLanguage\":\"es-AR\",\"potentialAction\":[{\"@type\":\"CommentAction\",\"name\":\"Comment\",\"target\":[\"https:\/\/www.diario22.ar\/notix2\/houseplant-de-seth-rogen-y-apple-tv-presentan-una-silla-de-director-de-edicion-limitada-continental-studios\/#respond\"]}]},{\"@type\":\"WebPage\",\"@id\":\"https:\/\/www.diario22.ar\/notix2\/houseplant-de-seth-rogen-y-apple-tv-presentan-una-silla-de-director-de-edicion-limitada-continental-studios\/\",\"url\":\"https:\/\/www.diario22.ar\/notix2\/houseplant-de-seth-rogen-y-apple-tv-presentan-una-silla-de-director-de-edicion-limitada-continental-studios\/\",\"name\":\"Houseplant de Seth Rogen y Apple TV+ presentan una silla de director de edici\u00f3n limitada \u00abContinental Studios\u00bb - diario22.ar\",\"isPartOf\":{\"@id\":\"https:\/\/www.diario22.ar\/notix2\/#website\"},\"primaryImageOfPage\":{\"@id\":\"https:\/\/www.diario22.ar\/notix2\/houseplant-de-seth-rogen-y-apple-tv-presentan-una-silla-de-director-de-edicion-limitada-continental-studios\/#primaryimage\"},\"image\":{\"@id\":\"https:\/\/www.diario22.ar\/notix2\/houseplant-de-seth-rogen-y-apple-tv-presentan-una-silla-de-director-de-edicion-limitada-continental-studios\/#primaryimage\"},\"thumbnailUrl\":\"https:\/\/www.diario22.ar\/notix2\/wp-content\/uploads\/2026\/01\/Houseplant-de-Seth-Rogen-y-Apple-TV-presentan-una-silla.com2Fimage2F20262F012F132FApple-TV-plus-seth-rogen-Houseplant-Directors.jpeg\",\"datePublished\":\"2026-01-22T10:34:54+00:00\",\"dateModified\":\"2026-01-22T10:34:55+00:00\",\"breadcrumb\":{\"@id\":\"https:\/\/www.diario22.ar\/notix2\/houseplant-de-seth-rogen-y-apple-tv-presentan-una-silla-de-director-de-edicion-limitada-continental-studios\/#breadcrumb\"},\"inLanguage\":\"es-AR\",\"potentialAction\":[{\"@type\":\"ReadAction\",\"target\":[\"https:\/\/www.diario22.ar\/notix2\/houseplant-de-seth-rogen-y-apple-tv-presentan-una-silla-de-director-de-edicion-limitada-continental-studios\/\"]}]},{\"@type\":\"ImageObject\",\"inLanguage\":\"es-AR\",\"@id\":\"https:\/\/www.diario22.ar\/notix2\/houseplant-de-seth-rogen-y-apple-tv-presentan-una-silla-de-director-de-edicion-limitada-continental-studios\/#primaryimage\",\"url\":\"https:\/\/www.diario22.ar\/notix2\/wp-content\/uploads\/2026\/01\/Houseplant-de-Seth-Rogen-y-Apple-TV-presentan-una-silla.com2Fimage2F20262F012F132FApple-TV-plus-seth-rogen-Houseplant-Directors.jpeg\",\"contentUrl\":\"https:\/\/www.diario22.ar\/notix2\/wp-content\/uploads\/2026\/01\/Houseplant-de-Seth-Rogen-y-Apple-TV-presentan-una-silla.com2Fimage2F20262F012F132FApple-TV-plus-seth-rogen-Houseplant-Directors.jpeg\",\"width\":1000,\"height\":500},{\"@type\":\"BreadcrumbList\",\"@id\":\"https:\/\/www.diario22.ar\/notix2\/houseplant-de-seth-rogen-y-apple-tv-presentan-una-silla-de-director-de-edicion-limitada-continental-studios\/#breadcrumb\",\"itemListElement\":[{\"@type\":\"ListItem\",\"position\":1,\"name\":\"Home\",\"item\":\"https:\/\/www.diario22.ar\/notix2\/\"},{\"@type\":\"ListItem\",\"position\":2,\"name\":\"Houseplant de Seth Rogen y Apple TV+ presentan una silla de director de edici\u00f3n limitada \u00abContinental Studios\u00bb\"}]},{\"@type\":\"WebSite\",\"@id\":\"https:\/\/www.diario22.ar\/notix2\/#website\",\"url\":\"https:\/\/www.diario22.ar\/notix2\/\",\"name\":\"diario22.ar\",\"description\":\"Vive hoy &amp; descubre lo que viene\",\"publisher\":{\"@id\":\"https:\/\/www.diario22.ar\/notix2\/#organization\"},\"potentialAction\":[{\"@type\":\"SearchAction\",\"target\":{\"@type\":\"EntryPoint\",\"urlTemplate\":\"https:\/\/www.diario22.ar\/notix2\/?s={search_term_string}\"},\"query-input\":{\"@type\":\"PropertyValueSpecification\",\"valueRequired\":true,\"valueName\":\"search_term_string\"}}],\"inLanguage\":\"es-AR\"},{\"@type\":\"Organization\",\"@id\":\"https:\/\/www.diario22.ar\/notix2\/#organization\",\"name\":\"diario22.ar\",\"url\":\"https:\/\/www.diario22.ar\/notix2\/\",\"logo\":{\"@type\":\"ImageObject\",\"inLanguage\":\"es-AR\",\"@id\":\"https:\/\/www.diario22.ar\/notix2\/#\/schema\/logo\/image\/\",\"url\":\"https:\/\/www.diario22.ar\/notix2\/wp-content\/uploads\/2025\/10\/cropped-Publish-1.png\",\"contentUrl\":\"https:\/\/www.diario22.ar\/notix2\/wp-content\/uploads\/2025\/10\/cropped-Publish-1.png\",\"width\":1560,\"height\":722,\"caption\":\"diario22.ar\"},\"image\":{\"@id\":\"https:\/\/www.diario22.ar\/notix2\/#\/schema\/logo\/image\/\"}},{\"@type\":\"Person\",\"@id\":\"https:\/\/www.diario22.ar\/notix2\/#\/schema\/person\/9266f03a2bd6dca79e788e180fb2deeb\",\"name\":\"Camila Torres\",\"image\":{\"@type\":\"ImageObject\",\"inLanguage\":\"es-AR\",\"@id\":\"https:\/\/www.diario22.ar\/notix2\/#\/schema\/person\/image\/\",\"url\":\"https:\/\/www.diario22.ar\/notix2\/wp-content\/uploads\/2025\/10\/diario22.ar-3-150x150.png\",\"contentUrl\":\"https:\/\/www.diario22.ar\/notix2\/wp-content\/uploads\/2025\/10\/diario22.ar-3-150x150.png\",\"caption\":\"Camila Torres\"},\"description\":\"Soy periodista y redactora en Diario22.ar, apasionada por las historias que conectan la actualidad con la gente. Me form\u00e9 en comunicaci\u00f3n social en Buenos Aires y desde entonces busco darle voz a lo cotidiano, con una mirada curiosa y humana. Creo que el periodismo no solo informa: tambi\u00e9n inspira y transforma.\",\"sameAs\":[\"https:\/\/www.diario22.ar\/notix2\"]}]}<\/script>\n<!-- \/ Yoast SEO plugin. -->","yoast_head_json":{"title":"Houseplant de Seth Rogen y Apple TV+ presentan una silla de director de edici\u00f3n limitada \u00abContinental Studios\u00bb - diario22.ar","robots":{"index":"index","follow":"follow","max-snippet":"max-snippet:-1","max-image-preview":"max-image-preview:large","max-video-preview":"max-video-preview:-1"},"canonical":"https:\/\/www.diario22.ar\/notix2\/houseplant-de-seth-rogen-y-apple-tv-presentan-una-silla-de-director-de-edicion-limitada-continental-studios\/","og_locale":"es_ES","og_type":"article","og_title":"Houseplant de Seth Rogen y Apple TV+ presentan una silla de director de edici\u00f3n limitada \u00abContinental Studios\u00bb - diario22.ar","og_description":"Con la serie The Studio de Apple TV+ de Seth Rogen y Evan Goldberg que arras\u00f3 en los Globos de","og_url":"https:\/\/www.diario22.ar\/notix2\/houseplant-de-seth-rogen-y-apple-tv-presentan-una-silla-de-director-de-edicion-limitada-continental-studios\/","og_site_name":"diario22.ar","article_published_time":"2026-01-22T10:34:54+00:00","article_modified_time":"2026-01-22T10:34:55+00:00","og_image":[{"width":1000,"height":500,"url":"https:\/\/www.diario22.ar\/notix2\/wp-content\/uploads\/2026\/01\/Houseplant-de-Seth-Rogen-y-Apple-TV-presentan-una-silla.com2Fimage2F20262F012F132FApple-TV-plus-seth-rogen-Houseplant-Directors.jpeg","type":"image\/jpeg"}],"author":"Camila Torres","twitter_card":"summary_large_image","twitter_misc":{"Escrito por":"Camila Torres","Tiempo de lectura":"1 minuto"},"schema":{"@context":"https:\/\/schema.org","@graph":[{"@type":"Article","@id":"https:\/\/www.diario22.ar\/notix2\/houseplant-de-seth-rogen-y-apple-tv-presentan-una-silla-de-director-de-edicion-limitada-continental-studios\/#article","isPartOf":{"@id":"https:\/\/www.diario22.ar\/notix2\/houseplant-de-seth-rogen-y-apple-tv-presentan-una-silla-de-director-de-edicion-limitada-continental-studios\/"},"author":{"name":"Camila Torres","@id":"https:\/\/www.diario22.ar\/notix2\/#\/schema\/person\/9266f03a2bd6dca79e788e180fb2deeb"},"headline":"Houseplant de Seth Rogen y Apple TV+ presentan una silla de director de edici\u00f3n limitada \u00abContinental Studios\u00bb","datePublished":"2026-01-22T10:34:54+00:00","dateModified":"2026-01-22T10:34:55+00:00","mainEntityOfPage":{"@id":"https:\/\/www.diario22.ar\/notix2\/houseplant-de-seth-rogen-y-apple-tv-presentan-una-silla-de-director-de-edicion-limitada-continental-studios\/"},"wordCount":301,"commentCount":0,"publisher":{"@id":"https:\/\/www.diario22.ar\/notix2\/#organization"},"image":{"@id":"https:\/\/www.diario22.ar\/notix2\/houseplant-de-seth-rogen-y-apple-tv-presentan-una-silla-de-director-de-edicion-limitada-continental-studios\/#primaryimage"},"thumbnailUrl":"https:\/\/www.diario22.ar\/notix2\/wp-content\/uploads\/2026\/01\/Houseplant-de-Seth-Rogen-y-Apple-TV-presentan-una-silla.com2Fimage2F20262F012F132FApple-TV-plus-seth-rogen-Houseplant-Directors.jpeg","keywords":["Apple","Continental","director","edici\u00f3n","Houseplant","limitada","presentan","Rogen","Seth","silla","Studios","una"],"articleSection":["Tendencias"],"inLanguage":"es-AR","potentialAction":[{"@type":"CommentAction","name":"Comment","target":["https:\/\/www.diario22.ar\/notix2\/houseplant-de-seth-rogen-y-apple-tv-presentan-una-silla-de-director-de-edicion-limitada-continental-studios\/#respond"]}]},{"@type":"WebPage","@id":"https:\/\/www.diario22.ar\/notix2\/houseplant-de-seth-rogen-y-apple-tv-presentan-una-silla-de-director-de-edicion-limitada-continental-studios\/","url":"https:\/\/www.diario22.ar\/notix2\/houseplant-de-seth-rogen-y-apple-tv-presentan-una-silla-de-director-de-edicion-limitada-continental-studios\/","name":"Houseplant de Seth Rogen y Apple TV+ presentan una silla de director de edici\u00f3n limitada \u00abContinental Studios\u00bb - diario22.ar","isPartOf":{"@id":"https:\/\/www.diario22.ar\/notix2\/#website"},"primaryImageOfPage":{"@id":"https:\/\/www.diario22.ar\/notix2\/houseplant-de-seth-rogen-y-apple-tv-presentan-una-silla-de-director-de-edicion-limitada-continental-studios\/#primaryimage"},"image":{"@id":"https:\/\/www.diario22.ar\/notix2\/houseplant-de-seth-rogen-y-apple-tv-presentan-una-silla-de-director-de-edicion-limitada-continental-studios\/#primaryimage"},"thumbnailUrl":"https:\/\/www.diario22.ar\/notix2\/wp-content\/uploads\/2026\/01\/Houseplant-de-Seth-Rogen-y-Apple-TV-presentan-una-silla.com2Fimage2F20262F012F132FApple-TV-plus-seth-rogen-Houseplant-Directors.jpeg","datePublished":"2026-01-22T10:34:54+00:00","dateModified":"2026-01-22T10:34:55+00:00","breadcrumb":{"@id":"https:\/\/www.diario22.ar\/notix2\/houseplant-de-seth-rogen-y-apple-tv-presentan-una-silla-de-director-de-edicion-limitada-continental-studios\/#breadcrumb"},"inLanguage":"es-AR","potentialAction":[{"@type":"ReadAction","target":["https:\/\/www.diario22.ar\/notix2\/houseplant-de-seth-rogen-y-apple-tv-presentan-una-silla-de-director-de-edicion-limitada-continental-studios\/"]}]},{"@type":"ImageObject","inLanguage":"es-AR","@id":"https:\/\/www.diario22.ar\/notix2\/houseplant-de-seth-rogen-y-apple-tv-presentan-una-silla-de-director-de-edicion-limitada-continental-studios\/#primaryimage","url":"https:\/\/www.diario22.ar\/notix2\/wp-content\/uploads\/2026\/01\/Houseplant-de-Seth-Rogen-y-Apple-TV-presentan-una-silla.com2Fimage2F20262F012F132FApple-TV-plus-seth-rogen-Houseplant-Directors.jpeg","contentUrl":"https:\/\/www.diario22.ar\/notix2\/wp-content\/uploads\/2026\/01\/Houseplant-de-Seth-Rogen-y-Apple-TV-presentan-una-silla.com2Fimage2F20262F012F132FApple-TV-plus-seth-rogen-Houseplant-Directors.jpeg","width":1000,"height":500},{"@type":"BreadcrumbList","@id":"https:\/\/www.diario22.ar\/notix2\/houseplant-de-seth-rogen-y-apple-tv-presentan-una-silla-de-director-de-edicion-limitada-continental-studios\/#breadcrumb","itemListElement":[{"@type":"ListItem","position":1,"name":"Home","item":"https:\/\/www.diario22.ar\/notix2\/"},{"@type":"ListItem","position":2,"name":"Houseplant de Seth Rogen y Apple TV+ presentan una silla de director de edici\u00f3n limitada \u00abContinental Studios\u00bb"}]},{"@type":"WebSite","@id":"https:\/\/www.diario22.ar\/notix2\/#website","url":"https:\/\/www.diario22.ar\/notix2\/","name":"diario22.ar","description":"Vive hoy &amp; descubre lo que viene","publisher":{"@id":"https:\/\/www.diario22.ar\/notix2\/#organization"},"potentialAction":[{"@type":"SearchAction","target":{"@type":"EntryPoint","urlTemplate":"https:\/\/www.diario22.ar\/notix2\/?s={search_term_string}"},"query-input":{"@type":"PropertyValueSpecification","valueRequired":true,"valueName":"search_term_string"}}],"inLanguage":"es-AR"},{"@type":"Organization","@id":"https:\/\/www.diario22.ar\/notix2\/#organization","name":"diario22.ar","url":"https:\/\/www.diario22.ar\/notix2\/","logo":{"@type":"ImageObject","inLanguage":"es-AR","@id":"https:\/\/www.diario22.ar\/notix2\/#\/schema\/logo\/image\/","url":"https:\/\/www.diario22.ar\/notix2\/wp-content\/uploads\/2025\/10\/cropped-Publish-1.png","contentUrl":"https:\/\/www.diario22.ar\/notix2\/wp-content\/uploads\/2025\/10\/cropped-Publish-1.png","width":1560,"height":722,"caption":"diario22.ar"},"image":{"@id":"https:\/\/www.diario22.ar\/notix2\/#\/schema\/logo\/image\/"}},{"@type":"Person","@id":"https:\/\/www.diario22.ar\/notix2\/#\/schema\/person\/9266f03a2bd6dca79e788e180fb2deeb","name":"Camila Torres","image":{"@type":"ImageObject","inLanguage":"es-AR","@id":"https:\/\/www.diario22.ar\/notix2\/#\/schema\/person\/image\/","url":"https:\/\/www.diario22.ar\/notix2\/wp-content\/uploads\/2025\/10\/diario22.ar-3-150x150.png","contentUrl":"https:\/\/www.diario22.ar\/notix2\/wp-content\/uploads\/2025\/10\/diario22.ar-3-150x150.png","caption":"Camila Torres"},"description":"Soy periodista y redactora en Diario22.ar, apasionada por las historias que conectan la actualidad con la gente. Me form\u00e9 en comunicaci\u00f3n social en Buenos Aires y desde entonces busco darle voz a lo cotidiano, con una mirada curiosa y humana. Creo que el periodismo no solo informa: tambi\u00e9n inspira y transforma.","sameAs":["https:\/\/www.diario22.ar\/notix2"]}]}},"_links":{"self":[{"href":"https:\/\/www.diario22.ar\/notix2\/wp-json\/wp\/v2\/posts\/51098","targetHints":{"allow":["GET"]}}],"collection":[{"href":"https:\/\/www.diario22.ar\/notix2\/wp-json\/wp\/v2\/posts"}],"about":[{"href":"https:\/\/www.diario22.ar\/notix2\/wp-json\/wp\/v2\/types\/post"}],"author":[{"embeddable":true,"href":"https:\/\/www.diario22.ar\/notix2\/wp-json\/wp\/v2\/users\/1"}],"replies":[{"embeddable":true,"href":"https:\/\/www.diario22.ar\/notix2\/wp-json\/wp\/v2\/comments?post=51098"}],"version-history":[{"count":1,"href":"https:\/\/www.diario22.ar\/notix2\/wp-json\/wp\/v2\/posts\/51098\/revisions"}],"predecessor-version":[{"id":51100,"href":"https:\/\/www.diario22.ar\/notix2\/wp-json\/wp\/v2\/posts\/51098\/revisions\/51100"}],"wp:featuredmedia":[{"embeddable":true,"href":"https:\/\/www.diario22.ar\/notix2\/wp-json\/wp\/v2\/media\/51099"}],"wp:attachment":[{"href":"https:\/\/www.diario22.ar\/notix2\/wp-json\/wp\/v2\/media?parent=51098"}],"wp:term":[{"taxonomy":"category","embeddable":true,"href":"https:\/\/www.diario22.ar\/notix2\/wp-json\/wp\/v2\/categories?post=51098"},{"taxonomy":"post_tag","embeddable":true,"href":"https:\/\/www.diario22.ar\/notix2\/wp-json\/wp\/v2\/tags?post=51098"}],"curies":[{"name":"wp","href":"https:\/\/api.w.org\/{rel}","templated":true}]}}