{"id":51062,"date":"2026-01-20T07:36:26","date_gmt":"2026-01-20T10:36:26","guid":{"rendered":"https:\/\/www.diario22.ar\/notix2\/los-mejores-stands-para-ver-en-art-sg-2026\/"},"modified":"2026-01-20T07:36:26","modified_gmt":"2026-01-20T10:36:26","slug":"los-mejores-stands-para-ver-en-art-sg-2026","status":"publish","type":"post","link":"https:\/\/www.diario22.ar\/notix2\/los-mejores-stands-para-ver-en-art-sg-2026\/","title":{"rendered":"Los mejores stands para ver en ART SG 2026"},"content":{"rendered":"<p>La Semana del Arte de Singapur 2026 est\u00e1 prevista para abrir el 23 de enero, transformando la Ciudad Le\u00f3n en el destino principal de la temporada para el coleccionista exigente. A la cabeza est\u00e1 ART SG, una exhibici\u00f3n de gran envergadura en Marina Bay Sands donde titanes de primer nivel como White Cube presentan plantillas de nivel museo junto al rigor intelectual de S.E.A. Focus. Desde las superficies opulentas de Raqib Shaw hasta una subasta hist\u00f3rica de Sotheby\u2019s con grabados raros de Hockney, la oferta es tanto una inversi\u00f3n como un placer est\u00e9tico.<\/p>\n<p>Consulta nuestra lista curada de algunas de las mejores galer\u00edas para visitar en ART SG 2026, junto con una menci\u00f3n especial.<\/p>\n<div>\n<div class=\"inner-container\">\n<div class=\"inner-content\">\n<div class=\"adunit-wrapper\">\n<div class=\"in-content-ad-outer\">\n<p><!-- Tag ID: HBENGLOB_ATF_INCONTENT --><\/p>\n<div class=\"adunit in-content lazy-load no-init\" data-freestar-ad=\"__300x250\" data-adunit=\"HBENGLOB_ATF_INCONTENT\" data-targeting='{\"HBSiteLoc\":[\"ros\",\"article\"],\"HBSiteCat\":[\"art\",\"features\",\"singapore-art-week\",\"art-sg\",\"art-sg-2026\"],\"HBSitePage\":\"0\",\"HBSiteLang\":\"en\",\"country\":\"us\",\"region\":\"naam\",\"subRegion\":\"\",\"HBArticle\":6654355,\"HBBlacklist\":\"1\"}'><\/div>\n<\/p><\/div>\n<\/p><\/div>\n<\/p><\/div>\n<\/p><\/div>\n<\/div>\n<p><strong>ART SG 2026<\/strong><br \/>\nMarina Bay Sands<br \/>\nSingapur<br \/>\n23 de enero \u2013 25 de enero de 2026\n<\/p>\n<h2>STPI<\/h2>\n<blockquote class=\"instagram-media bypass\" style=\"background: #FFF; border: 0; border-radius: 3px; box-shadow: 0 0 1px 0 rgba(0,0,0,0.5),0 1px 10px 0 rgba(0,0,0,0.15); margin: 1px; max-width: 540px; min-width: 326px; padding: 0; width: calc(100% - 2px);\" data-instgrm-captioned=\"\" data-instgrm-permalink=\"https:\/\/www.instagram.com\/p\/DTcoagkicUT\/?utm_source=ig_embed&amp;utm_campaign=loading\" data-instgrm-version=\"14\">\n<div style=\"padding: 16px;\">\n<p>\u00a0<\/p>\n<div style=\"display: flex; flex-direction: row; align-items: center;\">\n<div style=\"background-color: #f4f4f4; border-radius: 50%; flex-grow: 0; height: 40px; margin-right: 14px; width: 40px;\"><\/div>\n<div style=\"display: flex; flex-direction: column; flex-grow: 1; justify-content: center;\">\n<div style=\"background-color: #f4f4f4; border-radius: 4px; flex-grow: 0; height: 14px; margin-bottom: 6px; width: 100px;\"><\/div>\n<div style=\"background-color: #f4f4f4; border-radius: 4px; flex-grow: 0; height: 14px; width: 60px;\"><\/div>\n<\/div>\n<\/div>\n<div style=\"padding: 19% 0;\"><\/div>\n<div style=\"display: block; height: 50px; margin: 0 auto 12px; width: 50px;\"><\/div>\n<div style=\"padding-top: 8px;\">\n<div style=\"color: #3897f0; font-family: Arial,sans-serif; font-size: 14px; font-style: normal; font-weight: 550; line-height: 18px;\">View this post on Instagram<\/div>\n<\/div>\n<div style=\"padding: 12.5% 0;\"><\/div>\n<div style=\"display: flex; flex-direction: row; margin-bottom: 14px; align-items: center;\">\n<div>\n<div style=\"background-color: #f4f4f4; border-radius: 50%; height: 12.5px; width: 12.5px; transform: translateX(0px) translateY(7px);\"><\/div>\n<div style=\"background-color: #f4f4f4; height: 12.5px; transform: rotate(-45deg) translateX(3px) translateY(1px); width: 12.5px; flex-grow: 0; margin-right: 14px; margin-left: 2px;\"><\/div>\n<div style=\"background-color: #f4f4f4; border-radius: 50%; height: 12.5px; width: 12.5px; transform: translateX(9px) translateY(-18px);\"><\/div>\n<\/div>\n<div style=\"margin-left: 8px;\">\n<div style=\"background-color: #f4f4f4; border-radius: 50%; flex-grow: 0; height: 20px; width: 20px;\"><\/div>\n<div style=\"width: 0; height: 0; border-top: 2px solid transparent; border-left: 6px solid #f4f4f4; border-bottom: 2px solid transparent; transform: translateX(16px) translateY(-4px) rotate(30deg);\"><\/div>\n<\/div>\n<div style=\"margin-left: auto;\">\n<div style=\"width: 0px; border-top: 8px solid #F4F4F4; border-right: 8px solid transparent; transform: translateY(16px);\"><\/div>\n<div style=\"background-color: #f4f4f4; flex-grow: 0; height: 12px; width: 16px; transform: translateY(-4px);\"><\/div>\n<div style=\"width: 0; height: 0; border-top: 8px solid #F4F4F4; border-left: 8px solid transparent; transform: translateY(-4px) translateX(8px);\"><\/div>\n<\/div>\n<\/div>\n<div style=\"display: flex; flex-direction: column; flex-grow: 1; justify-content: center; margin-bottom: 24px;\">\n<div style=\"background-color: #f4f4f4; border-radius: 4px; flex-grow: 0; height: 14px; margin-bottom: 6px; width: 224px;\"><\/div>\n<div style=\"background-color: #f4f4f4; border-radius: 4px; flex-grow: 0; height: 14px; width: 144px;\"><\/div>\n<\/div>\n<p>\u00a0<\/p>\n<p style=\"color: #c9c8cd; font-family: Arial,sans-serif; font-size: 14px; line-height: 17px; margin-bottom: 0; margin-top: 8px; overflow: hidden; padding: 8px 0 7px; text-align: center; text-overflow: ellipsis; white-space: nowrap;\">Una publicaci\u00f3n compartida por STPI (@stpi_singapore)\n<\/p>\n<\/blockquote>\n<p><strong>Location:<\/strong> Booth BB10, y Exposiciones Especiales <em>The Print Show<\/em> (del 22 al 31 de enero, STPI, 41 Robertson Quay) y <em>Symposium<\/em> (del 23 al 24 de enero, 72-13, Mohamed Sultan Road)<br \/>\n<\/em><strong>Por qu\u00e9 merece la pena verla:<\/strong> STPI est\u00e1 haciendo una declaraci\u00f3n definitiva para 2026. Mientras que el stand principal de la galer\u00eda (BB10) destacar\u00e1 proyectos de colaboraci\u00f3n ic\u00f3nicos, la pieza central de la temporada es <em>The Print Show &amp; Symposium Singapore<\/em>. <em>The Print Show<\/em> entrega una cartelera de alto impacto, con Jeff Koons \u2014presentando su serie Gazing Ball\u2014 junto a obras de Louise Bourgeois, Takashi Murakami y David Hockney. En paralelo se desarrolla el <em>Symposium<\/em>, titulado <em>The Politics of Print: elephant in the room<\/em>, que re\u00fane a 25 curadores, directores de museos y pensadores culturales para diseccionar el papel evolutivo del medio en el panorama contempor\u00e1neo.\n<\/p>\n<h2>White Cube<\/h2>\n<div class=\"shortcode-slider before-booted full-screen-enabled light\" data-width=\"100%\" data-animate=\"slide\" data-slideshow=\"\" data-loop=\"\" data-slideshowspeed=\"7000\" data-group-cells=\"1\">\n<div class=\"flickity-carousel\">\n<div class=\"flickity-carousel-cell\" data-gallery-index=\"1\"><span class=\"gallery-image-index\"><span class=\"sprite-gallery-expand\"><\/span><\/span><\/p>\n<div class=\"wp-caption alignnone\">\n<picture><source  media=\" \n(min-width: 1200px) and (-webkit-min-device-pixel-ratio: 2),\n                                        (min-width: 1200px) and (min-resolution: 192dpi)\n                                    \"><source  media=\"(min-width: 1200px)\"><source  media=\" \n(min-width: 992px) and (-webkit-min-device-pixel-ratio: 2),\n                                        (min-width: 992px) and (min-resolution: 192dpi)\n                                    \"><source  media=\"(min-width: 992px)\"><source  media=\" \n(min-width: 768px) and (-webkit-min-device-pixel-ratio: 2),\n                                        (min-width: 768px) and (min-resolution: 192dpi)\n                                    \"><source  media=\"(min-width: 768px)\"><source  media=\" \n(min-width: 576px) and (-webkit-min-device-pixel-ratio: 2),\n                                        (min-width: 576px) and (min-resolution: 192dpi)\n                                    \"><source  media=\"(min-width: 576px)\"><source  media=\" \n(min-width: 0px) and (-webkit-min-device-pixel-ratio: 2),\n                                        (min-width: 0px) and (min-resolution: 192dpi)\n                                    \"><source  media=\"(min-width: 0px)\"><\/source><\/source><\/source><\/source><\/source><\/source><\/source><\/source><\/source><\/source><\/picture>\n<\/div>\n<\/div>\n<\/div>\n<\/div>\n<p><strong>Ubicaci\u00f3n:<\/strong> Stand BC05<br \/>\n<strong>Por qu\u00e9 merece la pena verlo:<\/strong> Como mega-galer\u00eda global, la presencia de White Cube es siempre un bar\u00f3metro del prestigio de la feria. Para 2026, lo m\u00e1s destacado probablemente sea Raqib Shaw. Conocido por sus superficies opulentas, semejantes a joyas, que representan mundos fant\u00e1sticos y a menudo oscuros, el trabajo de Shaw exige verse en persona para apreciar el minucioso esmaltado y la aplicaci\u00f3n de rhinestones. El stand suele presentar una selecci\u00f3n de alto brillo, de nivel museo, a menudo situando el exceso contempor\u00e1neo de Shaw en conversaci\u00f3n con el quieto minimalismo de artistas como Isamu Noguchi, creando una tensi\u00f3n visualmente impactante.<\/p>\n<h2>S.E.A. Focus<\/h2>\n<blockquote class=\"instagram-media bypass\" style=\"background: #FFF; border: 0; border-radius: 3px; box-shadow: 0 0 1px 0 rgba(0,0,0,0.5),0 1px 10px 0 rgba(0,0,0,0.15); margin: 1px; max-width: 540px; min-width: 326px; padding: 0; width: calc(100% - 2px);\" data-instgrm-captioned=\"\" data-instgrm-permalink=\"https:\/\/www.instagram.com\/reel\/DTjiJvUkVQS\/?utm_source=ig_embed&amp;utm_campaign=loading\" data-instgrm-version=\"14\">\n<div style=\"padding: 16px;\">\n<p>\u00a0<\/p>\n<div style=\"display: flex; flex-direction: row; align-items: center;\">\n<div style=\"background-color: #f4f4f4; border-radius: 50%; flex-grow: 0; height: 40px; margin-right: 14px; width: 40px;\"><\/div>\n<div style=\"display: flex; flex-direction: column; flex-grow: 1; justify-content: center;\">\n<div style=\"background-color: #f4f4f4; border-radius: 4px; flex-grow: 0; height: 14px; margin-bottom: 6px; width: 100px;\"><\/div>\n<div style=\"background-color: #f4f4f4; border-radius: 4px; flex-grow: 0; height: 14px; width: 60px;\"><\/div>\n<\/div>\n<\/div>\n<div style=\"padding: 19% 0;\"><\/div>\n<div style=\"display: block; height: 50px; margin: 0 auto 12px; width: 50px;\"><\/div>\n<div style=\"padding-top: 8px;\">\n<div style=\"color: #3897f0; font-family: Arial,sans-serif; font-size: 14px; font-style: normal; font-weight: 550; line-height: 18px;\">View this post on Instagram<\/div>\n<\/div>\n<div style=\"padding: 12.5% 0;\"><\/div>\n<div style=\"display: flex; flex-direction: row; margin-bottom: 14px; align-items: center;\">\n<div>\n<div style=\"background-color: #f4f4f4; border-radius: 50%; height: 12.5px; width: 12.5px; transform: translateX(0px) translateY(7px);\"><\/div>\n<div style=\"background-color: #f4f4f4; height: 12.5px; transform: rotate(-45deg) translateX(3px) translateY(1px); width: 12.5px; flex-grow: 0; margin-right: 14px; margin-left: 2px;\"><\/div>\n<div style=\"background-color: #f4f4f4; border-radius: 50%; height: 12.5px; width: 12.5px; transform: translateX(9px) translateY(-18px);\"><\/div>\n<\/div>\n<div style=\"margin-left: 8px;\">\n<div style=\"background-color: #f4f4f4; border-radius: 50%; flex-grow: 0; height: 20px; width: 20px;\"><\/div>\n<div style=\"width: 0; height: 0; border-top: 2px solid transparent; border-left: 6px solid #f4f4f4; border-bottom: 2px solid transparent; transform: translateX(16px) translateY(-4px) rotate(30deg);\"><\/div>\n<\/div>\n<div style=\"margin-left: auto;\">\n<div style=\"width: 0px; border-top: 8px solid #F4F4F4; border-right: 8px solid transparent; transform: translateY(16px);\"><\/div>\n<div style=\"background-color: #f4f4f4; flex-grow: 0; height: 12px; width: 16px; transform: translateY(-4px);\"><\/div>\n<div style=\"width: 0; height: 0; border-top: 8px solid #F4F4F4; border-left: 8px solid transparent; transform: translateY(-4px) translateX(8px);\"><\/div>\n<\/div>\n<\/div>\n<div style=\"display: flex; flex-direction: column; flex-grow: 1; justify-content: center; margin-bottom: 24px;\">\n<div style=\"background-color: #f4f4f4; border-radius: 4px; flex-grow: 0; height: 14px; margin-bottom: 6px; width: 224px;\"><\/div>\n<div style=\"background-color: #f4f4f4; border-radius: 4px; flex-grow: 0; height: 14px; width: 144px;\"><\/div>\n<\/div>\n<p>\u00a0<\/p>\n<p style=\"color: #c9c8cd; font-family: Arial,sans-serif; font-size: 14px; line-height: 17px; margin-bottom: 0; margin-top: 8px; overflow: hidden; padding: 8px 0 7px; text-align: center; text-overflow: ellipsis; white-space: nowrap;\">Una publicaci\u00f3n compartida por S.E.A. Focus (@seafocus)\n<\/p>\n<\/div>\n<\/blockquote>\n<p><strong>Ubicaci\u00f3n:<\/strong> Integrado dentro de ART SG<br \/>\n<strong>Por qu\u00e9 es imprescindible verlo:<\/strong> Anteriormente una carpa independiente, S.E.A. Focus est\u00e1 ahora integrado en ART SG pero conserva su alma curatorial distintiva. Curado por John Z.W. Tung bajo el tema \u201cLa Agencia Humana\u201d, esta secci\u00f3n evita la sensaci\u00f3n de \u201cmall de arte\u201d de la feria. Funciona m\u00e1s como una bienal, explorando c\u00f3mo los artistas act\u00faan como agentes de compasi\u00f3n en un mundo fracturado. Busca la obra de la artista filipina Nicole Coson, que a menudo trata sobre la invisibilidad y el trabajo dom\u00e9stico, y de la veterana indonesia Arahmaiani. Este es el coraz\u00f3n intelectual de la semana, que ofrece un contexto regional profundo m\u00e1s all\u00e1 de la mera est\u00e9tica.<\/p>\n<h2>Alisan Fine Arts<\/h2>\n<blockquote class=\"instagram-media bypass\" style=\"background: #FFF; border: 0; border-radius: 3px; box-shadow: 0 0 1px 0 rgba(0,0,0,0.5),0 1px 10px 0 rgba(0,0,0,0.15); margin: 1px; max-width: 540px; min-width: 326px; padding: 0; width: calc(100% - 2px);\" data-instgrm-captioned=\"\" data-instgrm-permalink=\"https:\/\/www.instagram.com\/reel\/DTdCd9WkcaZ\/?utm_source=ig_embed&amp;utm_campaign=loading\" data-instgrm-version=\"14\">\n<div style=\"padding: 16px;\">\n<p>\u00a0<\/p>\n<div style=\"display: flex; flex-direction: row; align-items: center;\">\n<div style=\"background-color: #f4f4f4; border-radius: 50%; flex-grow: 0; height: 40px; margin-right: 14px; width: 40px;\"><\/div>\n<div style=\"display: flex; flex-direction: column; flex-grow: 1; justify-content: center;\">\n<div style=\"background-color: #f4f4f4; border-radius: 4px; flex-grow: 0; height: 14px; margin-bottom: 6px; width: 100px;\"><\/div>\n<div style=\"background-color: #f4f4f4; border-radius: 4px; flex-grow: 0; height: 14px; width: 60px;\"><\/div>\n<\/div>\n<\/div>\n<div style=\"padding: 19% 0;\"><\/div>\n<div style=\"display: block; height: 50px; margin: 0 auto 12px; width: 50px;\"><\/div>\n<div style=\"padding-top: 8px;\">\n<div style=\"color: #3897f0; font-family: Arial,sans-serif; font-size: 14px; font-style: normal; font-weight: 550; line-height: 18px;\">View this post on Instagram<\/div>\n<\/div>\n<div style=\"padding: 12.5% 0;\"><\/div>\n<div style=\"display: flex; flex-direction: row; margin-bottom: 14px; align-items: center;\">\n<div>\n<div style=\"background-color: #f4f4f4; border-radius: 50%; height: 12.5px; width: 12.5px; transform: translateX(0px) translateY(7px);\"><\/div>\n<div style=\"background-color: #f4f4f4; height: 12.5px; transform: rotate(-45deg) translateX(3px) translateY(1px); width: 12.5px; flex-grow: 0; margin-right: 14px; margin-left: 2px;\"><\/div>\n<div style=\"background-color: #f4f4f4; border-radius: 50%; height: 12.5px; width: 12.5px; transform: translateX(9px) translateY(-18px);\"><\/div>\n<\/div>\n<div style=\"margin-left: 8px;\">\n<div style=\"background-color: #f4f4f4; border-radius: 50%; flex-grow: 0; height: 20px; width: 20px;\"><\/div>\n<div style=\"width: 0; height: 0; border-top: 2px solid transparent; border-left: 6px solid #f4f4f4; border-bottom: 2px solid transparent; transform: translateX(16px) translateY(-4px) rotate(30deg);\"><\/div>\n<\/div>\n<div style=\"margin-left: auto;\">\n<div style=\"width: 0px; border-top: 8px solid #F4F4F4; border-right: 8px solid transparent; transform: translateY(16px);\"><\/div>\n<div style=\"background-color: #f4f4f4; flex-grow: 0; height: 12px; width: 16px; transform: translateY(-4px);\"><\/div>\n<div style=\"width: 0; height: 0; border-top: 8px solid #F4F4F4; border-left: 8px solid transparent; transform: translateY(-4px) translateX(8px);\"><\/div>\n<\/div>\n<\/div>\n<div style=\"display: flex; flex-direction: column; flex-grow: 1; justify-content: center; margin-bottom: 24px;\">\n<div style=\"background-color: #f4f4f4; border-radius: 4px; flex-grow: 0; height: 14px; margin-bottom: 6px; width: 224px;\"><\/div>\n<div style=\"background-color: #f4f4f4; border-radius: 4px; flex-grow: 0; height: 14px; width: 144px;\"><\/div>\n<\/div>\n<p>\u00a0<\/p>\n<p style=\"color: #c9c8cd; font-family: Arial,sans-serif; font-size: 14px; line-height: 17px; margin-bottom: 0; margin-top: 8px; overflow: hidden; padding: 8px 0 7px; text-align: center; text-overflow: ellipsis; white-space: nowrap;\">Una publicaci\u00f3n compartida por Alisan Fine Arts (@alisanfinearts)\n<\/p>\n<\/div>\n<\/blockquote>\n<p><strong>Ubicaci\u00f3n:<\/strong> Stand BD02<br \/>\n<strong>Por qu\u00e9 merece la pena verlo:<\/strong> Celebrando su 45.\u00ba aniversario, esta instituci\u00f3n de Hong Kong ofrece una impresionante retrospectiva del movimiento \u201cNuevo Tinta\u201d. El stand traza una genealog\u00eda desde el fundador del movimiento, Lui Shou-kwan, hasta innovadores contempor\u00e1neos. El punto culminante es Wang Mengsha, cuyas obras infunden humor y una sensibilidad pop-art en motivos tradicionales de pintura de eruditos (piensa en doncellas de la corte encontr\u00e1ndose con caprichos modernos). Tambi\u00e9n busca las obras escult\u00f3ricas de Ming Fay que exploran la relaci\u00f3n hombre-naturaleza, proporcionando un contrapunto 3D al papel sobre papel. Es un stand perfecto para entender c\u00f3mo la tradici\u00f3n se est\u00e1 remixando para el futuro.<\/p>\n<h2>Special Project: \u201cWan Hai Hotel: Singapore Strait\u201d<\/h2>\n<blockquote class=\"instagram-media bypass\" style=\"background: #FFF; border: 0; border-radius: 3px; box-shadow: 0 0 1px 0 rgba(0,0,0,0.5),0 1px 10px 0 rgba(0,0,0,0.15); margin: 1px; max-width: 540px; min-width: 326px; padding: 0; width: calc(100% - 2px);\" data-instgrm-captioned=\"\" data-instgrm-permalink=\"https:\/\/www.instagram.com\/p\/DS7pMVFEbEX\/?utm_source=ig_embed&#038;utm_campaign=loading\" data-instgrm-version=\"14\">\n<div style=\"padding: 16px;\">\n<p>\u00a0<\/p>\n<div style=\"display: flex; flex-direction: row; align-items: center;\">\n<div style=\"background-color: #f4f4f4; border-radius: 50%; flex-grow: 0; height: 40px; margin-right: 14px; width: 40px;\"><\/div>\n<div style=\"display: flex; flex-direction: column; flex-grow: 1; justify-content: center;\">\n<div style=\"background-color: #f4f4f4; border-radius: 4px; flex-grow: 0; height: 14px; margin-bottom: 6px; width: 100px;\"><\/div>\n<div style=\"background-color: #f4f4f4; border-radius: 4px; flex-grow: 0; height: 14px; width: 60px;\"><\/div>\n<\/div>\n<\/div>\n<div style=\"padding: 19% 0;\"><\/div>\n<div style=\"display: block; height: 50px; margin: 0 auto 12px; width: 50px;\"><\/div>\n<div style=\"padding-top: 8px;\">\n<div style=\"color: #3897f0; font-family: Arial,sans-serif; font-size: 14px; font-style: normal; font-weight: 550; line-height: 18px;\">View this post on Instagram<\/div>\n<\/div>\n<div style=\"padding: 12.5% 0;\"><\/div>\n<div style=\"display: flex; flex-direction: row; margin-bottom: 14px; align-items: center;\">\n<div>\n<div style=\"background-color: #f4f4f4; border-radius: 50%; height: 12.5px; width: 12.5px; transform: translateX(0px) translateY(7px);\"><\/div>\n<div style=\"background-color: #f4f4f4; height: 12.5px; transform: rotate(-45deg) translateX(3px) translateY(1px); width: 12.5px; flex-grow: 0; margin-right: 14px; margin-left: 2px;\"><\/div>\n<div style=\"background-color: #f4f4f4; border-radius: 50%; height: 12.5px; width: 12.5px; transform: translateX(9px) translateY(-18px);\"><\/div>\n<\/div>\n<div style=\"margin-left: 8px;\">\n<div style=\"background-color: #f4f4f4; border-radius: 50%; flex-grow: 0; height: 20px; width: 20px;\"><\/div>\n<div style=\"width: 0; height: 0; border-top: 2px solid transparent; border-left: 6px solid #f4f4f4; border-bottom: 2px solid transparent; transform: translateX(16px) translateY(-4px) rotate(30deg);\"><\/div>\n<\/div>\n<div style=\"margin-left: auto;\">\n<div style=\"width: 0px; border-top: 8px solid #F4F4F4; border-right: 8px solid transparent; transform: translateY(16px);\"><\/div>\n<div style=\"background-color: #f4f4f4; flex-grow: 0; height: 12px; width: 16px; transform: translateY(-4px);\"><\/div>\n<div style=\"width: 0; height: 0; border-top: 8px solid #F4F4F4; border-left: 8px solid transparent; transform: translateY(-4px) translateX(8px);\"><\/div>\n<\/div>\n<\/div>\n<div style=\"display: flex; flex-direction: column; flex-grow: 1; justify-content: center; margin-bottom: 24px;\">\n<div style=\"background-color: #f4f4f4; border-radius: 4px; flex-grow: 0; height: 14px; margin-bottom: 6px; width: 224px;\"><\/div>\n<div style=\"background-color: #f4f4f4; border-radius: 4px; flex-grow: 0; height: 14px; width: 144px;\"><\/div>\n<\/div>\n<p>\u00a0<\/p>\n<p style=\"color: #c9c8cd; font-family: Arial,sans-serif; font-size: 14px; line-height: 17px; margin-bottom: 0; margin-top: 8px; overflow: hidden; padding: 8px 0 7px; text-align: center; text-overflow: ellipsis; white-space: nowrap;\">Una publicaci\u00f3n compartida por Rockbund Art Museum (@rockbundartmuseum)\n<\/p>\n<\/div>\n<\/blockquote>\n<p><strong>Location:<\/strong> The Warehouse Hotel<br \/>\n<strong>Por qu\u00e9 es imprescindible verlo:<\/strong> Aunque t\u00e9cnicamente fuera del recinto, este es uno de los \u201cstands\u201d m\u00e1s comentados de 2026. Una colaboraci\u00f3n entre ART SG y el Rockbund Art Museum, transforma el vest\u00edbulo del The Warehouse Hotel en una exposici\u00f3n \u201cviva\u201d. Artistas como Ming Wong y Dawn Ng intervienen en el espacio de hosteler\u00eda \u2014 imagina una instalaci\u00f3n de video en la recepci\u00f3n o una actuaci\u00f3n en el bar. Desaf\u00eda el formato de cubo blanco de la feria. Es inmersivo, espec\u00edfico del lugar y presenta a una \u201clista de protagonistas\u201d del arte contempor\u00e1neo de Singapur en un entorno que difumina la l\u00ednea entre hu\u00e9sped y espectador.<\/p>\n<h2>Special Mention: Sotheby\u2019s Modern and Contemporary Art Auction<\/h2>\n<div class=\"shortcode-slider before-booted full-screen-enabled light\" data-width=\"100%\" data-animate=\"slide\" data-slideshow=\"\" data-loop=\"\" data-slideshowspeed=\"7000\" data-group-cells=\"1\">\n<div class=\"flickity-carousel\">\n<div class=\"flickity-carousel-cell\" data-gallery-index=\"1\"><span class=\"gallery-image-index\"><span class=\"sprite-gallery-expand\"><\/span><\/span><\/p>\n<div class=\"wp-caption alignnone\">\n<picture><source  media=\" \n(min-width: 1200px) and (-webkit-min-device-pixel-ratio: 2),\n                                        (min-width: 1200px) and (min-resolution: 192dpi)\n                                    \"><source  media=\"(min-width: 1200px)\"><source  media=\" \n(min-width: 992px) and (-webkit-min-device-pixel-ratio: 2),\n                                        (min-width: 992px) and (min-resolution: 192dpi)\n                                    \"><source  media=\"(min-width: 992px)\"><source  media=\" \n(min-width: 768px) and (-webkit-min-device-pixel-ratio: 2),\n                                        (min-width: 768px) and (min-resolution: 192dpi)\n                                    \"><source  media=\"(min-width: 768px)\"><source  media=\" \n(min-width: 576px) and (-webkit-min-device-pixel-ratio: 2),\n                                        (min-width: 576px) and (min-resolution: 192dpi)\n                                    \"><source  media=\"(min-width: 576px)\"><source  media=\" \n(min-width: 0px) and (-webkit-min-device-pixel-ratio: 2),\n                                        (min-width: 0px) and (min-resolution: 192dpi)\n                                    \"><source  media=\"(min-width: 0px)\"><img decoding=\"async\" src=\"https:\/\/www.diario22.ar\/notix2\/wp-content\/uploads\/2026\/01\/1768905386_975_Los-mejores-stands-para-ver-en-ART-SG-2026.jpg\" alt=\"Best Booths To See ART SG 2026\"><br \/>\n                                <\/source><\/source><\/source><\/source><\/source><\/source><\/source><\/source><\/source><\/source><\/picture>\n<\/div>\n<\/div>\n<\/div>\n<\/div>\n<p><strong>Ubicaci\u00f3n:<\/strong> The Singapore EDITION<br \/>\n<strong>Por qu\u00e9 merece la pena verlo:<\/strong> Coincidiendo con la Singapore Art Week, Sotheby\u2019s organiza una subasta importante encabezada por dos raridades hist\u00f3ricas: \u201cThe Ice Skaters\u201d (1922) de Walter Spies, una obra maestra de preguerra, y \u201cThe Eruption of Mount Merapi\u201d de Raden Saleh, una joya reci\u00e9n puesta en el mercado que no se ve\u00eda en un siglo. La venta une el Este y el Oeste, contando con modernistas vietnamitas como Le Pho junto al debut en la subasta de Hockney para Singapur. Con pesos pesados de primer nivel como Zao Wou-Ki y Takashi Murakami tambi\u00e9n en puja, esta presentaci\u00f3n subraya el creciente poder de los coleccionistas del Sudeste Asi\u00e1tico. Las exposiciones p\u00fablicas se realizan diariamente hasta la venta en vivo. <\/p>\n<p><script async src=\"\/\/www.instagram.com\/embed.js\"><\/script><\/p>\n","protected":false},"excerpt":{"rendered":"<p>La Semana del Arte de Singapur 2026 est\u00e1 prevista para abrir el 23 de enero, transformando la Ciudad Le\u00f3n en<\/p>\n","protected":false},"author":1,"featured_media":51063,"comment_status":"open","ping_status":"open","sticky":false,"template":"","format":"standard","meta":{"footnotes":""},"categories":[8],"tags":[1275,172,838,104,1987,1988],"class_list":["post-51062","post","type-post","status-publish","format-standard","has-post-thumbnail","hentry","category-arte","tag-art","tag-los","tag-mejores","tag-para","tag-stands","tag-ver","generate-columns","tablet-grid-50","mobile-grid-100","grid-parent","grid-50"],"yoast_head":"<!-- This site is optimized with the Yoast SEO plugin v26.1.1 - https:\/\/yoast.com\/wordpress\/plugins\/seo\/ -->\n<title>Los mejores stands para ver en ART SG 2026 - diario22.ar<\/title>\n<meta name=\"robots\" content=\"index, follow, max-snippet:-1, max-image-preview:large, max-video-preview:-1\" \/>\n<link rel=\"canonical\" href=\"https:\/\/www.diario22.ar\/notix2\/los-mejores-stands-para-ver-en-art-sg-2026\/\" \/>\n<meta property=\"og:locale\" content=\"es_ES\" \/>\n<meta property=\"og:type\" content=\"article\" \/>\n<meta property=\"og:title\" content=\"Los mejores stands para ver en ART SG 2026 - diario22.ar\" \/>\n<meta property=\"og:description\" content=\"La Semana del Arte de Singapur 2026 est\u00e1 prevista para abrir el 23 de enero, transformando la Ciudad Le\u00f3n en\" \/>\n<meta property=\"og:url\" content=\"https:\/\/www.diario22.ar\/notix2\/los-mejores-stands-para-ver-en-art-sg-2026\/\" \/>\n<meta property=\"og:site_name\" content=\"diario22.ar\" \/>\n<meta property=\"article:published_time\" content=\"2026-01-20T10:36:26+00:00\" \/>\n<meta property=\"og:image\" content=\"https:\/\/www.diario22.ar\/notix2\/wp-content\/uploads\/2026\/01\/Los-mejores-stands-para-ver-en-ART-SG-2026.j.jpeg\" \/>\n\t<meta property=\"og:image:width\" content=\"1000\" \/>\n\t<meta property=\"og:image:height\" content=\"500\" \/>\n\t<meta property=\"og:image:type\" content=\"image\/jpeg\" \/>\n<meta name=\"author\" content=\"Camila Torres\" \/>\n<meta name=\"twitter:card\" content=\"summary_large_image\" \/>\n<meta name=\"twitter:label1\" content=\"Escrito por\" \/>\n\t<meta name=\"twitter:data1\" content=\"Camila Torres\" \/>\n\t<meta name=\"twitter:label2\" content=\"Tiempo de lectura\" \/>\n\t<meta name=\"twitter:data2\" content=\"5 minutos\" \/>\n<script type=\"application\/ld+json\" class=\"yoast-schema-graph\">{\"@context\":\"https:\/\/schema.org\",\"@graph\":[{\"@type\":\"Article\",\"@id\":\"https:\/\/www.diario22.ar\/notix2\/los-mejores-stands-para-ver-en-art-sg-2026\/#article\",\"isPartOf\":{\"@id\":\"https:\/\/www.diario22.ar\/notix2\/los-mejores-stands-para-ver-en-art-sg-2026\/\"},\"author\":{\"name\":\"Camila Torres\",\"@id\":\"https:\/\/www.diario22.ar\/notix2\/#\/schema\/person\/9266f03a2bd6dca79e788e180fb2deeb\"},\"headline\":\"Los mejores stands para ver en ART SG 2026\",\"datePublished\":\"2026-01-20T10:36:26+00:00\",\"mainEntityOfPage\":{\"@id\":\"https:\/\/www.diario22.ar\/notix2\/los-mejores-stands-para-ver-en-art-sg-2026\/\"},\"wordCount\":973,\"commentCount\":0,\"publisher\":{\"@id\":\"https:\/\/www.diario22.ar\/notix2\/#organization\"},\"image\":{\"@id\":\"https:\/\/www.diario22.ar\/notix2\/los-mejores-stands-para-ver-en-art-sg-2026\/#primaryimage\"},\"thumbnailUrl\":\"https:\/\/www.diario22.ar\/notix2\/wp-content\/uploads\/2026\/01\/Los-mejores-stands-para-ver-en-ART-SG-2026.j.jpeg\",\"keywords\":[\"Art\",\"los\",\"mejores\",\"para\",\"stands\",\"ver\"],\"articleSection\":[\"Arte\"],\"inLanguage\":\"es-AR\",\"potentialAction\":[{\"@type\":\"CommentAction\",\"name\":\"Comment\",\"target\":[\"https:\/\/www.diario22.ar\/notix2\/los-mejores-stands-para-ver-en-art-sg-2026\/#respond\"]}]},{\"@type\":\"WebPage\",\"@id\":\"https:\/\/www.diario22.ar\/notix2\/los-mejores-stands-para-ver-en-art-sg-2026\/\",\"url\":\"https:\/\/www.diario22.ar\/notix2\/los-mejores-stands-para-ver-en-art-sg-2026\/\",\"name\":\"Los mejores stands para ver en ART SG 2026 - diario22.ar\",\"isPartOf\":{\"@id\":\"https:\/\/www.diario22.ar\/notix2\/#website\"},\"primaryImageOfPage\":{\"@id\":\"https:\/\/www.diario22.ar\/notix2\/los-mejores-stands-para-ver-en-art-sg-2026\/#primaryimage\"},\"image\":{\"@id\":\"https:\/\/www.diario22.ar\/notix2\/los-mejores-stands-para-ver-en-art-sg-2026\/#primaryimage\"},\"thumbnailUrl\":\"https:\/\/www.diario22.ar\/notix2\/wp-content\/uploads\/2026\/01\/Los-mejores-stands-para-ver-en-ART-SG-2026.j.jpeg\",\"datePublished\":\"2026-01-20T10:36:26+00:00\",\"breadcrumb\":{\"@id\":\"https:\/\/www.diario22.ar\/notix2\/los-mejores-stands-para-ver-en-art-sg-2026\/#breadcrumb\"},\"inLanguage\":\"es-AR\",\"potentialAction\":[{\"@type\":\"ReadAction\",\"target\":[\"https:\/\/www.diario22.ar\/notix2\/los-mejores-stands-para-ver-en-art-sg-2026\/\"]}]},{\"@type\":\"ImageObject\",\"inLanguage\":\"es-AR\",\"@id\":\"https:\/\/www.diario22.ar\/notix2\/los-mejores-stands-para-ver-en-art-sg-2026\/#primaryimage\",\"url\":\"https:\/\/www.diario22.ar\/notix2\/wp-content\/uploads\/2026\/01\/Los-mejores-stands-para-ver-en-ART-SG-2026.j.jpeg\",\"contentUrl\":\"https:\/\/www.diario22.ar\/notix2\/wp-content\/uploads\/2026\/01\/Los-mejores-stands-para-ver-en-ART-SG-2026.j.jpeg\",\"width\":1000,\"height\":500},{\"@type\":\"BreadcrumbList\",\"@id\":\"https:\/\/www.diario22.ar\/notix2\/los-mejores-stands-para-ver-en-art-sg-2026\/#breadcrumb\",\"itemListElement\":[{\"@type\":\"ListItem\",\"position\":1,\"name\":\"Home\",\"item\":\"https:\/\/www.diario22.ar\/notix2\/\"},{\"@type\":\"ListItem\",\"position\":2,\"name\":\"Los mejores stands para ver en ART SG 2026\"}]},{\"@type\":\"WebSite\",\"@id\":\"https:\/\/www.diario22.ar\/notix2\/#website\",\"url\":\"https:\/\/www.diario22.ar\/notix2\/\",\"name\":\"diario22.ar\",\"description\":\"Vive hoy &amp; descubre lo que viene\",\"publisher\":{\"@id\":\"https:\/\/www.diario22.ar\/notix2\/#organization\"},\"potentialAction\":[{\"@type\":\"SearchAction\",\"target\":{\"@type\":\"EntryPoint\",\"urlTemplate\":\"https:\/\/www.diario22.ar\/notix2\/?s={search_term_string}\"},\"query-input\":{\"@type\":\"PropertyValueSpecification\",\"valueRequired\":true,\"valueName\":\"search_term_string\"}}],\"inLanguage\":\"es-AR\"},{\"@type\":\"Organization\",\"@id\":\"https:\/\/www.diario22.ar\/notix2\/#organization\",\"name\":\"diario22.ar\",\"url\":\"https:\/\/www.diario22.ar\/notix2\/\",\"logo\":{\"@type\":\"ImageObject\",\"inLanguage\":\"es-AR\",\"@id\":\"https:\/\/www.diario22.ar\/notix2\/#\/schema\/logo\/image\/\",\"url\":\"https:\/\/www.diario22.ar\/notix2\/wp-content\/uploads\/2025\/10\/cropped-Publish-1.png\",\"contentUrl\":\"https:\/\/www.diario22.ar\/notix2\/wp-content\/uploads\/2025\/10\/cropped-Publish-1.png\",\"width\":1560,\"height\":722,\"caption\":\"diario22.ar\"},\"image\":{\"@id\":\"https:\/\/www.diario22.ar\/notix2\/#\/schema\/logo\/image\/\"}},{\"@type\":\"Person\",\"@id\":\"https:\/\/www.diario22.ar\/notix2\/#\/schema\/person\/9266f03a2bd6dca79e788e180fb2deeb\",\"name\":\"Camila Torres\",\"image\":{\"@type\":\"ImageObject\",\"inLanguage\":\"es-AR\",\"@id\":\"https:\/\/www.diario22.ar\/notix2\/#\/schema\/person\/image\/\",\"url\":\"https:\/\/www.diario22.ar\/notix2\/wp-content\/uploads\/2025\/10\/diario22.ar-3-150x150.png\",\"contentUrl\":\"https:\/\/www.diario22.ar\/notix2\/wp-content\/uploads\/2025\/10\/diario22.ar-3-150x150.png\",\"caption\":\"Camila Torres\"},\"description\":\"Soy periodista y redactora en Diario22.ar, apasionada por las historias que conectan la actualidad con la gente. Me form\u00e9 en comunicaci\u00f3n social en Buenos Aires y desde entonces busco darle voz a lo cotidiano, con una mirada curiosa y humana. Creo que el periodismo no solo informa: tambi\u00e9n inspira y transforma.\",\"sameAs\":[\"https:\/\/www.diario22.ar\/notix2\"]}]}<\/script>\n<!-- \/ Yoast SEO plugin. -->","yoast_head_json":{"title":"Los mejores stands para ver en ART SG 2026 - diario22.ar","robots":{"index":"index","follow":"follow","max-snippet":"max-snippet:-1","max-image-preview":"max-image-preview:large","max-video-preview":"max-video-preview:-1"},"canonical":"https:\/\/www.diario22.ar\/notix2\/los-mejores-stands-para-ver-en-art-sg-2026\/","og_locale":"es_ES","og_type":"article","og_title":"Los mejores stands para ver en ART SG 2026 - diario22.ar","og_description":"La Semana del Arte de Singapur 2026 est\u00e1 prevista para abrir el 23 de enero, transformando la Ciudad Le\u00f3n en","og_url":"https:\/\/www.diario22.ar\/notix2\/los-mejores-stands-para-ver-en-art-sg-2026\/","og_site_name":"diario22.ar","article_published_time":"2026-01-20T10:36:26+00:00","og_image":[{"width":1000,"height":500,"url":"https:\/\/www.diario22.ar\/notix2\/wp-content\/uploads\/2026\/01\/Los-mejores-stands-para-ver-en-ART-SG-2026.j.jpeg","type":"image\/jpeg"}],"author":"Camila Torres","twitter_card":"summary_large_image","twitter_misc":{"Escrito por":"Camila Torres","Tiempo de lectura":"5 minutos"},"schema":{"@context":"https:\/\/schema.org","@graph":[{"@type":"Article","@id":"https:\/\/www.diario22.ar\/notix2\/los-mejores-stands-para-ver-en-art-sg-2026\/#article","isPartOf":{"@id":"https:\/\/www.diario22.ar\/notix2\/los-mejores-stands-para-ver-en-art-sg-2026\/"},"author":{"name":"Camila Torres","@id":"https:\/\/www.diario22.ar\/notix2\/#\/schema\/person\/9266f03a2bd6dca79e788e180fb2deeb"},"headline":"Los mejores stands para ver en ART SG 2026","datePublished":"2026-01-20T10:36:26+00:00","mainEntityOfPage":{"@id":"https:\/\/www.diario22.ar\/notix2\/los-mejores-stands-para-ver-en-art-sg-2026\/"},"wordCount":973,"commentCount":0,"publisher":{"@id":"https:\/\/www.diario22.ar\/notix2\/#organization"},"image":{"@id":"https:\/\/www.diario22.ar\/notix2\/los-mejores-stands-para-ver-en-art-sg-2026\/#primaryimage"},"thumbnailUrl":"https:\/\/www.diario22.ar\/notix2\/wp-content\/uploads\/2026\/01\/Los-mejores-stands-para-ver-en-ART-SG-2026.j.jpeg","keywords":["Art","los","mejores","para","stands","ver"],"articleSection":["Arte"],"inLanguage":"es-AR","potentialAction":[{"@type":"CommentAction","name":"Comment","target":["https:\/\/www.diario22.ar\/notix2\/los-mejores-stands-para-ver-en-art-sg-2026\/#respond"]}]},{"@type":"WebPage","@id":"https:\/\/www.diario22.ar\/notix2\/los-mejores-stands-para-ver-en-art-sg-2026\/","url":"https:\/\/www.diario22.ar\/notix2\/los-mejores-stands-para-ver-en-art-sg-2026\/","name":"Los mejores stands para ver en ART SG 2026 - diario22.ar","isPartOf":{"@id":"https:\/\/www.diario22.ar\/notix2\/#website"},"primaryImageOfPage":{"@id":"https:\/\/www.diario22.ar\/notix2\/los-mejores-stands-para-ver-en-art-sg-2026\/#primaryimage"},"image":{"@id":"https:\/\/www.diario22.ar\/notix2\/los-mejores-stands-para-ver-en-art-sg-2026\/#primaryimage"},"thumbnailUrl":"https:\/\/www.diario22.ar\/notix2\/wp-content\/uploads\/2026\/01\/Los-mejores-stands-para-ver-en-ART-SG-2026.j.jpeg","datePublished":"2026-01-20T10:36:26+00:00","breadcrumb":{"@id":"https:\/\/www.diario22.ar\/notix2\/los-mejores-stands-para-ver-en-art-sg-2026\/#breadcrumb"},"inLanguage":"es-AR","potentialAction":[{"@type":"ReadAction","target":["https:\/\/www.diario22.ar\/notix2\/los-mejores-stands-para-ver-en-art-sg-2026\/"]}]},{"@type":"ImageObject","inLanguage":"es-AR","@id":"https:\/\/www.diario22.ar\/notix2\/los-mejores-stands-para-ver-en-art-sg-2026\/#primaryimage","url":"https:\/\/www.diario22.ar\/notix2\/wp-content\/uploads\/2026\/01\/Los-mejores-stands-para-ver-en-ART-SG-2026.j.jpeg","contentUrl":"https:\/\/www.diario22.ar\/notix2\/wp-content\/uploads\/2026\/01\/Los-mejores-stands-para-ver-en-ART-SG-2026.j.jpeg","width":1000,"height":500},{"@type":"BreadcrumbList","@id":"https:\/\/www.diario22.ar\/notix2\/los-mejores-stands-para-ver-en-art-sg-2026\/#breadcrumb","itemListElement":[{"@type":"ListItem","position":1,"name":"Home","item":"https:\/\/www.diario22.ar\/notix2\/"},{"@type":"ListItem","position":2,"name":"Los mejores stands para ver en ART SG 2026"}]},{"@type":"WebSite","@id":"https:\/\/www.diario22.ar\/notix2\/#website","url":"https:\/\/www.diario22.ar\/notix2\/","name":"diario22.ar","description":"Vive hoy &amp; descubre lo que viene","publisher":{"@id":"https:\/\/www.diario22.ar\/notix2\/#organization"},"potentialAction":[{"@type":"SearchAction","target":{"@type":"EntryPoint","urlTemplate":"https:\/\/www.diario22.ar\/notix2\/?s={search_term_string}"},"query-input":{"@type":"PropertyValueSpecification","valueRequired":true,"valueName":"search_term_string"}}],"inLanguage":"es-AR"},{"@type":"Organization","@id":"https:\/\/www.diario22.ar\/notix2\/#organization","name":"diario22.ar","url":"https:\/\/www.diario22.ar\/notix2\/","logo":{"@type":"ImageObject","inLanguage":"es-AR","@id":"https:\/\/www.diario22.ar\/notix2\/#\/schema\/logo\/image\/","url":"https:\/\/www.diario22.ar\/notix2\/wp-content\/uploads\/2025\/10\/cropped-Publish-1.png","contentUrl":"https:\/\/www.diario22.ar\/notix2\/wp-content\/uploads\/2025\/10\/cropped-Publish-1.png","width":1560,"height":722,"caption":"diario22.ar"},"image":{"@id":"https:\/\/www.diario22.ar\/notix2\/#\/schema\/logo\/image\/"}},{"@type":"Person","@id":"https:\/\/www.diario22.ar\/notix2\/#\/schema\/person\/9266f03a2bd6dca79e788e180fb2deeb","name":"Camila Torres","image":{"@type":"ImageObject","inLanguage":"es-AR","@id":"https:\/\/www.diario22.ar\/notix2\/#\/schema\/person\/image\/","url":"https:\/\/www.diario22.ar\/notix2\/wp-content\/uploads\/2025\/10\/diario22.ar-3-150x150.png","contentUrl":"https:\/\/www.diario22.ar\/notix2\/wp-content\/uploads\/2025\/10\/diario22.ar-3-150x150.png","caption":"Camila Torres"},"description":"Soy periodista y redactora en Diario22.ar, apasionada por las historias que conectan la actualidad con la gente. Me form\u00e9 en comunicaci\u00f3n social en Buenos Aires y desde entonces busco darle voz a lo cotidiano, con una mirada curiosa y humana. Creo que el periodismo no solo informa: tambi\u00e9n inspira y transforma.","sameAs":["https:\/\/www.diario22.ar\/notix2"]}]}},"_links":{"self":[{"href":"https:\/\/www.diario22.ar\/notix2\/wp-json\/wp\/v2\/posts\/51062","targetHints":{"allow":["GET"]}}],"collection":[{"href":"https:\/\/www.diario22.ar\/notix2\/wp-json\/wp\/v2\/posts"}],"about":[{"href":"https:\/\/www.diario22.ar\/notix2\/wp-json\/wp\/v2\/types\/post"}],"author":[{"embeddable":true,"href":"https:\/\/www.diario22.ar\/notix2\/wp-json\/wp\/v2\/users\/1"}],"replies":[{"embeddable":true,"href":"https:\/\/www.diario22.ar\/notix2\/wp-json\/wp\/v2\/comments?post=51062"}],"version-history":[{"count":1,"href":"https:\/\/www.diario22.ar\/notix2\/wp-json\/wp\/v2\/posts\/51062\/revisions"}],"predecessor-version":[{"id":51064,"href":"https:\/\/www.diario22.ar\/notix2\/wp-json\/wp\/v2\/posts\/51062\/revisions\/51064"}],"wp:featuredmedia":[{"embeddable":true,"href":"https:\/\/www.diario22.ar\/notix2\/wp-json\/wp\/v2\/media\/51063"}],"wp:attachment":[{"href":"https:\/\/www.diario22.ar\/notix2\/wp-json\/wp\/v2\/media?parent=51062"}],"wp:term":[{"taxonomy":"category","embeddable":true,"href":"https:\/\/www.diario22.ar\/notix2\/wp-json\/wp\/v2\/categories?post=51062"},{"taxonomy":"post_tag","embeddable":true,"href":"https:\/\/www.diario22.ar\/notix2\/wp-json\/wp\/v2\/tags?post=51062"}],"curies":[{"name":"wp","href":"https:\/\/api.w.org\/{rel}","templated":true}]}}