{"id":51059,"date":"2026-01-19T17:35:14","date_gmt":"2026-01-19T20:35:14","guid":{"rendered":"https:\/\/www.diario22.ar\/notix2\/la-coleccion-bouquet-2026-de-gafas-de-gentle-monster-florece-con-fka-twigs\/"},"modified":"2026-01-19T17:35:15","modified_gmt":"2026-01-19T20:35:15","slug":"la-coleccion-bouquet-2026-de-gafas-de-gentle-monster-florece-con-fka-twigs","status":"publish","type":"post","link":"https:\/\/www.diario22.ar\/notix2\/la-coleccion-bouquet-2026-de-gafas-de-gentle-monster-florece-con-fka-twigs\/","title":{"rendered":"La colecci\u00f3n Bouquet 2026 de gafas de Gentle Monster florece con FKA twigs"},"content":{"rendered":"<p>Gentle Monster ha presentado oficialmente su colecci\u00f3n de gafas 2026, \u201cBouquet\u201d, anclada por un filme de campa\u00f1a surrealista co-dirigido por la artista vanguardista FKA twigs y el fot\u00f3grafo Jordan Hemingway.<\/p>\n<div>\n<div class=\"inner-container\">\n<div class=\"inner-content\">\n<div class=\"adunit-wrapper\">\n<div class=\"in-content-ad-outer\">\n<p><!-- Tag ID: HBENGLOB_ATF_INCONTENT --><\/p>\n<div class=\"adunit in-content lazy-load no-init\" data-freestar-ad=\"__300x250\" data-adunit=\"HBENGLOB_ATF_INCONTENT\" data-targeting='{\"HBSiteLoc\":[\"ros\",\"article\"],\"HBSiteCat\":[\"fashion\",\"eyewear\",\"campaigns\",\"fka-twigs\",\"gentle-monster\",\"jordan-hemingway\"],\"HBSitePage\":\"0\",\"HBSiteLang\":\"en\",\"country\":\"us\",\"region\":\"naam\",\"subRegion\":\"\",\"HBArticle\":6653131,\"HBBlacklist\":\"1\"}'><\/div>\n<\/p><\/div>\n<\/p><\/div>\n<\/p><\/div>\n<\/p><\/div>\n<\/div>\n<p>Tomando una profunda inspiraci\u00f3n de la intrincada arquitectura de los tallos de las plantas, la colecci\u00f3n traduce formas bot\u00e1nicas org\u00e1nicas en monturas distintivas definidas por bucles, enredos y lazos. Un punto culminante definitivo es una pieza de declaraci\u00f3n exuberante adornada con un vibrante trabajo de cuentas, equilibrando magistralmente la est\u00e9tica suave con un toque expresivo. El filme de la campa\u00f1a, ambientado con una pista exclusiva no publicada de FKA twigs, captura la metamorfosis r\u00edtmica de un capullo hacia la plena floraci\u00f3n para simbolizar el crecimiento y el potencial, una met\u00e1fora de la filosof\u00eda de la marca que trasciende l\u00edmites.\n<\/p>\n<p>M\u00e1s all\u00e1 de las gafas, la Colecci\u00f3n \u201cBouquet\u201d se expande hacia instalaciones pop-up inmersivas en seis ciudades de todo el mundo. Cada espacio captura un momento de plena floraci\u00f3n, con esculturas florales imponentes en tonos audaces y texturas dram\u00e1ticas que rodean una imponente estatua de cromo. Estos encuentros on\u00edricos invitan a los visitantes al imaginario mundo de Gentle Monster, fusionando moda, arte y performance.\n<\/p>\n<p>La colecci\u00f3n se lanzar\u00e1 oficialmente el 16 de enero de 2026, a las 11:00 a. m. EST \/ 8:00 a. m. PST, disponible a trav\u00e9s del sitio web oficial de Gentle Monster y tiendas f\u00edsicas.\n<\/p>\n<p>\u00a0\n<\/p>\n<p><center><\/p>\n<blockquote class=\"instagram-media bypass\" style=\"background: #FFF; border: 0; border-radius: 3px; box-shadow: 0 0 1px 0 rgba(0,0,0,0.5),0 1px 10px 0 rgba(0,0,0,0.15); margin: 1px; max-width: 540px; min-width: 326px; padding: 0; width: calc(100% - 2px);\" data-instgrm-captioned=\"\" data-instgrm-permalink=\"https:\/\/www.instagram.com\/reel\/DTab28PE1cb\/?utm_source=ig_embed&amp;utm_campaign=loading\" data-instgrm-version=\"14\">\n<div style=\"padding: 16px;\">\n<p>\u00a0<\/p>\n<div style=\"display: flex; flex-direction: row; align-items: center;\">\n<div style=\"background-color: #f4f4f4; border-radius: 50%; flex-grow: 0; height: 40px; margin-right: 14px; width: 40px;\"><\/div>\n<div style=\"display: flex; flex-direction: column; flex-grow: 1; justify-content: center;\">\n<div style=\"background-color: #f4f4f4; border-radius: 4px; flex-grow: 0; height: 14px; margin-bottom: 6px; width: 100px;\"><\/div>\n<div style=\"background-color: #f4f4f4; border-radius: 4px; flex-grow: 0; height: 14px; width: 60px;\"><\/div>\n<\/div>\n<\/div>\n<div style=\"padding: 19% 0;\"><\/div>\n<div style=\"display: block; height: 50px; margin: 0 auto 12px; width: 50px;\"><\/div>\n<div style=\"padding-top: 8px;\">\n<div style=\"color: #3897f0; font-family: Arial,sans-serif; font-size: 14px; font-style: normal; font-weight: 550; line-height: 18px;\">View this post on Instagram<\/div>\n<\/div>\n<div style=\"padding: 12.5% 0;\"><\/div>\n<div style=\"display: flex; flex-direction: row; margin-bottom: 14px; align-items: center;\">\n<div>\n<div style=\"background-color: #f4f4f4; border-radius: 50%; height: 12.5px; width: 12.5px; transform: translateX(0px) translateY(7px);\"><\/div>\n<div style=\"background-color: #f4f4f4; height: 12.5px; transform: rotate(-45deg) translateX(3px) translateY(1px); width: 12.5px; flex-grow: 0; margin-right: 14px; margin-left: 2px;\"><\/div>\n<div style=\"background-color: #f4f4f4; border-radius: 50%; height: 12.5px; width: 12.5px; transform: translateX(9px) translateY(-18px);\"><\/div>\n<\/div>\n<div style=\"margin-left: 8px;\">\n<div style=\"background-color: #f4f4f4; border-radius: 50%; flex-grow: 0; height: 20px; width: 20px;\"><\/div>\n<div style=\"width: 0; height: 0; border-top: 2px solid transparent; border-left: 6px solid #f4f4f4; border-bottom: 2px solid transparent; transform: translateX(16px) translateY(-4px) rotate(30deg);\"><\/div>\n<\/div>\n<div style=\"margin-left: auto;\">\n<div style=\"width: 0px; border-top: 8px solid #F4F4F4; border-right: 8px solid transparent; transform: translateY(16px);\"><\/div>\n<div style=\"background-color: #f4f4f4; flex-grow: 0; height: 12px; width: 16px; transform: translateY(-4px);\"><\/div>\n<div style=\"width: 0; height: 0; border-top: 8px solid #F4F4F4; border-left: 8px solid transparent; transform: translateY(-4px) translateX(8px);\"><\/div>\n<\/div>\n<\/div>\n<div style=\"display: flex; flex-direction: column; flex-grow: 1; justify-content: center; margin-bottom: 24px;\">\n<div style=\"background-color: #f4f4f4; border-radius: 4px; flex-grow: 0; height: 14px; margin-bottom: 6px; width: 224px;\"><\/div>\n<div style=\"background-color: #f4f4f4; border-radius: 4px; flex-grow: 0; height: 14px; width: 144px;\"><\/div>\n<\/div>\n<p>\u00a0<\/p>\n<p style=\"color: #c9c8cd; font-family: Arial,sans-serif; font-size: 14px; line-height: 17px; margin-bottom: 0; margin-top: 8px; overflow: hidden; padding: 8px 0 7px; text-align: center; text-overflow: ellipsis; white-space: nowrap;\">A post shared by GENTLE MONSTER (@gentlemonster)\n<\/p>\n<\/div>\n<\/blockquote>\n<p><\/center><script async src=\"\/\/www.instagram.com\/embed.js\"><\/script><\/p>\n","protected":false},"excerpt":{"rendered":"<p>Gentle Monster ha presentado oficialmente su colecci\u00f3n de gafas 2026, \u201cBouquet\u201d, anclada por un filme de campa\u00f1a surrealista co-dirigido por<\/p>\n","protected":false},"author":1,"featured_media":51060,"comment_status":"open","ping_status":"open","sticky":false,"template":"","format":"standard","meta":{"footnotes":""},"categories":[9],"tags":[1981,179,49,1985,1404,1982,1983,1984,1986],"class_list":["post-51059","post","type-post","status-publish","format-standard","has-post-thumbnail","hentry","category-moda","tag-bouquet","tag-coleccion","tag-con","tag-fka","tag-florece","tag-gafas","tag-gentle","tag-monster","tag-twigs","generate-columns","tablet-grid-50","mobile-grid-100","grid-parent","grid-50"],"yoast_head":"<!-- This site is optimized with the Yoast SEO plugin v26.1.1 - https:\/\/yoast.com\/wordpress\/plugins\/seo\/ -->\n<title>La colecci\u00f3n Bouquet 2026 de gafas de Gentle Monster florece con FKA twigs - diario22.ar<\/title>\n<meta name=\"robots\" content=\"index, follow, max-snippet:-1, max-image-preview:large, max-video-preview:-1\" \/>\n<link rel=\"canonical\" href=\"https:\/\/www.diario22.ar\/notix2\/la-coleccion-bouquet-2026-de-gafas-de-gentle-monster-florece-con-fka-twigs\/\" \/>\n<meta property=\"og:locale\" content=\"es_ES\" \/>\n<meta property=\"og:type\" content=\"article\" \/>\n<meta property=\"og:title\" content=\"La colecci\u00f3n Bouquet 2026 de gafas de Gentle Monster florece con FKA twigs - diario22.ar\" \/>\n<meta property=\"og:description\" content=\"Gentle Monster ha presentado oficialmente su colecci\u00f3n de gafas 2026, \u201cBouquet\u201d, anclada por un filme de campa\u00f1a surrealista co-dirigido por\" \/>\n<meta property=\"og:url\" content=\"https:\/\/www.diario22.ar\/notix2\/la-coleccion-bouquet-2026-de-gafas-de-gentle-monster-florece-con-fka-twigs\/\" \/>\n<meta property=\"og:site_name\" content=\"diario22.ar\" \/>\n<meta property=\"article:published_time\" content=\"2026-01-19T20:35:14+00:00\" \/>\n<meta property=\"article:modified_time\" content=\"2026-01-19T20:35:15+00:00\" \/>\n<meta property=\"og:image\" content=\"https:\/\/www.diario22.ar\/notix2\/wp-content\/uploads\/2026\/01\/La-coleccion-Bouquet-2026-de-gafas-de-Gentle-Monster-florece.com2Fimage2F20262F012F132Ftwgentle-monster-2026-bouquet-collection-camp.jpeg\" \/>\n\t<meta property=\"og:image:width\" content=\"1000\" \/>\n\t<meta property=\"og:image:height\" content=\"500\" \/>\n\t<meta property=\"og:image:type\" content=\"image\/jpeg\" \/>\n<meta name=\"author\" content=\"Camila Torres\" \/>\n<meta name=\"twitter:card\" content=\"summary_large_image\" \/>\n<meta name=\"twitter:label1\" content=\"Escrito por\" \/>\n\t<meta name=\"twitter:data1\" content=\"Camila Torres\" \/>\n\t<meta name=\"twitter:label2\" content=\"Tiempo de lectura\" \/>\n\t<meta name=\"twitter:data2\" content=\"1 minuto\" \/>\n<script type=\"application\/ld+json\" class=\"yoast-schema-graph\">{\"@context\":\"https:\/\/schema.org\",\"@graph\":[{\"@type\":\"Article\",\"@id\":\"https:\/\/www.diario22.ar\/notix2\/la-coleccion-bouquet-2026-de-gafas-de-gentle-monster-florece-con-fka-twigs\/#article\",\"isPartOf\":{\"@id\":\"https:\/\/www.diario22.ar\/notix2\/la-coleccion-bouquet-2026-de-gafas-de-gentle-monster-florece-con-fka-twigs\/\"},\"author\":{\"name\":\"Camila Torres\",\"@id\":\"https:\/\/www.diario22.ar\/notix2\/#\/schema\/person\/9266f03a2bd6dca79e788e180fb2deeb\"},\"headline\":\"La colecci\u00f3n Bouquet 2026 de gafas de Gentle Monster florece con FKA twigs\",\"datePublished\":\"2026-01-19T20:35:14+00:00\",\"dateModified\":\"2026-01-19T20:35:15+00:00\",\"mainEntityOfPage\":{\"@id\":\"https:\/\/www.diario22.ar\/notix2\/la-coleccion-bouquet-2026-de-gafas-de-gentle-monster-florece-con-fka-twigs\/\"},\"wordCount\":270,\"commentCount\":0,\"publisher\":{\"@id\":\"https:\/\/www.diario22.ar\/notix2\/#organization\"},\"image\":{\"@id\":\"https:\/\/www.diario22.ar\/notix2\/la-coleccion-bouquet-2026-de-gafas-de-gentle-monster-florece-con-fka-twigs\/#primaryimage\"},\"thumbnailUrl\":\"https:\/\/www.diario22.ar\/notix2\/wp-content\/uploads\/2026\/01\/La-coleccion-Bouquet-2026-de-gafas-de-Gentle-Monster-florece.com2Fimage2F20262F012F132Ftwgentle-monster-2026-bouquet-collection-camp.jpeg\",\"keywords\":[\"Bouquet\",\"colecci\u00f3n\",\"con\",\"FKA\",\"florece\",\"gafas\",\"Gentle\",\"Monster\",\"twigs\"],\"articleSection\":[\"Moda\"],\"inLanguage\":\"es-AR\",\"potentialAction\":[{\"@type\":\"CommentAction\",\"name\":\"Comment\",\"target\":[\"https:\/\/www.diario22.ar\/notix2\/la-coleccion-bouquet-2026-de-gafas-de-gentle-monster-florece-con-fka-twigs\/#respond\"]}]},{\"@type\":\"WebPage\",\"@id\":\"https:\/\/www.diario22.ar\/notix2\/la-coleccion-bouquet-2026-de-gafas-de-gentle-monster-florece-con-fka-twigs\/\",\"url\":\"https:\/\/www.diario22.ar\/notix2\/la-coleccion-bouquet-2026-de-gafas-de-gentle-monster-florece-con-fka-twigs\/\",\"name\":\"La colecci\u00f3n Bouquet 2026 de gafas de Gentle Monster florece con FKA twigs - diario22.ar\",\"isPartOf\":{\"@id\":\"https:\/\/www.diario22.ar\/notix2\/#website\"},\"primaryImageOfPage\":{\"@id\":\"https:\/\/www.diario22.ar\/notix2\/la-coleccion-bouquet-2026-de-gafas-de-gentle-monster-florece-con-fka-twigs\/#primaryimage\"},\"image\":{\"@id\":\"https:\/\/www.diario22.ar\/notix2\/la-coleccion-bouquet-2026-de-gafas-de-gentle-monster-florece-con-fka-twigs\/#primaryimage\"},\"thumbnailUrl\":\"https:\/\/www.diario22.ar\/notix2\/wp-content\/uploads\/2026\/01\/La-coleccion-Bouquet-2026-de-gafas-de-Gentle-Monster-florece.com2Fimage2F20262F012F132Ftwgentle-monster-2026-bouquet-collection-camp.jpeg\",\"datePublished\":\"2026-01-19T20:35:14+00:00\",\"dateModified\":\"2026-01-19T20:35:15+00:00\",\"breadcrumb\":{\"@id\":\"https:\/\/www.diario22.ar\/notix2\/la-coleccion-bouquet-2026-de-gafas-de-gentle-monster-florece-con-fka-twigs\/#breadcrumb\"},\"inLanguage\":\"es-AR\",\"potentialAction\":[{\"@type\":\"ReadAction\",\"target\":[\"https:\/\/www.diario22.ar\/notix2\/la-coleccion-bouquet-2026-de-gafas-de-gentle-monster-florece-con-fka-twigs\/\"]}]},{\"@type\":\"ImageObject\",\"inLanguage\":\"es-AR\",\"@id\":\"https:\/\/www.diario22.ar\/notix2\/la-coleccion-bouquet-2026-de-gafas-de-gentle-monster-florece-con-fka-twigs\/#primaryimage\",\"url\":\"https:\/\/www.diario22.ar\/notix2\/wp-content\/uploads\/2026\/01\/La-coleccion-Bouquet-2026-de-gafas-de-Gentle-Monster-florece.com2Fimage2F20262F012F132Ftwgentle-monster-2026-bouquet-collection-camp.jpeg\",\"contentUrl\":\"https:\/\/www.diario22.ar\/notix2\/wp-content\/uploads\/2026\/01\/La-coleccion-Bouquet-2026-de-gafas-de-Gentle-Monster-florece.com2Fimage2F20262F012F132Ftwgentle-monster-2026-bouquet-collection-camp.jpeg\",\"width\":1000,\"height\":500},{\"@type\":\"BreadcrumbList\",\"@id\":\"https:\/\/www.diario22.ar\/notix2\/la-coleccion-bouquet-2026-de-gafas-de-gentle-monster-florece-con-fka-twigs\/#breadcrumb\",\"itemListElement\":[{\"@type\":\"ListItem\",\"position\":1,\"name\":\"Home\",\"item\":\"https:\/\/www.diario22.ar\/notix2\/\"},{\"@type\":\"ListItem\",\"position\":2,\"name\":\"La colecci\u00f3n Bouquet 2026 de gafas de Gentle Monster florece con FKA twigs\"}]},{\"@type\":\"WebSite\",\"@id\":\"https:\/\/www.diario22.ar\/notix2\/#website\",\"url\":\"https:\/\/www.diario22.ar\/notix2\/\",\"name\":\"diario22.ar\",\"description\":\"Vive hoy &amp; descubre lo que viene\",\"publisher\":{\"@id\":\"https:\/\/www.diario22.ar\/notix2\/#organization\"},\"potentialAction\":[{\"@type\":\"SearchAction\",\"target\":{\"@type\":\"EntryPoint\",\"urlTemplate\":\"https:\/\/www.diario22.ar\/notix2\/?s={search_term_string}\"},\"query-input\":{\"@type\":\"PropertyValueSpecification\",\"valueRequired\":true,\"valueName\":\"search_term_string\"}}],\"inLanguage\":\"es-AR\"},{\"@type\":\"Organization\",\"@id\":\"https:\/\/www.diario22.ar\/notix2\/#organization\",\"name\":\"diario22.ar\",\"url\":\"https:\/\/www.diario22.ar\/notix2\/\",\"logo\":{\"@type\":\"ImageObject\",\"inLanguage\":\"es-AR\",\"@id\":\"https:\/\/www.diario22.ar\/notix2\/#\/schema\/logo\/image\/\",\"url\":\"https:\/\/www.diario22.ar\/notix2\/wp-content\/uploads\/2025\/10\/cropped-Publish-1.png\",\"contentUrl\":\"https:\/\/www.diario22.ar\/notix2\/wp-content\/uploads\/2025\/10\/cropped-Publish-1.png\",\"width\":1560,\"height\":722,\"caption\":\"diario22.ar\"},\"image\":{\"@id\":\"https:\/\/www.diario22.ar\/notix2\/#\/schema\/logo\/image\/\"}},{\"@type\":\"Person\",\"@id\":\"https:\/\/www.diario22.ar\/notix2\/#\/schema\/person\/9266f03a2bd6dca79e788e180fb2deeb\",\"name\":\"Camila Torres\",\"image\":{\"@type\":\"ImageObject\",\"inLanguage\":\"es-AR\",\"@id\":\"https:\/\/www.diario22.ar\/notix2\/#\/schema\/person\/image\/\",\"url\":\"https:\/\/www.diario22.ar\/notix2\/wp-content\/uploads\/2025\/10\/diario22.ar-3-150x150.png\",\"contentUrl\":\"https:\/\/www.diario22.ar\/notix2\/wp-content\/uploads\/2025\/10\/diario22.ar-3-150x150.png\",\"caption\":\"Camila Torres\"},\"description\":\"Soy periodista y redactora en Diario22.ar, apasionada por las historias que conectan la actualidad con la gente. Me form\u00e9 en comunicaci\u00f3n social en Buenos Aires y desde entonces busco darle voz a lo cotidiano, con una mirada curiosa y humana. Creo que el periodismo no solo informa: tambi\u00e9n inspira y transforma.\",\"sameAs\":[\"https:\/\/www.diario22.ar\/notix2\"]}]}<\/script>\n<!-- \/ Yoast SEO plugin. -->","yoast_head_json":{"title":"La colecci\u00f3n Bouquet 2026 de gafas de Gentle Monster florece con FKA twigs - diario22.ar","robots":{"index":"index","follow":"follow","max-snippet":"max-snippet:-1","max-image-preview":"max-image-preview:large","max-video-preview":"max-video-preview:-1"},"canonical":"https:\/\/www.diario22.ar\/notix2\/la-coleccion-bouquet-2026-de-gafas-de-gentle-monster-florece-con-fka-twigs\/","og_locale":"es_ES","og_type":"article","og_title":"La colecci\u00f3n Bouquet 2026 de gafas de Gentle Monster florece con FKA twigs - diario22.ar","og_description":"Gentle Monster ha presentado oficialmente su colecci\u00f3n de gafas 2026, \u201cBouquet\u201d, anclada por un filme de campa\u00f1a surrealista co-dirigido por","og_url":"https:\/\/www.diario22.ar\/notix2\/la-coleccion-bouquet-2026-de-gafas-de-gentle-monster-florece-con-fka-twigs\/","og_site_name":"diario22.ar","article_published_time":"2026-01-19T20:35:14+00:00","article_modified_time":"2026-01-19T20:35:15+00:00","og_image":[{"width":1000,"height":500,"url":"https:\/\/www.diario22.ar\/notix2\/wp-content\/uploads\/2026\/01\/La-coleccion-Bouquet-2026-de-gafas-de-Gentle-Monster-florece.com2Fimage2F20262F012F132Ftwgentle-monster-2026-bouquet-collection-camp.jpeg","type":"image\/jpeg"}],"author":"Camila Torres","twitter_card":"summary_large_image","twitter_misc":{"Escrito por":"Camila Torres","Tiempo de lectura":"1 minuto"},"schema":{"@context":"https:\/\/schema.org","@graph":[{"@type":"Article","@id":"https:\/\/www.diario22.ar\/notix2\/la-coleccion-bouquet-2026-de-gafas-de-gentle-monster-florece-con-fka-twigs\/#article","isPartOf":{"@id":"https:\/\/www.diario22.ar\/notix2\/la-coleccion-bouquet-2026-de-gafas-de-gentle-monster-florece-con-fka-twigs\/"},"author":{"name":"Camila Torres","@id":"https:\/\/www.diario22.ar\/notix2\/#\/schema\/person\/9266f03a2bd6dca79e788e180fb2deeb"},"headline":"La colecci\u00f3n Bouquet 2026 de gafas de Gentle Monster florece con FKA twigs","datePublished":"2026-01-19T20:35:14+00:00","dateModified":"2026-01-19T20:35:15+00:00","mainEntityOfPage":{"@id":"https:\/\/www.diario22.ar\/notix2\/la-coleccion-bouquet-2026-de-gafas-de-gentle-monster-florece-con-fka-twigs\/"},"wordCount":270,"commentCount":0,"publisher":{"@id":"https:\/\/www.diario22.ar\/notix2\/#organization"},"image":{"@id":"https:\/\/www.diario22.ar\/notix2\/la-coleccion-bouquet-2026-de-gafas-de-gentle-monster-florece-con-fka-twigs\/#primaryimage"},"thumbnailUrl":"https:\/\/www.diario22.ar\/notix2\/wp-content\/uploads\/2026\/01\/La-coleccion-Bouquet-2026-de-gafas-de-Gentle-Monster-florece.com2Fimage2F20262F012F132Ftwgentle-monster-2026-bouquet-collection-camp.jpeg","keywords":["Bouquet","colecci\u00f3n","con","FKA","florece","gafas","Gentle","Monster","twigs"],"articleSection":["Moda"],"inLanguage":"es-AR","potentialAction":[{"@type":"CommentAction","name":"Comment","target":["https:\/\/www.diario22.ar\/notix2\/la-coleccion-bouquet-2026-de-gafas-de-gentle-monster-florece-con-fka-twigs\/#respond"]}]},{"@type":"WebPage","@id":"https:\/\/www.diario22.ar\/notix2\/la-coleccion-bouquet-2026-de-gafas-de-gentle-monster-florece-con-fka-twigs\/","url":"https:\/\/www.diario22.ar\/notix2\/la-coleccion-bouquet-2026-de-gafas-de-gentle-monster-florece-con-fka-twigs\/","name":"La colecci\u00f3n Bouquet 2026 de gafas de Gentle Monster florece con FKA twigs - diario22.ar","isPartOf":{"@id":"https:\/\/www.diario22.ar\/notix2\/#website"},"primaryImageOfPage":{"@id":"https:\/\/www.diario22.ar\/notix2\/la-coleccion-bouquet-2026-de-gafas-de-gentle-monster-florece-con-fka-twigs\/#primaryimage"},"image":{"@id":"https:\/\/www.diario22.ar\/notix2\/la-coleccion-bouquet-2026-de-gafas-de-gentle-monster-florece-con-fka-twigs\/#primaryimage"},"thumbnailUrl":"https:\/\/www.diario22.ar\/notix2\/wp-content\/uploads\/2026\/01\/La-coleccion-Bouquet-2026-de-gafas-de-Gentle-Monster-florece.com2Fimage2F20262F012F132Ftwgentle-monster-2026-bouquet-collection-camp.jpeg","datePublished":"2026-01-19T20:35:14+00:00","dateModified":"2026-01-19T20:35:15+00:00","breadcrumb":{"@id":"https:\/\/www.diario22.ar\/notix2\/la-coleccion-bouquet-2026-de-gafas-de-gentle-monster-florece-con-fka-twigs\/#breadcrumb"},"inLanguage":"es-AR","potentialAction":[{"@type":"ReadAction","target":["https:\/\/www.diario22.ar\/notix2\/la-coleccion-bouquet-2026-de-gafas-de-gentle-monster-florece-con-fka-twigs\/"]}]},{"@type":"ImageObject","inLanguage":"es-AR","@id":"https:\/\/www.diario22.ar\/notix2\/la-coleccion-bouquet-2026-de-gafas-de-gentle-monster-florece-con-fka-twigs\/#primaryimage","url":"https:\/\/www.diario22.ar\/notix2\/wp-content\/uploads\/2026\/01\/La-coleccion-Bouquet-2026-de-gafas-de-Gentle-Monster-florece.com2Fimage2F20262F012F132Ftwgentle-monster-2026-bouquet-collection-camp.jpeg","contentUrl":"https:\/\/www.diario22.ar\/notix2\/wp-content\/uploads\/2026\/01\/La-coleccion-Bouquet-2026-de-gafas-de-Gentle-Monster-florece.com2Fimage2F20262F012F132Ftwgentle-monster-2026-bouquet-collection-camp.jpeg","width":1000,"height":500},{"@type":"BreadcrumbList","@id":"https:\/\/www.diario22.ar\/notix2\/la-coleccion-bouquet-2026-de-gafas-de-gentle-monster-florece-con-fka-twigs\/#breadcrumb","itemListElement":[{"@type":"ListItem","position":1,"name":"Home","item":"https:\/\/www.diario22.ar\/notix2\/"},{"@type":"ListItem","position":2,"name":"La colecci\u00f3n Bouquet 2026 de gafas de Gentle Monster florece con FKA twigs"}]},{"@type":"WebSite","@id":"https:\/\/www.diario22.ar\/notix2\/#website","url":"https:\/\/www.diario22.ar\/notix2\/","name":"diario22.ar","description":"Vive hoy &amp; descubre lo que viene","publisher":{"@id":"https:\/\/www.diario22.ar\/notix2\/#organization"},"potentialAction":[{"@type":"SearchAction","target":{"@type":"EntryPoint","urlTemplate":"https:\/\/www.diario22.ar\/notix2\/?s={search_term_string}"},"query-input":{"@type":"PropertyValueSpecification","valueRequired":true,"valueName":"search_term_string"}}],"inLanguage":"es-AR"},{"@type":"Organization","@id":"https:\/\/www.diario22.ar\/notix2\/#organization","name":"diario22.ar","url":"https:\/\/www.diario22.ar\/notix2\/","logo":{"@type":"ImageObject","inLanguage":"es-AR","@id":"https:\/\/www.diario22.ar\/notix2\/#\/schema\/logo\/image\/","url":"https:\/\/www.diario22.ar\/notix2\/wp-content\/uploads\/2025\/10\/cropped-Publish-1.png","contentUrl":"https:\/\/www.diario22.ar\/notix2\/wp-content\/uploads\/2025\/10\/cropped-Publish-1.png","width":1560,"height":722,"caption":"diario22.ar"},"image":{"@id":"https:\/\/www.diario22.ar\/notix2\/#\/schema\/logo\/image\/"}},{"@type":"Person","@id":"https:\/\/www.diario22.ar\/notix2\/#\/schema\/person\/9266f03a2bd6dca79e788e180fb2deeb","name":"Camila Torres","image":{"@type":"ImageObject","inLanguage":"es-AR","@id":"https:\/\/www.diario22.ar\/notix2\/#\/schema\/person\/image\/","url":"https:\/\/www.diario22.ar\/notix2\/wp-content\/uploads\/2025\/10\/diario22.ar-3-150x150.png","contentUrl":"https:\/\/www.diario22.ar\/notix2\/wp-content\/uploads\/2025\/10\/diario22.ar-3-150x150.png","caption":"Camila Torres"},"description":"Soy periodista y redactora en Diario22.ar, apasionada por las historias que conectan la actualidad con la gente. Me form\u00e9 en comunicaci\u00f3n social en Buenos Aires y desde entonces busco darle voz a lo cotidiano, con una mirada curiosa y humana. Creo que el periodismo no solo informa: tambi\u00e9n inspira y transforma.","sameAs":["https:\/\/www.diario22.ar\/notix2"]}]}},"_links":{"self":[{"href":"https:\/\/www.diario22.ar\/notix2\/wp-json\/wp\/v2\/posts\/51059","targetHints":{"allow":["GET"]}}],"collection":[{"href":"https:\/\/www.diario22.ar\/notix2\/wp-json\/wp\/v2\/posts"}],"about":[{"href":"https:\/\/www.diario22.ar\/notix2\/wp-json\/wp\/v2\/types\/post"}],"author":[{"embeddable":true,"href":"https:\/\/www.diario22.ar\/notix2\/wp-json\/wp\/v2\/users\/1"}],"replies":[{"embeddable":true,"href":"https:\/\/www.diario22.ar\/notix2\/wp-json\/wp\/v2\/comments?post=51059"}],"version-history":[{"count":1,"href":"https:\/\/www.diario22.ar\/notix2\/wp-json\/wp\/v2\/posts\/51059\/revisions"}],"predecessor-version":[{"id":51061,"href":"https:\/\/www.diario22.ar\/notix2\/wp-json\/wp\/v2\/posts\/51059\/revisions\/51061"}],"wp:featuredmedia":[{"embeddable":true,"href":"https:\/\/www.diario22.ar\/notix2\/wp-json\/wp\/v2\/media\/51060"}],"wp:attachment":[{"href":"https:\/\/www.diario22.ar\/notix2\/wp-json\/wp\/v2\/media?parent=51059"}],"wp:term":[{"taxonomy":"category","embeddable":true,"href":"https:\/\/www.diario22.ar\/notix2\/wp-json\/wp\/v2\/categories?post=51059"},{"taxonomy":"post_tag","embeddable":true,"href":"https:\/\/www.diario22.ar\/notix2\/wp-json\/wp\/v2\/tags?post=51059"}],"curies":[{"name":"wp","href":"https:\/\/api.w.org\/{rel}","templated":true}]}}