{"id":50489,"date":"2025-12-06T23:35:04","date_gmt":"2025-12-07T02:35:04","guid":{"rendered":"https:\/\/www.diario22.ar\/notix2\/la-mayor-retrospectiva-de-hajime-sorayama-llega-a-tokio\/"},"modified":"2025-12-06T23:35:05","modified_gmt":"2025-12-07T02:35:05","slug":"la-mayor-retrospectiva-de-hajime-sorayama-llega-a-tokio","status":"publish","type":"post","link":"https:\/\/www.diario22.ar\/notix2\/la-mayor-retrospectiva-de-hajime-sorayama-llega-a-tokio\/","title":{"rendered":"La mayor retrospectiva de Hajime Sorayama llega a Tokio"},"content":{"rendered":"<p>NANZUKA presenta <em>SORAYAMA: Luz, Transparencia y Reflejo -TOKIO-<\/em>, la mayor retrospectiva hasta la fecha del legendario artista Hajime Sorayama. Esta exposici\u00f3n est\u00e1 dise\u00f1ada para ser un viaje inmersivo a trav\u00e9s de su trayectoria, centrado en los conceptos clave de \u201cluz\u201d, \u201ctransparencia\u201d y \u201creflejo\u201d presentes en su obra.<\/p>\n<p><!-- Tag ID: HBENGLOB_ATF_INCONTENT --><\/p>\n<div class=\"adunit in-content lazy-load no-init\" data-freestar-ad=\"__300x250\" data-adunit=\"HBENGLOB_ATF_INCONTENT\" data-targeting='{\"HBSiteLoc\":[\"ros\",\"article\"],\"HBSiteCat\":[\"art\",\"exhibitions\",\"hajime-sorayama\",\"tokyo\",\"exhibition\",\"nanzuka\"],\"HBSitePage\":\"0\",\"HBSiteLang\":\"en\",\"country\":\"us\",\"region\":\"naam\",\"subRegion\":\"\",\"HBArticle\":6634532,\"HBBlacklist\":\"0\"}'><\/div>\n<p>La exposici\u00f3n, que combina obras representativas de etapas pasadas con sus \u00faltimas esculturas e instalaciones de video, se organiza en nueve secciones distintas. Entre los momentos destacados figuran \u00abLa Galer\u00eda\u00bb, que presenta sus lienzos de gran formato m\u00e1s recientes, y \u00abAcuario\u00bb, que exhibe su ic\u00f3nica escultura de tibur\u00f3n, famosa por ser \u201cel pez m\u00e1s sexy\u201d. Tambi\u00e9n se incluyen instalaciones interactivas, como \u00abTREX\u00bb, inspirada en la serie de dinosaurios que Sorayama admiraba en su infancia, y el \u00abLaberinto de Espejos\u00bb, que alberga esculturas reflectantes. Un recorrido profundo por el archivo se ofrece en la \u00abSala de Archivos\u00bb, que expone dibujos originales para el robot perro AIBO de Sony, junto a sus colaboraciones con grandes marcas como Dior y Roger Dubuis.<\/p>\n<p>Con el objetivo de ofrecer una visi\u00f3n profunda de la dedicaci\u00f3n de Sorayama a la belleza f\u00edsica y a la expresi\u00f3n tecnol\u00f3gica, la exposici\u00f3n se desarrollar\u00e1 desde el 14 de marzo hasta el 31 de mayo en CREATIVE MUSEUM TOKYO.<\/p>\n<p><strong>CREATIVE MUSEUM TOKYO<\/strong><br \/>\nEdificio TODA, 6.\u00ba piso, 1-7-1 Kyobashi,<br \/>\nChuo-ku, Tokio 104-0031,<br \/>\nJap\u00f3n<\/p>\n","protected":false},"excerpt":{"rendered":"<p>NANZUKA presenta SORAYAMA: Luz, Transparencia y Reflejo -TOKIO-, la mayor retrospectiva hasta la fecha del legendario artista Hajime Sorayama. Esta<\/p>\n","protected":false},"author":1,"featured_media":50490,"comment_status":"open","ping_status":"open","sticky":false,"template":"","format":"standard","meta":{"footnotes":""},"categories":[8],"tags":[1144,687,50,517,1145,1138],"class_list":["post-50489","post","type-post","status-publish","format-standard","has-post-thumbnail","hentry","category-arte","tag-hajime","tag-llega","tag-mayor","tag-retrospectiva","tag-sorayama","tag-tokio","generate-columns","tablet-grid-50","mobile-grid-100","grid-parent","grid-50"],"yoast_head":"<!-- This site is optimized with the Yoast SEO plugin v26.1.1 - https:\/\/yoast.com\/wordpress\/plugins\/seo\/ -->\n<title>La mayor retrospectiva de Hajime Sorayama llega a Tokio - diario22.ar<\/title>\n<meta name=\"robots\" content=\"index, follow, max-snippet:-1, max-image-preview:large, max-video-preview:-1\" \/>\n<link rel=\"canonical\" href=\"https:\/\/www.diario22.ar\/notix2\/la-mayor-retrospectiva-de-hajime-sorayama-llega-a-tokio\/\" \/>\n<meta property=\"og:locale\" content=\"es_ES\" \/>\n<meta property=\"og:type\" content=\"article\" \/>\n<meta property=\"og:title\" content=\"La mayor retrospectiva de Hajime Sorayama llega a Tokio - diario22.ar\" \/>\n<meta property=\"og:description\" content=\"NANZUKA presenta SORAYAMA: Luz, Transparencia y Reflejo -TOKIO-, la mayor retrospectiva hasta la fecha del legendario artista Hajime Sorayama. Esta\" \/>\n<meta property=\"og:url\" content=\"https:\/\/www.diario22.ar\/notix2\/la-mayor-retrospectiva-de-hajime-sorayama-llega-a-tokio\/\" \/>\n<meta property=\"og:site_name\" content=\"diario22.ar\" \/>\n<meta property=\"article:published_time\" content=\"2025-12-07T02:35:04+00:00\" \/>\n<meta property=\"article:modified_time\" content=\"2025-12-07T02:35:05+00:00\" \/>\n<meta property=\"og:image\" content=\"https:\/\/www.diario22.ar\/notix2\/wp-content\/uploads\/2025\/12\/La-mayor-retrospectiva-de-Hajime-Sorayama-llega-a-Tokio.com2Fimage2F20252F122F022Fhajime-sorayama-light-reflection-transparency.jpeg\" \/>\n\t<meta property=\"og:image:width\" content=\"1000\" \/>\n\t<meta property=\"og:image:height\" content=\"500\" \/>\n\t<meta property=\"og:image:type\" content=\"image\/jpeg\" \/>\n<meta name=\"author\" content=\"Camila Torres\" \/>\n<meta name=\"twitter:card\" content=\"summary_large_image\" \/>\n<meta name=\"twitter:label1\" content=\"Escrito por\" \/>\n\t<meta name=\"twitter:data1\" content=\"Camila Torres\" \/>\n\t<meta name=\"twitter:label2\" content=\"Tiempo de lectura\" \/>\n\t<meta name=\"twitter:data2\" content=\"1 minuto\" \/>\n<script type=\"application\/ld+json\" class=\"yoast-schema-graph\">{\"@context\":\"https:\/\/schema.org\",\"@graph\":[{\"@type\":\"Article\",\"@id\":\"https:\/\/www.diario22.ar\/notix2\/la-mayor-retrospectiva-de-hajime-sorayama-llega-a-tokio\/#article\",\"isPartOf\":{\"@id\":\"https:\/\/www.diario22.ar\/notix2\/la-mayor-retrospectiva-de-hajime-sorayama-llega-a-tokio\/\"},\"author\":{\"name\":\"Camila Torres\",\"@id\":\"https:\/\/www.diario22.ar\/notix2\/#\/schema\/person\/9266f03a2bd6dca79e788e180fb2deeb\"},\"headline\":\"La mayor retrospectiva de Hajime Sorayama llega a Tokio\",\"datePublished\":\"2025-12-07T02:35:04+00:00\",\"dateModified\":\"2025-12-07T02:35:05+00:00\",\"mainEntityOfPage\":{\"@id\":\"https:\/\/www.diario22.ar\/notix2\/la-mayor-retrospectiva-de-hajime-sorayama-llega-a-tokio\/\"},\"wordCount\":243,\"commentCount\":0,\"publisher\":{\"@id\":\"https:\/\/www.diario22.ar\/notix2\/#organization\"},\"image\":{\"@id\":\"https:\/\/www.diario22.ar\/notix2\/la-mayor-retrospectiva-de-hajime-sorayama-llega-a-tokio\/#primaryimage\"},\"thumbnailUrl\":\"https:\/\/www.diario22.ar\/notix2\/wp-content\/uploads\/2025\/12\/La-mayor-retrospectiva-de-Hajime-Sorayama-llega-a-Tokio.com2Fimage2F20252F122F022Fhajime-sorayama-light-reflection-transparency.jpeg\",\"keywords\":[\"Hajime\",\"llega\",\"mayor\",\"Retrospectiva\",\"Sorayama\",\"Tokio\"],\"articleSection\":[\"Arte\"],\"inLanguage\":\"es-AR\",\"potentialAction\":[{\"@type\":\"CommentAction\",\"name\":\"Comment\",\"target\":[\"https:\/\/www.diario22.ar\/notix2\/la-mayor-retrospectiva-de-hajime-sorayama-llega-a-tokio\/#respond\"]}]},{\"@type\":\"WebPage\",\"@id\":\"https:\/\/www.diario22.ar\/notix2\/la-mayor-retrospectiva-de-hajime-sorayama-llega-a-tokio\/\",\"url\":\"https:\/\/www.diario22.ar\/notix2\/la-mayor-retrospectiva-de-hajime-sorayama-llega-a-tokio\/\",\"name\":\"La mayor retrospectiva de Hajime Sorayama llega a Tokio - diario22.ar\",\"isPartOf\":{\"@id\":\"https:\/\/www.diario22.ar\/notix2\/#website\"},\"primaryImageOfPage\":{\"@id\":\"https:\/\/www.diario22.ar\/notix2\/la-mayor-retrospectiva-de-hajime-sorayama-llega-a-tokio\/#primaryimage\"},\"image\":{\"@id\":\"https:\/\/www.diario22.ar\/notix2\/la-mayor-retrospectiva-de-hajime-sorayama-llega-a-tokio\/#primaryimage\"},\"thumbnailUrl\":\"https:\/\/www.diario22.ar\/notix2\/wp-content\/uploads\/2025\/12\/La-mayor-retrospectiva-de-Hajime-Sorayama-llega-a-Tokio.com2Fimage2F20252F122F022Fhajime-sorayama-light-reflection-transparency.jpeg\",\"datePublished\":\"2025-12-07T02:35:04+00:00\",\"dateModified\":\"2025-12-07T02:35:05+00:00\",\"breadcrumb\":{\"@id\":\"https:\/\/www.diario22.ar\/notix2\/la-mayor-retrospectiva-de-hajime-sorayama-llega-a-tokio\/#breadcrumb\"},\"inLanguage\":\"es-AR\",\"potentialAction\":[{\"@type\":\"ReadAction\",\"target\":[\"https:\/\/www.diario22.ar\/notix2\/la-mayor-retrospectiva-de-hajime-sorayama-llega-a-tokio\/\"]}]},{\"@type\":\"ImageObject\",\"inLanguage\":\"es-AR\",\"@id\":\"https:\/\/www.diario22.ar\/notix2\/la-mayor-retrospectiva-de-hajime-sorayama-llega-a-tokio\/#primaryimage\",\"url\":\"https:\/\/www.diario22.ar\/notix2\/wp-content\/uploads\/2025\/12\/La-mayor-retrospectiva-de-Hajime-Sorayama-llega-a-Tokio.com2Fimage2F20252F122F022Fhajime-sorayama-light-reflection-transparency.jpeg\",\"contentUrl\":\"https:\/\/www.diario22.ar\/notix2\/wp-content\/uploads\/2025\/12\/La-mayor-retrospectiva-de-Hajime-Sorayama-llega-a-Tokio.com2Fimage2F20252F122F022Fhajime-sorayama-light-reflection-transparency.jpeg\",\"width\":1000,\"height\":500},{\"@type\":\"BreadcrumbList\",\"@id\":\"https:\/\/www.diario22.ar\/notix2\/la-mayor-retrospectiva-de-hajime-sorayama-llega-a-tokio\/#breadcrumb\",\"itemListElement\":[{\"@type\":\"ListItem\",\"position\":1,\"name\":\"Home\",\"item\":\"https:\/\/www.diario22.ar\/notix2\/\"},{\"@type\":\"ListItem\",\"position\":2,\"name\":\"La mayor retrospectiva de Hajime Sorayama llega a Tokio\"}]},{\"@type\":\"WebSite\",\"@id\":\"https:\/\/www.diario22.ar\/notix2\/#website\",\"url\":\"https:\/\/www.diario22.ar\/notix2\/\",\"name\":\"diario22.ar\",\"description\":\"Vive hoy &amp; descubre lo que viene\",\"publisher\":{\"@id\":\"https:\/\/www.diario22.ar\/notix2\/#organization\"},\"potentialAction\":[{\"@type\":\"SearchAction\",\"target\":{\"@type\":\"EntryPoint\",\"urlTemplate\":\"https:\/\/www.diario22.ar\/notix2\/?s={search_term_string}\"},\"query-input\":{\"@type\":\"PropertyValueSpecification\",\"valueRequired\":true,\"valueName\":\"search_term_string\"}}],\"inLanguage\":\"es-AR\"},{\"@type\":\"Organization\",\"@id\":\"https:\/\/www.diario22.ar\/notix2\/#organization\",\"name\":\"diario22.ar\",\"url\":\"https:\/\/www.diario22.ar\/notix2\/\",\"logo\":{\"@type\":\"ImageObject\",\"inLanguage\":\"es-AR\",\"@id\":\"https:\/\/www.diario22.ar\/notix2\/#\/schema\/logo\/image\/\",\"url\":\"https:\/\/www.diario22.ar\/notix2\/wp-content\/uploads\/2025\/10\/cropped-Publish-1.png\",\"contentUrl\":\"https:\/\/www.diario22.ar\/notix2\/wp-content\/uploads\/2025\/10\/cropped-Publish-1.png\",\"width\":1560,\"height\":722,\"caption\":\"diario22.ar\"},\"image\":{\"@id\":\"https:\/\/www.diario22.ar\/notix2\/#\/schema\/logo\/image\/\"}},{\"@type\":\"Person\",\"@id\":\"https:\/\/www.diario22.ar\/notix2\/#\/schema\/person\/9266f03a2bd6dca79e788e180fb2deeb\",\"name\":\"Camila Torres\",\"image\":{\"@type\":\"ImageObject\",\"inLanguage\":\"es-AR\",\"@id\":\"https:\/\/www.diario22.ar\/notix2\/#\/schema\/person\/image\/\",\"url\":\"https:\/\/www.diario22.ar\/notix2\/wp-content\/uploads\/2025\/10\/diario22.ar-3-150x150.png\",\"contentUrl\":\"https:\/\/www.diario22.ar\/notix2\/wp-content\/uploads\/2025\/10\/diario22.ar-3-150x150.png\",\"caption\":\"Camila Torres\"},\"description\":\"Soy periodista y redactora en Diario22.ar, apasionada por las historias que conectan la actualidad con la gente. Me form\u00e9 en comunicaci\u00f3n social en Buenos Aires y desde entonces busco darle voz a lo cotidiano, con una mirada curiosa y humana. Creo que el periodismo no solo informa: tambi\u00e9n inspira y transforma.\",\"sameAs\":[\"https:\/\/www.diario22.ar\/notix2\"]}]}<\/script>\n<!-- \/ Yoast SEO plugin. -->","yoast_head_json":{"title":"La mayor retrospectiva de Hajime Sorayama llega a Tokio - diario22.ar","robots":{"index":"index","follow":"follow","max-snippet":"max-snippet:-1","max-image-preview":"max-image-preview:large","max-video-preview":"max-video-preview:-1"},"canonical":"https:\/\/www.diario22.ar\/notix2\/la-mayor-retrospectiva-de-hajime-sorayama-llega-a-tokio\/","og_locale":"es_ES","og_type":"article","og_title":"La mayor retrospectiva de Hajime Sorayama llega a Tokio - diario22.ar","og_description":"NANZUKA presenta SORAYAMA: Luz, Transparencia y Reflejo -TOKIO-, la mayor retrospectiva hasta la fecha del legendario artista Hajime Sorayama. Esta","og_url":"https:\/\/www.diario22.ar\/notix2\/la-mayor-retrospectiva-de-hajime-sorayama-llega-a-tokio\/","og_site_name":"diario22.ar","article_published_time":"2025-12-07T02:35:04+00:00","article_modified_time":"2025-12-07T02:35:05+00:00","og_image":[{"width":1000,"height":500,"url":"https:\/\/www.diario22.ar\/notix2\/wp-content\/uploads\/2025\/12\/La-mayor-retrospectiva-de-Hajime-Sorayama-llega-a-Tokio.com2Fimage2F20252F122F022Fhajime-sorayama-light-reflection-transparency.jpeg","type":"image\/jpeg"}],"author":"Camila Torres","twitter_card":"summary_large_image","twitter_misc":{"Escrito por":"Camila Torres","Tiempo de lectura":"1 minuto"},"schema":{"@context":"https:\/\/schema.org","@graph":[{"@type":"Article","@id":"https:\/\/www.diario22.ar\/notix2\/la-mayor-retrospectiva-de-hajime-sorayama-llega-a-tokio\/#article","isPartOf":{"@id":"https:\/\/www.diario22.ar\/notix2\/la-mayor-retrospectiva-de-hajime-sorayama-llega-a-tokio\/"},"author":{"name":"Camila Torres","@id":"https:\/\/www.diario22.ar\/notix2\/#\/schema\/person\/9266f03a2bd6dca79e788e180fb2deeb"},"headline":"La mayor retrospectiva de Hajime Sorayama llega a Tokio","datePublished":"2025-12-07T02:35:04+00:00","dateModified":"2025-12-07T02:35:05+00:00","mainEntityOfPage":{"@id":"https:\/\/www.diario22.ar\/notix2\/la-mayor-retrospectiva-de-hajime-sorayama-llega-a-tokio\/"},"wordCount":243,"commentCount":0,"publisher":{"@id":"https:\/\/www.diario22.ar\/notix2\/#organization"},"image":{"@id":"https:\/\/www.diario22.ar\/notix2\/la-mayor-retrospectiva-de-hajime-sorayama-llega-a-tokio\/#primaryimage"},"thumbnailUrl":"https:\/\/www.diario22.ar\/notix2\/wp-content\/uploads\/2025\/12\/La-mayor-retrospectiva-de-Hajime-Sorayama-llega-a-Tokio.com2Fimage2F20252F122F022Fhajime-sorayama-light-reflection-transparency.jpeg","keywords":["Hajime","llega","mayor","Retrospectiva","Sorayama","Tokio"],"articleSection":["Arte"],"inLanguage":"es-AR","potentialAction":[{"@type":"CommentAction","name":"Comment","target":["https:\/\/www.diario22.ar\/notix2\/la-mayor-retrospectiva-de-hajime-sorayama-llega-a-tokio\/#respond"]}]},{"@type":"WebPage","@id":"https:\/\/www.diario22.ar\/notix2\/la-mayor-retrospectiva-de-hajime-sorayama-llega-a-tokio\/","url":"https:\/\/www.diario22.ar\/notix2\/la-mayor-retrospectiva-de-hajime-sorayama-llega-a-tokio\/","name":"La mayor retrospectiva de Hajime Sorayama llega a Tokio - diario22.ar","isPartOf":{"@id":"https:\/\/www.diario22.ar\/notix2\/#website"},"primaryImageOfPage":{"@id":"https:\/\/www.diario22.ar\/notix2\/la-mayor-retrospectiva-de-hajime-sorayama-llega-a-tokio\/#primaryimage"},"image":{"@id":"https:\/\/www.diario22.ar\/notix2\/la-mayor-retrospectiva-de-hajime-sorayama-llega-a-tokio\/#primaryimage"},"thumbnailUrl":"https:\/\/www.diario22.ar\/notix2\/wp-content\/uploads\/2025\/12\/La-mayor-retrospectiva-de-Hajime-Sorayama-llega-a-Tokio.com2Fimage2F20252F122F022Fhajime-sorayama-light-reflection-transparency.jpeg","datePublished":"2025-12-07T02:35:04+00:00","dateModified":"2025-12-07T02:35:05+00:00","breadcrumb":{"@id":"https:\/\/www.diario22.ar\/notix2\/la-mayor-retrospectiva-de-hajime-sorayama-llega-a-tokio\/#breadcrumb"},"inLanguage":"es-AR","potentialAction":[{"@type":"ReadAction","target":["https:\/\/www.diario22.ar\/notix2\/la-mayor-retrospectiva-de-hajime-sorayama-llega-a-tokio\/"]}]},{"@type":"ImageObject","inLanguage":"es-AR","@id":"https:\/\/www.diario22.ar\/notix2\/la-mayor-retrospectiva-de-hajime-sorayama-llega-a-tokio\/#primaryimage","url":"https:\/\/www.diario22.ar\/notix2\/wp-content\/uploads\/2025\/12\/La-mayor-retrospectiva-de-Hajime-Sorayama-llega-a-Tokio.com2Fimage2F20252F122F022Fhajime-sorayama-light-reflection-transparency.jpeg","contentUrl":"https:\/\/www.diario22.ar\/notix2\/wp-content\/uploads\/2025\/12\/La-mayor-retrospectiva-de-Hajime-Sorayama-llega-a-Tokio.com2Fimage2F20252F122F022Fhajime-sorayama-light-reflection-transparency.jpeg","width":1000,"height":500},{"@type":"BreadcrumbList","@id":"https:\/\/www.diario22.ar\/notix2\/la-mayor-retrospectiva-de-hajime-sorayama-llega-a-tokio\/#breadcrumb","itemListElement":[{"@type":"ListItem","position":1,"name":"Home","item":"https:\/\/www.diario22.ar\/notix2\/"},{"@type":"ListItem","position":2,"name":"La mayor retrospectiva de Hajime Sorayama llega a Tokio"}]},{"@type":"WebSite","@id":"https:\/\/www.diario22.ar\/notix2\/#website","url":"https:\/\/www.diario22.ar\/notix2\/","name":"diario22.ar","description":"Vive hoy &amp; descubre lo que viene","publisher":{"@id":"https:\/\/www.diario22.ar\/notix2\/#organization"},"potentialAction":[{"@type":"SearchAction","target":{"@type":"EntryPoint","urlTemplate":"https:\/\/www.diario22.ar\/notix2\/?s={search_term_string}"},"query-input":{"@type":"PropertyValueSpecification","valueRequired":true,"valueName":"search_term_string"}}],"inLanguage":"es-AR"},{"@type":"Organization","@id":"https:\/\/www.diario22.ar\/notix2\/#organization","name":"diario22.ar","url":"https:\/\/www.diario22.ar\/notix2\/","logo":{"@type":"ImageObject","inLanguage":"es-AR","@id":"https:\/\/www.diario22.ar\/notix2\/#\/schema\/logo\/image\/","url":"https:\/\/www.diario22.ar\/notix2\/wp-content\/uploads\/2025\/10\/cropped-Publish-1.png","contentUrl":"https:\/\/www.diario22.ar\/notix2\/wp-content\/uploads\/2025\/10\/cropped-Publish-1.png","width":1560,"height":722,"caption":"diario22.ar"},"image":{"@id":"https:\/\/www.diario22.ar\/notix2\/#\/schema\/logo\/image\/"}},{"@type":"Person","@id":"https:\/\/www.diario22.ar\/notix2\/#\/schema\/person\/9266f03a2bd6dca79e788e180fb2deeb","name":"Camila Torres","image":{"@type":"ImageObject","inLanguage":"es-AR","@id":"https:\/\/www.diario22.ar\/notix2\/#\/schema\/person\/image\/","url":"https:\/\/www.diario22.ar\/notix2\/wp-content\/uploads\/2025\/10\/diario22.ar-3-150x150.png","contentUrl":"https:\/\/www.diario22.ar\/notix2\/wp-content\/uploads\/2025\/10\/diario22.ar-3-150x150.png","caption":"Camila Torres"},"description":"Soy periodista y redactora en Diario22.ar, apasionada por las historias que conectan la actualidad con la gente. Me form\u00e9 en comunicaci\u00f3n social en Buenos Aires y desde entonces busco darle voz a lo cotidiano, con una mirada curiosa y humana. Creo que el periodismo no solo informa: tambi\u00e9n inspira y transforma.","sameAs":["https:\/\/www.diario22.ar\/notix2"]}]}},"_links":{"self":[{"href":"https:\/\/www.diario22.ar\/notix2\/wp-json\/wp\/v2\/posts\/50489","targetHints":{"allow":["GET"]}}],"collection":[{"href":"https:\/\/www.diario22.ar\/notix2\/wp-json\/wp\/v2\/posts"}],"about":[{"href":"https:\/\/www.diario22.ar\/notix2\/wp-json\/wp\/v2\/types\/post"}],"author":[{"embeddable":true,"href":"https:\/\/www.diario22.ar\/notix2\/wp-json\/wp\/v2\/users\/1"}],"replies":[{"embeddable":true,"href":"https:\/\/www.diario22.ar\/notix2\/wp-json\/wp\/v2\/comments?post=50489"}],"version-history":[{"count":1,"href":"https:\/\/www.diario22.ar\/notix2\/wp-json\/wp\/v2\/posts\/50489\/revisions"}],"predecessor-version":[{"id":50491,"href":"https:\/\/www.diario22.ar\/notix2\/wp-json\/wp\/v2\/posts\/50489\/revisions\/50491"}],"wp:featuredmedia":[{"embeddable":true,"href":"https:\/\/www.diario22.ar\/notix2\/wp-json\/wp\/v2\/media\/50490"}],"wp:attachment":[{"href":"https:\/\/www.diario22.ar\/notix2\/wp-json\/wp\/v2\/media?parent=50489"}],"wp:term":[{"taxonomy":"category","embeddable":true,"href":"https:\/\/www.diario22.ar\/notix2\/wp-json\/wp\/v2\/categories?post=50489"},{"taxonomy":"post_tag","embeddable":true,"href":"https:\/\/www.diario22.ar\/notix2\/wp-json\/wp\/v2\/tags?post=50489"}],"curies":[{"name":"wp","href":"https:\/\/api.w.org\/{rel}","templated":true}]}}